{"id":62427,"date":"2022-06-04T12:29:26","date_gmt":"2022-06-04T18:29:26","guid":{"rendered":"https:\/\/canal7slp.tv\/2022\/?p=62427"},"modified":"2022-06-04T12:29:26","modified_gmt":"2022-06-04T18:29:26","slug":"sep-da-a-conocer-el-calendario-escolar-2022-2023","status":"publish","type":"post","link":"https:\/\/canal7slp.tv\/2022\/sep-da-a-conocer-el-calendario-escolar-2022-2023\/","title":{"rendered":"SEP da a conocer el Calendario Escolar 2022-2023"},"content":{"rendered":"<p style=\"text-align: justify;\">M\u00e9xico.- La Secretar\u00eda de Educaci\u00f3n P\u00fablica (SEP) public\u00f3 en el Diario Oficial de la Federaci\u00f3n (DOF) el calendario escolar para el ciclo 2022-2023, el cual ser\u00e1 aplicable en todo el pa\u00eds para los niveles preescolar, primaria, secundaria de ense\u00f1anza p\u00fablica y privada, as\u00ed como para las normales y la formaci\u00f3n de maestras y maestros de Educaci\u00f3n B\u00e1sica.<\/p>\n<p style=\"text-align: justify;\">El nuevo ciclo iniciar\u00e1 el lunes 29 de agosto del 2022 y concluir\u00e1 el mi\u00e9rcoles 26 de julio de 2023, por lo que ser\u00e1n 190 d\u00edas de acuerdo con la publicaci\u00f3n.<\/p>\n<p style=\"text-align: justify;\">Para las normales y la formaci\u00f3n de maestras y maestros de educaci\u00f3n b\u00e1sica, el ciclo escolar ser\u00e1 de 195 d\u00edas.<\/p>\n<p style=\"text-align: justify;\">Asimismo, se establecen 13 sesiones de Consejo T\u00e9cnico Escolar (CTE), as\u00ed como dos periodos de vacaciones:<\/p>\n<ul style=\"text-align: justify;\">\n<li>Del 19 al 30 de diciembre de 2022<\/li>\n<li>Del 3 al 14 de abril de 2023<\/li>\n<\/ul>\n<p style=\"text-align: justify;\">El calendario se\u00f1ala la suspensi\u00f3n de labores docentes los d\u00edas:<\/p>\n<ul style=\"text-align: justify;\">\n<li>16 de septiembre de 2022<\/li>\n<li>2 y 21 de noviembre de 2022<\/li>\n<li>6 de febrero<\/li>\n<li>20 de marzo<\/li>\n<li>1 de mayo de 2023<\/li>\n<li>5 de mayo de 2023<\/li>\n<li>15 de mayo de 2023<\/li>\n<\/ul>\n<p style=\"text-align: justify;\">La descarga administrativa se realizar\u00e1 el 18 de noviembre de 2022 y el 17 de marzo de 2023.<\/p>\n<p style=\"text-align: justify;\">Cabe se\u00f1alar que en la calendarizaci\u00f3n se establecen 35 d\u00edas de formaci\u00f3n intensiva durante el ciclo escolar que se realizar\u00e1n en las 13 sesiones de Consejo T\u00e9cnico Escolar y en tres periodos:<\/p>\n<ul style=\"text-align: justify;\">\n<li>Del 2 al 6 de enero<\/li>\n<li>Del 5 al 9 de junio<\/li>\n<li>Y el 27 y 28 de julio de 2023<\/li>\n<\/ul>\n<p style=\"text-align: justify;\">El taller intensivo de formaci\u00f3n continua para docentes con presencia de alumnos se implementar\u00e1 del 3 al 7 y del 10 al 14 de julio de 2023.<\/p>\n<p style=\"text-align: justify;\">A su vez, la entrega de boletas de evaluaci\u00f3n a madres, padres y tutores se realizar\u00e1 los d\u00edas 21, 23 y 24 de julio de 2023.<\/p>\n<p style=\"text-align: justify;\">El proceso de preinscripci\u00f3n a preescolar, primer grado de primaria y primer grado de secundaria, para el ciclo lectivo siguiente est\u00e1 considerado los d\u00edas 1, 2, 3, 7, 8, 9, 10, 13, 14 y 15 de febrero de 2023.<\/p>\n<p style=\"text-align: justify;\">El viernes 26 de agosto de 2022 se realizar\u00e1 la sesi\u00f3n del Comit\u00e9 Participativo de Salud Escolar para la limpieza y sanitizaci\u00f3n de planteles escolares.<\/p>\n","protected":false},"excerpt":{"rendered":"<p>M\u00e9xico.- La Secretar\u00eda de Educaci\u00f3n P\u00fablica (SEP) public\u00f3 en el Diario Oficial de la Federaci\u00f3n (DOF) el calendario escolar para el ciclo 2022-2023, el cual ser\u00e1 aplicable en todo el pa\u00eds para los niveles preescolar, primaria, secundaria de ense\u00f1anza p\u00fablica y privada, as\u00ed como para las normales y la formaci\u00f3n de maestras y maestros de Educaci\u00f3n B\u00e1sica. El nuevo ciclo iniciar\u00e1 el lunes 29 de agosto del 2022 y concluir\u00e1 el mi\u00e9rcoles 26 de julio de 2023, por lo que ser\u00e1n 190 d\u00edas de acuerdo con la publicaci\u00f3n. Para las normales y la formaci\u00f3n de maestras y maestros de educaci\u00f3n [&hellip;]<\/p>\n","protected":false},"author":2,"featured_media":62439,"comment_status":"closed","ping_status":"closed","sticky":false,"template":"","format":"standard","meta":{"footnotes":""},"categories":[46],"tags":[],"class_list":["post-62427","post","type-post","status-publish","format-standard","has-post-thumbnail","hentry","category-nacional","post--single"],"yoast_head":"<!-- This site is optimized with the Yoast SEO plugin v27.5 - https:\/\/yoast.com\/product\/yoast-seo-wordpress\/ -->\n<title>SEP da a conocer el Calendario Escolar 2022-2023 - Canal 7 SLP - 2022<\/title>\n<meta name=\"robots\" content=\"index, follow, max-snippet:-1, max-image-preview:large, max-video-preview:-1\" \/>\n<link rel=\"canonical\" href=\"https:\/\/canal7slp.tv\/2022\/sep-da-a-conocer-el-calendario-escolar-2022-2023\/\" \/>\n<meta property=\"og:locale\" content=\"es_ES\" \/>\n<meta property=\"og:type\" content=\"article\" \/>\n<meta property=\"og:title\" content=\"SEP da a conocer el Calendario Escolar 2022-2023 - Canal 7 SLP - 2022\" \/>\n<meta property=\"og:description\" content=\"M\u00e9xico.- La Secretar\u00eda de Educaci\u00f3n P\u00fablica (SEP) public\u00f3 en el Diario Oficial de la Federaci\u00f3n (DOF) el calendario escolar para el ciclo 2022-2023, el cual ser\u00e1 aplicable en todo el pa\u00eds para los niveles preescolar, primaria, secundaria de ense\u00f1anza p\u00fablica y privada, as\u00ed como para las normales y la formaci\u00f3n de maestras y maestros de Educaci\u00f3n B\u00e1sica. El nuevo ciclo iniciar\u00e1 el lunes 29 de agosto del 2022 y concluir\u00e1 el mi\u00e9rcoles 26 de julio de 2023, por lo que ser\u00e1n 190 d\u00edas de acuerdo con la publicaci\u00f3n. Para las normales y la formaci\u00f3n de maestras y maestros de educaci\u00f3n [&hellip;]\" \/>\n<meta property=\"og:url\" content=\"https:\/\/canal7slp.tv\/2022\/sep-da-a-conocer-el-calendario-escolar-2022-2023\/\" \/>\n<meta property=\"og:site_name\" content=\"Canal 7 SLP - 2022\" \/>\n<meta property=\"article:publisher\" content=\"https:\/\/www.facebook.com\/noticieroscanalsiete\" \/>\n<meta property=\"article:published_time\" content=\"2022-06-04T18:29:26+00:00\" \/>\n<meta property=\"og:image\" content=\"https:\/\/canal7slp.tv\/2022\/wp-content\/uploads\/2022\/06\/01-3.jpg\" \/>\n\t<meta property=\"og:image:width\" content=\"1188\" \/>\n\t<meta property=\"og:image:height\" content=\"918\" \/>\n\t<meta property=\"og:image:type\" content=\"image\/jpeg\" \/>\n<meta name=\"author\" content=\"Edici\u00f3n Web\" \/>\n<meta name=\"twitter:card\" content=\"summary_large_image\" \/>\n<meta name=\"twitter:creator\" content=\"@NOTICIEROS7\" \/>\n<meta name=\"twitter:site\" content=\"@NOTICIEROS7\" \/>\n<meta name=\"twitter:label1\" content=\"Escrito por\" \/>\n\t<meta name=\"twitter:data1\" content=\"Edici\u00f3n Web\" \/>\n\t<meta name=\"twitter:label2\" content=\"Tiempo de lectura\" \/>\n\t<meta name=\"twitter:data2\" content=\"2 minutos\" \/>\n<script type=\"application\/ld+json\" class=\"yoast-schema-graph\">{\"@context\":\"https:\\\/\\\/schema.org\",\"@graph\":[{\"@type\":\"Article\",\"@id\":\"https:\\\/\\\/canal7slp.tv\\\/2022\\\/sep-da-a-conocer-el-calendario-escolar-2022-2023\\\/#article\",\"isPartOf\":{\"@id\":\"https:\\\/\\\/canal7slp.tv\\\/2022\\\/sep-da-a-conocer-el-calendario-escolar-2022-2023\\\/\"},\"author\":{\"name\":\"Edici\u00f3n Web\",\"@id\":\"https:\\\/\\\/canal7slp.tv\\\/2022\\\/#\\\/schema\\\/person\\\/429704152a21f5f856ce29aa69a238da\"},\"headline\":\"SEP da a conocer el Calendario Escolar 2022-2023\",\"datePublished\":\"2022-06-04T18:29:26+00:00\",\"mainEntityOfPage\":{\"@id\":\"https:\\\/\\\/canal7slp.tv\\\/2022\\\/sep-da-a-conocer-el-calendario-escolar-2022-2023\\\/\"},\"wordCount\":355,\"publisher\":{\"@id\":\"https:\\\/\\\/canal7slp.tv\\\/2022\\\/#organization\"},\"image\":{\"@id\":\"https:\\\/\\\/canal7slp.tv\\\/2022\\\/sep-da-a-conocer-el-calendario-escolar-2022-2023\\\/#primaryimage\"},\"thumbnailUrl\":\"https:\\\/\\\/canal7slp.tv\\\/2022\\\/wp-content\\\/uploads\\\/2022\\\/06\\\/01-3.jpg\",\"articleSection\":[\"NACIONALES\"],\"inLanguage\":\"es\"},{\"@type\":\"WebPage\",\"@id\":\"https:\\\/\\\/canal7slp.tv\\\/2022\\\/sep-da-a-conocer-el-calendario-escolar-2022-2023\\\/\",\"url\":\"https:\\\/\\\/canal7slp.tv\\\/2022\\\/sep-da-a-conocer-el-calendario-escolar-2022-2023\\\/\",\"name\":\"SEP da a conocer el Calendario Escolar 2022-2023 - Canal 7 SLP - 2022\",\"isPartOf\":{\"@id\":\"https:\\\/\\\/canal7slp.tv\\\/2022\\\/#website\"},\"primaryImageOfPage\":{\"@id\":\"https:\\\/\\\/canal7slp.tv\\\/2022\\\/sep-da-a-conocer-el-calendario-escolar-2022-2023\\\/#primaryimage\"},\"image\":{\"@id\":\"https:\\\/\\\/canal7slp.tv\\\/2022\\\/sep-da-a-conocer-el-calendario-escolar-2022-2023\\\/#primaryimage\"},\"thumbnailUrl\":\"https:\\\/\\\/canal7slp.tv\\\/2022\\\/wp-content\\\/uploads\\\/2022\\\/06\\\/01-3.jpg\",\"datePublished\":\"2022-06-04T18:29:26+00:00\",\"breadcrumb\":{\"@id\":\"https:\\\/\\\/canal7slp.tv\\\/2022\\\/sep-da-a-conocer-el-calendario-escolar-2022-2023\\\/#breadcrumb\"},\"inLanguage\":\"es\",\"potentialAction\":[{\"@type\":\"ReadAction\",\"target\":[\"https:\\\/\\\/canal7slp.tv\\\/2022\\\/sep-da-a-conocer-el-calendario-escolar-2022-2023\\\/\"]}]},{\"@type\":\"ImageObject\",\"inLanguage\":\"es\",\"@id\":\"https:\\\/\\\/canal7slp.tv\\\/2022\\\/sep-da-a-conocer-el-calendario-escolar-2022-2023\\\/#primaryimage\",\"url\":\"https:\\\/\\\/canal7slp.tv\\\/2022\\\/wp-content\\\/uploads\\\/2022\\\/06\\\/01-3.jpg\",\"contentUrl\":\"https:\\\/\\\/canal7slp.tv\\\/2022\\\/wp-content\\\/uploads\\\/2022\\\/06\\\/01-3.jpg\",\"width\":1188,\"height\":918},{\"@type\":\"BreadcrumbList\",\"@id\":\"https:\\\/\\\/canal7slp.tv\\\/2022\\\/sep-da-a-conocer-el-calendario-escolar-2022-2023\\\/#breadcrumb\",\"itemListElement\":[{\"@type\":\"ListItem\",\"position\":1,\"name\":\"Portada\",\"item\":\"https:\\\/\\\/canal7slp.tv\\\/2022\\\/\"},{\"@type\":\"ListItem\",\"position\":2,\"name\":\"SEP da a conocer el Calendario Escolar 2022-2023\"}]},{\"@type\":\"WebSite\",\"@id\":\"https:\\\/\\\/canal7slp.tv\\\/2022\\\/#website\",\"url\":\"https:\\\/\\\/canal7slp.tv\\\/2022\\\/\",\"name\":\"N7 - Noticieros Canal 7\",\"description\":\"Somos Televisi\u00f3n\",\"publisher\":{\"@id\":\"https:\\\/\\\/canal7slp.tv\\\/2022\\\/#organization\"},\"potentialAction\":[{\"@type\":\"SearchAction\",\"target\":{\"@type\":\"EntryPoint\",\"urlTemplate\":\"https:\\\/\\\/canal7slp.tv\\\/2022\\\/?s={search_term_string}\"},\"query-input\":{\"@type\":\"PropertyValueSpecification\",\"valueRequired\":true,\"valueName\":\"search_term_string\"}}],\"inLanguage\":\"es\"},{\"@type\":\"Organization\",\"@id\":\"https:\\\/\\\/canal7slp.tv\\\/2022\\\/#organization\",\"name\":\"Noticieros Canal 7\",\"url\":\"https:\\\/\\\/canal7slp.tv\\\/2022\\\/\",\"logo\":{\"@type\":\"ImageObject\",\"inLanguage\":\"es\",\"@id\":\"https:\\\/\\\/canal7slp.tv\\\/2022\\\/#\\\/schema\\\/logo\\\/image\\\/\",\"url\":\"https:\\\/\\\/canal7slp.tv\\\/2022\\\/wp-content\\\/uploads\\\/2021\\\/01\\\/logo-noticieros@2x.png\",\"contentUrl\":\"https:\\\/\\\/canal7slp.tv\\\/2022\\\/wp-content\\\/uploads\\\/2021\\\/01\\\/logo-noticieros@2x.png\",\"width\":1017,\"height\":268,\"caption\":\"Noticieros Canal 7\"},\"image\":{\"@id\":\"https:\\\/\\\/canal7slp.tv\\\/2022\\\/#\\\/schema\\\/logo\\\/image\\\/\"},\"sameAs\":[\"https:\\\/\\\/www.facebook.com\\\/noticieroscanalsiete\",\"https:\\\/\\\/x.com\\\/NOTICIEROS7\",\"https:\\\/\\\/www.instagram.com\\\/canal7_slp\",\"https:\\\/\\\/www.youtube.com\\\/channel\\\/UCliiYs-gP3JfJeqdPrNdd5A\"]},{\"@type\":\"Person\",\"@id\":\"https:\\\/\\\/canal7slp.tv\\\/2022\\\/#\\\/schema\\\/person\\\/429704152a21f5f856ce29aa69a238da\",\"name\":\"Edici\u00f3n Web\",\"image\":{\"@type\":\"ImageObject\",\"inLanguage\":\"es\",\"@id\":\"https:\\\/\\\/secure.gravatar.com\\\/avatar\\\/eee448fc3f7164808013b816ba91ac7e43bbe82a70bebac296f8bc6f0addaa1a?s=96&d=mm&r=g\",\"url\":\"https:\\\/\\\/secure.gravatar.com\\\/avatar\\\/eee448fc3f7164808013b816ba91ac7e43bbe82a70bebac296f8bc6f0addaa1a?s=96&d=mm&r=g\",\"contentUrl\":\"https:\\\/\\\/secure.gravatar.com\\\/avatar\\\/eee448fc3f7164808013b816ba91ac7e43bbe82a70bebac296f8bc6f0addaa1a?s=96&d=mm&r=g\",\"caption\":\"Edici\u00f3n Web\"},\"url\":\"https:\\\/\\\/canal7slp.tv\\\/2022\\\/author\\\/edicionweb\\\/\"}]}<\/script>\n<!-- \/ Yoast SEO plugin. -->","yoast_head_json":{"title":"SEP da a conocer el Calendario Escolar 2022-2023 - Canal 7 SLP - 2022","robots":{"index":"index","follow":"follow","max-snippet":"max-snippet:-1","max-image-preview":"max-image-preview:large","max-video-preview":"max-video-preview:-1"},"canonical":"https:\/\/canal7slp.tv\/2022\/sep-da-a-conocer-el-calendario-escolar-2022-2023\/","og_locale":"es_ES","og_type":"article","og_title":"SEP da a conocer el Calendario Escolar 2022-2023 - Canal 7 SLP - 2022","og_description":"M\u00e9xico.- La Secretar\u00eda de Educaci\u00f3n P\u00fablica (SEP) public\u00f3 en el Diario Oficial de la Federaci\u00f3n (DOF) el calendario escolar para el ciclo 2022-2023, el cual ser\u00e1 aplicable en todo el pa\u00eds para los niveles preescolar, primaria, secundaria de ense\u00f1anza p\u00fablica y privada, as\u00ed como para las normales y la formaci\u00f3n de maestras y maestros de Educaci\u00f3n B\u00e1sica. El nuevo ciclo iniciar\u00e1 el lunes 29 de agosto del 2022 y concluir\u00e1 el mi\u00e9rcoles 26 de julio de 2023, por lo que ser\u00e1n 190 d\u00edas de acuerdo con la publicaci\u00f3n. Para las normales y la formaci\u00f3n de maestras y maestros de educaci\u00f3n [&hellip;]","og_url":"https:\/\/canal7slp.tv\/2022\/sep-da-a-conocer-el-calendario-escolar-2022-2023\/","og_site_name":"Canal 7 SLP - 2022","article_publisher":"https:\/\/www.facebook.com\/noticieroscanalsiete","article_published_time":"2022-06-04T18:29:26+00:00","og_image":[{"width":1188,"height":918,"url":"https:\/\/canal7slp.tv\/2022\/wp-content\/uploads\/2022\/06\/01-3.jpg","type":"image\/jpeg"}],"author":"Edici\u00f3n Web","twitter_card":"summary_large_image","twitter_creator":"@NOTICIEROS7","twitter_site":"@NOTICIEROS7","twitter_misc":{"Escrito por":"Edici\u00f3n Web","Tiempo de lectura":"2 minutos"},"schema":{"@context":"https:\/\/schema.org","@graph":[{"@type":"Article","@id":"https:\/\/canal7slp.tv\/2022\/sep-da-a-conocer-el-calendario-escolar-2022-2023\/#article","isPartOf":{"@id":"https:\/\/canal7slp.tv\/2022\/sep-da-a-conocer-el-calendario-escolar-2022-2023\/"},"author":{"name":"Edici\u00f3n Web","@id":"https:\/\/canal7slp.tv\/2022\/#\/schema\/person\/429704152a21f5f856ce29aa69a238da"},"headline":"SEP da a conocer el Calendario Escolar 2022-2023","datePublished":"2022-06-04T18:29:26+00:00","mainEntityOfPage":{"@id":"https:\/\/canal7slp.tv\/2022\/sep-da-a-conocer-el-calendario-escolar-2022-2023\/"},"wordCount":355,"publisher":{"@id":"https:\/\/canal7slp.tv\/2022\/#organization"},"image":{"@id":"https:\/\/canal7slp.tv\/2022\/sep-da-a-conocer-el-calendario-escolar-2022-2023\/#primaryimage"},"thumbnailUrl":"https:\/\/canal7slp.tv\/2022\/wp-content\/uploads\/2022\/06\/01-3.jpg","articleSection":["NACIONALES"],"inLanguage":"es"},{"@type":"WebPage","@id":"https:\/\/canal7slp.tv\/2022\/sep-da-a-conocer-el-calendario-escolar-2022-2023\/","url":"https:\/\/canal7slp.tv\/2022\/sep-da-a-conocer-el-calendario-escolar-2022-2023\/","name":"SEP da a conocer el Calendario Escolar 2022-2023 - Canal 7 SLP - 2022","isPartOf":{"@id":"https:\/\/canal7slp.tv\/2022\/#website"},"primaryImageOfPage":{"@id":"https:\/\/canal7slp.tv\/2022\/sep-da-a-conocer-el-calendario-escolar-2022-2023\/#primaryimage"},"image":{"@id":"https:\/\/canal7slp.tv\/2022\/sep-da-a-conocer-el-calendario-escolar-2022-2023\/#primaryimage"},"thumbnailUrl":"https:\/\/canal7slp.tv\/2022\/wp-content\/uploads\/2022\/06\/01-3.jpg","datePublished":"2022-06-04T18:29:26+00:00","breadcrumb":{"@id":"https:\/\/canal7slp.tv\/2022\/sep-da-a-conocer-el-calendario-escolar-2022-2023\/#breadcrumb"},"inLanguage":"es","potentialAction":[{"@type":"ReadAction","target":["https:\/\/canal7slp.tv\/2022\/sep-da-a-conocer-el-calendario-escolar-2022-2023\/"]}]},{"@type":"ImageObject","inLanguage":"es","@id":"https:\/\/canal7slp.tv\/2022\/sep-da-a-conocer-el-calendario-escolar-2022-2023\/#primaryimage","url":"https:\/\/canal7slp.tv\/2022\/wp-content\/uploads\/2022\/06\/01-3.jpg","contentUrl":"https:\/\/canal7slp.tv\/2022\/wp-content\/uploads\/2022\/06\/01-3.jpg","width":1188,"height":918},{"@type":"BreadcrumbList","@id":"https:\/\/canal7slp.tv\/2022\/sep-da-a-conocer-el-calendario-escolar-2022-2023\/#breadcrumb","itemListElement":[{"@type":"ListItem","position":1,"name":"Portada","item":"https:\/\/canal7slp.tv\/2022\/"},{"@type":"ListItem","position":2,"name":"SEP da a conocer el Calendario Escolar 2022-2023"}]},{"@type":"WebSite","@id":"https:\/\/canal7slp.tv\/2022\/#website","url":"https:\/\/canal7slp.tv\/2022\/","name":"N7 - Noticieros Canal 7","description":"Somos Televisi\u00f3n","publisher":{"@id":"https:\/\/canal7slp.tv\/2022\/#organization"},"potentialAction":[{"@type":"SearchAction","target":{"@type":"EntryPoint","urlTemplate":"https:\/\/canal7slp.tv\/2022\/?s={search_term_string}"},"query-input":{"@type":"PropertyValueSpecification","valueRequired":true,"valueName":"search_term_string"}}],"inLanguage":"es"},{"@type":"Organization","@id":"https:\/\/canal7slp.tv\/2022\/#organization","name":"Noticieros Canal 7","url":"https:\/\/canal7slp.tv\/2022\/","logo":{"@type":"ImageObject","inLanguage":"es","@id":"https:\/\/canal7slp.tv\/2022\/#\/schema\/logo\/image\/","url":"https:\/\/canal7slp.tv\/2022\/wp-content\/uploads\/2021\/01\/logo-noticieros@2x.png","contentUrl":"https:\/\/canal7slp.tv\/2022\/wp-content\/uploads\/2021\/01\/logo-noticieros@2x.png","width":1017,"height":268,"caption":"Noticieros Canal 7"},"image":{"@id":"https:\/\/canal7slp.tv\/2022\/#\/schema\/logo\/image\/"},"sameAs":["https:\/\/www.facebook.com\/noticieroscanalsiete","https:\/\/x.com\/NOTICIEROS7","https:\/\/www.instagram.com\/canal7_slp","https:\/\/www.youtube.com\/channel\/UCliiYs-gP3JfJeqdPrNdd5A"]},{"@type":"Person","@id":"https:\/\/canal7slp.tv\/2022\/#\/schema\/person\/429704152a21f5f856ce29aa69a238da","name":"Edici\u00f3n Web","image":{"@type":"ImageObject","inLanguage":"es","@id":"https:\/\/secure.gravatar.com\/avatar\/eee448fc3f7164808013b816ba91ac7e43bbe82a70bebac296f8bc6f0addaa1a?s=96&d=mm&r=g","url":"https:\/\/secure.gravatar.com\/avatar\/eee448fc3f7164808013b816ba91ac7e43bbe82a70bebac296f8bc6f0addaa1a?s=96&d=mm&r=g","contentUrl":"https:\/\/secure.gravatar.com\/avatar\/eee448fc3f7164808013b816ba91ac7e43bbe82a70bebac296f8bc6f0addaa1a?s=96&d=mm&r=g","caption":"Edici\u00f3n Web"},"url":"https:\/\/canal7slp.tv\/2022\/author\/edicionweb\/"}]}},"amp_enabled":true,"_links":{"self":[{"href":"https:\/\/canal7slp.tv\/2022\/wp-json\/wp\/v2\/posts\/62427","targetHints":{"allow":["GET"]}}],"collection":[{"href":"https:\/\/canal7slp.tv\/2022\/wp-json\/wp\/v2\/posts"}],"about":[{"href":"https:\/\/canal7slp.tv\/2022\/wp-json\/wp\/v2\/types\/post"}],"author":[{"embeddable":true,"href":"https:\/\/canal7slp.tv\/2022\/wp-json\/wp\/v2\/users\/2"}],"replies":[{"embeddable":true,"href":"https:\/\/canal7slp.tv\/2022\/wp-json\/wp\/v2\/comments?post=62427"}],"version-history":[{"count":2,"href":"https:\/\/canal7slp.tv\/2022\/wp-json\/wp\/v2\/posts\/62427\/revisions"}],"predecessor-version":[{"id":62450,"href":"https:\/\/canal7slp.tv\/2022\/wp-json\/wp\/v2\/posts\/62427\/revisions\/62450"}],"wp:featuredmedia":[{"embeddable":true,"href":"https:\/\/canal7slp.tv\/2022\/wp-json\/wp\/v2\/media\/62439"}],"wp:attachment":[{"href":"https:\/\/canal7slp.tv\/2022\/wp-json\/wp\/v2\/media?parent=62427"}],"wp:term":[{"taxonomy":"category","embeddable":true,"href":"https:\/\/canal7slp.tv\/2022\/wp-json\/wp\/v2\/categories?post=62427"},{"taxonomy":"post_tag","embeddable":true,"href":"https:\/\/canal7slp.tv\/2022\/wp-json\/wp\/v2\/tags?post=62427"}],"curies":[{"name":"wp","href":"https:\/\/api.w.org\/{rel}","templated":true}]}}