{"id":62382,"date":"2022-06-04T09:40:29","date_gmt":"2022-06-04T15:40:29","guid":{"rendered":"https:\/\/canal7slp.tv\/2022\/?p=62382"},"modified":"2022-06-04T09:40:29","modified_gmt":"2022-06-04T15:40:29","slug":"dirigencia-estatal-de-morena-propone-consulta-popular-para-la-municipalizacion-de-villa-de-pozos","status":"publish","type":"post","link":"https:\/\/canal7slp.tv\/2022\/dirigencia-estatal-de-morena-propone-consulta-popular-para-la-municipalizacion-de-villa-de-pozos\/","title":{"rendered":"Dirigencia estatal de MORENA propone consulta popular para la municipalizaci\u00f3n de Villa de Pozos."},"content":{"rendered":"<p style=\"text-align: justify;\">SLP.- \u201cPara una posible municipalizaci\u00f3n de la delegaci\u00f3n de Villa de Pozos lo conveniente ser\u00eda que se hiciera una consulta popular\u201d sugiri\u00f3 el dirigente estatal de MORENA Sergio Serrano Soriano, al hablar sobre este tema planteado en d\u00edas pasados por el gobernador Ricardo Gallardo Cardona.<\/p>\n<p style=\"text-align: justify;\">En este sentido, consider\u00f3 que debe de hacerse de lado si esta iniciativa es competencia estatal, del legislativo \u00f3 del municipio al afirmar que es la ciudadan\u00eda la que debe definir con su opini\u00f3n si Villa de Pozos se convierte en municipio.<\/p>\n<p style=\"text-align: justify;\">En otro tema el dirigente de MORENA se refiri\u00f3 a las elecciones que este pr\u00f3ximo domingo 5 de Junio habr\u00e1n de efectuarse en los estados de Aguascalientes, Durango, Hidalgo, Oaxaca, Quintana Roo y Tamaulipas.<\/p>\n<p style=\"text-align: justify;\">En este contexto, Serrano Soriano extern\u00f3 su optimismo al afirmar que su partido ganar\u00e1 las elecciones \u201cen por lo menos 4 de estos estados\u201d, al decir que MORENA se ha fortalecido al interior de este partido.<\/p>\n<p style=\"text-align: justify;\">Por: Claudio Ibarra<\/p>\n","protected":false},"excerpt":{"rendered":"<p>SLP.- \u201cPara una posible municipalizaci\u00f3n de la delegaci\u00f3n de Villa de Pozos lo conveniente ser\u00eda que se hiciera una consulta popular\u201d sugiri\u00f3 el dirigente estatal de MORENA Sergio Serrano Soriano, al hablar sobre este tema planteado en d\u00edas pasados por el gobernador Ricardo Gallardo Cardona. En este sentido, consider\u00f3 que debe de hacerse de lado si esta iniciativa es competencia estatal, del legislativo \u00f3 del municipio al afirmar que es la ciudadan\u00eda la que debe definir con su opini\u00f3n si Villa de Pozos se convierte en municipio. En otro tema el dirigente de MORENA se refiri\u00f3 a las elecciones que [&hellip;]<\/p>\n","protected":false},"author":2,"featured_media":62409,"comment_status":"closed","ping_status":"closed","sticky":false,"template":"","format":"video","meta":{"footnotes":""},"categories":[5,45],"tags":[],"class_list":["post-62382","post","type-post","status-publish","format-video","has-post-thumbnail","hentry","category-destacadas","category-localesyregionales","post_format-post-format-video","post--single"],"yoast_head":"<!-- This site is optimized with the Yoast SEO plugin v27.5 - https:\/\/yoast.com\/product\/yoast-seo-wordpress\/ -->\n<title>Dirigencia estatal de MORENA propone consulta popular para la municipalizaci\u00f3n de Villa de Pozos. - Canal 7 SLP - 2022<\/title>\n<meta name=\"robots\" content=\"index, follow, max-snippet:-1, max-image-preview:large, max-video-preview:-1\" \/>\n<link rel=\"canonical\" href=\"https:\/\/canal7slp.tv\/2022\/dirigencia-estatal-de-morena-propone-consulta-popular-para-la-municipalizacion-de-villa-de-pozos\/\" \/>\n<meta property=\"og:locale\" content=\"es_ES\" \/>\n<meta property=\"og:type\" content=\"article\" \/>\n<meta property=\"og:title\" content=\"Dirigencia estatal de MORENA propone consulta popular para la municipalizaci\u00f3n de Villa de Pozos. - Canal 7 SLP - 2022\" \/>\n<meta property=\"og:description\" content=\"SLP.- \u201cPara una posible municipalizaci\u00f3n de la delegaci\u00f3n de Villa de Pozos lo conveniente ser\u00eda que se hiciera una consulta popular\u201d sugiri\u00f3 el dirigente estatal de MORENA Sergio Serrano Soriano, al hablar sobre este tema planteado en d\u00edas pasados por el gobernador Ricardo Gallardo Cardona. En este sentido, consider\u00f3 que debe de hacerse de lado si esta iniciativa es competencia estatal, del legislativo \u00f3 del municipio al afirmar que es la ciudadan\u00eda la que debe definir con su opini\u00f3n si Villa de Pozos se convierte en municipio. En otro tema el dirigente de MORENA se refiri\u00f3 a las elecciones que [&hellip;]\" \/>\n<meta property=\"og:url\" content=\"https:\/\/canal7slp.tv\/2022\/dirigencia-estatal-de-morena-propone-consulta-popular-para-la-municipalizacion-de-villa-de-pozos\/\" \/>\n<meta property=\"og:site_name\" content=\"Canal 7 SLP - 2022\" \/>\n<meta property=\"article:publisher\" content=\"https:\/\/www.facebook.com\/noticieroscanalsiete\" \/>\n<meta property=\"article:published_time\" content=\"2022-06-04T15:40:29+00:00\" \/>\n<meta property=\"og:image\" content=\"https:\/\/canal7slp.tv\/2022\/wp-content\/uploads\/2022\/06\/Claudio01Municipalizacion.jpg\" \/>\n\t<meta property=\"og:image:width\" content=\"888\" \/>\n\t<meta property=\"og:image:height\" content=\"500\" \/>\n\t<meta property=\"og:image:type\" content=\"image\/jpeg\" \/>\n<meta name=\"author\" content=\"Edici\u00f3n Web\" \/>\n<meta name=\"twitter:card\" content=\"summary_large_image\" \/>\n<meta name=\"twitter:creator\" content=\"@NOTICIEROS7\" \/>\n<meta name=\"twitter:site\" content=\"@NOTICIEROS7\" \/>\n<meta name=\"twitter:label1\" content=\"Escrito por\" \/>\n\t<meta name=\"twitter:data1\" content=\"Edici\u00f3n Web\" \/>\n\t<meta name=\"twitter:label2\" content=\"Tiempo de lectura\" \/>\n\t<meta name=\"twitter:data2\" content=\"1 minuto\" \/>\n<script type=\"application\/ld+json\" class=\"yoast-schema-graph\">{\"@context\":\"https:\\\/\\\/schema.org\",\"@graph\":[{\"@type\":\"Article\",\"@id\":\"https:\\\/\\\/canal7slp.tv\\\/2022\\\/dirigencia-estatal-de-morena-propone-consulta-popular-para-la-municipalizacion-de-villa-de-pozos\\\/#article\",\"isPartOf\":{\"@id\":\"https:\\\/\\\/canal7slp.tv\\\/2022\\\/dirigencia-estatal-de-morena-propone-consulta-popular-para-la-municipalizacion-de-villa-de-pozos\\\/\"},\"author\":{\"name\":\"Edici\u00f3n Web\",\"@id\":\"https:\\\/\\\/canal7slp.tv\\\/2022\\\/#\\\/schema\\\/person\\\/429704152a21f5f856ce29aa69a238da\"},\"headline\":\"Dirigencia estatal de MORENA propone consulta popular para la municipalizaci\u00f3n de Villa de Pozos.\",\"datePublished\":\"2022-06-04T15:40:29+00:00\",\"mainEntityOfPage\":{\"@id\":\"https:\\\/\\\/canal7slp.tv\\\/2022\\\/dirigencia-estatal-de-morena-propone-consulta-popular-para-la-municipalizacion-de-villa-de-pozos\\\/\"},\"wordCount\":181,\"publisher\":{\"@id\":\"https:\\\/\\\/canal7slp.tv\\\/2022\\\/#organization\"},\"image\":{\"@id\":\"https:\\\/\\\/canal7slp.tv\\\/2022\\\/dirigencia-estatal-de-morena-propone-consulta-popular-para-la-municipalizacion-de-villa-de-pozos\\\/#primaryimage\"},\"thumbnailUrl\":\"https:\\\/\\\/canal7slp.tv\\\/2022\\\/wp-content\\\/uploads\\\/2022\\\/06\\\/Claudio01Municipalizacion.jpg\",\"articleSection\":[\"DESTACADAS\",\"LOCALES Y REGIONALES\"],\"inLanguage\":\"es\"},{\"@type\":\"WebPage\",\"@id\":\"https:\\\/\\\/canal7slp.tv\\\/2022\\\/dirigencia-estatal-de-morena-propone-consulta-popular-para-la-municipalizacion-de-villa-de-pozos\\\/\",\"url\":\"https:\\\/\\\/canal7slp.tv\\\/2022\\\/dirigencia-estatal-de-morena-propone-consulta-popular-para-la-municipalizacion-de-villa-de-pozos\\\/\",\"name\":\"Dirigencia estatal de MORENA propone consulta popular para la municipalizaci\u00f3n de Villa de Pozos. - Canal 7 SLP - 2022\",\"isPartOf\":{\"@id\":\"https:\\\/\\\/canal7slp.tv\\\/2022\\\/#website\"},\"primaryImageOfPage\":{\"@id\":\"https:\\\/\\\/canal7slp.tv\\\/2022\\\/dirigencia-estatal-de-morena-propone-consulta-popular-para-la-municipalizacion-de-villa-de-pozos\\\/#primaryimage\"},\"image\":{\"@id\":\"https:\\\/\\\/canal7slp.tv\\\/2022\\\/dirigencia-estatal-de-morena-propone-consulta-popular-para-la-municipalizacion-de-villa-de-pozos\\\/#primaryimage\"},\"thumbnailUrl\":\"https:\\\/\\\/canal7slp.tv\\\/2022\\\/wp-content\\\/uploads\\\/2022\\\/06\\\/Claudio01Municipalizacion.jpg\",\"datePublished\":\"2022-06-04T15:40:29+00:00\",\"breadcrumb\":{\"@id\":\"https:\\\/\\\/canal7slp.tv\\\/2022\\\/dirigencia-estatal-de-morena-propone-consulta-popular-para-la-municipalizacion-de-villa-de-pozos\\\/#breadcrumb\"},\"inLanguage\":\"es\",\"potentialAction\":[{\"@type\":\"ReadAction\",\"target\":[\"https:\\\/\\\/canal7slp.tv\\\/2022\\\/dirigencia-estatal-de-morena-propone-consulta-popular-para-la-municipalizacion-de-villa-de-pozos\\\/\"]}]},{\"@type\":\"ImageObject\",\"inLanguage\":\"es\",\"@id\":\"https:\\\/\\\/canal7slp.tv\\\/2022\\\/dirigencia-estatal-de-morena-propone-consulta-popular-para-la-municipalizacion-de-villa-de-pozos\\\/#primaryimage\",\"url\":\"https:\\\/\\\/canal7slp.tv\\\/2022\\\/wp-content\\\/uploads\\\/2022\\\/06\\\/Claudio01Municipalizacion.jpg\",\"contentUrl\":\"https:\\\/\\\/canal7slp.tv\\\/2022\\\/wp-content\\\/uploads\\\/2022\\\/06\\\/Claudio01Municipalizacion.jpg\",\"width\":888,\"height\":500},{\"@type\":\"BreadcrumbList\",\"@id\":\"https:\\\/\\\/canal7slp.tv\\\/2022\\\/dirigencia-estatal-de-morena-propone-consulta-popular-para-la-municipalizacion-de-villa-de-pozos\\\/#breadcrumb\",\"itemListElement\":[{\"@type\":\"ListItem\",\"position\":1,\"name\":\"Portada\",\"item\":\"https:\\\/\\\/canal7slp.tv\\\/2022\\\/\"},{\"@type\":\"ListItem\",\"position\":2,\"name\":\"Dirigencia estatal de MORENA propone consulta popular para la municipalizaci\u00f3n de Villa de Pozos.\"}]},{\"@type\":\"WebSite\",\"@id\":\"https:\\\/\\\/canal7slp.tv\\\/2022\\\/#website\",\"url\":\"https:\\\/\\\/canal7slp.tv\\\/2022\\\/\",\"name\":\"N7 - Noticieros Canal 7\",\"description\":\"Somos Televisi\u00f3n\",\"publisher\":{\"@id\":\"https:\\\/\\\/canal7slp.tv\\\/2022\\\/#organization\"},\"potentialAction\":[{\"@type\":\"SearchAction\",\"target\":{\"@type\":\"EntryPoint\",\"urlTemplate\":\"https:\\\/\\\/canal7slp.tv\\\/2022\\\/?s={search_term_string}\"},\"query-input\":{\"@type\":\"PropertyValueSpecification\",\"valueRequired\":true,\"valueName\":\"search_term_string\"}}],\"inLanguage\":\"es\"},{\"@type\":\"Organization\",\"@id\":\"https:\\\/\\\/canal7slp.tv\\\/2022\\\/#organization\",\"name\":\"Noticieros Canal 7\",\"url\":\"https:\\\/\\\/canal7slp.tv\\\/2022\\\/\",\"logo\":{\"@type\":\"ImageObject\",\"inLanguage\":\"es\",\"@id\":\"https:\\\/\\\/canal7slp.tv\\\/2022\\\/#\\\/schema\\\/logo\\\/image\\\/\",\"url\":\"https:\\\/\\\/canal7slp.tv\\\/2022\\\/wp-content\\\/uploads\\\/2021\\\/01\\\/logo-noticieros@2x.png\",\"contentUrl\":\"https:\\\/\\\/canal7slp.tv\\\/2022\\\/wp-content\\\/uploads\\\/2021\\\/01\\\/logo-noticieros@2x.png\",\"width\":1017,\"height\":268,\"caption\":\"Noticieros Canal 7\"},\"image\":{\"@id\":\"https:\\\/\\\/canal7slp.tv\\\/2022\\\/#\\\/schema\\\/logo\\\/image\\\/\"},\"sameAs\":[\"https:\\\/\\\/www.facebook.com\\\/noticieroscanalsiete\",\"https:\\\/\\\/x.com\\\/NOTICIEROS7\",\"https:\\\/\\\/www.instagram.com\\\/canal7_slp\",\"https:\\\/\\\/www.youtube.com\\\/channel\\\/UCliiYs-gP3JfJeqdPrNdd5A\"]},{\"@type\":\"Person\",\"@id\":\"https:\\\/\\\/canal7slp.tv\\\/2022\\\/#\\\/schema\\\/person\\\/429704152a21f5f856ce29aa69a238da\",\"name\":\"Edici\u00f3n Web\",\"image\":{\"@type\":\"ImageObject\",\"inLanguage\":\"es\",\"@id\":\"https:\\\/\\\/secure.gravatar.com\\\/avatar\\\/eee448fc3f7164808013b816ba91ac7e43bbe82a70bebac296f8bc6f0addaa1a?s=96&d=mm&r=g\",\"url\":\"https:\\\/\\\/secure.gravatar.com\\\/avatar\\\/eee448fc3f7164808013b816ba91ac7e43bbe82a70bebac296f8bc6f0addaa1a?s=96&d=mm&r=g\",\"contentUrl\":\"https:\\\/\\\/secure.gravatar.com\\\/avatar\\\/eee448fc3f7164808013b816ba91ac7e43bbe82a70bebac296f8bc6f0addaa1a?s=96&d=mm&r=g\",\"caption\":\"Edici\u00f3n Web\"},\"url\":\"https:\\\/\\\/canal7slp.tv\\\/2022\\\/author\\\/edicionweb\\\/\"}]}<\/script>\n<!-- \/ Yoast SEO plugin. -->","yoast_head_json":{"title":"Dirigencia estatal de MORENA propone consulta popular para la municipalizaci\u00f3n de Villa de Pozos. - Canal 7 SLP - 2022","robots":{"index":"index","follow":"follow","max-snippet":"max-snippet:-1","max-image-preview":"max-image-preview:large","max-video-preview":"max-video-preview:-1"},"canonical":"https:\/\/canal7slp.tv\/2022\/dirigencia-estatal-de-morena-propone-consulta-popular-para-la-municipalizacion-de-villa-de-pozos\/","og_locale":"es_ES","og_type":"article","og_title":"Dirigencia estatal de MORENA propone consulta popular para la municipalizaci\u00f3n de Villa de Pozos. - Canal 7 SLP - 2022","og_description":"SLP.- \u201cPara una posible municipalizaci\u00f3n de la delegaci\u00f3n de Villa de Pozos lo conveniente ser\u00eda que se hiciera una consulta popular\u201d sugiri\u00f3 el dirigente estatal de MORENA Sergio Serrano Soriano, al hablar sobre este tema planteado en d\u00edas pasados por el gobernador Ricardo Gallardo Cardona. En este sentido, consider\u00f3 que debe de hacerse de lado si esta iniciativa es competencia estatal, del legislativo \u00f3 del municipio al afirmar que es la ciudadan\u00eda la que debe definir con su opini\u00f3n si Villa de Pozos se convierte en municipio. En otro tema el dirigente de MORENA se refiri\u00f3 a las elecciones que [&hellip;]","og_url":"https:\/\/canal7slp.tv\/2022\/dirigencia-estatal-de-morena-propone-consulta-popular-para-la-municipalizacion-de-villa-de-pozos\/","og_site_name":"Canal 7 SLP - 2022","article_publisher":"https:\/\/www.facebook.com\/noticieroscanalsiete","article_published_time":"2022-06-04T15:40:29+00:00","og_image":[{"width":888,"height":500,"url":"https:\/\/canal7slp.tv\/2022\/wp-content\/uploads\/2022\/06\/Claudio01Municipalizacion.jpg","type":"image\/jpeg"}],"author":"Edici\u00f3n Web","twitter_card":"summary_large_image","twitter_creator":"@NOTICIEROS7","twitter_site":"@NOTICIEROS7","twitter_misc":{"Escrito por":"Edici\u00f3n Web","Tiempo de lectura":"1 minuto"},"schema":{"@context":"https:\/\/schema.org","@graph":[{"@type":"Article","@id":"https:\/\/canal7slp.tv\/2022\/dirigencia-estatal-de-morena-propone-consulta-popular-para-la-municipalizacion-de-villa-de-pozos\/#article","isPartOf":{"@id":"https:\/\/canal7slp.tv\/2022\/dirigencia-estatal-de-morena-propone-consulta-popular-para-la-municipalizacion-de-villa-de-pozos\/"},"author":{"name":"Edici\u00f3n Web","@id":"https:\/\/canal7slp.tv\/2022\/#\/schema\/person\/429704152a21f5f856ce29aa69a238da"},"headline":"Dirigencia estatal de MORENA propone consulta popular para la municipalizaci\u00f3n de Villa de Pozos.","datePublished":"2022-06-04T15:40:29+00:00","mainEntityOfPage":{"@id":"https:\/\/canal7slp.tv\/2022\/dirigencia-estatal-de-morena-propone-consulta-popular-para-la-municipalizacion-de-villa-de-pozos\/"},"wordCount":181,"publisher":{"@id":"https:\/\/canal7slp.tv\/2022\/#organization"},"image":{"@id":"https:\/\/canal7slp.tv\/2022\/dirigencia-estatal-de-morena-propone-consulta-popular-para-la-municipalizacion-de-villa-de-pozos\/#primaryimage"},"thumbnailUrl":"https:\/\/canal7slp.tv\/2022\/wp-content\/uploads\/2022\/06\/Claudio01Municipalizacion.jpg","articleSection":["DESTACADAS","LOCALES Y REGIONALES"],"inLanguage":"es"},{"@type":"WebPage","@id":"https:\/\/canal7slp.tv\/2022\/dirigencia-estatal-de-morena-propone-consulta-popular-para-la-municipalizacion-de-villa-de-pozos\/","url":"https:\/\/canal7slp.tv\/2022\/dirigencia-estatal-de-morena-propone-consulta-popular-para-la-municipalizacion-de-villa-de-pozos\/","name":"Dirigencia estatal de MORENA propone consulta popular para la municipalizaci\u00f3n de Villa de Pozos. - Canal 7 SLP - 2022","isPartOf":{"@id":"https:\/\/canal7slp.tv\/2022\/#website"},"primaryImageOfPage":{"@id":"https:\/\/canal7slp.tv\/2022\/dirigencia-estatal-de-morena-propone-consulta-popular-para-la-municipalizacion-de-villa-de-pozos\/#primaryimage"},"image":{"@id":"https:\/\/canal7slp.tv\/2022\/dirigencia-estatal-de-morena-propone-consulta-popular-para-la-municipalizacion-de-villa-de-pozos\/#primaryimage"},"thumbnailUrl":"https:\/\/canal7slp.tv\/2022\/wp-content\/uploads\/2022\/06\/Claudio01Municipalizacion.jpg","datePublished":"2022-06-04T15:40:29+00:00","breadcrumb":{"@id":"https:\/\/canal7slp.tv\/2022\/dirigencia-estatal-de-morena-propone-consulta-popular-para-la-municipalizacion-de-villa-de-pozos\/#breadcrumb"},"inLanguage":"es","potentialAction":[{"@type":"ReadAction","target":["https:\/\/canal7slp.tv\/2022\/dirigencia-estatal-de-morena-propone-consulta-popular-para-la-municipalizacion-de-villa-de-pozos\/"]}]},{"@type":"ImageObject","inLanguage":"es","@id":"https:\/\/canal7slp.tv\/2022\/dirigencia-estatal-de-morena-propone-consulta-popular-para-la-municipalizacion-de-villa-de-pozos\/#primaryimage","url":"https:\/\/canal7slp.tv\/2022\/wp-content\/uploads\/2022\/06\/Claudio01Municipalizacion.jpg","contentUrl":"https:\/\/canal7slp.tv\/2022\/wp-content\/uploads\/2022\/06\/Claudio01Municipalizacion.jpg","width":888,"height":500},{"@type":"BreadcrumbList","@id":"https:\/\/canal7slp.tv\/2022\/dirigencia-estatal-de-morena-propone-consulta-popular-para-la-municipalizacion-de-villa-de-pozos\/#breadcrumb","itemListElement":[{"@type":"ListItem","position":1,"name":"Portada","item":"https:\/\/canal7slp.tv\/2022\/"},{"@type":"ListItem","position":2,"name":"Dirigencia estatal de MORENA propone consulta popular para la municipalizaci\u00f3n de Villa de Pozos."}]},{"@type":"WebSite","@id":"https:\/\/canal7slp.tv\/2022\/#website","url":"https:\/\/canal7slp.tv\/2022\/","name":"N7 - Noticieros Canal 7","description":"Somos Televisi\u00f3n","publisher":{"@id":"https:\/\/canal7slp.tv\/2022\/#organization"},"potentialAction":[{"@type":"SearchAction","target":{"@type":"EntryPoint","urlTemplate":"https:\/\/canal7slp.tv\/2022\/?s={search_term_string}"},"query-input":{"@type":"PropertyValueSpecification","valueRequired":true,"valueName":"search_term_string"}}],"inLanguage":"es"},{"@type":"Organization","@id":"https:\/\/canal7slp.tv\/2022\/#organization","name":"Noticieros Canal 7","url":"https:\/\/canal7slp.tv\/2022\/","logo":{"@type":"ImageObject","inLanguage":"es","@id":"https:\/\/canal7slp.tv\/2022\/#\/schema\/logo\/image\/","url":"https:\/\/canal7slp.tv\/2022\/wp-content\/uploads\/2021\/01\/logo-noticieros@2x.png","contentUrl":"https:\/\/canal7slp.tv\/2022\/wp-content\/uploads\/2021\/01\/logo-noticieros@2x.png","width":1017,"height":268,"caption":"Noticieros Canal 7"},"image":{"@id":"https:\/\/canal7slp.tv\/2022\/#\/schema\/logo\/image\/"},"sameAs":["https:\/\/www.facebook.com\/noticieroscanalsiete","https:\/\/x.com\/NOTICIEROS7","https:\/\/www.instagram.com\/canal7_slp","https:\/\/www.youtube.com\/channel\/UCliiYs-gP3JfJeqdPrNdd5A"]},{"@type":"Person","@id":"https:\/\/canal7slp.tv\/2022\/#\/schema\/person\/429704152a21f5f856ce29aa69a238da","name":"Edici\u00f3n Web","image":{"@type":"ImageObject","inLanguage":"es","@id":"https:\/\/secure.gravatar.com\/avatar\/eee448fc3f7164808013b816ba91ac7e43bbe82a70bebac296f8bc6f0addaa1a?s=96&d=mm&r=g","url":"https:\/\/secure.gravatar.com\/avatar\/eee448fc3f7164808013b816ba91ac7e43bbe82a70bebac296f8bc6f0addaa1a?s=96&d=mm&r=g","contentUrl":"https:\/\/secure.gravatar.com\/avatar\/eee448fc3f7164808013b816ba91ac7e43bbe82a70bebac296f8bc6f0addaa1a?s=96&d=mm&r=g","caption":"Edici\u00f3n Web"},"url":"https:\/\/canal7slp.tv\/2022\/author\/edicionweb\/"}]}},"amp_enabled":true,"_links":{"self":[{"href":"https:\/\/canal7slp.tv\/2022\/wp-json\/wp\/v2\/posts\/62382","targetHints":{"allow":["GET"]}}],"collection":[{"href":"https:\/\/canal7slp.tv\/2022\/wp-json\/wp\/v2\/posts"}],"about":[{"href":"https:\/\/canal7slp.tv\/2022\/wp-json\/wp\/v2\/types\/post"}],"author":[{"embeddable":true,"href":"https:\/\/canal7slp.tv\/2022\/wp-json\/wp\/v2\/users\/2"}],"replies":[{"embeddable":true,"href":"https:\/\/canal7slp.tv\/2022\/wp-json\/wp\/v2\/comments?post=62382"}],"version-history":[{"count":3,"href":"https:\/\/canal7slp.tv\/2022\/wp-json\/wp\/v2\/posts\/62382\/revisions"}],"predecessor-version":[{"id":62411,"href":"https:\/\/canal7slp.tv\/2022\/wp-json\/wp\/v2\/posts\/62382\/revisions\/62411"}],"wp:featuredmedia":[{"embeddable":true,"href":"https:\/\/canal7slp.tv\/2022\/wp-json\/wp\/v2\/media\/62409"}],"wp:attachment":[{"href":"https:\/\/canal7slp.tv\/2022\/wp-json\/wp\/v2\/media?parent=62382"}],"wp:term":[{"taxonomy":"category","embeddable":true,"href":"https:\/\/canal7slp.tv\/2022\/wp-json\/wp\/v2\/categories?post=62382"},{"taxonomy":"post_tag","embeddable":true,"href":"https:\/\/canal7slp.tv\/2022\/wp-json\/wp\/v2\/tags?post=62382"}],"curies":[{"name":"wp","href":"https:\/\/api.w.org\/{rel}","templated":true}]}}