{"id":62363,"date":"2022-06-03T16:26:54","date_gmt":"2022-06-03T22:26:54","guid":{"rendered":"https:\/\/canal7slp.tv\/2022\/?p=62363"},"modified":"2022-06-03T16:26:54","modified_gmt":"2022-06-03T22:26:54","slug":"en-breve-sege-iniciara-revision-de-utiles-escolares-en-instituciones-educativas-de-slp","status":"publish","type":"post","link":"https:\/\/canal7slp.tv\/2022\/en-breve-sege-iniciara-revision-de-utiles-escolares-en-instituciones-educativas-de-slp\/","title":{"rendered":"En breve, SEGE iniciar\u00e1 revisi\u00f3n de \u00fatiles escolares en instituciones educativas de SLP."},"content":{"rendered":"<p style=\"text-align: justify;\">SLP.- El titular de la Secretar\u00eda de Educaci\u00f3n en el Gobierno del Estado, Juan Carlos Torres Cedillo, inform\u00f3 que en los pr\u00f3ximos d\u00edas se iniciar\u00e1 con el operativo de revisi\u00f3n de \u00fatiles escolares en las instituciones educativas de San Luis Potos\u00ed, desde preescolar hasta las de nivel medio superior.<\/p>\n<p style=\"text-align: justify;\">\u00abEstamos trabajando con las instituciones de seguridad, detectando los focos rojos y dando prioridad donde hay m\u00e1s problema para llegar de improvisto y empezar con estos operativos\u00bb, dijo.<\/p>\n<p style=\"text-align: justify;\">El funcionario record\u00f3 que con anterioridad, se han encontrado tenedores de fierro, cerillos, encendedores y tijeras de punta, sin embargo, aclar\u00f3 que no se tiene reporte de haber encontrado objetos m\u00e1s peligrosos o sustancias t\u00f3xicas.<\/p>\n<p style=\"text-align: justify;\">\u00abHasta ahorita afortunadamente no, desde luego que esa es la idea, no encontrar considerando que vamos a tener presencia, que vamos a llegar de sorpresa, s\u00ed vamos a estar en el mayor n\u00famero de instituciones posibles sin un aviso previo\u00bb, a\u00f1adi\u00f3.<\/p>\n<p style=\"text-align: justify;\">Se\u00f1al\u00f3 que este programa se realizar\u00e1 de manera coordinada con la Comisi\u00f3n Estatal de Derechos Humanos precisamente para no violentar en ning\u00fan sentido.<\/p>\n<p style=\"text-align: justify;\">\u00abSe llama revisi\u00f3n de \u00fatiles escolares, ya est\u00e1 establecido, es un protocolo que junto con padres de familia y con derechos humanos realizamos, precisamente para no atentar contra los derechos de los ni\u00f1os\u00bb, manifest\u00f3.<\/p>\n<p style=\"text-align: justify;\">Por: Jos\u00e9 Luis V\u00e1zquez<\/p>\n","protected":false},"excerpt":{"rendered":"<p>SLP.- El titular de la Secretar\u00eda de Educaci\u00f3n en el Gobierno del Estado, Juan Carlos Torres Cedillo, inform\u00f3 que en los pr\u00f3ximos d\u00edas se iniciar\u00e1 con el operativo de revisi\u00f3n de \u00fatiles escolares en las instituciones educativas de San Luis Potos\u00ed, desde preescolar hasta las de nivel medio superior. \u00abEstamos trabajando con las instituciones de seguridad, detectando los focos rojos y dando prioridad donde hay m\u00e1s problema para llegar de improvisto y empezar con estos operativos\u00bb, dijo. El funcionario record\u00f3 que con anterioridad, se han encontrado tenedores de fierro, cerillos, encendedores y tijeras de punta, sin embargo, aclar\u00f3 que no [&hellip;]<\/p>\n","protected":false},"author":2,"featured_media":62380,"comment_status":"closed","ping_status":"closed","sticky":false,"template":"","format":"video","meta":{"footnotes":""},"categories":[5,510,45],"tags":[],"class_list":["post-62363","post","type-post","status-publish","format-video","has-post-thumbnail","hentry","category-destacadas","category-gobedoslp","category-localesyregionales","post_format-post-format-video","post--single"],"yoast_head":"<!-- This site is optimized with the Yoast SEO plugin v27.5 - https:\/\/yoast.com\/product\/yoast-seo-wordpress\/ -->\n<title>En breve, SEGE iniciar\u00e1 revisi\u00f3n de \u00fatiles escolares en instituciones educativas de SLP. - Canal 7 SLP - 2022<\/title>\n<meta name=\"robots\" content=\"index, follow, max-snippet:-1, max-image-preview:large, max-video-preview:-1\" \/>\n<link rel=\"canonical\" href=\"https:\/\/canal7slp.tv\/2022\/en-breve-sege-iniciara-revision-de-utiles-escolares-en-instituciones-educativas-de-slp\/\" \/>\n<meta property=\"og:locale\" content=\"es_ES\" \/>\n<meta property=\"og:type\" content=\"article\" \/>\n<meta property=\"og:title\" content=\"En breve, SEGE iniciar\u00e1 revisi\u00f3n de \u00fatiles escolares en instituciones educativas de SLP. - Canal 7 SLP - 2022\" \/>\n<meta property=\"og:description\" content=\"SLP.- El titular de la Secretar\u00eda de Educaci\u00f3n en el Gobierno del Estado, Juan Carlos Torres Cedillo, inform\u00f3 que en los pr\u00f3ximos d\u00edas se iniciar\u00e1 con el operativo de revisi\u00f3n de \u00fatiles escolares en las instituciones educativas de San Luis Potos\u00ed, desde preescolar hasta las de nivel medio superior. \u00abEstamos trabajando con las instituciones de seguridad, detectando los focos rojos y dando prioridad donde hay m\u00e1s problema para llegar de improvisto y empezar con estos operativos\u00bb, dijo. El funcionario record\u00f3 que con anterioridad, se han encontrado tenedores de fierro, cerillos, encendedores y tijeras de punta, sin embargo, aclar\u00f3 que no [&hellip;]\" \/>\n<meta property=\"og:url\" content=\"https:\/\/canal7slp.tv\/2022\/en-breve-sege-iniciara-revision-de-utiles-escolares-en-instituciones-educativas-de-slp\/\" \/>\n<meta property=\"og:site_name\" content=\"Canal 7 SLP - 2022\" \/>\n<meta property=\"article:publisher\" content=\"https:\/\/www.facebook.com\/noticieroscanalsiete\" \/>\n<meta property=\"article:published_time\" content=\"2022-06-03T22:26:54+00:00\" \/>\n<meta property=\"og:image\" content=\"https:\/\/canal7slp.tv\/2022\/wp-content\/uploads\/2022\/06\/Vazquez04RuvisionUtiles.jpg\" \/>\n\t<meta property=\"og:image:width\" content=\"1280\" \/>\n\t<meta property=\"og:image:height\" content=\"720\" \/>\n\t<meta property=\"og:image:type\" content=\"image\/jpeg\" \/>\n<meta name=\"author\" content=\"Edici\u00f3n Web\" \/>\n<meta name=\"twitter:card\" content=\"summary_large_image\" \/>\n<meta name=\"twitter:creator\" content=\"@NOTICIEROS7\" \/>\n<meta name=\"twitter:site\" content=\"@NOTICIEROS7\" \/>\n<meta name=\"twitter:label1\" content=\"Escrito por\" \/>\n\t<meta name=\"twitter:data1\" content=\"Edici\u00f3n Web\" \/>\n\t<meta name=\"twitter:label2\" content=\"Tiempo de lectura\" \/>\n\t<meta name=\"twitter:data2\" content=\"1 minuto\" \/>\n<script type=\"application\/ld+json\" class=\"yoast-schema-graph\">{\"@context\":\"https:\\\/\\\/schema.org\",\"@graph\":[{\"@type\":\"Article\",\"@id\":\"https:\\\/\\\/canal7slp.tv\\\/2022\\\/en-breve-sege-iniciara-revision-de-utiles-escolares-en-instituciones-educativas-de-slp\\\/#article\",\"isPartOf\":{\"@id\":\"https:\\\/\\\/canal7slp.tv\\\/2022\\\/en-breve-sege-iniciara-revision-de-utiles-escolares-en-instituciones-educativas-de-slp\\\/\"},\"author\":{\"name\":\"Edici\u00f3n Web\",\"@id\":\"https:\\\/\\\/canal7slp.tv\\\/2022\\\/#\\\/schema\\\/person\\\/429704152a21f5f856ce29aa69a238da\"},\"headline\":\"En breve, SEGE iniciar\u00e1 revisi\u00f3n de \u00fatiles escolares en instituciones educativas de SLP.\",\"datePublished\":\"2022-06-03T22:26:54+00:00\",\"mainEntityOfPage\":{\"@id\":\"https:\\\/\\\/canal7slp.tv\\\/2022\\\/en-breve-sege-iniciara-revision-de-utiles-escolares-en-instituciones-educativas-de-slp\\\/\"},\"wordCount\":245,\"publisher\":{\"@id\":\"https:\\\/\\\/canal7slp.tv\\\/2022\\\/#organization\"},\"image\":{\"@id\":\"https:\\\/\\\/canal7slp.tv\\\/2022\\\/en-breve-sege-iniciara-revision-de-utiles-escolares-en-instituciones-educativas-de-slp\\\/#primaryimage\"},\"thumbnailUrl\":\"https:\\\/\\\/canal7slp.tv\\\/2022\\\/wp-content\\\/uploads\\\/2022\\\/06\\\/Vazquez04RuvisionUtiles.jpg\",\"articleSection\":[\"DESTACADAS\",\"GOBEDOSLP\",\"LOCALES Y REGIONALES\"],\"inLanguage\":\"es\"},{\"@type\":\"WebPage\",\"@id\":\"https:\\\/\\\/canal7slp.tv\\\/2022\\\/en-breve-sege-iniciara-revision-de-utiles-escolares-en-instituciones-educativas-de-slp\\\/\",\"url\":\"https:\\\/\\\/canal7slp.tv\\\/2022\\\/en-breve-sege-iniciara-revision-de-utiles-escolares-en-instituciones-educativas-de-slp\\\/\",\"name\":\"En breve, SEGE iniciar\u00e1 revisi\u00f3n de \u00fatiles escolares en instituciones educativas de SLP. - Canal 7 SLP - 2022\",\"isPartOf\":{\"@id\":\"https:\\\/\\\/canal7slp.tv\\\/2022\\\/#website\"},\"primaryImageOfPage\":{\"@id\":\"https:\\\/\\\/canal7slp.tv\\\/2022\\\/en-breve-sege-iniciara-revision-de-utiles-escolares-en-instituciones-educativas-de-slp\\\/#primaryimage\"},\"image\":{\"@id\":\"https:\\\/\\\/canal7slp.tv\\\/2022\\\/en-breve-sege-iniciara-revision-de-utiles-escolares-en-instituciones-educativas-de-slp\\\/#primaryimage\"},\"thumbnailUrl\":\"https:\\\/\\\/canal7slp.tv\\\/2022\\\/wp-content\\\/uploads\\\/2022\\\/06\\\/Vazquez04RuvisionUtiles.jpg\",\"datePublished\":\"2022-06-03T22:26:54+00:00\",\"breadcrumb\":{\"@id\":\"https:\\\/\\\/canal7slp.tv\\\/2022\\\/en-breve-sege-iniciara-revision-de-utiles-escolares-en-instituciones-educativas-de-slp\\\/#breadcrumb\"},\"inLanguage\":\"es\",\"potentialAction\":[{\"@type\":\"ReadAction\",\"target\":[\"https:\\\/\\\/canal7slp.tv\\\/2022\\\/en-breve-sege-iniciara-revision-de-utiles-escolares-en-instituciones-educativas-de-slp\\\/\"]}]},{\"@type\":\"ImageObject\",\"inLanguage\":\"es\",\"@id\":\"https:\\\/\\\/canal7slp.tv\\\/2022\\\/en-breve-sege-iniciara-revision-de-utiles-escolares-en-instituciones-educativas-de-slp\\\/#primaryimage\",\"url\":\"https:\\\/\\\/canal7slp.tv\\\/2022\\\/wp-content\\\/uploads\\\/2022\\\/06\\\/Vazquez04RuvisionUtiles.jpg\",\"contentUrl\":\"https:\\\/\\\/canal7slp.tv\\\/2022\\\/wp-content\\\/uploads\\\/2022\\\/06\\\/Vazquez04RuvisionUtiles.jpg\",\"width\":1280,\"height\":720},{\"@type\":\"BreadcrumbList\",\"@id\":\"https:\\\/\\\/canal7slp.tv\\\/2022\\\/en-breve-sege-iniciara-revision-de-utiles-escolares-en-instituciones-educativas-de-slp\\\/#breadcrumb\",\"itemListElement\":[{\"@type\":\"ListItem\",\"position\":1,\"name\":\"Portada\",\"item\":\"https:\\\/\\\/canal7slp.tv\\\/2022\\\/\"},{\"@type\":\"ListItem\",\"position\":2,\"name\":\"En breve, SEGE iniciar\u00e1 revisi\u00f3n de \u00fatiles escolares en instituciones educativas de SLP.\"}]},{\"@type\":\"WebSite\",\"@id\":\"https:\\\/\\\/canal7slp.tv\\\/2022\\\/#website\",\"url\":\"https:\\\/\\\/canal7slp.tv\\\/2022\\\/\",\"name\":\"N7 - Noticieros Canal 7\",\"description\":\"Somos Televisi\u00f3n\",\"publisher\":{\"@id\":\"https:\\\/\\\/canal7slp.tv\\\/2022\\\/#organization\"},\"potentialAction\":[{\"@type\":\"SearchAction\",\"target\":{\"@type\":\"EntryPoint\",\"urlTemplate\":\"https:\\\/\\\/canal7slp.tv\\\/2022\\\/?s={search_term_string}\"},\"query-input\":{\"@type\":\"PropertyValueSpecification\",\"valueRequired\":true,\"valueName\":\"search_term_string\"}}],\"inLanguage\":\"es\"},{\"@type\":\"Organization\",\"@id\":\"https:\\\/\\\/canal7slp.tv\\\/2022\\\/#organization\",\"name\":\"Noticieros Canal 7\",\"url\":\"https:\\\/\\\/canal7slp.tv\\\/2022\\\/\",\"logo\":{\"@type\":\"ImageObject\",\"inLanguage\":\"es\",\"@id\":\"https:\\\/\\\/canal7slp.tv\\\/2022\\\/#\\\/schema\\\/logo\\\/image\\\/\",\"url\":\"https:\\\/\\\/canal7slp.tv\\\/2022\\\/wp-content\\\/uploads\\\/2021\\\/01\\\/logo-noticieros@2x.png\",\"contentUrl\":\"https:\\\/\\\/canal7slp.tv\\\/2022\\\/wp-content\\\/uploads\\\/2021\\\/01\\\/logo-noticieros@2x.png\",\"width\":1017,\"height\":268,\"caption\":\"Noticieros Canal 7\"},\"image\":{\"@id\":\"https:\\\/\\\/canal7slp.tv\\\/2022\\\/#\\\/schema\\\/logo\\\/image\\\/\"},\"sameAs\":[\"https:\\\/\\\/www.facebook.com\\\/noticieroscanalsiete\",\"https:\\\/\\\/x.com\\\/NOTICIEROS7\",\"https:\\\/\\\/www.instagram.com\\\/canal7_slp\",\"https:\\\/\\\/www.youtube.com\\\/channel\\\/UCliiYs-gP3JfJeqdPrNdd5A\"]},{\"@type\":\"Person\",\"@id\":\"https:\\\/\\\/canal7slp.tv\\\/2022\\\/#\\\/schema\\\/person\\\/429704152a21f5f856ce29aa69a238da\",\"name\":\"Edici\u00f3n Web\",\"image\":{\"@type\":\"ImageObject\",\"inLanguage\":\"es\",\"@id\":\"https:\\\/\\\/secure.gravatar.com\\\/avatar\\\/eee448fc3f7164808013b816ba91ac7e43bbe82a70bebac296f8bc6f0addaa1a?s=96&d=mm&r=g\",\"url\":\"https:\\\/\\\/secure.gravatar.com\\\/avatar\\\/eee448fc3f7164808013b816ba91ac7e43bbe82a70bebac296f8bc6f0addaa1a?s=96&d=mm&r=g\",\"contentUrl\":\"https:\\\/\\\/secure.gravatar.com\\\/avatar\\\/eee448fc3f7164808013b816ba91ac7e43bbe82a70bebac296f8bc6f0addaa1a?s=96&d=mm&r=g\",\"caption\":\"Edici\u00f3n Web\"},\"url\":\"https:\\\/\\\/canal7slp.tv\\\/2022\\\/author\\\/edicionweb\\\/\"}]}<\/script>\n<!-- \/ Yoast SEO plugin. -->","yoast_head_json":{"title":"En breve, SEGE iniciar\u00e1 revisi\u00f3n de \u00fatiles escolares en instituciones educativas de SLP. - Canal 7 SLP - 2022","robots":{"index":"index","follow":"follow","max-snippet":"max-snippet:-1","max-image-preview":"max-image-preview:large","max-video-preview":"max-video-preview:-1"},"canonical":"https:\/\/canal7slp.tv\/2022\/en-breve-sege-iniciara-revision-de-utiles-escolares-en-instituciones-educativas-de-slp\/","og_locale":"es_ES","og_type":"article","og_title":"En breve, SEGE iniciar\u00e1 revisi\u00f3n de \u00fatiles escolares en instituciones educativas de SLP. - Canal 7 SLP - 2022","og_description":"SLP.- El titular de la Secretar\u00eda de Educaci\u00f3n en el Gobierno del Estado, Juan Carlos Torres Cedillo, inform\u00f3 que en los pr\u00f3ximos d\u00edas se iniciar\u00e1 con el operativo de revisi\u00f3n de \u00fatiles escolares en las instituciones educativas de San Luis Potos\u00ed, desde preescolar hasta las de nivel medio superior. \u00abEstamos trabajando con las instituciones de seguridad, detectando los focos rojos y dando prioridad donde hay m\u00e1s problema para llegar de improvisto y empezar con estos operativos\u00bb, dijo. El funcionario record\u00f3 que con anterioridad, se han encontrado tenedores de fierro, cerillos, encendedores y tijeras de punta, sin embargo, aclar\u00f3 que no [&hellip;]","og_url":"https:\/\/canal7slp.tv\/2022\/en-breve-sege-iniciara-revision-de-utiles-escolares-en-instituciones-educativas-de-slp\/","og_site_name":"Canal 7 SLP - 2022","article_publisher":"https:\/\/www.facebook.com\/noticieroscanalsiete","article_published_time":"2022-06-03T22:26:54+00:00","og_image":[{"width":1280,"height":720,"url":"https:\/\/canal7slp.tv\/2022\/wp-content\/uploads\/2022\/06\/Vazquez04RuvisionUtiles.jpg","type":"image\/jpeg"}],"author":"Edici\u00f3n Web","twitter_card":"summary_large_image","twitter_creator":"@NOTICIEROS7","twitter_site":"@NOTICIEROS7","twitter_misc":{"Escrito por":"Edici\u00f3n Web","Tiempo de lectura":"1 minuto"},"schema":{"@context":"https:\/\/schema.org","@graph":[{"@type":"Article","@id":"https:\/\/canal7slp.tv\/2022\/en-breve-sege-iniciara-revision-de-utiles-escolares-en-instituciones-educativas-de-slp\/#article","isPartOf":{"@id":"https:\/\/canal7slp.tv\/2022\/en-breve-sege-iniciara-revision-de-utiles-escolares-en-instituciones-educativas-de-slp\/"},"author":{"name":"Edici\u00f3n Web","@id":"https:\/\/canal7slp.tv\/2022\/#\/schema\/person\/429704152a21f5f856ce29aa69a238da"},"headline":"En breve, SEGE iniciar\u00e1 revisi\u00f3n de \u00fatiles escolares en instituciones educativas de SLP.","datePublished":"2022-06-03T22:26:54+00:00","mainEntityOfPage":{"@id":"https:\/\/canal7slp.tv\/2022\/en-breve-sege-iniciara-revision-de-utiles-escolares-en-instituciones-educativas-de-slp\/"},"wordCount":245,"publisher":{"@id":"https:\/\/canal7slp.tv\/2022\/#organization"},"image":{"@id":"https:\/\/canal7slp.tv\/2022\/en-breve-sege-iniciara-revision-de-utiles-escolares-en-instituciones-educativas-de-slp\/#primaryimage"},"thumbnailUrl":"https:\/\/canal7slp.tv\/2022\/wp-content\/uploads\/2022\/06\/Vazquez04RuvisionUtiles.jpg","articleSection":["DESTACADAS","GOBEDOSLP","LOCALES Y REGIONALES"],"inLanguage":"es"},{"@type":"WebPage","@id":"https:\/\/canal7slp.tv\/2022\/en-breve-sege-iniciara-revision-de-utiles-escolares-en-instituciones-educativas-de-slp\/","url":"https:\/\/canal7slp.tv\/2022\/en-breve-sege-iniciara-revision-de-utiles-escolares-en-instituciones-educativas-de-slp\/","name":"En breve, SEGE iniciar\u00e1 revisi\u00f3n de \u00fatiles escolares en instituciones educativas de SLP. - Canal 7 SLP - 2022","isPartOf":{"@id":"https:\/\/canal7slp.tv\/2022\/#website"},"primaryImageOfPage":{"@id":"https:\/\/canal7slp.tv\/2022\/en-breve-sege-iniciara-revision-de-utiles-escolares-en-instituciones-educativas-de-slp\/#primaryimage"},"image":{"@id":"https:\/\/canal7slp.tv\/2022\/en-breve-sege-iniciara-revision-de-utiles-escolares-en-instituciones-educativas-de-slp\/#primaryimage"},"thumbnailUrl":"https:\/\/canal7slp.tv\/2022\/wp-content\/uploads\/2022\/06\/Vazquez04RuvisionUtiles.jpg","datePublished":"2022-06-03T22:26:54+00:00","breadcrumb":{"@id":"https:\/\/canal7slp.tv\/2022\/en-breve-sege-iniciara-revision-de-utiles-escolares-en-instituciones-educativas-de-slp\/#breadcrumb"},"inLanguage":"es","potentialAction":[{"@type":"ReadAction","target":["https:\/\/canal7slp.tv\/2022\/en-breve-sege-iniciara-revision-de-utiles-escolares-en-instituciones-educativas-de-slp\/"]}]},{"@type":"ImageObject","inLanguage":"es","@id":"https:\/\/canal7slp.tv\/2022\/en-breve-sege-iniciara-revision-de-utiles-escolares-en-instituciones-educativas-de-slp\/#primaryimage","url":"https:\/\/canal7slp.tv\/2022\/wp-content\/uploads\/2022\/06\/Vazquez04RuvisionUtiles.jpg","contentUrl":"https:\/\/canal7slp.tv\/2022\/wp-content\/uploads\/2022\/06\/Vazquez04RuvisionUtiles.jpg","width":1280,"height":720},{"@type":"BreadcrumbList","@id":"https:\/\/canal7slp.tv\/2022\/en-breve-sege-iniciara-revision-de-utiles-escolares-en-instituciones-educativas-de-slp\/#breadcrumb","itemListElement":[{"@type":"ListItem","position":1,"name":"Portada","item":"https:\/\/canal7slp.tv\/2022\/"},{"@type":"ListItem","position":2,"name":"En breve, SEGE iniciar\u00e1 revisi\u00f3n de \u00fatiles escolares en instituciones educativas de SLP."}]},{"@type":"WebSite","@id":"https:\/\/canal7slp.tv\/2022\/#website","url":"https:\/\/canal7slp.tv\/2022\/","name":"N7 - Noticieros Canal 7","description":"Somos Televisi\u00f3n","publisher":{"@id":"https:\/\/canal7slp.tv\/2022\/#organization"},"potentialAction":[{"@type":"SearchAction","target":{"@type":"EntryPoint","urlTemplate":"https:\/\/canal7slp.tv\/2022\/?s={search_term_string}"},"query-input":{"@type":"PropertyValueSpecification","valueRequired":true,"valueName":"search_term_string"}}],"inLanguage":"es"},{"@type":"Organization","@id":"https:\/\/canal7slp.tv\/2022\/#organization","name":"Noticieros Canal 7","url":"https:\/\/canal7slp.tv\/2022\/","logo":{"@type":"ImageObject","inLanguage":"es","@id":"https:\/\/canal7slp.tv\/2022\/#\/schema\/logo\/image\/","url":"https:\/\/canal7slp.tv\/2022\/wp-content\/uploads\/2021\/01\/logo-noticieros@2x.png","contentUrl":"https:\/\/canal7slp.tv\/2022\/wp-content\/uploads\/2021\/01\/logo-noticieros@2x.png","width":1017,"height":268,"caption":"Noticieros Canal 7"},"image":{"@id":"https:\/\/canal7slp.tv\/2022\/#\/schema\/logo\/image\/"},"sameAs":["https:\/\/www.facebook.com\/noticieroscanalsiete","https:\/\/x.com\/NOTICIEROS7","https:\/\/www.instagram.com\/canal7_slp","https:\/\/www.youtube.com\/channel\/UCliiYs-gP3JfJeqdPrNdd5A"]},{"@type":"Person","@id":"https:\/\/canal7slp.tv\/2022\/#\/schema\/person\/429704152a21f5f856ce29aa69a238da","name":"Edici\u00f3n Web","image":{"@type":"ImageObject","inLanguage":"es","@id":"https:\/\/secure.gravatar.com\/avatar\/eee448fc3f7164808013b816ba91ac7e43bbe82a70bebac296f8bc6f0addaa1a?s=96&d=mm&r=g","url":"https:\/\/secure.gravatar.com\/avatar\/eee448fc3f7164808013b816ba91ac7e43bbe82a70bebac296f8bc6f0addaa1a?s=96&d=mm&r=g","contentUrl":"https:\/\/secure.gravatar.com\/avatar\/eee448fc3f7164808013b816ba91ac7e43bbe82a70bebac296f8bc6f0addaa1a?s=96&d=mm&r=g","caption":"Edici\u00f3n Web"},"url":"https:\/\/canal7slp.tv\/2022\/author\/edicionweb\/"}]}},"amp_enabled":true,"_links":{"self":[{"href":"https:\/\/canal7slp.tv\/2022\/wp-json\/wp\/v2\/posts\/62363","targetHints":{"allow":["GET"]}}],"collection":[{"href":"https:\/\/canal7slp.tv\/2022\/wp-json\/wp\/v2\/posts"}],"about":[{"href":"https:\/\/canal7slp.tv\/2022\/wp-json\/wp\/v2\/types\/post"}],"author":[{"embeddable":true,"href":"https:\/\/canal7slp.tv\/2022\/wp-json\/wp\/v2\/users\/2"}],"replies":[{"embeddable":true,"href":"https:\/\/canal7slp.tv\/2022\/wp-json\/wp\/v2\/comments?post=62363"}],"version-history":[{"count":3,"href":"https:\/\/canal7slp.tv\/2022\/wp-json\/wp\/v2\/posts\/62363\/revisions"}],"predecessor-version":[{"id":62381,"href":"https:\/\/canal7slp.tv\/2022\/wp-json\/wp\/v2\/posts\/62363\/revisions\/62381"}],"wp:featuredmedia":[{"embeddable":true,"href":"https:\/\/canal7slp.tv\/2022\/wp-json\/wp\/v2\/media\/62380"}],"wp:attachment":[{"href":"https:\/\/canal7slp.tv\/2022\/wp-json\/wp\/v2\/media?parent=62363"}],"wp:term":[{"taxonomy":"category","embeddable":true,"href":"https:\/\/canal7slp.tv\/2022\/wp-json\/wp\/v2\/categories?post=62363"},{"taxonomy":"post_tag","embeddable":true,"href":"https:\/\/canal7slp.tv\/2022\/wp-json\/wp\/v2\/tags?post=62363"}],"curies":[{"name":"wp","href":"https:\/\/api.w.org\/{rel}","templated":true}]}}