{"id":62361,"date":"2022-06-03T16:22:48","date_gmt":"2022-06-03T22:22:48","guid":{"rendered":"https:\/\/canal7slp.tv\/2022\/?p=62361"},"modified":"2022-06-03T16:22:48","modified_gmt":"2022-06-03T22:22:48","slug":"eliminacion-del-horario-de-verano-en-manos-de-la-ciudadania-senala-hernandez-villafuerte","status":"publish","type":"post","link":"https:\/\/canal7slp.tv\/2022\/eliminacion-del-horario-de-verano-en-manos-de-la-ciudadania-senala-hernandez-villafuerte\/","title":{"rendered":"Eliminaci\u00f3n del horario de verano en manos de la ciudadan\u00eda, se\u00f1ala Hern\u00e1ndez Villafuerte."},"content":{"rendered":"<p style=\"text-align: justify;\">SLP.- El diputado federal, Gilberto Hern\u00e1ndez Villafuerte, declar\u00f3 que su voto a favor o en contra de eliminar el horario de verano ser\u00e1 emitido de acuerdo a la opini\u00f3n de la gente que habita en el distrito electoral de San Luis Potos\u00ed que representa.<\/p>\n<p style=\"text-align: justify;\">\u00abYo lo he consultado con todo lo que es mi distrito y la gente ya no est\u00e1 de acuerdo con el horario, la gente est\u00e1 pidiendo que votemos a que ya no haya cambios de horarios y yo voy hacer lo que la gente decida aqu\u00ed en mi distrito\u00bb, dijo.<\/p>\n<p style=\"text-align: justify;\">Seg\u00fan refiere el legislador, el tema no fue abordado en su momento por el pleno, pues la Federaci\u00f3n no justific\u00f3 ciertos datos sobre esta intenci\u00f3n.<\/p>\n<p style=\"text-align: justify;\">\u00abEl Gobierno de la Rep\u00fablica no present\u00f3 los argumentos reales de cuanto es lo que se est\u00e1 ahorrando en energ\u00eda, que se supone que el ahorro era el motivo por el cual estamos cambiando los horarios\u00bb, a\u00f1adi\u00f3.<\/p>\n<p style=\"text-align: justify;\">Cabe mencionar que el Gobierno Federal present\u00f3 hoy los estudios que se solicitaron por el Congreso de la Uni\u00f3n, en el que afirman que de eliminar el horario de verano, el ahorro ser\u00eda de hasta mil millones de pesos, sin mencionar, las afectaciones que este provoca al ser humano.<\/p>\n<p style=\"text-align: justify;\">Por: Jos\u00e9 Luis V\u00e1zquez<\/p>\n","protected":false},"excerpt":{"rendered":"<p>SLP.- El diputado federal, Gilberto Hern\u00e1ndez Villafuerte, declar\u00f3 que su voto a favor o en contra de eliminar el horario de verano ser\u00e1 emitido de acuerdo a la opini\u00f3n de la gente que habita en el distrito electoral de San Luis Potos\u00ed que representa. \u00abYo lo he consultado con todo lo que es mi distrito y la gente ya no est\u00e1 de acuerdo con el horario, la gente est\u00e1 pidiendo que votemos a que ya no haya cambios de horarios y yo voy hacer lo que la gente decida aqu\u00ed en mi distrito\u00bb, dijo. Seg\u00fan refiere el legislador, el tema [&hellip;]<\/p>\n","protected":false},"author":2,"featured_media":62378,"comment_status":"closed","ping_status":"closed","sticky":false,"template":"","format":"video","meta":{"footnotes":""},"categories":[5,45],"tags":[],"class_list":["post-62361","post","type-post","status-publish","format-video","has-post-thumbnail","hentry","category-destacadas","category-localesyregionales","post_format-post-format-video","post--single"],"yoast_head":"<!-- This site is optimized with the Yoast SEO plugin v27.5 - https:\/\/yoast.com\/product\/yoast-seo-wordpress\/ -->\n<title>Eliminaci\u00f3n del horario de verano en manos de la ciudadan\u00eda, se\u00f1ala Hern\u00e1ndez Villafuerte. - Canal 7 SLP - 2022<\/title>\n<meta name=\"robots\" content=\"index, follow, max-snippet:-1, max-image-preview:large, max-video-preview:-1\" \/>\n<link rel=\"canonical\" href=\"https:\/\/canal7slp.tv\/2022\/eliminacion-del-horario-de-verano-en-manos-de-la-ciudadania-senala-hernandez-villafuerte\/\" \/>\n<meta property=\"og:locale\" content=\"es_ES\" \/>\n<meta property=\"og:type\" content=\"article\" \/>\n<meta property=\"og:title\" content=\"Eliminaci\u00f3n del horario de verano en manos de la ciudadan\u00eda, se\u00f1ala Hern\u00e1ndez Villafuerte. - Canal 7 SLP - 2022\" \/>\n<meta property=\"og:description\" content=\"SLP.- El diputado federal, Gilberto Hern\u00e1ndez Villafuerte, declar\u00f3 que su voto a favor o en contra de eliminar el horario de verano ser\u00e1 emitido de acuerdo a la opini\u00f3n de la gente que habita en el distrito electoral de San Luis Potos\u00ed que representa. \u00abYo lo he consultado con todo lo que es mi distrito y la gente ya no est\u00e1 de acuerdo con el horario, la gente est\u00e1 pidiendo que votemos a que ya no haya cambios de horarios y yo voy hacer lo que la gente decida aqu\u00ed en mi distrito\u00bb, dijo. Seg\u00fan refiere el legislador, el tema [&hellip;]\" \/>\n<meta property=\"og:url\" content=\"https:\/\/canal7slp.tv\/2022\/eliminacion-del-horario-de-verano-en-manos-de-la-ciudadania-senala-hernandez-villafuerte\/\" \/>\n<meta property=\"og:site_name\" content=\"Canal 7 SLP - 2022\" \/>\n<meta property=\"article:publisher\" content=\"https:\/\/www.facebook.com\/noticieroscanalsiete\" \/>\n<meta property=\"article:published_time\" content=\"2022-06-03T22:22:48+00:00\" \/>\n<meta property=\"og:image\" content=\"https:\/\/canal7slp.tv\/2022\/wp-content\/uploads\/2022\/06\/Vazquez02HorarioVerano.jpg\" \/>\n\t<meta property=\"og:image:width\" content=\"1280\" \/>\n\t<meta property=\"og:image:height\" content=\"720\" \/>\n\t<meta property=\"og:image:type\" content=\"image\/jpeg\" \/>\n<meta name=\"author\" content=\"Edici\u00f3n Web\" \/>\n<meta name=\"twitter:card\" content=\"summary_large_image\" \/>\n<meta name=\"twitter:creator\" content=\"@NOTICIEROS7\" \/>\n<meta name=\"twitter:site\" content=\"@NOTICIEROS7\" \/>\n<meta name=\"twitter:label1\" content=\"Escrito por\" \/>\n\t<meta name=\"twitter:data1\" content=\"Edici\u00f3n Web\" \/>\n\t<meta name=\"twitter:label2\" content=\"Tiempo de lectura\" \/>\n\t<meta name=\"twitter:data2\" content=\"1 minuto\" \/>\n<script type=\"application\/ld+json\" class=\"yoast-schema-graph\">{\"@context\":\"https:\\\/\\\/schema.org\",\"@graph\":[{\"@type\":\"Article\",\"@id\":\"https:\\\/\\\/canal7slp.tv\\\/2022\\\/eliminacion-del-horario-de-verano-en-manos-de-la-ciudadania-senala-hernandez-villafuerte\\\/#article\",\"isPartOf\":{\"@id\":\"https:\\\/\\\/canal7slp.tv\\\/2022\\\/eliminacion-del-horario-de-verano-en-manos-de-la-ciudadania-senala-hernandez-villafuerte\\\/\"},\"author\":{\"name\":\"Edici\u00f3n Web\",\"@id\":\"https:\\\/\\\/canal7slp.tv\\\/2022\\\/#\\\/schema\\\/person\\\/429704152a21f5f856ce29aa69a238da\"},\"headline\":\"Eliminaci\u00f3n del horario de verano en manos de la ciudadan\u00eda, se\u00f1ala Hern\u00e1ndez Villafuerte.\",\"datePublished\":\"2022-06-03T22:22:48+00:00\",\"mainEntityOfPage\":{\"@id\":\"https:\\\/\\\/canal7slp.tv\\\/2022\\\/eliminacion-del-horario-de-verano-en-manos-de-la-ciudadania-senala-hernandez-villafuerte\\\/\"},\"wordCount\":238,\"publisher\":{\"@id\":\"https:\\\/\\\/canal7slp.tv\\\/2022\\\/#organization\"},\"image\":{\"@id\":\"https:\\\/\\\/canal7slp.tv\\\/2022\\\/eliminacion-del-horario-de-verano-en-manos-de-la-ciudadania-senala-hernandez-villafuerte\\\/#primaryimage\"},\"thumbnailUrl\":\"https:\\\/\\\/canal7slp.tv\\\/2022\\\/wp-content\\\/uploads\\\/2022\\\/06\\\/Vazquez02HorarioVerano.jpg\",\"articleSection\":[\"DESTACADAS\",\"LOCALES Y REGIONALES\"],\"inLanguage\":\"es\"},{\"@type\":\"WebPage\",\"@id\":\"https:\\\/\\\/canal7slp.tv\\\/2022\\\/eliminacion-del-horario-de-verano-en-manos-de-la-ciudadania-senala-hernandez-villafuerte\\\/\",\"url\":\"https:\\\/\\\/canal7slp.tv\\\/2022\\\/eliminacion-del-horario-de-verano-en-manos-de-la-ciudadania-senala-hernandez-villafuerte\\\/\",\"name\":\"Eliminaci\u00f3n del horario de verano en manos de la ciudadan\u00eda, se\u00f1ala Hern\u00e1ndez Villafuerte. - Canal 7 SLP - 2022\",\"isPartOf\":{\"@id\":\"https:\\\/\\\/canal7slp.tv\\\/2022\\\/#website\"},\"primaryImageOfPage\":{\"@id\":\"https:\\\/\\\/canal7slp.tv\\\/2022\\\/eliminacion-del-horario-de-verano-en-manos-de-la-ciudadania-senala-hernandez-villafuerte\\\/#primaryimage\"},\"image\":{\"@id\":\"https:\\\/\\\/canal7slp.tv\\\/2022\\\/eliminacion-del-horario-de-verano-en-manos-de-la-ciudadania-senala-hernandez-villafuerte\\\/#primaryimage\"},\"thumbnailUrl\":\"https:\\\/\\\/canal7slp.tv\\\/2022\\\/wp-content\\\/uploads\\\/2022\\\/06\\\/Vazquez02HorarioVerano.jpg\",\"datePublished\":\"2022-06-03T22:22:48+00:00\",\"breadcrumb\":{\"@id\":\"https:\\\/\\\/canal7slp.tv\\\/2022\\\/eliminacion-del-horario-de-verano-en-manos-de-la-ciudadania-senala-hernandez-villafuerte\\\/#breadcrumb\"},\"inLanguage\":\"es\",\"potentialAction\":[{\"@type\":\"ReadAction\",\"target\":[\"https:\\\/\\\/canal7slp.tv\\\/2022\\\/eliminacion-del-horario-de-verano-en-manos-de-la-ciudadania-senala-hernandez-villafuerte\\\/\"]}]},{\"@type\":\"ImageObject\",\"inLanguage\":\"es\",\"@id\":\"https:\\\/\\\/canal7slp.tv\\\/2022\\\/eliminacion-del-horario-de-verano-en-manos-de-la-ciudadania-senala-hernandez-villafuerte\\\/#primaryimage\",\"url\":\"https:\\\/\\\/canal7slp.tv\\\/2022\\\/wp-content\\\/uploads\\\/2022\\\/06\\\/Vazquez02HorarioVerano.jpg\",\"contentUrl\":\"https:\\\/\\\/canal7slp.tv\\\/2022\\\/wp-content\\\/uploads\\\/2022\\\/06\\\/Vazquez02HorarioVerano.jpg\",\"width\":1280,\"height\":720},{\"@type\":\"BreadcrumbList\",\"@id\":\"https:\\\/\\\/canal7slp.tv\\\/2022\\\/eliminacion-del-horario-de-verano-en-manos-de-la-ciudadania-senala-hernandez-villafuerte\\\/#breadcrumb\",\"itemListElement\":[{\"@type\":\"ListItem\",\"position\":1,\"name\":\"Portada\",\"item\":\"https:\\\/\\\/canal7slp.tv\\\/2022\\\/\"},{\"@type\":\"ListItem\",\"position\":2,\"name\":\"Eliminaci\u00f3n del horario de verano en manos de la ciudadan\u00eda, se\u00f1ala Hern\u00e1ndez Villafuerte.\"}]},{\"@type\":\"WebSite\",\"@id\":\"https:\\\/\\\/canal7slp.tv\\\/2022\\\/#website\",\"url\":\"https:\\\/\\\/canal7slp.tv\\\/2022\\\/\",\"name\":\"N7 - Noticieros Canal 7\",\"description\":\"Somos Televisi\u00f3n\",\"publisher\":{\"@id\":\"https:\\\/\\\/canal7slp.tv\\\/2022\\\/#organization\"},\"potentialAction\":[{\"@type\":\"SearchAction\",\"target\":{\"@type\":\"EntryPoint\",\"urlTemplate\":\"https:\\\/\\\/canal7slp.tv\\\/2022\\\/?s={search_term_string}\"},\"query-input\":{\"@type\":\"PropertyValueSpecification\",\"valueRequired\":true,\"valueName\":\"search_term_string\"}}],\"inLanguage\":\"es\"},{\"@type\":\"Organization\",\"@id\":\"https:\\\/\\\/canal7slp.tv\\\/2022\\\/#organization\",\"name\":\"Noticieros Canal 7\",\"url\":\"https:\\\/\\\/canal7slp.tv\\\/2022\\\/\",\"logo\":{\"@type\":\"ImageObject\",\"inLanguage\":\"es\",\"@id\":\"https:\\\/\\\/canal7slp.tv\\\/2022\\\/#\\\/schema\\\/logo\\\/image\\\/\",\"url\":\"https:\\\/\\\/canal7slp.tv\\\/2022\\\/wp-content\\\/uploads\\\/2021\\\/01\\\/logo-noticieros@2x.png\",\"contentUrl\":\"https:\\\/\\\/canal7slp.tv\\\/2022\\\/wp-content\\\/uploads\\\/2021\\\/01\\\/logo-noticieros@2x.png\",\"width\":1017,\"height\":268,\"caption\":\"Noticieros Canal 7\"},\"image\":{\"@id\":\"https:\\\/\\\/canal7slp.tv\\\/2022\\\/#\\\/schema\\\/logo\\\/image\\\/\"},\"sameAs\":[\"https:\\\/\\\/www.facebook.com\\\/noticieroscanalsiete\",\"https:\\\/\\\/x.com\\\/NOTICIEROS7\",\"https:\\\/\\\/www.instagram.com\\\/canal7_slp\",\"https:\\\/\\\/www.youtube.com\\\/channel\\\/UCliiYs-gP3JfJeqdPrNdd5A\"]},{\"@type\":\"Person\",\"@id\":\"https:\\\/\\\/canal7slp.tv\\\/2022\\\/#\\\/schema\\\/person\\\/429704152a21f5f856ce29aa69a238da\",\"name\":\"Edici\u00f3n Web\",\"image\":{\"@type\":\"ImageObject\",\"inLanguage\":\"es\",\"@id\":\"https:\\\/\\\/secure.gravatar.com\\\/avatar\\\/eee448fc3f7164808013b816ba91ac7e43bbe82a70bebac296f8bc6f0addaa1a?s=96&d=mm&r=g\",\"url\":\"https:\\\/\\\/secure.gravatar.com\\\/avatar\\\/eee448fc3f7164808013b816ba91ac7e43bbe82a70bebac296f8bc6f0addaa1a?s=96&d=mm&r=g\",\"contentUrl\":\"https:\\\/\\\/secure.gravatar.com\\\/avatar\\\/eee448fc3f7164808013b816ba91ac7e43bbe82a70bebac296f8bc6f0addaa1a?s=96&d=mm&r=g\",\"caption\":\"Edici\u00f3n Web\"},\"url\":\"https:\\\/\\\/canal7slp.tv\\\/2022\\\/author\\\/edicionweb\\\/\"}]}<\/script>\n<!-- \/ Yoast SEO plugin. -->","yoast_head_json":{"title":"Eliminaci\u00f3n del horario de verano en manos de la ciudadan\u00eda, se\u00f1ala Hern\u00e1ndez Villafuerte. - Canal 7 SLP - 2022","robots":{"index":"index","follow":"follow","max-snippet":"max-snippet:-1","max-image-preview":"max-image-preview:large","max-video-preview":"max-video-preview:-1"},"canonical":"https:\/\/canal7slp.tv\/2022\/eliminacion-del-horario-de-verano-en-manos-de-la-ciudadania-senala-hernandez-villafuerte\/","og_locale":"es_ES","og_type":"article","og_title":"Eliminaci\u00f3n del horario de verano en manos de la ciudadan\u00eda, se\u00f1ala Hern\u00e1ndez Villafuerte. - Canal 7 SLP - 2022","og_description":"SLP.- El diputado federal, Gilberto Hern\u00e1ndez Villafuerte, declar\u00f3 que su voto a favor o en contra de eliminar el horario de verano ser\u00e1 emitido de acuerdo a la opini\u00f3n de la gente que habita en el distrito electoral de San Luis Potos\u00ed que representa. \u00abYo lo he consultado con todo lo que es mi distrito y la gente ya no est\u00e1 de acuerdo con el horario, la gente est\u00e1 pidiendo que votemos a que ya no haya cambios de horarios y yo voy hacer lo que la gente decida aqu\u00ed en mi distrito\u00bb, dijo. Seg\u00fan refiere el legislador, el tema [&hellip;]","og_url":"https:\/\/canal7slp.tv\/2022\/eliminacion-del-horario-de-verano-en-manos-de-la-ciudadania-senala-hernandez-villafuerte\/","og_site_name":"Canal 7 SLP - 2022","article_publisher":"https:\/\/www.facebook.com\/noticieroscanalsiete","article_published_time":"2022-06-03T22:22:48+00:00","og_image":[{"width":1280,"height":720,"url":"https:\/\/canal7slp.tv\/2022\/wp-content\/uploads\/2022\/06\/Vazquez02HorarioVerano.jpg","type":"image\/jpeg"}],"author":"Edici\u00f3n Web","twitter_card":"summary_large_image","twitter_creator":"@NOTICIEROS7","twitter_site":"@NOTICIEROS7","twitter_misc":{"Escrito por":"Edici\u00f3n Web","Tiempo de lectura":"1 minuto"},"schema":{"@context":"https:\/\/schema.org","@graph":[{"@type":"Article","@id":"https:\/\/canal7slp.tv\/2022\/eliminacion-del-horario-de-verano-en-manos-de-la-ciudadania-senala-hernandez-villafuerte\/#article","isPartOf":{"@id":"https:\/\/canal7slp.tv\/2022\/eliminacion-del-horario-de-verano-en-manos-de-la-ciudadania-senala-hernandez-villafuerte\/"},"author":{"name":"Edici\u00f3n Web","@id":"https:\/\/canal7slp.tv\/2022\/#\/schema\/person\/429704152a21f5f856ce29aa69a238da"},"headline":"Eliminaci\u00f3n del horario de verano en manos de la ciudadan\u00eda, se\u00f1ala Hern\u00e1ndez Villafuerte.","datePublished":"2022-06-03T22:22:48+00:00","mainEntityOfPage":{"@id":"https:\/\/canal7slp.tv\/2022\/eliminacion-del-horario-de-verano-en-manos-de-la-ciudadania-senala-hernandez-villafuerte\/"},"wordCount":238,"publisher":{"@id":"https:\/\/canal7slp.tv\/2022\/#organization"},"image":{"@id":"https:\/\/canal7slp.tv\/2022\/eliminacion-del-horario-de-verano-en-manos-de-la-ciudadania-senala-hernandez-villafuerte\/#primaryimage"},"thumbnailUrl":"https:\/\/canal7slp.tv\/2022\/wp-content\/uploads\/2022\/06\/Vazquez02HorarioVerano.jpg","articleSection":["DESTACADAS","LOCALES Y REGIONALES"],"inLanguage":"es"},{"@type":"WebPage","@id":"https:\/\/canal7slp.tv\/2022\/eliminacion-del-horario-de-verano-en-manos-de-la-ciudadania-senala-hernandez-villafuerte\/","url":"https:\/\/canal7slp.tv\/2022\/eliminacion-del-horario-de-verano-en-manos-de-la-ciudadania-senala-hernandez-villafuerte\/","name":"Eliminaci\u00f3n del horario de verano en manos de la ciudadan\u00eda, se\u00f1ala Hern\u00e1ndez Villafuerte. - Canal 7 SLP - 2022","isPartOf":{"@id":"https:\/\/canal7slp.tv\/2022\/#website"},"primaryImageOfPage":{"@id":"https:\/\/canal7slp.tv\/2022\/eliminacion-del-horario-de-verano-en-manos-de-la-ciudadania-senala-hernandez-villafuerte\/#primaryimage"},"image":{"@id":"https:\/\/canal7slp.tv\/2022\/eliminacion-del-horario-de-verano-en-manos-de-la-ciudadania-senala-hernandez-villafuerte\/#primaryimage"},"thumbnailUrl":"https:\/\/canal7slp.tv\/2022\/wp-content\/uploads\/2022\/06\/Vazquez02HorarioVerano.jpg","datePublished":"2022-06-03T22:22:48+00:00","breadcrumb":{"@id":"https:\/\/canal7slp.tv\/2022\/eliminacion-del-horario-de-verano-en-manos-de-la-ciudadania-senala-hernandez-villafuerte\/#breadcrumb"},"inLanguage":"es","potentialAction":[{"@type":"ReadAction","target":["https:\/\/canal7slp.tv\/2022\/eliminacion-del-horario-de-verano-en-manos-de-la-ciudadania-senala-hernandez-villafuerte\/"]}]},{"@type":"ImageObject","inLanguage":"es","@id":"https:\/\/canal7slp.tv\/2022\/eliminacion-del-horario-de-verano-en-manos-de-la-ciudadania-senala-hernandez-villafuerte\/#primaryimage","url":"https:\/\/canal7slp.tv\/2022\/wp-content\/uploads\/2022\/06\/Vazquez02HorarioVerano.jpg","contentUrl":"https:\/\/canal7slp.tv\/2022\/wp-content\/uploads\/2022\/06\/Vazquez02HorarioVerano.jpg","width":1280,"height":720},{"@type":"BreadcrumbList","@id":"https:\/\/canal7slp.tv\/2022\/eliminacion-del-horario-de-verano-en-manos-de-la-ciudadania-senala-hernandez-villafuerte\/#breadcrumb","itemListElement":[{"@type":"ListItem","position":1,"name":"Portada","item":"https:\/\/canal7slp.tv\/2022\/"},{"@type":"ListItem","position":2,"name":"Eliminaci\u00f3n del horario de verano en manos de la ciudadan\u00eda, se\u00f1ala Hern\u00e1ndez Villafuerte."}]},{"@type":"WebSite","@id":"https:\/\/canal7slp.tv\/2022\/#website","url":"https:\/\/canal7slp.tv\/2022\/","name":"N7 - Noticieros Canal 7","description":"Somos Televisi\u00f3n","publisher":{"@id":"https:\/\/canal7slp.tv\/2022\/#organization"},"potentialAction":[{"@type":"SearchAction","target":{"@type":"EntryPoint","urlTemplate":"https:\/\/canal7slp.tv\/2022\/?s={search_term_string}"},"query-input":{"@type":"PropertyValueSpecification","valueRequired":true,"valueName":"search_term_string"}}],"inLanguage":"es"},{"@type":"Organization","@id":"https:\/\/canal7slp.tv\/2022\/#organization","name":"Noticieros Canal 7","url":"https:\/\/canal7slp.tv\/2022\/","logo":{"@type":"ImageObject","inLanguage":"es","@id":"https:\/\/canal7slp.tv\/2022\/#\/schema\/logo\/image\/","url":"https:\/\/canal7slp.tv\/2022\/wp-content\/uploads\/2021\/01\/logo-noticieros@2x.png","contentUrl":"https:\/\/canal7slp.tv\/2022\/wp-content\/uploads\/2021\/01\/logo-noticieros@2x.png","width":1017,"height":268,"caption":"Noticieros Canal 7"},"image":{"@id":"https:\/\/canal7slp.tv\/2022\/#\/schema\/logo\/image\/"},"sameAs":["https:\/\/www.facebook.com\/noticieroscanalsiete","https:\/\/x.com\/NOTICIEROS7","https:\/\/www.instagram.com\/canal7_slp","https:\/\/www.youtube.com\/channel\/UCliiYs-gP3JfJeqdPrNdd5A"]},{"@type":"Person","@id":"https:\/\/canal7slp.tv\/2022\/#\/schema\/person\/429704152a21f5f856ce29aa69a238da","name":"Edici\u00f3n Web","image":{"@type":"ImageObject","inLanguage":"es","@id":"https:\/\/secure.gravatar.com\/avatar\/eee448fc3f7164808013b816ba91ac7e43bbe82a70bebac296f8bc6f0addaa1a?s=96&d=mm&r=g","url":"https:\/\/secure.gravatar.com\/avatar\/eee448fc3f7164808013b816ba91ac7e43bbe82a70bebac296f8bc6f0addaa1a?s=96&d=mm&r=g","contentUrl":"https:\/\/secure.gravatar.com\/avatar\/eee448fc3f7164808013b816ba91ac7e43bbe82a70bebac296f8bc6f0addaa1a?s=96&d=mm&r=g","caption":"Edici\u00f3n Web"},"url":"https:\/\/canal7slp.tv\/2022\/author\/edicionweb\/"}]}},"amp_enabled":true,"_links":{"self":[{"href":"https:\/\/canal7slp.tv\/2022\/wp-json\/wp\/v2\/posts\/62361","targetHints":{"allow":["GET"]}}],"collection":[{"href":"https:\/\/canal7slp.tv\/2022\/wp-json\/wp\/v2\/posts"}],"about":[{"href":"https:\/\/canal7slp.tv\/2022\/wp-json\/wp\/v2\/types\/post"}],"author":[{"embeddable":true,"href":"https:\/\/canal7slp.tv\/2022\/wp-json\/wp\/v2\/users\/2"}],"replies":[{"embeddable":true,"href":"https:\/\/canal7slp.tv\/2022\/wp-json\/wp\/v2\/comments?post=62361"}],"version-history":[{"count":3,"href":"https:\/\/canal7slp.tv\/2022\/wp-json\/wp\/v2\/posts\/62361\/revisions"}],"predecessor-version":[{"id":62379,"href":"https:\/\/canal7slp.tv\/2022\/wp-json\/wp\/v2\/posts\/62361\/revisions\/62379"}],"wp:featuredmedia":[{"embeddable":true,"href":"https:\/\/canal7slp.tv\/2022\/wp-json\/wp\/v2\/media\/62378"}],"wp:attachment":[{"href":"https:\/\/canal7slp.tv\/2022\/wp-json\/wp\/v2\/media?parent=62361"}],"wp:term":[{"taxonomy":"category","embeddable":true,"href":"https:\/\/canal7slp.tv\/2022\/wp-json\/wp\/v2\/categories?post=62361"},{"taxonomy":"post_tag","embeddable":true,"href":"https:\/\/canal7slp.tv\/2022\/wp-json\/wp\/v2\/tags?post=62361"}],"curies":[{"name":"wp","href":"https:\/\/api.w.org\/{rel}","templated":true}]}}