{"id":62341,"date":"2022-06-03T15:58:34","date_gmt":"2022-06-03T21:58:34","guid":{"rendered":"https:\/\/canal7slp.tv\/2022\/?p=62341"},"modified":"2022-06-03T15:58:34","modified_gmt":"2022-06-03T21:58:34","slug":"cuatro-muertos-y-30-heridos-tras-descarrilarse-un-tren-en-alemania","status":"publish","type":"post","link":"https:\/\/canal7slp.tv\/2022\/cuatro-muertos-y-30-heridos-tras-descarrilarse-un-tren-en-alemania\/","title":{"rendered":"Cuatro muertos y 30 heridos tras descarrilarse un tren en Alemania"},"content":{"rendered":"<p style=\"text-align: justify;\">Burgrain.- Al menos cuatro personas murieron y otras 30 resultaron heridas por el descarrilamiento de un tren regional en los Alpes B\u00e1varos, en el sur de Alemania.<\/p>\n<p style=\"text-align: justify;\">Varios vagones del tren que cubr\u00eda el trayecto entre Garmisch-Partenkirchen y M\u00fanich descarrilaron a la altura de Burgrain.<\/p>\n<p style=\"text-align: justify;\">Varios medios de comunicaci\u00f3n informaban de la importante presencia de estudiantes que volv\u00edan a su casa para pasar un largo fin de semana de tres d\u00edas.<\/p>\n<p style=\"text-align: justify;\">Las v\u00edctimas fueron atendidas en el lugar por m\u00e9dicos. Todav\u00eda no se conoce la causa del accidente ni el n\u00famero exacto de heridos.<\/p>\n","protected":false},"excerpt":{"rendered":"<p>Burgrain.- Al menos cuatro personas murieron y otras 30 resultaron heridas por el descarrilamiento de un tren regional en los Alpes B\u00e1varos, en el sur de Alemania. Varios vagones del tren que cubr\u00eda el trayecto entre Garmisch-Partenkirchen y M\u00fanich descarrilaron a la altura de Burgrain. Varios medios de comunicaci\u00f3n informaban de la importante presencia de estudiantes que volv\u00edan a su casa para pasar un largo fin de semana de tres d\u00edas. Las v\u00edctimas fueron atendidas en el lugar por m\u00e9dicos. Todav\u00eda no se conoce la causa del accidente ni el n\u00famero exacto de heridos.<\/p>\n","protected":false},"author":2,"featured_media":62353,"comment_status":"closed","ping_status":"closed","sticky":false,"template":"","format":"standard","meta":{"footnotes":""},"categories":[44],"tags":[],"class_list":["post-62341","post","type-post","status-publish","format-standard","has-post-thumbnail","hentry","category-internacional","post--single"],"yoast_head":"<!-- This site is optimized with the Yoast SEO plugin v27.5 - https:\/\/yoast.com\/product\/yoast-seo-wordpress\/ -->\n<title>Cuatro muertos y 30 heridos tras descarrilarse un tren en Alemania - Canal 7 SLP - 2022<\/title>\n<meta name=\"robots\" content=\"index, follow, max-snippet:-1, max-image-preview:large, max-video-preview:-1\" \/>\n<link rel=\"canonical\" href=\"https:\/\/canal7slp.tv\/2022\/cuatro-muertos-y-30-heridos-tras-descarrilarse-un-tren-en-alemania\/\" \/>\n<meta property=\"og:locale\" content=\"es_ES\" \/>\n<meta property=\"og:type\" content=\"article\" \/>\n<meta property=\"og:title\" content=\"Cuatro muertos y 30 heridos tras descarrilarse un tren en Alemania - Canal 7 SLP - 2022\" \/>\n<meta property=\"og:description\" content=\"Burgrain.- Al menos cuatro personas murieron y otras 30 resultaron heridas por el descarrilamiento de un tren regional en los Alpes B\u00e1varos, en el sur de Alemania. Varios vagones del tren que cubr\u00eda el trayecto entre Garmisch-Partenkirchen y M\u00fanich descarrilaron a la altura de Burgrain. Varios medios de comunicaci\u00f3n informaban de la importante presencia de estudiantes que volv\u00edan a su casa para pasar un largo fin de semana de tres d\u00edas. Las v\u00edctimas fueron atendidas en el lugar por m\u00e9dicos. Todav\u00eda no se conoce la causa del accidente ni el n\u00famero exacto de heridos.\" \/>\n<meta property=\"og:url\" content=\"https:\/\/canal7slp.tv\/2022\/cuatro-muertos-y-30-heridos-tras-descarrilarse-un-tren-en-alemania\/\" \/>\n<meta property=\"og:site_name\" content=\"Canal 7 SLP - 2022\" \/>\n<meta property=\"article:publisher\" content=\"https:\/\/www.facebook.com\/noticieroscanalsiete\" \/>\n<meta property=\"article:published_time\" content=\"2022-06-03T21:58:34+00:00\" \/>\n<meta property=\"og:image\" content=\"https:\/\/canal7slp.tv\/2022\/wp-content\/uploads\/2022\/06\/05-2.jpg\" \/>\n\t<meta property=\"og:image:width\" content=\"768\" \/>\n\t<meta property=\"og:image:height\" content=\"450\" \/>\n\t<meta property=\"og:image:type\" content=\"image\/jpeg\" \/>\n<meta name=\"author\" content=\"Edici\u00f3n Web\" \/>\n<meta name=\"twitter:card\" content=\"summary_large_image\" \/>\n<meta name=\"twitter:creator\" content=\"@NOTICIEROS7\" \/>\n<meta name=\"twitter:site\" content=\"@NOTICIEROS7\" \/>\n<meta name=\"twitter:label1\" content=\"Escrito por\" \/>\n\t<meta name=\"twitter:data1\" content=\"Edici\u00f3n Web\" \/>\n\t<meta name=\"twitter:label2\" content=\"Tiempo de lectura\" \/>\n\t<meta name=\"twitter:data2\" content=\"1 minuto\" \/>\n<script type=\"application\/ld+json\" class=\"yoast-schema-graph\">{\"@context\":\"https:\\\/\\\/schema.org\",\"@graph\":[{\"@type\":\"Article\",\"@id\":\"https:\\\/\\\/canal7slp.tv\\\/2022\\\/cuatro-muertos-y-30-heridos-tras-descarrilarse-un-tren-en-alemania\\\/#article\",\"isPartOf\":{\"@id\":\"https:\\\/\\\/canal7slp.tv\\\/2022\\\/cuatro-muertos-y-30-heridos-tras-descarrilarse-un-tren-en-alemania\\\/\"},\"author\":{\"name\":\"Edici\u00f3n Web\",\"@id\":\"https:\\\/\\\/canal7slp.tv\\\/2022\\\/#\\\/schema\\\/person\\\/429704152a21f5f856ce29aa69a238da\"},\"headline\":\"Cuatro muertos y 30 heridos tras descarrilarse un tren en Alemania\",\"datePublished\":\"2022-06-03T21:58:34+00:00\",\"mainEntityOfPage\":{\"@id\":\"https:\\\/\\\/canal7slp.tv\\\/2022\\\/cuatro-muertos-y-30-heridos-tras-descarrilarse-un-tren-en-alemania\\\/\"},\"wordCount\":114,\"publisher\":{\"@id\":\"https:\\\/\\\/canal7slp.tv\\\/2022\\\/#organization\"},\"image\":{\"@id\":\"https:\\\/\\\/canal7slp.tv\\\/2022\\\/cuatro-muertos-y-30-heridos-tras-descarrilarse-un-tren-en-alemania\\\/#primaryimage\"},\"thumbnailUrl\":\"https:\\\/\\\/canal7slp.tv\\\/2022\\\/wp-content\\\/uploads\\\/2022\\\/06\\\/05-2.jpg\",\"articleSection\":[\"INTERNACIONALES\"],\"inLanguage\":\"es\"},{\"@type\":\"WebPage\",\"@id\":\"https:\\\/\\\/canal7slp.tv\\\/2022\\\/cuatro-muertos-y-30-heridos-tras-descarrilarse-un-tren-en-alemania\\\/\",\"url\":\"https:\\\/\\\/canal7slp.tv\\\/2022\\\/cuatro-muertos-y-30-heridos-tras-descarrilarse-un-tren-en-alemania\\\/\",\"name\":\"Cuatro muertos y 30 heridos tras descarrilarse un tren en Alemania - Canal 7 SLP - 2022\",\"isPartOf\":{\"@id\":\"https:\\\/\\\/canal7slp.tv\\\/2022\\\/#website\"},\"primaryImageOfPage\":{\"@id\":\"https:\\\/\\\/canal7slp.tv\\\/2022\\\/cuatro-muertos-y-30-heridos-tras-descarrilarse-un-tren-en-alemania\\\/#primaryimage\"},\"image\":{\"@id\":\"https:\\\/\\\/canal7slp.tv\\\/2022\\\/cuatro-muertos-y-30-heridos-tras-descarrilarse-un-tren-en-alemania\\\/#primaryimage\"},\"thumbnailUrl\":\"https:\\\/\\\/canal7slp.tv\\\/2022\\\/wp-content\\\/uploads\\\/2022\\\/06\\\/05-2.jpg\",\"datePublished\":\"2022-06-03T21:58:34+00:00\",\"breadcrumb\":{\"@id\":\"https:\\\/\\\/canal7slp.tv\\\/2022\\\/cuatro-muertos-y-30-heridos-tras-descarrilarse-un-tren-en-alemania\\\/#breadcrumb\"},\"inLanguage\":\"es\",\"potentialAction\":[{\"@type\":\"ReadAction\",\"target\":[\"https:\\\/\\\/canal7slp.tv\\\/2022\\\/cuatro-muertos-y-30-heridos-tras-descarrilarse-un-tren-en-alemania\\\/\"]}]},{\"@type\":\"ImageObject\",\"inLanguage\":\"es\",\"@id\":\"https:\\\/\\\/canal7slp.tv\\\/2022\\\/cuatro-muertos-y-30-heridos-tras-descarrilarse-un-tren-en-alemania\\\/#primaryimage\",\"url\":\"https:\\\/\\\/canal7slp.tv\\\/2022\\\/wp-content\\\/uploads\\\/2022\\\/06\\\/05-2.jpg\",\"contentUrl\":\"https:\\\/\\\/canal7slp.tv\\\/2022\\\/wp-content\\\/uploads\\\/2022\\\/06\\\/05-2.jpg\",\"width\":768,\"height\":450},{\"@type\":\"BreadcrumbList\",\"@id\":\"https:\\\/\\\/canal7slp.tv\\\/2022\\\/cuatro-muertos-y-30-heridos-tras-descarrilarse-un-tren-en-alemania\\\/#breadcrumb\",\"itemListElement\":[{\"@type\":\"ListItem\",\"position\":1,\"name\":\"Portada\",\"item\":\"https:\\\/\\\/canal7slp.tv\\\/2022\\\/\"},{\"@type\":\"ListItem\",\"position\":2,\"name\":\"Cuatro muertos y 30 heridos tras descarrilarse un tren en Alemania\"}]},{\"@type\":\"WebSite\",\"@id\":\"https:\\\/\\\/canal7slp.tv\\\/2022\\\/#website\",\"url\":\"https:\\\/\\\/canal7slp.tv\\\/2022\\\/\",\"name\":\"N7 - Noticieros Canal 7\",\"description\":\"Somos Televisi\u00f3n\",\"publisher\":{\"@id\":\"https:\\\/\\\/canal7slp.tv\\\/2022\\\/#organization\"},\"potentialAction\":[{\"@type\":\"SearchAction\",\"target\":{\"@type\":\"EntryPoint\",\"urlTemplate\":\"https:\\\/\\\/canal7slp.tv\\\/2022\\\/?s={search_term_string}\"},\"query-input\":{\"@type\":\"PropertyValueSpecification\",\"valueRequired\":true,\"valueName\":\"search_term_string\"}}],\"inLanguage\":\"es\"},{\"@type\":\"Organization\",\"@id\":\"https:\\\/\\\/canal7slp.tv\\\/2022\\\/#organization\",\"name\":\"Noticieros Canal 7\",\"url\":\"https:\\\/\\\/canal7slp.tv\\\/2022\\\/\",\"logo\":{\"@type\":\"ImageObject\",\"inLanguage\":\"es\",\"@id\":\"https:\\\/\\\/canal7slp.tv\\\/2022\\\/#\\\/schema\\\/logo\\\/image\\\/\",\"url\":\"https:\\\/\\\/canal7slp.tv\\\/2022\\\/wp-content\\\/uploads\\\/2021\\\/01\\\/logo-noticieros@2x.png\",\"contentUrl\":\"https:\\\/\\\/canal7slp.tv\\\/2022\\\/wp-content\\\/uploads\\\/2021\\\/01\\\/logo-noticieros@2x.png\",\"width\":1017,\"height\":268,\"caption\":\"Noticieros Canal 7\"},\"image\":{\"@id\":\"https:\\\/\\\/canal7slp.tv\\\/2022\\\/#\\\/schema\\\/logo\\\/image\\\/\"},\"sameAs\":[\"https:\\\/\\\/www.facebook.com\\\/noticieroscanalsiete\",\"https:\\\/\\\/x.com\\\/NOTICIEROS7\",\"https:\\\/\\\/www.instagram.com\\\/canal7_slp\",\"https:\\\/\\\/www.youtube.com\\\/channel\\\/UCliiYs-gP3JfJeqdPrNdd5A\"]},{\"@type\":\"Person\",\"@id\":\"https:\\\/\\\/canal7slp.tv\\\/2022\\\/#\\\/schema\\\/person\\\/429704152a21f5f856ce29aa69a238da\",\"name\":\"Edici\u00f3n Web\",\"image\":{\"@type\":\"ImageObject\",\"inLanguage\":\"es\",\"@id\":\"https:\\\/\\\/secure.gravatar.com\\\/avatar\\\/eee448fc3f7164808013b816ba91ac7e43bbe82a70bebac296f8bc6f0addaa1a?s=96&d=mm&r=g\",\"url\":\"https:\\\/\\\/secure.gravatar.com\\\/avatar\\\/eee448fc3f7164808013b816ba91ac7e43bbe82a70bebac296f8bc6f0addaa1a?s=96&d=mm&r=g\",\"contentUrl\":\"https:\\\/\\\/secure.gravatar.com\\\/avatar\\\/eee448fc3f7164808013b816ba91ac7e43bbe82a70bebac296f8bc6f0addaa1a?s=96&d=mm&r=g\",\"caption\":\"Edici\u00f3n Web\"},\"url\":\"https:\\\/\\\/canal7slp.tv\\\/2022\\\/author\\\/edicionweb\\\/\"}]}<\/script>\n<!-- \/ Yoast SEO plugin. -->","yoast_head_json":{"title":"Cuatro muertos y 30 heridos tras descarrilarse un tren en Alemania - Canal 7 SLP - 2022","robots":{"index":"index","follow":"follow","max-snippet":"max-snippet:-1","max-image-preview":"max-image-preview:large","max-video-preview":"max-video-preview:-1"},"canonical":"https:\/\/canal7slp.tv\/2022\/cuatro-muertos-y-30-heridos-tras-descarrilarse-un-tren-en-alemania\/","og_locale":"es_ES","og_type":"article","og_title":"Cuatro muertos y 30 heridos tras descarrilarse un tren en Alemania - Canal 7 SLP - 2022","og_description":"Burgrain.- Al menos cuatro personas murieron y otras 30 resultaron heridas por el descarrilamiento de un tren regional en los Alpes B\u00e1varos, en el sur de Alemania. Varios vagones del tren que cubr\u00eda el trayecto entre Garmisch-Partenkirchen y M\u00fanich descarrilaron a la altura de Burgrain. Varios medios de comunicaci\u00f3n informaban de la importante presencia de estudiantes que volv\u00edan a su casa para pasar un largo fin de semana de tres d\u00edas. Las v\u00edctimas fueron atendidas en el lugar por m\u00e9dicos. Todav\u00eda no se conoce la causa del accidente ni el n\u00famero exacto de heridos.","og_url":"https:\/\/canal7slp.tv\/2022\/cuatro-muertos-y-30-heridos-tras-descarrilarse-un-tren-en-alemania\/","og_site_name":"Canal 7 SLP - 2022","article_publisher":"https:\/\/www.facebook.com\/noticieroscanalsiete","article_published_time":"2022-06-03T21:58:34+00:00","og_image":[{"width":768,"height":450,"url":"https:\/\/canal7slp.tv\/2022\/wp-content\/uploads\/2022\/06\/05-2.jpg","type":"image\/jpeg"}],"author":"Edici\u00f3n Web","twitter_card":"summary_large_image","twitter_creator":"@NOTICIEROS7","twitter_site":"@NOTICIEROS7","twitter_misc":{"Escrito por":"Edici\u00f3n Web","Tiempo de lectura":"1 minuto"},"schema":{"@context":"https:\/\/schema.org","@graph":[{"@type":"Article","@id":"https:\/\/canal7slp.tv\/2022\/cuatro-muertos-y-30-heridos-tras-descarrilarse-un-tren-en-alemania\/#article","isPartOf":{"@id":"https:\/\/canal7slp.tv\/2022\/cuatro-muertos-y-30-heridos-tras-descarrilarse-un-tren-en-alemania\/"},"author":{"name":"Edici\u00f3n Web","@id":"https:\/\/canal7slp.tv\/2022\/#\/schema\/person\/429704152a21f5f856ce29aa69a238da"},"headline":"Cuatro muertos y 30 heridos tras descarrilarse un tren en Alemania","datePublished":"2022-06-03T21:58:34+00:00","mainEntityOfPage":{"@id":"https:\/\/canal7slp.tv\/2022\/cuatro-muertos-y-30-heridos-tras-descarrilarse-un-tren-en-alemania\/"},"wordCount":114,"publisher":{"@id":"https:\/\/canal7slp.tv\/2022\/#organization"},"image":{"@id":"https:\/\/canal7slp.tv\/2022\/cuatro-muertos-y-30-heridos-tras-descarrilarse-un-tren-en-alemania\/#primaryimage"},"thumbnailUrl":"https:\/\/canal7slp.tv\/2022\/wp-content\/uploads\/2022\/06\/05-2.jpg","articleSection":["INTERNACIONALES"],"inLanguage":"es"},{"@type":"WebPage","@id":"https:\/\/canal7slp.tv\/2022\/cuatro-muertos-y-30-heridos-tras-descarrilarse-un-tren-en-alemania\/","url":"https:\/\/canal7slp.tv\/2022\/cuatro-muertos-y-30-heridos-tras-descarrilarse-un-tren-en-alemania\/","name":"Cuatro muertos y 30 heridos tras descarrilarse un tren en Alemania - Canal 7 SLP - 2022","isPartOf":{"@id":"https:\/\/canal7slp.tv\/2022\/#website"},"primaryImageOfPage":{"@id":"https:\/\/canal7slp.tv\/2022\/cuatro-muertos-y-30-heridos-tras-descarrilarse-un-tren-en-alemania\/#primaryimage"},"image":{"@id":"https:\/\/canal7slp.tv\/2022\/cuatro-muertos-y-30-heridos-tras-descarrilarse-un-tren-en-alemania\/#primaryimage"},"thumbnailUrl":"https:\/\/canal7slp.tv\/2022\/wp-content\/uploads\/2022\/06\/05-2.jpg","datePublished":"2022-06-03T21:58:34+00:00","breadcrumb":{"@id":"https:\/\/canal7slp.tv\/2022\/cuatro-muertos-y-30-heridos-tras-descarrilarse-un-tren-en-alemania\/#breadcrumb"},"inLanguage":"es","potentialAction":[{"@type":"ReadAction","target":["https:\/\/canal7slp.tv\/2022\/cuatro-muertos-y-30-heridos-tras-descarrilarse-un-tren-en-alemania\/"]}]},{"@type":"ImageObject","inLanguage":"es","@id":"https:\/\/canal7slp.tv\/2022\/cuatro-muertos-y-30-heridos-tras-descarrilarse-un-tren-en-alemania\/#primaryimage","url":"https:\/\/canal7slp.tv\/2022\/wp-content\/uploads\/2022\/06\/05-2.jpg","contentUrl":"https:\/\/canal7slp.tv\/2022\/wp-content\/uploads\/2022\/06\/05-2.jpg","width":768,"height":450},{"@type":"BreadcrumbList","@id":"https:\/\/canal7slp.tv\/2022\/cuatro-muertos-y-30-heridos-tras-descarrilarse-un-tren-en-alemania\/#breadcrumb","itemListElement":[{"@type":"ListItem","position":1,"name":"Portada","item":"https:\/\/canal7slp.tv\/2022\/"},{"@type":"ListItem","position":2,"name":"Cuatro muertos y 30 heridos tras descarrilarse un tren en Alemania"}]},{"@type":"WebSite","@id":"https:\/\/canal7slp.tv\/2022\/#website","url":"https:\/\/canal7slp.tv\/2022\/","name":"N7 - Noticieros Canal 7","description":"Somos Televisi\u00f3n","publisher":{"@id":"https:\/\/canal7slp.tv\/2022\/#organization"},"potentialAction":[{"@type":"SearchAction","target":{"@type":"EntryPoint","urlTemplate":"https:\/\/canal7slp.tv\/2022\/?s={search_term_string}"},"query-input":{"@type":"PropertyValueSpecification","valueRequired":true,"valueName":"search_term_string"}}],"inLanguage":"es"},{"@type":"Organization","@id":"https:\/\/canal7slp.tv\/2022\/#organization","name":"Noticieros Canal 7","url":"https:\/\/canal7slp.tv\/2022\/","logo":{"@type":"ImageObject","inLanguage":"es","@id":"https:\/\/canal7slp.tv\/2022\/#\/schema\/logo\/image\/","url":"https:\/\/canal7slp.tv\/2022\/wp-content\/uploads\/2021\/01\/logo-noticieros@2x.png","contentUrl":"https:\/\/canal7slp.tv\/2022\/wp-content\/uploads\/2021\/01\/logo-noticieros@2x.png","width":1017,"height":268,"caption":"Noticieros Canal 7"},"image":{"@id":"https:\/\/canal7slp.tv\/2022\/#\/schema\/logo\/image\/"},"sameAs":["https:\/\/www.facebook.com\/noticieroscanalsiete","https:\/\/x.com\/NOTICIEROS7","https:\/\/www.instagram.com\/canal7_slp","https:\/\/www.youtube.com\/channel\/UCliiYs-gP3JfJeqdPrNdd5A"]},{"@type":"Person","@id":"https:\/\/canal7slp.tv\/2022\/#\/schema\/person\/429704152a21f5f856ce29aa69a238da","name":"Edici\u00f3n Web","image":{"@type":"ImageObject","inLanguage":"es","@id":"https:\/\/secure.gravatar.com\/avatar\/eee448fc3f7164808013b816ba91ac7e43bbe82a70bebac296f8bc6f0addaa1a?s=96&d=mm&r=g","url":"https:\/\/secure.gravatar.com\/avatar\/eee448fc3f7164808013b816ba91ac7e43bbe82a70bebac296f8bc6f0addaa1a?s=96&d=mm&r=g","contentUrl":"https:\/\/secure.gravatar.com\/avatar\/eee448fc3f7164808013b816ba91ac7e43bbe82a70bebac296f8bc6f0addaa1a?s=96&d=mm&r=g","caption":"Edici\u00f3n Web"},"url":"https:\/\/canal7slp.tv\/2022\/author\/edicionweb\/"}]}},"amp_enabled":true,"_links":{"self":[{"href":"https:\/\/canal7slp.tv\/2022\/wp-json\/wp\/v2\/posts\/62341","targetHints":{"allow":["GET"]}}],"collection":[{"href":"https:\/\/canal7slp.tv\/2022\/wp-json\/wp\/v2\/posts"}],"about":[{"href":"https:\/\/canal7slp.tv\/2022\/wp-json\/wp\/v2\/types\/post"}],"author":[{"embeddable":true,"href":"https:\/\/canal7slp.tv\/2022\/wp-json\/wp\/v2\/users\/2"}],"replies":[{"embeddable":true,"href":"https:\/\/canal7slp.tv\/2022\/wp-json\/wp\/v2\/comments?post=62341"}],"version-history":[{"count":3,"href":"https:\/\/canal7slp.tv\/2022\/wp-json\/wp\/v2\/posts\/62341\/revisions"}],"predecessor-version":[{"id":62372,"href":"https:\/\/canal7slp.tv\/2022\/wp-json\/wp\/v2\/posts\/62341\/revisions\/62372"}],"wp:featuredmedia":[{"embeddable":true,"href":"https:\/\/canal7slp.tv\/2022\/wp-json\/wp\/v2\/media\/62353"}],"wp:attachment":[{"href":"https:\/\/canal7slp.tv\/2022\/wp-json\/wp\/v2\/media?parent=62341"}],"wp:term":[{"taxonomy":"category","embeddable":true,"href":"https:\/\/canal7slp.tv\/2022\/wp-json\/wp\/v2\/categories?post=62341"},{"taxonomy":"post_tag","embeddable":true,"href":"https:\/\/canal7slp.tv\/2022\/wp-json\/wp\/v2\/tags?post=62341"}],"curies":[{"name":"wp","href":"https:\/\/api.w.org\/{rel}","templated":true}]}}