{"id":61829,"date":"2022-05-30T14:19:58","date_gmt":"2022-05-30T20:19:58","guid":{"rendered":"https:\/\/canal7slp.tv\/2022\/?p=61829"},"modified":"2022-05-30T14:19:58","modified_gmt":"2022-05-30T20:19:58","slug":"padres-de-ninos-con-cancer-preparan-amparo-contra-titulares-de-salud","status":"publish","type":"post","link":"https:\/\/canal7slp.tv\/2022\/padres-de-ninos-con-cancer-preparan-amparo-contra-titulares-de-salud\/","title":{"rendered":"Padres de ni\u00f1os con c\u00e1ncer preparan amparo contra titulares de Salud"},"content":{"rendered":"<p style=\"text-align: justify;\">M\u00e9xico.- Padres y madres de ni\u00f1os con c\u00e1ncer, prepara un amparo en en materia administrativa en contra titulares de distintas dependencias de Salud, entre los cuales son mencionados:<\/p>\n<ul style=\"text-align: justify;\">\n<li>Jorge Alcocer, secretario de Salud Federal<\/li>\n<li>Juan Ferrer, del Instituto de Salud para el Bienestar (INSABI)<\/li>\n<\/ul>\n<p style=\"text-align: justify;\">Asimismo, se incluye al Hospital para El Ni\u00f1o en Toluca ante los cobros exorbitantes que demanda la cl\u00ednica para atender a tres menores que viven con este padecimiento en el Estado de M\u00e9xico.<\/p>\n<p style=\"text-align: justify;\">En el caso del nosocomio antes mencionado, la abogada de 230 menores con c\u00e1ncer, Andrea Rocha acus\u00f3 al hospital de cobrar grandes cantidades de dinero a los padres y madres neg\u00e1ndoles la salida de la cl\u00ednica a los ni\u00f1os en caso de no pagar el dinero que les piden.<\/p>\n<p style=\"text-align: justify;\">Por tal motivo, dio a conocer que por medio del amparo -mismo que ser\u00e1 presentado en el Estado de M\u00e9xico- se exigir\u00e1 el derecho a la salud y el reembolso de todo lo pagado con cifras que van desde los 23 mil hasta los 100 mil pesos.<\/p>\n<p style=\"text-align: justify;\">En adici\u00f3n, tambi\u00e9n se interpondr\u00e1 un amparo en contra del Hospital General Siglo XXI, ya que tambi\u00e9n est\u00e1n cobrando los tratamientos como quimioterapias y medicamentos.<\/p>\n","protected":false},"excerpt":{"rendered":"<p>M\u00e9xico.- Padres y madres de ni\u00f1os con c\u00e1ncer, prepara un amparo en en materia administrativa en contra titulares de distintas dependencias de Salud, entre los cuales son mencionados: Jorge Alcocer, secretario de Salud Federal Juan Ferrer, del Instituto de Salud para el Bienestar (INSABI) Asimismo, se incluye al Hospital para El Ni\u00f1o en Toluca ante los cobros exorbitantes que demanda la cl\u00ednica para atender a tres menores que viven con este padecimiento en el Estado de M\u00e9xico. En el caso del nosocomio antes mencionado, la abogada de 230 menores con c\u00e1ncer, Andrea Rocha acus\u00f3 al hospital de cobrar grandes cantidades [&hellip;]<\/p>\n","protected":false},"author":2,"featured_media":61841,"comment_status":"closed","ping_status":"closed","sticky":false,"template":"","format":"standard","meta":{"footnotes":""},"categories":[46],"tags":[],"class_list":["post-61829","post","type-post","status-publish","format-standard","has-post-thumbnail","hentry","category-nacional","post--single"],"yoast_head":"<!-- This site is optimized with the Yoast SEO plugin v27.5 - https:\/\/yoast.com\/product\/yoast-seo-wordpress\/ -->\n<title>Padres de ni\u00f1os con c\u00e1ncer preparan amparo contra titulares de Salud - Canal 7 SLP - 2022<\/title>\n<meta name=\"robots\" content=\"index, follow, max-snippet:-1, max-image-preview:large, max-video-preview:-1\" \/>\n<link rel=\"canonical\" href=\"https:\/\/canal7slp.tv\/2022\/padres-de-ninos-con-cancer-preparan-amparo-contra-titulares-de-salud\/\" \/>\n<meta property=\"og:locale\" content=\"es_ES\" \/>\n<meta property=\"og:type\" content=\"article\" \/>\n<meta property=\"og:title\" content=\"Padres de ni\u00f1os con c\u00e1ncer preparan amparo contra titulares de Salud - Canal 7 SLP - 2022\" \/>\n<meta property=\"og:description\" content=\"M\u00e9xico.- Padres y madres de ni\u00f1os con c\u00e1ncer, prepara un amparo en en materia administrativa en contra titulares de distintas dependencias de Salud, entre los cuales son mencionados: Jorge Alcocer, secretario de Salud Federal Juan Ferrer, del Instituto de Salud para el Bienestar (INSABI) Asimismo, se incluye al Hospital para El Ni\u00f1o en Toluca ante los cobros exorbitantes que demanda la cl\u00ednica para atender a tres menores que viven con este padecimiento en el Estado de M\u00e9xico. En el caso del nosocomio antes mencionado, la abogada de 230 menores con c\u00e1ncer, Andrea Rocha acus\u00f3 al hospital de cobrar grandes cantidades [&hellip;]\" \/>\n<meta property=\"og:url\" content=\"https:\/\/canal7slp.tv\/2022\/padres-de-ninos-con-cancer-preparan-amparo-contra-titulares-de-salud\/\" \/>\n<meta property=\"og:site_name\" content=\"Canal 7 SLP - 2022\" \/>\n<meta property=\"article:publisher\" content=\"https:\/\/www.facebook.com\/noticieroscanalsiete\" \/>\n<meta property=\"article:published_time\" content=\"2022-05-30T20:19:58+00:00\" \/>\n<meta property=\"og:image\" content=\"https:\/\/canal7slp.tv\/2022\/wp-content\/uploads\/2022\/05\/03-23.jpg\" \/>\n\t<meta property=\"og:image:width\" content=\"1280\" \/>\n\t<meta property=\"og:image:height\" content=\"720\" \/>\n\t<meta property=\"og:image:type\" content=\"image\/jpeg\" \/>\n<meta name=\"author\" content=\"Edici\u00f3n Web\" \/>\n<meta name=\"twitter:card\" content=\"summary_large_image\" \/>\n<meta name=\"twitter:creator\" content=\"@NOTICIEROS7\" \/>\n<meta name=\"twitter:site\" content=\"@NOTICIEROS7\" \/>\n<meta name=\"twitter:label1\" content=\"Escrito por\" \/>\n\t<meta name=\"twitter:data1\" content=\"Edici\u00f3n Web\" \/>\n\t<meta name=\"twitter:label2\" content=\"Tiempo de lectura\" \/>\n\t<meta name=\"twitter:data2\" content=\"1 minuto\" \/>\n<script type=\"application\/ld+json\" class=\"yoast-schema-graph\">{\"@context\":\"https:\\\/\\\/schema.org\",\"@graph\":[{\"@type\":\"Article\",\"@id\":\"https:\\\/\\\/canal7slp.tv\\\/2022\\\/padres-de-ninos-con-cancer-preparan-amparo-contra-titulares-de-salud\\\/#article\",\"isPartOf\":{\"@id\":\"https:\\\/\\\/canal7slp.tv\\\/2022\\\/padres-de-ninos-con-cancer-preparan-amparo-contra-titulares-de-salud\\\/\"},\"author\":{\"name\":\"Edici\u00f3n Web\",\"@id\":\"https:\\\/\\\/canal7slp.tv\\\/2022\\\/#\\\/schema\\\/person\\\/429704152a21f5f856ce29aa69a238da\"},\"headline\":\"Padres de ni\u00f1os con c\u00e1ncer preparan amparo contra titulares de Salud\",\"datePublished\":\"2022-05-30T20:19:58+00:00\",\"mainEntityOfPage\":{\"@id\":\"https:\\\/\\\/canal7slp.tv\\\/2022\\\/padres-de-ninos-con-cancer-preparan-amparo-contra-titulares-de-salud\\\/\"},\"wordCount\":224,\"publisher\":{\"@id\":\"https:\\\/\\\/canal7slp.tv\\\/2022\\\/#organization\"},\"image\":{\"@id\":\"https:\\\/\\\/canal7slp.tv\\\/2022\\\/padres-de-ninos-con-cancer-preparan-amparo-contra-titulares-de-salud\\\/#primaryimage\"},\"thumbnailUrl\":\"https:\\\/\\\/canal7slp.tv\\\/2022\\\/wp-content\\\/uploads\\\/2022\\\/05\\\/03-23.jpg\",\"articleSection\":[\"NACIONALES\"],\"inLanguage\":\"es\"},{\"@type\":\"WebPage\",\"@id\":\"https:\\\/\\\/canal7slp.tv\\\/2022\\\/padres-de-ninos-con-cancer-preparan-amparo-contra-titulares-de-salud\\\/\",\"url\":\"https:\\\/\\\/canal7slp.tv\\\/2022\\\/padres-de-ninos-con-cancer-preparan-amparo-contra-titulares-de-salud\\\/\",\"name\":\"Padres de ni\u00f1os con c\u00e1ncer preparan amparo contra titulares de Salud - Canal 7 SLP - 2022\",\"isPartOf\":{\"@id\":\"https:\\\/\\\/canal7slp.tv\\\/2022\\\/#website\"},\"primaryImageOfPage\":{\"@id\":\"https:\\\/\\\/canal7slp.tv\\\/2022\\\/padres-de-ninos-con-cancer-preparan-amparo-contra-titulares-de-salud\\\/#primaryimage\"},\"image\":{\"@id\":\"https:\\\/\\\/canal7slp.tv\\\/2022\\\/padres-de-ninos-con-cancer-preparan-amparo-contra-titulares-de-salud\\\/#primaryimage\"},\"thumbnailUrl\":\"https:\\\/\\\/canal7slp.tv\\\/2022\\\/wp-content\\\/uploads\\\/2022\\\/05\\\/03-23.jpg\",\"datePublished\":\"2022-05-30T20:19:58+00:00\",\"breadcrumb\":{\"@id\":\"https:\\\/\\\/canal7slp.tv\\\/2022\\\/padres-de-ninos-con-cancer-preparan-amparo-contra-titulares-de-salud\\\/#breadcrumb\"},\"inLanguage\":\"es\",\"potentialAction\":[{\"@type\":\"ReadAction\",\"target\":[\"https:\\\/\\\/canal7slp.tv\\\/2022\\\/padres-de-ninos-con-cancer-preparan-amparo-contra-titulares-de-salud\\\/\"]}]},{\"@type\":\"ImageObject\",\"inLanguage\":\"es\",\"@id\":\"https:\\\/\\\/canal7slp.tv\\\/2022\\\/padres-de-ninos-con-cancer-preparan-amparo-contra-titulares-de-salud\\\/#primaryimage\",\"url\":\"https:\\\/\\\/canal7slp.tv\\\/2022\\\/wp-content\\\/uploads\\\/2022\\\/05\\\/03-23.jpg\",\"contentUrl\":\"https:\\\/\\\/canal7slp.tv\\\/2022\\\/wp-content\\\/uploads\\\/2022\\\/05\\\/03-23.jpg\",\"width\":1280,\"height\":720},{\"@type\":\"BreadcrumbList\",\"@id\":\"https:\\\/\\\/canal7slp.tv\\\/2022\\\/padres-de-ninos-con-cancer-preparan-amparo-contra-titulares-de-salud\\\/#breadcrumb\",\"itemListElement\":[{\"@type\":\"ListItem\",\"position\":1,\"name\":\"Portada\",\"item\":\"https:\\\/\\\/canal7slp.tv\\\/2022\\\/\"},{\"@type\":\"ListItem\",\"position\":2,\"name\":\"Padres de ni\u00f1os con c\u00e1ncer preparan amparo contra titulares de Salud\"}]},{\"@type\":\"WebSite\",\"@id\":\"https:\\\/\\\/canal7slp.tv\\\/2022\\\/#website\",\"url\":\"https:\\\/\\\/canal7slp.tv\\\/2022\\\/\",\"name\":\"N7 - Noticieros Canal 7\",\"description\":\"Somos Televisi\u00f3n\",\"publisher\":{\"@id\":\"https:\\\/\\\/canal7slp.tv\\\/2022\\\/#organization\"},\"potentialAction\":[{\"@type\":\"SearchAction\",\"target\":{\"@type\":\"EntryPoint\",\"urlTemplate\":\"https:\\\/\\\/canal7slp.tv\\\/2022\\\/?s={search_term_string}\"},\"query-input\":{\"@type\":\"PropertyValueSpecification\",\"valueRequired\":true,\"valueName\":\"search_term_string\"}}],\"inLanguage\":\"es\"},{\"@type\":\"Organization\",\"@id\":\"https:\\\/\\\/canal7slp.tv\\\/2022\\\/#organization\",\"name\":\"Noticieros Canal 7\",\"url\":\"https:\\\/\\\/canal7slp.tv\\\/2022\\\/\",\"logo\":{\"@type\":\"ImageObject\",\"inLanguage\":\"es\",\"@id\":\"https:\\\/\\\/canal7slp.tv\\\/2022\\\/#\\\/schema\\\/logo\\\/image\\\/\",\"url\":\"https:\\\/\\\/canal7slp.tv\\\/2022\\\/wp-content\\\/uploads\\\/2021\\\/01\\\/logo-noticieros@2x.png\",\"contentUrl\":\"https:\\\/\\\/canal7slp.tv\\\/2022\\\/wp-content\\\/uploads\\\/2021\\\/01\\\/logo-noticieros@2x.png\",\"width\":1017,\"height\":268,\"caption\":\"Noticieros Canal 7\"},\"image\":{\"@id\":\"https:\\\/\\\/canal7slp.tv\\\/2022\\\/#\\\/schema\\\/logo\\\/image\\\/\"},\"sameAs\":[\"https:\\\/\\\/www.facebook.com\\\/noticieroscanalsiete\",\"https:\\\/\\\/x.com\\\/NOTICIEROS7\",\"https:\\\/\\\/www.instagram.com\\\/canal7_slp\",\"https:\\\/\\\/www.youtube.com\\\/channel\\\/UCliiYs-gP3JfJeqdPrNdd5A\"]},{\"@type\":\"Person\",\"@id\":\"https:\\\/\\\/canal7slp.tv\\\/2022\\\/#\\\/schema\\\/person\\\/429704152a21f5f856ce29aa69a238da\",\"name\":\"Edici\u00f3n Web\",\"image\":{\"@type\":\"ImageObject\",\"inLanguage\":\"es\",\"@id\":\"https:\\\/\\\/secure.gravatar.com\\\/avatar\\\/eee448fc3f7164808013b816ba91ac7e43bbe82a70bebac296f8bc6f0addaa1a?s=96&d=mm&r=g\",\"url\":\"https:\\\/\\\/secure.gravatar.com\\\/avatar\\\/eee448fc3f7164808013b816ba91ac7e43bbe82a70bebac296f8bc6f0addaa1a?s=96&d=mm&r=g\",\"contentUrl\":\"https:\\\/\\\/secure.gravatar.com\\\/avatar\\\/eee448fc3f7164808013b816ba91ac7e43bbe82a70bebac296f8bc6f0addaa1a?s=96&d=mm&r=g\",\"caption\":\"Edici\u00f3n Web\"},\"url\":\"https:\\\/\\\/canal7slp.tv\\\/2022\\\/author\\\/edicionweb\\\/\"}]}<\/script>\n<!-- \/ Yoast SEO plugin. -->","yoast_head_json":{"title":"Padres de ni\u00f1os con c\u00e1ncer preparan amparo contra titulares de Salud - Canal 7 SLP - 2022","robots":{"index":"index","follow":"follow","max-snippet":"max-snippet:-1","max-image-preview":"max-image-preview:large","max-video-preview":"max-video-preview:-1"},"canonical":"https:\/\/canal7slp.tv\/2022\/padres-de-ninos-con-cancer-preparan-amparo-contra-titulares-de-salud\/","og_locale":"es_ES","og_type":"article","og_title":"Padres de ni\u00f1os con c\u00e1ncer preparan amparo contra titulares de Salud - Canal 7 SLP - 2022","og_description":"M\u00e9xico.- Padres y madres de ni\u00f1os con c\u00e1ncer, prepara un amparo en en materia administrativa en contra titulares de distintas dependencias de Salud, entre los cuales son mencionados: Jorge Alcocer, secretario de Salud Federal Juan Ferrer, del Instituto de Salud para el Bienestar (INSABI) Asimismo, se incluye al Hospital para El Ni\u00f1o en Toluca ante los cobros exorbitantes que demanda la cl\u00ednica para atender a tres menores que viven con este padecimiento en el Estado de M\u00e9xico. En el caso del nosocomio antes mencionado, la abogada de 230 menores con c\u00e1ncer, Andrea Rocha acus\u00f3 al hospital de cobrar grandes cantidades [&hellip;]","og_url":"https:\/\/canal7slp.tv\/2022\/padres-de-ninos-con-cancer-preparan-amparo-contra-titulares-de-salud\/","og_site_name":"Canal 7 SLP - 2022","article_publisher":"https:\/\/www.facebook.com\/noticieroscanalsiete","article_published_time":"2022-05-30T20:19:58+00:00","og_image":[{"width":1280,"height":720,"url":"https:\/\/canal7slp.tv\/2022\/wp-content\/uploads\/2022\/05\/03-23.jpg","type":"image\/jpeg"}],"author":"Edici\u00f3n Web","twitter_card":"summary_large_image","twitter_creator":"@NOTICIEROS7","twitter_site":"@NOTICIEROS7","twitter_misc":{"Escrito por":"Edici\u00f3n Web","Tiempo de lectura":"1 minuto"},"schema":{"@context":"https:\/\/schema.org","@graph":[{"@type":"Article","@id":"https:\/\/canal7slp.tv\/2022\/padres-de-ninos-con-cancer-preparan-amparo-contra-titulares-de-salud\/#article","isPartOf":{"@id":"https:\/\/canal7slp.tv\/2022\/padres-de-ninos-con-cancer-preparan-amparo-contra-titulares-de-salud\/"},"author":{"name":"Edici\u00f3n Web","@id":"https:\/\/canal7slp.tv\/2022\/#\/schema\/person\/429704152a21f5f856ce29aa69a238da"},"headline":"Padres de ni\u00f1os con c\u00e1ncer preparan amparo contra titulares de Salud","datePublished":"2022-05-30T20:19:58+00:00","mainEntityOfPage":{"@id":"https:\/\/canal7slp.tv\/2022\/padres-de-ninos-con-cancer-preparan-amparo-contra-titulares-de-salud\/"},"wordCount":224,"publisher":{"@id":"https:\/\/canal7slp.tv\/2022\/#organization"},"image":{"@id":"https:\/\/canal7slp.tv\/2022\/padres-de-ninos-con-cancer-preparan-amparo-contra-titulares-de-salud\/#primaryimage"},"thumbnailUrl":"https:\/\/canal7slp.tv\/2022\/wp-content\/uploads\/2022\/05\/03-23.jpg","articleSection":["NACIONALES"],"inLanguage":"es"},{"@type":"WebPage","@id":"https:\/\/canal7slp.tv\/2022\/padres-de-ninos-con-cancer-preparan-amparo-contra-titulares-de-salud\/","url":"https:\/\/canal7slp.tv\/2022\/padres-de-ninos-con-cancer-preparan-amparo-contra-titulares-de-salud\/","name":"Padres de ni\u00f1os con c\u00e1ncer preparan amparo contra titulares de Salud - Canal 7 SLP - 2022","isPartOf":{"@id":"https:\/\/canal7slp.tv\/2022\/#website"},"primaryImageOfPage":{"@id":"https:\/\/canal7slp.tv\/2022\/padres-de-ninos-con-cancer-preparan-amparo-contra-titulares-de-salud\/#primaryimage"},"image":{"@id":"https:\/\/canal7slp.tv\/2022\/padres-de-ninos-con-cancer-preparan-amparo-contra-titulares-de-salud\/#primaryimage"},"thumbnailUrl":"https:\/\/canal7slp.tv\/2022\/wp-content\/uploads\/2022\/05\/03-23.jpg","datePublished":"2022-05-30T20:19:58+00:00","breadcrumb":{"@id":"https:\/\/canal7slp.tv\/2022\/padres-de-ninos-con-cancer-preparan-amparo-contra-titulares-de-salud\/#breadcrumb"},"inLanguage":"es","potentialAction":[{"@type":"ReadAction","target":["https:\/\/canal7slp.tv\/2022\/padres-de-ninos-con-cancer-preparan-amparo-contra-titulares-de-salud\/"]}]},{"@type":"ImageObject","inLanguage":"es","@id":"https:\/\/canal7slp.tv\/2022\/padres-de-ninos-con-cancer-preparan-amparo-contra-titulares-de-salud\/#primaryimage","url":"https:\/\/canal7slp.tv\/2022\/wp-content\/uploads\/2022\/05\/03-23.jpg","contentUrl":"https:\/\/canal7slp.tv\/2022\/wp-content\/uploads\/2022\/05\/03-23.jpg","width":1280,"height":720},{"@type":"BreadcrumbList","@id":"https:\/\/canal7slp.tv\/2022\/padres-de-ninos-con-cancer-preparan-amparo-contra-titulares-de-salud\/#breadcrumb","itemListElement":[{"@type":"ListItem","position":1,"name":"Portada","item":"https:\/\/canal7slp.tv\/2022\/"},{"@type":"ListItem","position":2,"name":"Padres de ni\u00f1os con c\u00e1ncer preparan amparo contra titulares de Salud"}]},{"@type":"WebSite","@id":"https:\/\/canal7slp.tv\/2022\/#website","url":"https:\/\/canal7slp.tv\/2022\/","name":"N7 - Noticieros Canal 7","description":"Somos Televisi\u00f3n","publisher":{"@id":"https:\/\/canal7slp.tv\/2022\/#organization"},"potentialAction":[{"@type":"SearchAction","target":{"@type":"EntryPoint","urlTemplate":"https:\/\/canal7slp.tv\/2022\/?s={search_term_string}"},"query-input":{"@type":"PropertyValueSpecification","valueRequired":true,"valueName":"search_term_string"}}],"inLanguage":"es"},{"@type":"Organization","@id":"https:\/\/canal7slp.tv\/2022\/#organization","name":"Noticieros Canal 7","url":"https:\/\/canal7slp.tv\/2022\/","logo":{"@type":"ImageObject","inLanguage":"es","@id":"https:\/\/canal7slp.tv\/2022\/#\/schema\/logo\/image\/","url":"https:\/\/canal7slp.tv\/2022\/wp-content\/uploads\/2021\/01\/logo-noticieros@2x.png","contentUrl":"https:\/\/canal7slp.tv\/2022\/wp-content\/uploads\/2021\/01\/logo-noticieros@2x.png","width":1017,"height":268,"caption":"Noticieros Canal 7"},"image":{"@id":"https:\/\/canal7slp.tv\/2022\/#\/schema\/logo\/image\/"},"sameAs":["https:\/\/www.facebook.com\/noticieroscanalsiete","https:\/\/x.com\/NOTICIEROS7","https:\/\/www.instagram.com\/canal7_slp","https:\/\/www.youtube.com\/channel\/UCliiYs-gP3JfJeqdPrNdd5A"]},{"@type":"Person","@id":"https:\/\/canal7slp.tv\/2022\/#\/schema\/person\/429704152a21f5f856ce29aa69a238da","name":"Edici\u00f3n Web","image":{"@type":"ImageObject","inLanguage":"es","@id":"https:\/\/secure.gravatar.com\/avatar\/eee448fc3f7164808013b816ba91ac7e43bbe82a70bebac296f8bc6f0addaa1a?s=96&d=mm&r=g","url":"https:\/\/secure.gravatar.com\/avatar\/eee448fc3f7164808013b816ba91ac7e43bbe82a70bebac296f8bc6f0addaa1a?s=96&d=mm&r=g","contentUrl":"https:\/\/secure.gravatar.com\/avatar\/eee448fc3f7164808013b816ba91ac7e43bbe82a70bebac296f8bc6f0addaa1a?s=96&d=mm&r=g","caption":"Edici\u00f3n Web"},"url":"https:\/\/canal7slp.tv\/2022\/author\/edicionweb\/"}]}},"amp_enabled":true,"_links":{"self":[{"href":"https:\/\/canal7slp.tv\/2022\/wp-json\/wp\/v2\/posts\/61829","targetHints":{"allow":["GET"]}}],"collection":[{"href":"https:\/\/canal7slp.tv\/2022\/wp-json\/wp\/v2\/posts"}],"about":[{"href":"https:\/\/canal7slp.tv\/2022\/wp-json\/wp\/v2\/types\/post"}],"author":[{"embeddable":true,"href":"https:\/\/canal7slp.tv\/2022\/wp-json\/wp\/v2\/users\/2"}],"replies":[{"embeddable":true,"href":"https:\/\/canal7slp.tv\/2022\/wp-json\/wp\/v2\/comments?post=61829"}],"version-history":[{"count":2,"href":"https:\/\/canal7slp.tv\/2022\/wp-json\/wp\/v2\/posts\/61829\/revisions"}],"predecessor-version":[{"id":61847,"href":"https:\/\/canal7slp.tv\/2022\/wp-json\/wp\/v2\/posts\/61829\/revisions\/61847"}],"wp:featuredmedia":[{"embeddable":true,"href":"https:\/\/canal7slp.tv\/2022\/wp-json\/wp\/v2\/media\/61841"}],"wp:attachment":[{"href":"https:\/\/canal7slp.tv\/2022\/wp-json\/wp\/v2\/media?parent=61829"}],"wp:term":[{"taxonomy":"category","embeddable":true,"href":"https:\/\/canal7slp.tv\/2022\/wp-json\/wp\/v2\/categories?post=61829"},{"taxonomy":"post_tag","embeddable":true,"href":"https:\/\/canal7slp.tv\/2022\/wp-json\/wp\/v2\/tags?post=61829"}],"curies":[{"name":"wp","href":"https:\/\/api.w.org\/{rel}","templated":true}]}}