{"id":61828,"date":"2022-05-30T14:20:00","date_gmt":"2022-05-30T20:20:00","guid":{"rendered":"https:\/\/canal7slp.tv\/2022\/?p=61828"},"modified":"2022-05-30T14:20:00","modified_gmt":"2022-05-30T20:20:00","slug":"frenan-por-tiempo-indefinido-construccion-del-tramo-cinco-del-tren-maya","status":"publish","type":"post","link":"https:\/\/canal7slp.tv\/2022\/frenan-por-tiempo-indefinido-construccion-del-tramo-cinco-del-tren-maya\/","title":{"rendered":"Frenan por tiempo indefinido construcci\u00f3n del tramo cinco del Tren Maya"},"content":{"rendered":"<p style=\"text-align: justify;\">Yucat\u00e1n.- El Juez Federal Adri\u00e1n Fernando Novelo P\u00e9rez, titular del Juzgado Primero de Distrito en el Estado de Yucat\u00e1n, concedi\u00f3 la suspensi\u00f3n definitiva a habitantes del municipio de Solidaridad, Quintana Roo, contra la construcci\u00f3n del tramo cinco del Tren Maya.<\/p>\n<p style=\"text-align: justify;\">La medida cautelar fue otorgada debido a la existencia de riesgo de una afectaci\u00f3n al medio ambiente, adem\u00e1s de que las autoridades no presentaron la Manifestaci\u00f3n de Impacto Ambiental (MIA).<\/p>\n<p style=\"text-align: justify;\">Por tal motivo, se orden\u00f3 al Fondo Nacional de Fomento al Turismo (FONATUR), suspender o paralizar cualquier acto que tenga como finalidad la continuaci\u00f3n de la construcci\u00f3n del tramo cinco del Tren Maya, con trazo de Playa del Carmen a Tulum.<\/p>\n","protected":false},"excerpt":{"rendered":"<p>Yucat\u00e1n.- El Juez Federal Adri\u00e1n Fernando Novelo P\u00e9rez, titular del Juzgado Primero de Distrito en el Estado de Yucat\u00e1n, concedi\u00f3 la suspensi\u00f3n definitiva a habitantes del municipio de Solidaridad, Quintana Roo, contra la construcci\u00f3n del tramo cinco del Tren Maya. La medida cautelar fue otorgada debido a la existencia de riesgo de una afectaci\u00f3n al medio ambiente, adem\u00e1s de que las autoridades no presentaron la Manifestaci\u00f3n de Impacto Ambiental (MIA). Por tal motivo, se orden\u00f3 al Fondo Nacional de Fomento al Turismo (FONATUR), suspender o paralizar cualquier acto que tenga como finalidad la continuaci\u00f3n de la construcci\u00f3n del tramo cinco [&hellip;]<\/p>\n","protected":false},"author":2,"featured_media":61840,"comment_status":"closed","ping_status":"closed","sticky":false,"template":"","format":"standard","meta":{"footnotes":""},"categories":[46],"tags":[],"class_list":["post-61828","post","type-post","status-publish","format-standard","has-post-thumbnail","hentry","category-nacional","post--single"],"yoast_head":"<!-- This site is optimized with the Yoast SEO plugin v27.5 - https:\/\/yoast.com\/product\/yoast-seo-wordpress\/ -->\n<title>Frenan por tiempo indefinido construcci\u00f3n del tramo cinco del Tren Maya - Canal 7 SLP - 2022<\/title>\n<meta name=\"robots\" content=\"index, follow, max-snippet:-1, max-image-preview:large, max-video-preview:-1\" \/>\n<link rel=\"canonical\" href=\"https:\/\/canal7slp.tv\/2022\/frenan-por-tiempo-indefinido-construccion-del-tramo-cinco-del-tren-maya\/\" \/>\n<meta property=\"og:locale\" content=\"es_ES\" \/>\n<meta property=\"og:type\" content=\"article\" \/>\n<meta property=\"og:title\" content=\"Frenan por tiempo indefinido construcci\u00f3n del tramo cinco del Tren Maya - Canal 7 SLP - 2022\" \/>\n<meta property=\"og:description\" content=\"Yucat\u00e1n.- El Juez Federal Adri\u00e1n Fernando Novelo P\u00e9rez, titular del Juzgado Primero de Distrito en el Estado de Yucat\u00e1n, concedi\u00f3 la suspensi\u00f3n definitiva a habitantes del municipio de Solidaridad, Quintana Roo, contra la construcci\u00f3n del tramo cinco del Tren Maya. La medida cautelar fue otorgada debido a la existencia de riesgo de una afectaci\u00f3n al medio ambiente, adem\u00e1s de que las autoridades no presentaron la Manifestaci\u00f3n de Impacto Ambiental (MIA). Por tal motivo, se orden\u00f3 al Fondo Nacional de Fomento al Turismo (FONATUR), suspender o paralizar cualquier acto que tenga como finalidad la continuaci\u00f3n de la construcci\u00f3n del tramo cinco [&hellip;]\" \/>\n<meta property=\"og:url\" content=\"https:\/\/canal7slp.tv\/2022\/frenan-por-tiempo-indefinido-construccion-del-tramo-cinco-del-tren-maya\/\" \/>\n<meta property=\"og:site_name\" content=\"Canal 7 SLP - 2022\" \/>\n<meta property=\"article:publisher\" content=\"https:\/\/www.facebook.com\/noticieroscanalsiete\" \/>\n<meta property=\"article:published_time\" content=\"2022-05-30T20:20:00+00:00\" \/>\n<meta property=\"og:image\" content=\"https:\/\/canal7slp.tv\/2022\/wp-content\/uploads\/2022\/05\/02-20.jpg\" \/>\n\t<meta property=\"og:image:width\" content=\"1117\" \/>\n\t<meta property=\"og:image:height\" content=\"620\" \/>\n\t<meta property=\"og:image:type\" content=\"image\/jpeg\" \/>\n<meta name=\"author\" content=\"Edici\u00f3n Web\" \/>\n<meta name=\"twitter:card\" content=\"summary_large_image\" \/>\n<meta name=\"twitter:creator\" content=\"@NOTICIEROS7\" \/>\n<meta name=\"twitter:site\" content=\"@NOTICIEROS7\" \/>\n<meta name=\"twitter:label1\" content=\"Escrito por\" \/>\n\t<meta name=\"twitter:data1\" content=\"Edici\u00f3n Web\" \/>\n\t<meta name=\"twitter:label2\" content=\"Tiempo de lectura\" \/>\n\t<meta name=\"twitter:data2\" content=\"1 minuto\" \/>\n<script type=\"application\/ld+json\" class=\"yoast-schema-graph\">{\"@context\":\"https:\\\/\\\/schema.org\",\"@graph\":[{\"@type\":\"Article\",\"@id\":\"https:\\\/\\\/canal7slp.tv\\\/2022\\\/frenan-por-tiempo-indefinido-construccion-del-tramo-cinco-del-tren-maya\\\/#article\",\"isPartOf\":{\"@id\":\"https:\\\/\\\/canal7slp.tv\\\/2022\\\/frenan-por-tiempo-indefinido-construccion-del-tramo-cinco-del-tren-maya\\\/\"},\"author\":{\"name\":\"Edici\u00f3n Web\",\"@id\":\"https:\\\/\\\/canal7slp.tv\\\/2022\\\/#\\\/schema\\\/person\\\/429704152a21f5f856ce29aa69a238da\"},\"headline\":\"Frenan por tiempo indefinido construcci\u00f3n del tramo cinco del Tren Maya\",\"datePublished\":\"2022-05-30T20:20:00+00:00\",\"mainEntityOfPage\":{\"@id\":\"https:\\\/\\\/canal7slp.tv\\\/2022\\\/frenan-por-tiempo-indefinido-construccion-del-tramo-cinco-del-tren-maya\\\/\"},\"wordCount\":135,\"publisher\":{\"@id\":\"https:\\\/\\\/canal7slp.tv\\\/2022\\\/#organization\"},\"image\":{\"@id\":\"https:\\\/\\\/canal7slp.tv\\\/2022\\\/frenan-por-tiempo-indefinido-construccion-del-tramo-cinco-del-tren-maya\\\/#primaryimage\"},\"thumbnailUrl\":\"https:\\\/\\\/canal7slp.tv\\\/2022\\\/wp-content\\\/uploads\\\/2022\\\/05\\\/02-20.jpg\",\"articleSection\":[\"NACIONALES\"],\"inLanguage\":\"es\"},{\"@type\":\"WebPage\",\"@id\":\"https:\\\/\\\/canal7slp.tv\\\/2022\\\/frenan-por-tiempo-indefinido-construccion-del-tramo-cinco-del-tren-maya\\\/\",\"url\":\"https:\\\/\\\/canal7slp.tv\\\/2022\\\/frenan-por-tiempo-indefinido-construccion-del-tramo-cinco-del-tren-maya\\\/\",\"name\":\"Frenan por tiempo indefinido construcci\u00f3n del tramo cinco del Tren Maya - Canal 7 SLP - 2022\",\"isPartOf\":{\"@id\":\"https:\\\/\\\/canal7slp.tv\\\/2022\\\/#website\"},\"primaryImageOfPage\":{\"@id\":\"https:\\\/\\\/canal7slp.tv\\\/2022\\\/frenan-por-tiempo-indefinido-construccion-del-tramo-cinco-del-tren-maya\\\/#primaryimage\"},\"image\":{\"@id\":\"https:\\\/\\\/canal7slp.tv\\\/2022\\\/frenan-por-tiempo-indefinido-construccion-del-tramo-cinco-del-tren-maya\\\/#primaryimage\"},\"thumbnailUrl\":\"https:\\\/\\\/canal7slp.tv\\\/2022\\\/wp-content\\\/uploads\\\/2022\\\/05\\\/02-20.jpg\",\"datePublished\":\"2022-05-30T20:20:00+00:00\",\"breadcrumb\":{\"@id\":\"https:\\\/\\\/canal7slp.tv\\\/2022\\\/frenan-por-tiempo-indefinido-construccion-del-tramo-cinco-del-tren-maya\\\/#breadcrumb\"},\"inLanguage\":\"es\",\"potentialAction\":[{\"@type\":\"ReadAction\",\"target\":[\"https:\\\/\\\/canal7slp.tv\\\/2022\\\/frenan-por-tiempo-indefinido-construccion-del-tramo-cinco-del-tren-maya\\\/\"]}]},{\"@type\":\"ImageObject\",\"inLanguage\":\"es\",\"@id\":\"https:\\\/\\\/canal7slp.tv\\\/2022\\\/frenan-por-tiempo-indefinido-construccion-del-tramo-cinco-del-tren-maya\\\/#primaryimage\",\"url\":\"https:\\\/\\\/canal7slp.tv\\\/2022\\\/wp-content\\\/uploads\\\/2022\\\/05\\\/02-20.jpg\",\"contentUrl\":\"https:\\\/\\\/canal7slp.tv\\\/2022\\\/wp-content\\\/uploads\\\/2022\\\/05\\\/02-20.jpg\",\"width\":1117,\"height\":620},{\"@type\":\"BreadcrumbList\",\"@id\":\"https:\\\/\\\/canal7slp.tv\\\/2022\\\/frenan-por-tiempo-indefinido-construccion-del-tramo-cinco-del-tren-maya\\\/#breadcrumb\",\"itemListElement\":[{\"@type\":\"ListItem\",\"position\":1,\"name\":\"Portada\",\"item\":\"https:\\\/\\\/canal7slp.tv\\\/2022\\\/\"},{\"@type\":\"ListItem\",\"position\":2,\"name\":\"Frenan por tiempo indefinido construcci\u00f3n del tramo cinco del Tren Maya\"}]},{\"@type\":\"WebSite\",\"@id\":\"https:\\\/\\\/canal7slp.tv\\\/2022\\\/#website\",\"url\":\"https:\\\/\\\/canal7slp.tv\\\/2022\\\/\",\"name\":\"N7 - Noticieros Canal 7\",\"description\":\"Somos Televisi\u00f3n\",\"publisher\":{\"@id\":\"https:\\\/\\\/canal7slp.tv\\\/2022\\\/#organization\"},\"potentialAction\":[{\"@type\":\"SearchAction\",\"target\":{\"@type\":\"EntryPoint\",\"urlTemplate\":\"https:\\\/\\\/canal7slp.tv\\\/2022\\\/?s={search_term_string}\"},\"query-input\":{\"@type\":\"PropertyValueSpecification\",\"valueRequired\":true,\"valueName\":\"search_term_string\"}}],\"inLanguage\":\"es\"},{\"@type\":\"Organization\",\"@id\":\"https:\\\/\\\/canal7slp.tv\\\/2022\\\/#organization\",\"name\":\"Noticieros Canal 7\",\"url\":\"https:\\\/\\\/canal7slp.tv\\\/2022\\\/\",\"logo\":{\"@type\":\"ImageObject\",\"inLanguage\":\"es\",\"@id\":\"https:\\\/\\\/canal7slp.tv\\\/2022\\\/#\\\/schema\\\/logo\\\/image\\\/\",\"url\":\"https:\\\/\\\/canal7slp.tv\\\/2022\\\/wp-content\\\/uploads\\\/2021\\\/01\\\/logo-noticieros@2x.png\",\"contentUrl\":\"https:\\\/\\\/canal7slp.tv\\\/2022\\\/wp-content\\\/uploads\\\/2021\\\/01\\\/logo-noticieros@2x.png\",\"width\":1017,\"height\":268,\"caption\":\"Noticieros Canal 7\"},\"image\":{\"@id\":\"https:\\\/\\\/canal7slp.tv\\\/2022\\\/#\\\/schema\\\/logo\\\/image\\\/\"},\"sameAs\":[\"https:\\\/\\\/www.facebook.com\\\/noticieroscanalsiete\",\"https:\\\/\\\/x.com\\\/NOTICIEROS7\",\"https:\\\/\\\/www.instagram.com\\\/canal7_slp\",\"https:\\\/\\\/www.youtube.com\\\/channel\\\/UCliiYs-gP3JfJeqdPrNdd5A\"]},{\"@type\":\"Person\",\"@id\":\"https:\\\/\\\/canal7slp.tv\\\/2022\\\/#\\\/schema\\\/person\\\/429704152a21f5f856ce29aa69a238da\",\"name\":\"Edici\u00f3n Web\",\"image\":{\"@type\":\"ImageObject\",\"inLanguage\":\"es\",\"@id\":\"https:\\\/\\\/secure.gravatar.com\\\/avatar\\\/eee448fc3f7164808013b816ba91ac7e43bbe82a70bebac296f8bc6f0addaa1a?s=96&d=mm&r=g\",\"url\":\"https:\\\/\\\/secure.gravatar.com\\\/avatar\\\/eee448fc3f7164808013b816ba91ac7e43bbe82a70bebac296f8bc6f0addaa1a?s=96&d=mm&r=g\",\"contentUrl\":\"https:\\\/\\\/secure.gravatar.com\\\/avatar\\\/eee448fc3f7164808013b816ba91ac7e43bbe82a70bebac296f8bc6f0addaa1a?s=96&d=mm&r=g\",\"caption\":\"Edici\u00f3n Web\"},\"url\":\"https:\\\/\\\/canal7slp.tv\\\/2022\\\/author\\\/edicionweb\\\/\"}]}<\/script>\n<!-- \/ Yoast SEO plugin. -->","yoast_head_json":{"title":"Frenan por tiempo indefinido construcci\u00f3n del tramo cinco del Tren Maya - Canal 7 SLP - 2022","robots":{"index":"index","follow":"follow","max-snippet":"max-snippet:-1","max-image-preview":"max-image-preview:large","max-video-preview":"max-video-preview:-1"},"canonical":"https:\/\/canal7slp.tv\/2022\/frenan-por-tiempo-indefinido-construccion-del-tramo-cinco-del-tren-maya\/","og_locale":"es_ES","og_type":"article","og_title":"Frenan por tiempo indefinido construcci\u00f3n del tramo cinco del Tren Maya - Canal 7 SLP - 2022","og_description":"Yucat\u00e1n.- El Juez Federal Adri\u00e1n Fernando Novelo P\u00e9rez, titular del Juzgado Primero de Distrito en el Estado de Yucat\u00e1n, concedi\u00f3 la suspensi\u00f3n definitiva a habitantes del municipio de Solidaridad, Quintana Roo, contra la construcci\u00f3n del tramo cinco del Tren Maya. La medida cautelar fue otorgada debido a la existencia de riesgo de una afectaci\u00f3n al medio ambiente, adem\u00e1s de que las autoridades no presentaron la Manifestaci\u00f3n de Impacto Ambiental (MIA). Por tal motivo, se orden\u00f3 al Fondo Nacional de Fomento al Turismo (FONATUR), suspender o paralizar cualquier acto que tenga como finalidad la continuaci\u00f3n de la construcci\u00f3n del tramo cinco [&hellip;]","og_url":"https:\/\/canal7slp.tv\/2022\/frenan-por-tiempo-indefinido-construccion-del-tramo-cinco-del-tren-maya\/","og_site_name":"Canal 7 SLP - 2022","article_publisher":"https:\/\/www.facebook.com\/noticieroscanalsiete","article_published_time":"2022-05-30T20:20:00+00:00","og_image":[{"width":1117,"height":620,"url":"https:\/\/canal7slp.tv\/2022\/wp-content\/uploads\/2022\/05\/02-20.jpg","type":"image\/jpeg"}],"author":"Edici\u00f3n Web","twitter_card":"summary_large_image","twitter_creator":"@NOTICIEROS7","twitter_site":"@NOTICIEROS7","twitter_misc":{"Escrito por":"Edici\u00f3n Web","Tiempo de lectura":"1 minuto"},"schema":{"@context":"https:\/\/schema.org","@graph":[{"@type":"Article","@id":"https:\/\/canal7slp.tv\/2022\/frenan-por-tiempo-indefinido-construccion-del-tramo-cinco-del-tren-maya\/#article","isPartOf":{"@id":"https:\/\/canal7slp.tv\/2022\/frenan-por-tiempo-indefinido-construccion-del-tramo-cinco-del-tren-maya\/"},"author":{"name":"Edici\u00f3n Web","@id":"https:\/\/canal7slp.tv\/2022\/#\/schema\/person\/429704152a21f5f856ce29aa69a238da"},"headline":"Frenan por tiempo indefinido construcci\u00f3n del tramo cinco del Tren Maya","datePublished":"2022-05-30T20:20:00+00:00","mainEntityOfPage":{"@id":"https:\/\/canal7slp.tv\/2022\/frenan-por-tiempo-indefinido-construccion-del-tramo-cinco-del-tren-maya\/"},"wordCount":135,"publisher":{"@id":"https:\/\/canal7slp.tv\/2022\/#organization"},"image":{"@id":"https:\/\/canal7slp.tv\/2022\/frenan-por-tiempo-indefinido-construccion-del-tramo-cinco-del-tren-maya\/#primaryimage"},"thumbnailUrl":"https:\/\/canal7slp.tv\/2022\/wp-content\/uploads\/2022\/05\/02-20.jpg","articleSection":["NACIONALES"],"inLanguage":"es"},{"@type":"WebPage","@id":"https:\/\/canal7slp.tv\/2022\/frenan-por-tiempo-indefinido-construccion-del-tramo-cinco-del-tren-maya\/","url":"https:\/\/canal7slp.tv\/2022\/frenan-por-tiempo-indefinido-construccion-del-tramo-cinco-del-tren-maya\/","name":"Frenan por tiempo indefinido construcci\u00f3n del tramo cinco del Tren Maya - Canal 7 SLP - 2022","isPartOf":{"@id":"https:\/\/canal7slp.tv\/2022\/#website"},"primaryImageOfPage":{"@id":"https:\/\/canal7slp.tv\/2022\/frenan-por-tiempo-indefinido-construccion-del-tramo-cinco-del-tren-maya\/#primaryimage"},"image":{"@id":"https:\/\/canal7slp.tv\/2022\/frenan-por-tiempo-indefinido-construccion-del-tramo-cinco-del-tren-maya\/#primaryimage"},"thumbnailUrl":"https:\/\/canal7slp.tv\/2022\/wp-content\/uploads\/2022\/05\/02-20.jpg","datePublished":"2022-05-30T20:20:00+00:00","breadcrumb":{"@id":"https:\/\/canal7slp.tv\/2022\/frenan-por-tiempo-indefinido-construccion-del-tramo-cinco-del-tren-maya\/#breadcrumb"},"inLanguage":"es","potentialAction":[{"@type":"ReadAction","target":["https:\/\/canal7slp.tv\/2022\/frenan-por-tiempo-indefinido-construccion-del-tramo-cinco-del-tren-maya\/"]}]},{"@type":"ImageObject","inLanguage":"es","@id":"https:\/\/canal7slp.tv\/2022\/frenan-por-tiempo-indefinido-construccion-del-tramo-cinco-del-tren-maya\/#primaryimage","url":"https:\/\/canal7slp.tv\/2022\/wp-content\/uploads\/2022\/05\/02-20.jpg","contentUrl":"https:\/\/canal7slp.tv\/2022\/wp-content\/uploads\/2022\/05\/02-20.jpg","width":1117,"height":620},{"@type":"BreadcrumbList","@id":"https:\/\/canal7slp.tv\/2022\/frenan-por-tiempo-indefinido-construccion-del-tramo-cinco-del-tren-maya\/#breadcrumb","itemListElement":[{"@type":"ListItem","position":1,"name":"Portada","item":"https:\/\/canal7slp.tv\/2022\/"},{"@type":"ListItem","position":2,"name":"Frenan por tiempo indefinido construcci\u00f3n del tramo cinco del Tren Maya"}]},{"@type":"WebSite","@id":"https:\/\/canal7slp.tv\/2022\/#website","url":"https:\/\/canal7slp.tv\/2022\/","name":"N7 - Noticieros Canal 7","description":"Somos Televisi\u00f3n","publisher":{"@id":"https:\/\/canal7slp.tv\/2022\/#organization"},"potentialAction":[{"@type":"SearchAction","target":{"@type":"EntryPoint","urlTemplate":"https:\/\/canal7slp.tv\/2022\/?s={search_term_string}"},"query-input":{"@type":"PropertyValueSpecification","valueRequired":true,"valueName":"search_term_string"}}],"inLanguage":"es"},{"@type":"Organization","@id":"https:\/\/canal7slp.tv\/2022\/#organization","name":"Noticieros Canal 7","url":"https:\/\/canal7slp.tv\/2022\/","logo":{"@type":"ImageObject","inLanguage":"es","@id":"https:\/\/canal7slp.tv\/2022\/#\/schema\/logo\/image\/","url":"https:\/\/canal7slp.tv\/2022\/wp-content\/uploads\/2021\/01\/logo-noticieros@2x.png","contentUrl":"https:\/\/canal7slp.tv\/2022\/wp-content\/uploads\/2021\/01\/logo-noticieros@2x.png","width":1017,"height":268,"caption":"Noticieros Canal 7"},"image":{"@id":"https:\/\/canal7slp.tv\/2022\/#\/schema\/logo\/image\/"},"sameAs":["https:\/\/www.facebook.com\/noticieroscanalsiete","https:\/\/x.com\/NOTICIEROS7","https:\/\/www.instagram.com\/canal7_slp","https:\/\/www.youtube.com\/channel\/UCliiYs-gP3JfJeqdPrNdd5A"]},{"@type":"Person","@id":"https:\/\/canal7slp.tv\/2022\/#\/schema\/person\/429704152a21f5f856ce29aa69a238da","name":"Edici\u00f3n Web","image":{"@type":"ImageObject","inLanguage":"es","@id":"https:\/\/secure.gravatar.com\/avatar\/eee448fc3f7164808013b816ba91ac7e43bbe82a70bebac296f8bc6f0addaa1a?s=96&d=mm&r=g","url":"https:\/\/secure.gravatar.com\/avatar\/eee448fc3f7164808013b816ba91ac7e43bbe82a70bebac296f8bc6f0addaa1a?s=96&d=mm&r=g","contentUrl":"https:\/\/secure.gravatar.com\/avatar\/eee448fc3f7164808013b816ba91ac7e43bbe82a70bebac296f8bc6f0addaa1a?s=96&d=mm&r=g","caption":"Edici\u00f3n Web"},"url":"https:\/\/canal7slp.tv\/2022\/author\/edicionweb\/"}]}},"amp_enabled":true,"_links":{"self":[{"href":"https:\/\/canal7slp.tv\/2022\/wp-json\/wp\/v2\/posts\/61828","targetHints":{"allow":["GET"]}}],"collection":[{"href":"https:\/\/canal7slp.tv\/2022\/wp-json\/wp\/v2\/posts"}],"about":[{"href":"https:\/\/canal7slp.tv\/2022\/wp-json\/wp\/v2\/types\/post"}],"author":[{"embeddable":true,"href":"https:\/\/canal7slp.tv\/2022\/wp-json\/wp\/v2\/users\/2"}],"replies":[{"embeddable":true,"href":"https:\/\/canal7slp.tv\/2022\/wp-json\/wp\/v2\/comments?post=61828"}],"version-history":[{"count":2,"href":"https:\/\/canal7slp.tv\/2022\/wp-json\/wp\/v2\/posts\/61828\/revisions"}],"predecessor-version":[{"id":61849,"href":"https:\/\/canal7slp.tv\/2022\/wp-json\/wp\/v2\/posts\/61828\/revisions\/61849"}],"wp:featuredmedia":[{"embeddable":true,"href":"https:\/\/canal7slp.tv\/2022\/wp-json\/wp\/v2\/media\/61840"}],"wp:attachment":[{"href":"https:\/\/canal7slp.tv\/2022\/wp-json\/wp\/v2\/media?parent=61828"}],"wp:term":[{"taxonomy":"category","embeddable":true,"href":"https:\/\/canal7slp.tv\/2022\/wp-json\/wp\/v2\/categories?post=61828"},{"taxonomy":"post_tag","embeddable":true,"href":"https:\/\/canal7slp.tv\/2022\/wp-json\/wp\/v2\/tags?post=61828"}],"curies":[{"name":"wp","href":"https:\/\/api.w.org\/{rel}","templated":true}]}}