{"id":61799,"date":"2022-05-29T21:25:07","date_gmt":"2022-05-30T03:25:07","guid":{"rendered":"https:\/\/canal7slp.tv\/2022\/?p=61799"},"modified":"2022-05-29T21:25:07","modified_gmt":"2022-05-30T03:25:07","slug":"cndh-solicita-medidas-cautelares-a-autoridades-federales-y-de-slp-en-favor-de-personas-migrantes-afectadas-por-volcadura-de-autobus-en-mexquitic-de-carmona","status":"publish","type":"post","link":"https:\/\/canal7slp.tv\/2022\/cndh-solicita-medidas-cautelares-a-autoridades-federales-y-de-slp-en-favor-de-personas-migrantes-afectadas-por-volcadura-de-autobus-en-mexquitic-de-carmona\/","title":{"rendered":"CNDH solicita medidas cautelares a autoridades federales y de SLP en favor de personas migrantes afectadas por volcadura de autob\u00fas en Mexquitic de Carmona"},"content":{"rendered":"<div style=\"text-align: justify;\">SLP.- La Comisi\u00f3n Nacional de los Derechos Humanos (CNDH) inici\u00f3 investigaci\u00f3n de oficio y emiti\u00f3 medidas cautelares al Instituto Nacional de Migraci\u00f3n (INM), a la Guardia Nacional (GN), al Sistema Nacional para el Desarrollo Integral de la Familia (SNDIF), as\u00ed como a la Secretar\u00eda General de Gobierno, a la Direcci\u00f3n General de los Servicios de Salud, a la Fiscal\u00eda General del Estado y al Sistema para el Desarrollo Integral de la Familia de San Luis Potos\u00ed, por la volcadura de un autob\u00fas en Mexquitic de Carmona, en donde perdieron la vida personas en contexto de migraci\u00f3n y otras m\u00e1s resultaron heridas.<\/div>\n<div style=\"text-align: justify;\"><\/div>\n<div style=\"text-align: justify;\">La CNDH tuvo conocimiento, a trav\u00e9s de diversas notas period\u00edsticas, de la volcadura de un autob\u00fas en el que viajaban hombres, mujeres y ni\u00f1os, originarios de El Salvador, Cuba y Honduras, a la altura del kil\u00f3metro dos del libramiento de Mexquitic de Carmona, que ocasion\u00f3 el fallecimiento de personas en contexto de migraci\u00f3n, as\u00ed como lesiones a otras m\u00e1s, dentro de los cuales se encuentran, al parecer, ni\u00f1as, ni\u00f1os y\/o adolescentes.<\/div>\n<div style=\"text-align: justify;\"><\/div>\n<div style=\"text-align: justify;\">La informaci\u00f3n se\u00f1alaba que las personas que resultaron heridas fueron trasladadas al Hospital Central \u201cDr. Ignacio Morones Prieto\u201d; adem\u00e1s de que se brind\u00f3 atenci\u00f3n por parte de param\u00e9dicos de la Cruz Roja, Protecci\u00f3n Civil Estatal, Guardia Civil del Estado, Guardia Nacional, Servicio M\u00e9dico Forense (SEMEFO), Polic\u00edas Ministeriales y Polic\u00edas Municipales.<\/div>\n<div style=\"text-align: justify;\"><\/div>\n<div style=\"text-align: justify;\">Ante ello, la CNDH orden\u00f3 iniciar la investigaci\u00f3n de oficio, derivado de que los hechos narrados afectan a un grupo en situaci\u00f3n de vulnerabilidad, con la finalidad de investigar posibles actos u omisiones, que por su naturaleza pudieran resultar de especial gravedad y constituir violaciones a los derechos humanos, por lo que esta Comisi\u00f3n Nacional integrar\u00e1 el expediente de queja respectivo.<\/div>\n<div style=\"text-align: justify;\"><\/div>\n<div style=\"text-align: justify;\">La Comisi\u00f3n Nacional solicit\u00f3 la implementaci\u00f3n de medidas cautelares a las autoridades con el objetivo de que se realicen todas las acciones para garantizar la atenci\u00f3n humanitaria de urgencia a las personas migrantes hospitalizadas, de manera especial a quienes se encuentren en gravedad, sean valoradas e intervenidas de ser el caso, por personal m\u00e9dico especializado.<\/div>\n<div style=\"text-align: justify;\"><\/div>\n<div style=\"text-align: justify;\">Asimismo, se realicen las acciones necesarias y efectivas para la comunicaci\u00f3n pronta con las autoridades consulares a efecto de estar en posibilidad de que los familiares de las v\u00edctimas puedan reconocerlos y posteriormente reclamar sus restos mortales.<\/div>\n<div style=\"text-align: justify;\"><\/div>\n<div style=\"text-align: justify;\">Tambi\u00e9n pidi\u00f3 que, de manera coordinada y ante la situaci\u00f3n de urgencia que se presenta de las personas en contexto de migraci\u00f3n, especialmente de ni\u00f1as, ni\u00f1os y adolescentes, se conforme un grupo multidisciplinario, compuesto por m\u00e9dicos, psic\u00f3logos, trabajadores sociales, abogados, entre otros, para brindar atenci\u00f3n integral, se determine el inter\u00e9s superior y se dicten las medidas de protecci\u00f3n especiales que requiera ese grupo vulnerable.<\/div>\n<div style=\"text-align: justify;\"><\/div>\n<div style=\"text-align: justify;\">En espec\u00edfico, al INM pidi\u00f3 que se giren instrucciones, a efecto de que las personas que se encuentran recibiendo atenci\u00f3n m\u00e9dica en hospitales p\u00fablicos y privados, as\u00ed como de las que resultaron v\u00edctimas en los hechos aducidos, se les brinde las visas humanitarias correspondientes, as\u00ed como a los familiares de quienes perdieron la vida, a fin de que puedan recibir la atenci\u00f3n m\u00e9dica especializada, psicol\u00f3gica y asesor\u00eda legal como v\u00edctimas de delito.<\/div>\n<div style=\"text-align: justify;\"><\/div>\n<div style=\"text-align: justify;\">A la Fiscal\u00eda General del Estado de San Luis Potos\u00ed, a fin de preservar las evidencias recabadas durante la investigaci\u00f3n de los hechos, pide que se realicen las acciones necesarias para la identificaci\u00f3n, preservaci\u00f3n y repatriaci\u00f3n de las personas fallecidas; adem\u00e1s, se lleven a cabo todas aquellas diligencias que sean necesarias para agilizar la investigaci\u00f3n de los hechos descritos, garantizando el derecho de acceso a la justicia, al conocimiento a la verdad y a la reparaci\u00f3n integral en favor de las personas v\u00edctimas.<\/div>\n<div style=\"text-align: justify;\"><\/div>\n<div style=\"text-align: justify;\">Finalmente, a la Direcci\u00f3n General de los Servicios de Salud del Estado de San Luis Potos\u00ed, se solicit\u00f3 se giren instrucciones a quien corresponda, a efecto de que las personas que se encuentran recibiendo atenci\u00f3n m\u00e9dica en hospital p\u00fablico, sean valoradas e intervenidas de ser el caso, por personal m\u00e9dico especializado, brind\u00e1ndoles medicamentos, equipos e instrumentos quir\u00fargicos, o de ser el caso, ambulancias para conducciones a hospitales de tercer nivel, entre otras.<\/div>\n<div style=\"text-align: justify;\"><\/div>\n<div style=\"text-align: justify;\">Las Medidas Cautelares ya han sido notificadas a las citadas autoridades, por lo que la CNDH permanecer\u00e1 atenta a su respuesta y, de ser aceptadas, dar\u00e1 seguimiento a su implementaci\u00f3n y cumplimiento, vigilando que se respeten los Derechos Humanos.<\/div>\n","protected":false},"excerpt":{"rendered":"<p>SLP.- La Comisi\u00f3n Nacional de los Derechos Humanos (CNDH) inici\u00f3 investigaci\u00f3n de oficio y emiti\u00f3 medidas cautelares al Instituto Nacional de Migraci\u00f3n (INM), a la Guardia Nacional (GN), al Sistema Nacional para el Desarrollo Integral de la Familia (SNDIF), as\u00ed como a la Secretar\u00eda General de Gobierno, a la Direcci\u00f3n General de los Servicios de Salud, a la Fiscal\u00eda General del Estado y al Sistema para el Desarrollo Integral de la Familia de San Luis Potos\u00ed, por la volcadura de un autob\u00fas en Mexquitic de Carmona, en donde perdieron la vida personas en contexto de migraci\u00f3n y otras m\u00e1s resultaron [&hellip;]<\/p>\n","protected":false},"author":2,"featured_media":61800,"comment_status":"closed","ping_status":"closed","sticky":false,"template":"","format":"standard","meta":{"footnotes":""},"categories":[45],"tags":[],"class_list":["post-61799","post","type-post","status-publish","format-standard","has-post-thumbnail","hentry","category-localesyregionales","post--single"],"yoast_head":"<!-- This site is optimized with the Yoast SEO plugin v27.5 - https:\/\/yoast.com\/product\/yoast-seo-wordpress\/ -->\n<title>CNDH solicita medidas cautelares a autoridades federales y de SLP en favor de personas migrantes afectadas por volcadura de autob\u00fas en Mexquitic de Carmona - Canal 7 SLP - 2022<\/title>\n<meta name=\"robots\" content=\"index, follow, max-snippet:-1, max-image-preview:large, max-video-preview:-1\" \/>\n<link rel=\"canonical\" href=\"https:\/\/canal7slp.tv\/2022\/cndh-solicita-medidas-cautelares-a-autoridades-federales-y-de-slp-en-favor-de-personas-migrantes-afectadas-por-volcadura-de-autobus-en-mexquitic-de-carmona\/\" \/>\n<meta property=\"og:locale\" content=\"es_ES\" \/>\n<meta property=\"og:type\" content=\"article\" \/>\n<meta property=\"og:title\" content=\"CNDH solicita medidas cautelares a autoridades federales y de SLP en favor de personas migrantes afectadas por volcadura de autob\u00fas en Mexquitic de Carmona - Canal 7 SLP - 2022\" \/>\n<meta property=\"og:description\" content=\"SLP.- La Comisi\u00f3n Nacional de los Derechos Humanos (CNDH) inici\u00f3 investigaci\u00f3n de oficio y emiti\u00f3 medidas cautelares al Instituto Nacional de Migraci\u00f3n (INM), a la Guardia Nacional (GN), al Sistema Nacional para el Desarrollo Integral de la Familia (SNDIF), as\u00ed como a la Secretar\u00eda General de Gobierno, a la Direcci\u00f3n General de los Servicios de Salud, a la Fiscal\u00eda General del Estado y al Sistema para el Desarrollo Integral de la Familia de San Luis Potos\u00ed, por la volcadura de un autob\u00fas en Mexquitic de Carmona, en donde perdieron la vida personas en contexto de migraci\u00f3n y otras m\u00e1s resultaron [&hellip;]\" \/>\n<meta property=\"og:url\" content=\"https:\/\/canal7slp.tv\/2022\/cndh-solicita-medidas-cautelares-a-autoridades-federales-y-de-slp-en-favor-de-personas-migrantes-afectadas-por-volcadura-de-autobus-en-mexquitic-de-carmona\/\" \/>\n<meta property=\"og:site_name\" content=\"Canal 7 SLP - 2022\" \/>\n<meta property=\"article:publisher\" content=\"https:\/\/www.facebook.com\/noticieroscanalsiete\" \/>\n<meta property=\"article:published_time\" content=\"2022-05-30T03:25:07+00:00\" \/>\n<meta property=\"og:image\" content=\"https:\/\/canal7slp.tv\/2022\/wp-content\/uploads\/2022\/05\/zz7.jpg\" \/>\n\t<meta property=\"og:image:width\" content=\"1020\" \/>\n\t<meta property=\"og:image:height\" content=\"590\" \/>\n\t<meta property=\"og:image:type\" content=\"image\/jpeg\" \/>\n<meta name=\"author\" content=\"Edici\u00f3n Web\" \/>\n<meta name=\"twitter:card\" content=\"summary_large_image\" \/>\n<meta name=\"twitter:creator\" content=\"@NOTICIEROS7\" \/>\n<meta name=\"twitter:site\" content=\"@NOTICIEROS7\" \/>\n<meta name=\"twitter:label1\" content=\"Escrito por\" \/>\n\t<meta name=\"twitter:data1\" content=\"Edici\u00f3n Web\" \/>\n\t<meta name=\"twitter:label2\" content=\"Tiempo de lectura\" \/>\n\t<meta name=\"twitter:data2\" content=\"4 minutos\" \/>\n<script type=\"application\/ld+json\" class=\"yoast-schema-graph\">{\"@context\":\"https:\\\/\\\/schema.org\",\"@graph\":[{\"@type\":\"Article\",\"@id\":\"https:\\\/\\\/canal7slp.tv\\\/2022\\\/cndh-solicita-medidas-cautelares-a-autoridades-federales-y-de-slp-en-favor-de-personas-migrantes-afectadas-por-volcadura-de-autobus-en-mexquitic-de-carmona\\\/#article\",\"isPartOf\":{\"@id\":\"https:\\\/\\\/canal7slp.tv\\\/2022\\\/cndh-solicita-medidas-cautelares-a-autoridades-federales-y-de-slp-en-favor-de-personas-migrantes-afectadas-por-volcadura-de-autobus-en-mexquitic-de-carmona\\\/\"},\"author\":{\"name\":\"Edici\u00f3n Web\",\"@id\":\"https:\\\/\\\/canal7slp.tv\\\/2022\\\/#\\\/schema\\\/person\\\/429704152a21f5f856ce29aa69a238da\"},\"headline\":\"CNDH solicita medidas cautelares a autoridades federales y de SLP en favor de personas migrantes afectadas por volcadura de autob\u00fas en Mexquitic de Carmona\",\"datePublished\":\"2022-05-30T03:25:07+00:00\",\"mainEntityOfPage\":{\"@id\":\"https:\\\/\\\/canal7slp.tv\\\/2022\\\/cndh-solicita-medidas-cautelares-a-autoridades-federales-y-de-slp-en-favor-de-personas-migrantes-afectadas-por-volcadura-de-autobus-en-mexquitic-de-carmona\\\/\"},\"wordCount\":805,\"publisher\":{\"@id\":\"https:\\\/\\\/canal7slp.tv\\\/2022\\\/#organization\"},\"image\":{\"@id\":\"https:\\\/\\\/canal7slp.tv\\\/2022\\\/cndh-solicita-medidas-cautelares-a-autoridades-federales-y-de-slp-en-favor-de-personas-migrantes-afectadas-por-volcadura-de-autobus-en-mexquitic-de-carmona\\\/#primaryimage\"},\"thumbnailUrl\":\"https:\\\/\\\/canal7slp.tv\\\/2022\\\/wp-content\\\/uploads\\\/2022\\\/05\\\/zz7.jpg\",\"articleSection\":[\"LOCALES Y REGIONALES\"],\"inLanguage\":\"es\"},{\"@type\":\"WebPage\",\"@id\":\"https:\\\/\\\/canal7slp.tv\\\/2022\\\/cndh-solicita-medidas-cautelares-a-autoridades-federales-y-de-slp-en-favor-de-personas-migrantes-afectadas-por-volcadura-de-autobus-en-mexquitic-de-carmona\\\/\",\"url\":\"https:\\\/\\\/canal7slp.tv\\\/2022\\\/cndh-solicita-medidas-cautelares-a-autoridades-federales-y-de-slp-en-favor-de-personas-migrantes-afectadas-por-volcadura-de-autobus-en-mexquitic-de-carmona\\\/\",\"name\":\"CNDH solicita medidas cautelares a autoridades federales y de SLP en favor de personas migrantes afectadas por volcadura de autob\u00fas en Mexquitic de Carmona - Canal 7 SLP - 2022\",\"isPartOf\":{\"@id\":\"https:\\\/\\\/canal7slp.tv\\\/2022\\\/#website\"},\"primaryImageOfPage\":{\"@id\":\"https:\\\/\\\/canal7slp.tv\\\/2022\\\/cndh-solicita-medidas-cautelares-a-autoridades-federales-y-de-slp-en-favor-de-personas-migrantes-afectadas-por-volcadura-de-autobus-en-mexquitic-de-carmona\\\/#primaryimage\"},\"image\":{\"@id\":\"https:\\\/\\\/canal7slp.tv\\\/2022\\\/cndh-solicita-medidas-cautelares-a-autoridades-federales-y-de-slp-en-favor-de-personas-migrantes-afectadas-por-volcadura-de-autobus-en-mexquitic-de-carmona\\\/#primaryimage\"},\"thumbnailUrl\":\"https:\\\/\\\/canal7slp.tv\\\/2022\\\/wp-content\\\/uploads\\\/2022\\\/05\\\/zz7.jpg\",\"datePublished\":\"2022-05-30T03:25:07+00:00\",\"breadcrumb\":{\"@id\":\"https:\\\/\\\/canal7slp.tv\\\/2022\\\/cndh-solicita-medidas-cautelares-a-autoridades-federales-y-de-slp-en-favor-de-personas-migrantes-afectadas-por-volcadura-de-autobus-en-mexquitic-de-carmona\\\/#breadcrumb\"},\"inLanguage\":\"es\",\"potentialAction\":[{\"@type\":\"ReadAction\",\"target\":[\"https:\\\/\\\/canal7slp.tv\\\/2022\\\/cndh-solicita-medidas-cautelares-a-autoridades-federales-y-de-slp-en-favor-de-personas-migrantes-afectadas-por-volcadura-de-autobus-en-mexquitic-de-carmona\\\/\"]}]},{\"@type\":\"ImageObject\",\"inLanguage\":\"es\",\"@id\":\"https:\\\/\\\/canal7slp.tv\\\/2022\\\/cndh-solicita-medidas-cautelares-a-autoridades-federales-y-de-slp-en-favor-de-personas-migrantes-afectadas-por-volcadura-de-autobus-en-mexquitic-de-carmona\\\/#primaryimage\",\"url\":\"https:\\\/\\\/canal7slp.tv\\\/2022\\\/wp-content\\\/uploads\\\/2022\\\/05\\\/zz7.jpg\",\"contentUrl\":\"https:\\\/\\\/canal7slp.tv\\\/2022\\\/wp-content\\\/uploads\\\/2022\\\/05\\\/zz7.jpg\",\"width\":1020,\"height\":590},{\"@type\":\"BreadcrumbList\",\"@id\":\"https:\\\/\\\/canal7slp.tv\\\/2022\\\/cndh-solicita-medidas-cautelares-a-autoridades-federales-y-de-slp-en-favor-de-personas-migrantes-afectadas-por-volcadura-de-autobus-en-mexquitic-de-carmona\\\/#breadcrumb\",\"itemListElement\":[{\"@type\":\"ListItem\",\"position\":1,\"name\":\"Portada\",\"item\":\"https:\\\/\\\/canal7slp.tv\\\/2022\\\/\"},{\"@type\":\"ListItem\",\"position\":2,\"name\":\"CNDH solicita medidas cautelares a autoridades federales y de SLP en favor de personas migrantes afectadas por volcadura de autob\u00fas en Mexquitic de Carmona\"}]},{\"@type\":\"WebSite\",\"@id\":\"https:\\\/\\\/canal7slp.tv\\\/2022\\\/#website\",\"url\":\"https:\\\/\\\/canal7slp.tv\\\/2022\\\/\",\"name\":\"N7 - Noticieros Canal 7\",\"description\":\"Somos Televisi\u00f3n\",\"publisher\":{\"@id\":\"https:\\\/\\\/canal7slp.tv\\\/2022\\\/#organization\"},\"potentialAction\":[{\"@type\":\"SearchAction\",\"target\":{\"@type\":\"EntryPoint\",\"urlTemplate\":\"https:\\\/\\\/canal7slp.tv\\\/2022\\\/?s={search_term_string}\"},\"query-input\":{\"@type\":\"PropertyValueSpecification\",\"valueRequired\":true,\"valueName\":\"search_term_string\"}}],\"inLanguage\":\"es\"},{\"@type\":\"Organization\",\"@id\":\"https:\\\/\\\/canal7slp.tv\\\/2022\\\/#organization\",\"name\":\"Noticieros Canal 7\",\"url\":\"https:\\\/\\\/canal7slp.tv\\\/2022\\\/\",\"logo\":{\"@type\":\"ImageObject\",\"inLanguage\":\"es\",\"@id\":\"https:\\\/\\\/canal7slp.tv\\\/2022\\\/#\\\/schema\\\/logo\\\/image\\\/\",\"url\":\"https:\\\/\\\/canal7slp.tv\\\/2022\\\/wp-content\\\/uploads\\\/2021\\\/01\\\/logo-noticieros@2x.png\",\"contentUrl\":\"https:\\\/\\\/canal7slp.tv\\\/2022\\\/wp-content\\\/uploads\\\/2021\\\/01\\\/logo-noticieros@2x.png\",\"width\":1017,\"height\":268,\"caption\":\"Noticieros Canal 7\"},\"image\":{\"@id\":\"https:\\\/\\\/canal7slp.tv\\\/2022\\\/#\\\/schema\\\/logo\\\/image\\\/\"},\"sameAs\":[\"https:\\\/\\\/www.facebook.com\\\/noticieroscanalsiete\",\"https:\\\/\\\/x.com\\\/NOTICIEROS7\",\"https:\\\/\\\/www.instagram.com\\\/canal7_slp\",\"https:\\\/\\\/www.youtube.com\\\/channel\\\/UCliiYs-gP3JfJeqdPrNdd5A\"]},{\"@type\":\"Person\",\"@id\":\"https:\\\/\\\/canal7slp.tv\\\/2022\\\/#\\\/schema\\\/person\\\/429704152a21f5f856ce29aa69a238da\",\"name\":\"Edici\u00f3n Web\",\"image\":{\"@type\":\"ImageObject\",\"inLanguage\":\"es\",\"@id\":\"https:\\\/\\\/secure.gravatar.com\\\/avatar\\\/eee448fc3f7164808013b816ba91ac7e43bbe82a70bebac296f8bc6f0addaa1a?s=96&d=mm&r=g\",\"url\":\"https:\\\/\\\/secure.gravatar.com\\\/avatar\\\/eee448fc3f7164808013b816ba91ac7e43bbe82a70bebac296f8bc6f0addaa1a?s=96&d=mm&r=g\",\"contentUrl\":\"https:\\\/\\\/secure.gravatar.com\\\/avatar\\\/eee448fc3f7164808013b816ba91ac7e43bbe82a70bebac296f8bc6f0addaa1a?s=96&d=mm&r=g\",\"caption\":\"Edici\u00f3n Web\"},\"url\":\"https:\\\/\\\/canal7slp.tv\\\/2022\\\/author\\\/edicionweb\\\/\"}]}<\/script>\n<!-- \/ Yoast SEO plugin. -->","yoast_head_json":{"title":"CNDH solicita medidas cautelares a autoridades federales y de SLP en favor de personas migrantes afectadas por volcadura de autob\u00fas en Mexquitic de Carmona - Canal 7 SLP - 2022","robots":{"index":"index","follow":"follow","max-snippet":"max-snippet:-1","max-image-preview":"max-image-preview:large","max-video-preview":"max-video-preview:-1"},"canonical":"https:\/\/canal7slp.tv\/2022\/cndh-solicita-medidas-cautelares-a-autoridades-federales-y-de-slp-en-favor-de-personas-migrantes-afectadas-por-volcadura-de-autobus-en-mexquitic-de-carmona\/","og_locale":"es_ES","og_type":"article","og_title":"CNDH solicita medidas cautelares a autoridades federales y de SLP en favor de personas migrantes afectadas por volcadura de autob\u00fas en Mexquitic de Carmona - Canal 7 SLP - 2022","og_description":"SLP.- La Comisi\u00f3n Nacional de los Derechos Humanos (CNDH) inici\u00f3 investigaci\u00f3n de oficio y emiti\u00f3 medidas cautelares al Instituto Nacional de Migraci\u00f3n (INM), a la Guardia Nacional (GN), al Sistema Nacional para el Desarrollo Integral de la Familia (SNDIF), as\u00ed como a la Secretar\u00eda General de Gobierno, a la Direcci\u00f3n General de los Servicios de Salud, a la Fiscal\u00eda General del Estado y al Sistema para el Desarrollo Integral de la Familia de San Luis Potos\u00ed, por la volcadura de un autob\u00fas en Mexquitic de Carmona, en donde perdieron la vida personas en contexto de migraci\u00f3n y otras m\u00e1s resultaron [&hellip;]","og_url":"https:\/\/canal7slp.tv\/2022\/cndh-solicita-medidas-cautelares-a-autoridades-federales-y-de-slp-en-favor-de-personas-migrantes-afectadas-por-volcadura-de-autobus-en-mexquitic-de-carmona\/","og_site_name":"Canal 7 SLP - 2022","article_publisher":"https:\/\/www.facebook.com\/noticieroscanalsiete","article_published_time":"2022-05-30T03:25:07+00:00","og_image":[{"width":1020,"height":590,"url":"https:\/\/canal7slp.tv\/2022\/wp-content\/uploads\/2022\/05\/zz7.jpg","type":"image\/jpeg"}],"author":"Edici\u00f3n Web","twitter_card":"summary_large_image","twitter_creator":"@NOTICIEROS7","twitter_site":"@NOTICIEROS7","twitter_misc":{"Escrito por":"Edici\u00f3n Web","Tiempo de lectura":"4 minutos"},"schema":{"@context":"https:\/\/schema.org","@graph":[{"@type":"Article","@id":"https:\/\/canal7slp.tv\/2022\/cndh-solicita-medidas-cautelares-a-autoridades-federales-y-de-slp-en-favor-de-personas-migrantes-afectadas-por-volcadura-de-autobus-en-mexquitic-de-carmona\/#article","isPartOf":{"@id":"https:\/\/canal7slp.tv\/2022\/cndh-solicita-medidas-cautelares-a-autoridades-federales-y-de-slp-en-favor-de-personas-migrantes-afectadas-por-volcadura-de-autobus-en-mexquitic-de-carmona\/"},"author":{"name":"Edici\u00f3n Web","@id":"https:\/\/canal7slp.tv\/2022\/#\/schema\/person\/429704152a21f5f856ce29aa69a238da"},"headline":"CNDH solicita medidas cautelares a autoridades federales y de SLP en favor de personas migrantes afectadas por volcadura de autob\u00fas en Mexquitic de Carmona","datePublished":"2022-05-30T03:25:07+00:00","mainEntityOfPage":{"@id":"https:\/\/canal7slp.tv\/2022\/cndh-solicita-medidas-cautelares-a-autoridades-federales-y-de-slp-en-favor-de-personas-migrantes-afectadas-por-volcadura-de-autobus-en-mexquitic-de-carmona\/"},"wordCount":805,"publisher":{"@id":"https:\/\/canal7slp.tv\/2022\/#organization"},"image":{"@id":"https:\/\/canal7slp.tv\/2022\/cndh-solicita-medidas-cautelares-a-autoridades-federales-y-de-slp-en-favor-de-personas-migrantes-afectadas-por-volcadura-de-autobus-en-mexquitic-de-carmona\/#primaryimage"},"thumbnailUrl":"https:\/\/canal7slp.tv\/2022\/wp-content\/uploads\/2022\/05\/zz7.jpg","articleSection":["LOCALES Y REGIONALES"],"inLanguage":"es"},{"@type":"WebPage","@id":"https:\/\/canal7slp.tv\/2022\/cndh-solicita-medidas-cautelares-a-autoridades-federales-y-de-slp-en-favor-de-personas-migrantes-afectadas-por-volcadura-de-autobus-en-mexquitic-de-carmona\/","url":"https:\/\/canal7slp.tv\/2022\/cndh-solicita-medidas-cautelares-a-autoridades-federales-y-de-slp-en-favor-de-personas-migrantes-afectadas-por-volcadura-de-autobus-en-mexquitic-de-carmona\/","name":"CNDH solicita medidas cautelares a autoridades federales y de SLP en favor de personas migrantes afectadas por volcadura de autob\u00fas en Mexquitic de Carmona - Canal 7 SLP - 2022","isPartOf":{"@id":"https:\/\/canal7slp.tv\/2022\/#website"},"primaryImageOfPage":{"@id":"https:\/\/canal7slp.tv\/2022\/cndh-solicita-medidas-cautelares-a-autoridades-federales-y-de-slp-en-favor-de-personas-migrantes-afectadas-por-volcadura-de-autobus-en-mexquitic-de-carmona\/#primaryimage"},"image":{"@id":"https:\/\/canal7slp.tv\/2022\/cndh-solicita-medidas-cautelares-a-autoridades-federales-y-de-slp-en-favor-de-personas-migrantes-afectadas-por-volcadura-de-autobus-en-mexquitic-de-carmona\/#primaryimage"},"thumbnailUrl":"https:\/\/canal7slp.tv\/2022\/wp-content\/uploads\/2022\/05\/zz7.jpg","datePublished":"2022-05-30T03:25:07+00:00","breadcrumb":{"@id":"https:\/\/canal7slp.tv\/2022\/cndh-solicita-medidas-cautelares-a-autoridades-federales-y-de-slp-en-favor-de-personas-migrantes-afectadas-por-volcadura-de-autobus-en-mexquitic-de-carmona\/#breadcrumb"},"inLanguage":"es","potentialAction":[{"@type":"ReadAction","target":["https:\/\/canal7slp.tv\/2022\/cndh-solicita-medidas-cautelares-a-autoridades-federales-y-de-slp-en-favor-de-personas-migrantes-afectadas-por-volcadura-de-autobus-en-mexquitic-de-carmona\/"]}]},{"@type":"ImageObject","inLanguage":"es","@id":"https:\/\/canal7slp.tv\/2022\/cndh-solicita-medidas-cautelares-a-autoridades-federales-y-de-slp-en-favor-de-personas-migrantes-afectadas-por-volcadura-de-autobus-en-mexquitic-de-carmona\/#primaryimage","url":"https:\/\/canal7slp.tv\/2022\/wp-content\/uploads\/2022\/05\/zz7.jpg","contentUrl":"https:\/\/canal7slp.tv\/2022\/wp-content\/uploads\/2022\/05\/zz7.jpg","width":1020,"height":590},{"@type":"BreadcrumbList","@id":"https:\/\/canal7slp.tv\/2022\/cndh-solicita-medidas-cautelares-a-autoridades-federales-y-de-slp-en-favor-de-personas-migrantes-afectadas-por-volcadura-de-autobus-en-mexquitic-de-carmona\/#breadcrumb","itemListElement":[{"@type":"ListItem","position":1,"name":"Portada","item":"https:\/\/canal7slp.tv\/2022\/"},{"@type":"ListItem","position":2,"name":"CNDH solicita medidas cautelares a autoridades federales y de SLP en favor de personas migrantes afectadas por volcadura de autob\u00fas en Mexquitic de Carmona"}]},{"@type":"WebSite","@id":"https:\/\/canal7slp.tv\/2022\/#website","url":"https:\/\/canal7slp.tv\/2022\/","name":"N7 - Noticieros Canal 7","description":"Somos Televisi\u00f3n","publisher":{"@id":"https:\/\/canal7slp.tv\/2022\/#organization"},"potentialAction":[{"@type":"SearchAction","target":{"@type":"EntryPoint","urlTemplate":"https:\/\/canal7slp.tv\/2022\/?s={search_term_string}"},"query-input":{"@type":"PropertyValueSpecification","valueRequired":true,"valueName":"search_term_string"}}],"inLanguage":"es"},{"@type":"Organization","@id":"https:\/\/canal7slp.tv\/2022\/#organization","name":"Noticieros Canal 7","url":"https:\/\/canal7slp.tv\/2022\/","logo":{"@type":"ImageObject","inLanguage":"es","@id":"https:\/\/canal7slp.tv\/2022\/#\/schema\/logo\/image\/","url":"https:\/\/canal7slp.tv\/2022\/wp-content\/uploads\/2021\/01\/logo-noticieros@2x.png","contentUrl":"https:\/\/canal7slp.tv\/2022\/wp-content\/uploads\/2021\/01\/logo-noticieros@2x.png","width":1017,"height":268,"caption":"Noticieros Canal 7"},"image":{"@id":"https:\/\/canal7slp.tv\/2022\/#\/schema\/logo\/image\/"},"sameAs":["https:\/\/www.facebook.com\/noticieroscanalsiete","https:\/\/x.com\/NOTICIEROS7","https:\/\/www.instagram.com\/canal7_slp","https:\/\/www.youtube.com\/channel\/UCliiYs-gP3JfJeqdPrNdd5A"]},{"@type":"Person","@id":"https:\/\/canal7slp.tv\/2022\/#\/schema\/person\/429704152a21f5f856ce29aa69a238da","name":"Edici\u00f3n Web","image":{"@type":"ImageObject","inLanguage":"es","@id":"https:\/\/secure.gravatar.com\/avatar\/eee448fc3f7164808013b816ba91ac7e43bbe82a70bebac296f8bc6f0addaa1a?s=96&d=mm&r=g","url":"https:\/\/secure.gravatar.com\/avatar\/eee448fc3f7164808013b816ba91ac7e43bbe82a70bebac296f8bc6f0addaa1a?s=96&d=mm&r=g","contentUrl":"https:\/\/secure.gravatar.com\/avatar\/eee448fc3f7164808013b816ba91ac7e43bbe82a70bebac296f8bc6f0addaa1a?s=96&d=mm&r=g","caption":"Edici\u00f3n Web"},"url":"https:\/\/canal7slp.tv\/2022\/author\/edicionweb\/"}]}},"amp_enabled":true,"_links":{"self":[{"href":"https:\/\/canal7slp.tv\/2022\/wp-json\/wp\/v2\/posts\/61799","targetHints":{"allow":["GET"]}}],"collection":[{"href":"https:\/\/canal7slp.tv\/2022\/wp-json\/wp\/v2\/posts"}],"about":[{"href":"https:\/\/canal7slp.tv\/2022\/wp-json\/wp\/v2\/types\/post"}],"author":[{"embeddable":true,"href":"https:\/\/canal7slp.tv\/2022\/wp-json\/wp\/v2\/users\/2"}],"replies":[{"embeddable":true,"href":"https:\/\/canal7slp.tv\/2022\/wp-json\/wp\/v2\/comments?post=61799"}],"version-history":[{"count":1,"href":"https:\/\/canal7slp.tv\/2022\/wp-json\/wp\/v2\/posts\/61799\/revisions"}],"predecessor-version":[{"id":61801,"href":"https:\/\/canal7slp.tv\/2022\/wp-json\/wp\/v2\/posts\/61799\/revisions\/61801"}],"wp:featuredmedia":[{"embeddable":true,"href":"https:\/\/canal7slp.tv\/2022\/wp-json\/wp\/v2\/media\/61800"}],"wp:attachment":[{"href":"https:\/\/canal7slp.tv\/2022\/wp-json\/wp\/v2\/media?parent=61799"}],"wp:term":[{"taxonomy":"category","embeddable":true,"href":"https:\/\/canal7slp.tv\/2022\/wp-json\/wp\/v2\/categories?post=61799"},{"taxonomy":"post_tag","embeddable":true,"href":"https:\/\/canal7slp.tv\/2022\/wp-json\/wp\/v2\/tags?post=61799"}],"curies":[{"name":"wp","href":"https:\/\/api.w.org\/{rel}","templated":true}]}}