{"id":61782,"date":"2022-05-29T16:37:21","date_gmt":"2022-05-29T22:37:21","guid":{"rendered":"https:\/\/canal7slp.tv\/2022\/?p=61782"},"modified":"2022-05-29T16:37:21","modified_gmt":"2022-05-29T22:37:21","slug":"potosinos-se-suman-a-la-marcha-contra-la-violencia-y-el-autoritarismo-convocada-a-nivel-nacional","status":"publish","type":"post","link":"https:\/\/canal7slp.tv\/2022\/potosinos-se-suman-a-la-marcha-contra-la-violencia-y-el-autoritarismo-convocada-a-nivel-nacional\/","title":{"rendered":"Potosinos se suman a la marcha contra la violencia y el autoritarismo, convocada a nivel nacional."},"content":{"rendered":"<ul>\n<li>El punto de partida de la movilizaci\u00f3n pac\u00edfica en la capital, fue el Jard\u00edn de Tequis.<\/li>\n<\/ul>\n<p style=\"text-align: justify;\">SLP.- Este domingo, la asociaci\u00f3n civil \u201cPotosinos con Valor\u201d encabez\u00f3 una marcha pac\u00edfica en contra de la violencia que se vive en todo el pa\u00eds y en defensa del Instituto Nacional Electora, as\u00ed lo declar\u00f3 su presidente, Alberto Narv\u00e1ez Arochi.<\/p>\n<p style=\"text-align: justify;\">\u201cSon tres puntos muy importantes: detener la violencia, esto es buscar preservar la paz; segundo, la defensa de las instituciones que han sido severamente lastimadas por este sistema; y por ultimo la uni\u00f3n de los mexicanos, no m\u00e1s divisiones ning\u00fan pueblo desunido va a alg\u00fan lado\u201d, detall\u00f3.<\/p>\n<p style=\"text-align: justify;\">El entrevistado aclar\u00f3 que con este movimiento no se busca denostar al presidente de la rep\u00fablica, Andr\u00e9s Manuel L\u00f3pez Obrador, o a alguien en espec\u00edfico.<\/p>\n<p style=\"text-align: justify;\">\u201cNo me referir\u00eda tanto al presidente, si se\u00f1alar que s\u00ed bien s\u00ed es causa, pero este gobierno es consecuencia de lo que hemos venido construyendo, eso hemos creado y hay que decirlo con todas sus letras, hemos creado un sistema criminal\u201d, agreg\u00f3.<\/p>\n<p style=\"text-align: justify;\">El objetivo, explica, es que la ciudadan\u00eda \u201cdespierte\u201d, sea participativo en sus responsabilidades c\u00edvicas y no se conforme con lo que sucede en el pa\u00eds.<\/p>\n<p style=\"text-align: justify;\">\u201cSin ciudadan\u00eda no hay buenos gobiernos, primero tiene que estar la ciudadan\u00eda, obviamente a trav\u00e9s de una votaci\u00f3n, del conocimiento, de la ciencia, de la t\u00e9cnica, no de ocurrencias, hacer lo que tenemos que hacer, lo que han hecho otros pa\u00edses que se han desarrollado bien, que son hoy en d\u00eda pa\u00edses sustentables\u201d, apunt\u00f3.<\/p>\n<p style=\"text-align: justify;\">Narv\u00e1ez Arochi hizo un llamado a la poblaci\u00f3n para que se sume a este movimiento.<\/p>\n<p style=\"text-align: justify;\">\u201cParticipar, a dejar los que tengamos apat\u00eda, los que tengamos rabia, coraje, traducirlos a participaci\u00f3n, repito, sin atacar a nadie, queremos la uni\u00f3n y la participaci\u00f3n, en una palabra queremos ciudadan\u00eda\u201d, termin\u00f3.<\/p>\n<p style=\"text-align: justify;\">Por: Jos\u00e9 Luis V\u00e1zquez<\/p>\n","protected":false},"excerpt":{"rendered":"<p>El punto de partida de la movilizaci\u00f3n pac\u00edfica en la capital, fue el Jard\u00edn de Tequis. SLP.- Este domingo, la asociaci\u00f3n civil \u201cPotosinos con Valor\u201d encabez\u00f3 una marcha pac\u00edfica en contra de la violencia que se vive en todo el pa\u00eds y en defensa del Instituto Nacional Electora, as\u00ed lo declar\u00f3 su presidente, Alberto Narv\u00e1ez Arochi. \u201cSon tres puntos muy importantes: detener la violencia, esto es buscar preservar la paz; segundo, la defensa de las instituciones que han sido severamente lastimadas por este sistema; y por ultimo la uni\u00f3n de los mexicanos, no m\u00e1s divisiones ning\u00fan pueblo desunido va a [&hellip;]<\/p>\n","protected":false},"author":2,"featured_media":61791,"comment_status":"closed","ping_status":"closed","sticky":false,"template":"","format":"video","meta":{"footnotes":""},"categories":[5,45],"tags":[],"class_list":["post-61782","post","type-post","status-publish","format-video","has-post-thumbnail","hentry","category-destacadas","category-localesyregionales","post_format-post-format-video","post--single"],"yoast_head":"<!-- This site is optimized with the Yoast SEO plugin v27.5 - https:\/\/yoast.com\/product\/yoast-seo-wordpress\/ -->\n<title>Potosinos se suman a la marcha contra la violencia y el autoritarismo, convocada a nivel nacional. - Canal 7 SLP - 2022<\/title>\n<meta name=\"robots\" content=\"index, follow, max-snippet:-1, max-image-preview:large, max-video-preview:-1\" \/>\n<link rel=\"canonical\" href=\"https:\/\/canal7slp.tv\/2022\/potosinos-se-suman-a-la-marcha-contra-la-violencia-y-el-autoritarismo-convocada-a-nivel-nacional\/\" \/>\n<meta property=\"og:locale\" content=\"es_ES\" \/>\n<meta property=\"og:type\" content=\"article\" \/>\n<meta property=\"og:title\" content=\"Potosinos se suman a la marcha contra la violencia y el autoritarismo, convocada a nivel nacional. - Canal 7 SLP - 2022\" \/>\n<meta property=\"og:description\" content=\"El punto de partida de la movilizaci\u00f3n pac\u00edfica en la capital, fue el Jard\u00edn de Tequis. SLP.- Este domingo, la asociaci\u00f3n civil \u201cPotosinos con Valor\u201d encabez\u00f3 una marcha pac\u00edfica en contra de la violencia que se vive en todo el pa\u00eds y en defensa del Instituto Nacional Electora, as\u00ed lo declar\u00f3 su presidente, Alberto Narv\u00e1ez Arochi. \u201cSon tres puntos muy importantes: detener la violencia, esto es buscar preservar la paz; segundo, la defensa de las instituciones que han sido severamente lastimadas por este sistema; y por ultimo la uni\u00f3n de los mexicanos, no m\u00e1s divisiones ning\u00fan pueblo desunido va a [&hellip;]\" \/>\n<meta property=\"og:url\" content=\"https:\/\/canal7slp.tv\/2022\/potosinos-se-suman-a-la-marcha-contra-la-violencia-y-el-autoritarismo-convocada-a-nivel-nacional\/\" \/>\n<meta property=\"og:site_name\" content=\"Canal 7 SLP - 2022\" \/>\n<meta property=\"article:publisher\" content=\"https:\/\/www.facebook.com\/noticieroscanalsiete\" \/>\n<meta property=\"article:published_time\" content=\"2022-05-29T22:37:21+00:00\" \/>\n<meta property=\"og:image\" content=\"https:\/\/canal7slp.tv\/2022\/wp-content\/uploads\/2022\/05\/Vazquez01Marcha.jpg\" \/>\n\t<meta property=\"og:image:width\" content=\"888\" \/>\n\t<meta property=\"og:image:height\" content=\"500\" \/>\n\t<meta property=\"og:image:type\" content=\"image\/jpeg\" \/>\n<meta name=\"author\" content=\"Edici\u00f3n Web\" \/>\n<meta name=\"twitter:card\" content=\"summary_large_image\" \/>\n<meta name=\"twitter:creator\" content=\"@NOTICIEROS7\" \/>\n<meta name=\"twitter:site\" content=\"@NOTICIEROS7\" \/>\n<meta name=\"twitter:label1\" content=\"Escrito por\" \/>\n\t<meta name=\"twitter:data1\" content=\"Edici\u00f3n Web\" \/>\n\t<meta name=\"twitter:label2\" content=\"Tiempo de lectura\" \/>\n\t<meta name=\"twitter:data2\" content=\"2 minutos\" \/>\n<script type=\"application\/ld+json\" class=\"yoast-schema-graph\">{\"@context\":\"https:\\\/\\\/schema.org\",\"@graph\":[{\"@type\":\"Article\",\"@id\":\"https:\\\/\\\/canal7slp.tv\\\/2022\\\/potosinos-se-suman-a-la-marcha-contra-la-violencia-y-el-autoritarismo-convocada-a-nivel-nacional\\\/#article\",\"isPartOf\":{\"@id\":\"https:\\\/\\\/canal7slp.tv\\\/2022\\\/potosinos-se-suman-a-la-marcha-contra-la-violencia-y-el-autoritarismo-convocada-a-nivel-nacional\\\/\"},\"author\":{\"name\":\"Edici\u00f3n Web\",\"@id\":\"https:\\\/\\\/canal7slp.tv\\\/2022\\\/#\\\/schema\\\/person\\\/429704152a21f5f856ce29aa69a238da\"},\"headline\":\"Potosinos se suman a la marcha contra la violencia y el autoritarismo, convocada a nivel nacional.\",\"datePublished\":\"2022-05-29T22:37:21+00:00\",\"mainEntityOfPage\":{\"@id\":\"https:\\\/\\\/canal7slp.tv\\\/2022\\\/potosinos-se-suman-a-la-marcha-contra-la-violencia-y-el-autoritarismo-convocada-a-nivel-nacional\\\/\"},\"wordCount\":353,\"publisher\":{\"@id\":\"https:\\\/\\\/canal7slp.tv\\\/2022\\\/#organization\"},\"image\":{\"@id\":\"https:\\\/\\\/canal7slp.tv\\\/2022\\\/potosinos-se-suman-a-la-marcha-contra-la-violencia-y-el-autoritarismo-convocada-a-nivel-nacional\\\/#primaryimage\"},\"thumbnailUrl\":\"https:\\\/\\\/canal7slp.tv\\\/2022\\\/wp-content\\\/uploads\\\/2022\\\/05\\\/Vazquez01Marcha.jpg\",\"articleSection\":[\"DESTACADAS\",\"LOCALES Y REGIONALES\"],\"inLanguage\":\"es\"},{\"@type\":\"WebPage\",\"@id\":\"https:\\\/\\\/canal7slp.tv\\\/2022\\\/potosinos-se-suman-a-la-marcha-contra-la-violencia-y-el-autoritarismo-convocada-a-nivel-nacional\\\/\",\"url\":\"https:\\\/\\\/canal7slp.tv\\\/2022\\\/potosinos-se-suman-a-la-marcha-contra-la-violencia-y-el-autoritarismo-convocada-a-nivel-nacional\\\/\",\"name\":\"Potosinos se suman a la marcha contra la violencia y el autoritarismo, convocada a nivel nacional. - Canal 7 SLP - 2022\",\"isPartOf\":{\"@id\":\"https:\\\/\\\/canal7slp.tv\\\/2022\\\/#website\"},\"primaryImageOfPage\":{\"@id\":\"https:\\\/\\\/canal7slp.tv\\\/2022\\\/potosinos-se-suman-a-la-marcha-contra-la-violencia-y-el-autoritarismo-convocada-a-nivel-nacional\\\/#primaryimage\"},\"image\":{\"@id\":\"https:\\\/\\\/canal7slp.tv\\\/2022\\\/potosinos-se-suman-a-la-marcha-contra-la-violencia-y-el-autoritarismo-convocada-a-nivel-nacional\\\/#primaryimage\"},\"thumbnailUrl\":\"https:\\\/\\\/canal7slp.tv\\\/2022\\\/wp-content\\\/uploads\\\/2022\\\/05\\\/Vazquez01Marcha.jpg\",\"datePublished\":\"2022-05-29T22:37:21+00:00\",\"breadcrumb\":{\"@id\":\"https:\\\/\\\/canal7slp.tv\\\/2022\\\/potosinos-se-suman-a-la-marcha-contra-la-violencia-y-el-autoritarismo-convocada-a-nivel-nacional\\\/#breadcrumb\"},\"inLanguage\":\"es\",\"potentialAction\":[{\"@type\":\"ReadAction\",\"target\":[\"https:\\\/\\\/canal7slp.tv\\\/2022\\\/potosinos-se-suman-a-la-marcha-contra-la-violencia-y-el-autoritarismo-convocada-a-nivel-nacional\\\/\"]}]},{\"@type\":\"ImageObject\",\"inLanguage\":\"es\",\"@id\":\"https:\\\/\\\/canal7slp.tv\\\/2022\\\/potosinos-se-suman-a-la-marcha-contra-la-violencia-y-el-autoritarismo-convocada-a-nivel-nacional\\\/#primaryimage\",\"url\":\"https:\\\/\\\/canal7slp.tv\\\/2022\\\/wp-content\\\/uploads\\\/2022\\\/05\\\/Vazquez01Marcha.jpg\",\"contentUrl\":\"https:\\\/\\\/canal7slp.tv\\\/2022\\\/wp-content\\\/uploads\\\/2022\\\/05\\\/Vazquez01Marcha.jpg\",\"width\":888,\"height\":500},{\"@type\":\"BreadcrumbList\",\"@id\":\"https:\\\/\\\/canal7slp.tv\\\/2022\\\/potosinos-se-suman-a-la-marcha-contra-la-violencia-y-el-autoritarismo-convocada-a-nivel-nacional\\\/#breadcrumb\",\"itemListElement\":[{\"@type\":\"ListItem\",\"position\":1,\"name\":\"Portada\",\"item\":\"https:\\\/\\\/canal7slp.tv\\\/2022\\\/\"},{\"@type\":\"ListItem\",\"position\":2,\"name\":\"Potosinos se suman a la marcha contra la violencia y el autoritarismo, convocada a nivel nacional.\"}]},{\"@type\":\"WebSite\",\"@id\":\"https:\\\/\\\/canal7slp.tv\\\/2022\\\/#website\",\"url\":\"https:\\\/\\\/canal7slp.tv\\\/2022\\\/\",\"name\":\"N7 - Noticieros Canal 7\",\"description\":\"Somos Televisi\u00f3n\",\"publisher\":{\"@id\":\"https:\\\/\\\/canal7slp.tv\\\/2022\\\/#organization\"},\"potentialAction\":[{\"@type\":\"SearchAction\",\"target\":{\"@type\":\"EntryPoint\",\"urlTemplate\":\"https:\\\/\\\/canal7slp.tv\\\/2022\\\/?s={search_term_string}\"},\"query-input\":{\"@type\":\"PropertyValueSpecification\",\"valueRequired\":true,\"valueName\":\"search_term_string\"}}],\"inLanguage\":\"es\"},{\"@type\":\"Organization\",\"@id\":\"https:\\\/\\\/canal7slp.tv\\\/2022\\\/#organization\",\"name\":\"Noticieros Canal 7\",\"url\":\"https:\\\/\\\/canal7slp.tv\\\/2022\\\/\",\"logo\":{\"@type\":\"ImageObject\",\"inLanguage\":\"es\",\"@id\":\"https:\\\/\\\/canal7slp.tv\\\/2022\\\/#\\\/schema\\\/logo\\\/image\\\/\",\"url\":\"https:\\\/\\\/canal7slp.tv\\\/2022\\\/wp-content\\\/uploads\\\/2021\\\/01\\\/logo-noticieros@2x.png\",\"contentUrl\":\"https:\\\/\\\/canal7slp.tv\\\/2022\\\/wp-content\\\/uploads\\\/2021\\\/01\\\/logo-noticieros@2x.png\",\"width\":1017,\"height\":268,\"caption\":\"Noticieros Canal 7\"},\"image\":{\"@id\":\"https:\\\/\\\/canal7slp.tv\\\/2022\\\/#\\\/schema\\\/logo\\\/image\\\/\"},\"sameAs\":[\"https:\\\/\\\/www.facebook.com\\\/noticieroscanalsiete\",\"https:\\\/\\\/x.com\\\/NOTICIEROS7\",\"https:\\\/\\\/www.instagram.com\\\/canal7_slp\",\"https:\\\/\\\/www.youtube.com\\\/channel\\\/UCliiYs-gP3JfJeqdPrNdd5A\"]},{\"@type\":\"Person\",\"@id\":\"https:\\\/\\\/canal7slp.tv\\\/2022\\\/#\\\/schema\\\/person\\\/429704152a21f5f856ce29aa69a238da\",\"name\":\"Edici\u00f3n Web\",\"image\":{\"@type\":\"ImageObject\",\"inLanguage\":\"es\",\"@id\":\"https:\\\/\\\/secure.gravatar.com\\\/avatar\\\/eee448fc3f7164808013b816ba91ac7e43bbe82a70bebac296f8bc6f0addaa1a?s=96&d=mm&r=g\",\"url\":\"https:\\\/\\\/secure.gravatar.com\\\/avatar\\\/eee448fc3f7164808013b816ba91ac7e43bbe82a70bebac296f8bc6f0addaa1a?s=96&d=mm&r=g\",\"contentUrl\":\"https:\\\/\\\/secure.gravatar.com\\\/avatar\\\/eee448fc3f7164808013b816ba91ac7e43bbe82a70bebac296f8bc6f0addaa1a?s=96&d=mm&r=g\",\"caption\":\"Edici\u00f3n Web\"},\"url\":\"https:\\\/\\\/canal7slp.tv\\\/2022\\\/author\\\/edicionweb\\\/\"}]}<\/script>\n<!-- \/ Yoast SEO plugin. -->","yoast_head_json":{"title":"Potosinos se suman a la marcha contra la violencia y el autoritarismo, convocada a nivel nacional. - Canal 7 SLP - 2022","robots":{"index":"index","follow":"follow","max-snippet":"max-snippet:-1","max-image-preview":"max-image-preview:large","max-video-preview":"max-video-preview:-1"},"canonical":"https:\/\/canal7slp.tv\/2022\/potosinos-se-suman-a-la-marcha-contra-la-violencia-y-el-autoritarismo-convocada-a-nivel-nacional\/","og_locale":"es_ES","og_type":"article","og_title":"Potosinos se suman a la marcha contra la violencia y el autoritarismo, convocada a nivel nacional. - Canal 7 SLP - 2022","og_description":"El punto de partida de la movilizaci\u00f3n pac\u00edfica en la capital, fue el Jard\u00edn de Tequis. SLP.- Este domingo, la asociaci\u00f3n civil \u201cPotosinos con Valor\u201d encabez\u00f3 una marcha pac\u00edfica en contra de la violencia que se vive en todo el pa\u00eds y en defensa del Instituto Nacional Electora, as\u00ed lo declar\u00f3 su presidente, Alberto Narv\u00e1ez Arochi. \u201cSon tres puntos muy importantes: detener la violencia, esto es buscar preservar la paz; segundo, la defensa de las instituciones que han sido severamente lastimadas por este sistema; y por ultimo la uni\u00f3n de los mexicanos, no m\u00e1s divisiones ning\u00fan pueblo desunido va a [&hellip;]","og_url":"https:\/\/canal7slp.tv\/2022\/potosinos-se-suman-a-la-marcha-contra-la-violencia-y-el-autoritarismo-convocada-a-nivel-nacional\/","og_site_name":"Canal 7 SLP - 2022","article_publisher":"https:\/\/www.facebook.com\/noticieroscanalsiete","article_published_time":"2022-05-29T22:37:21+00:00","og_image":[{"width":888,"height":500,"url":"https:\/\/canal7slp.tv\/2022\/wp-content\/uploads\/2022\/05\/Vazquez01Marcha.jpg","type":"image\/jpeg"}],"author":"Edici\u00f3n Web","twitter_card":"summary_large_image","twitter_creator":"@NOTICIEROS7","twitter_site":"@NOTICIEROS7","twitter_misc":{"Escrito por":"Edici\u00f3n Web","Tiempo de lectura":"2 minutos"},"schema":{"@context":"https:\/\/schema.org","@graph":[{"@type":"Article","@id":"https:\/\/canal7slp.tv\/2022\/potosinos-se-suman-a-la-marcha-contra-la-violencia-y-el-autoritarismo-convocada-a-nivel-nacional\/#article","isPartOf":{"@id":"https:\/\/canal7slp.tv\/2022\/potosinos-se-suman-a-la-marcha-contra-la-violencia-y-el-autoritarismo-convocada-a-nivel-nacional\/"},"author":{"name":"Edici\u00f3n Web","@id":"https:\/\/canal7slp.tv\/2022\/#\/schema\/person\/429704152a21f5f856ce29aa69a238da"},"headline":"Potosinos se suman a la marcha contra la violencia y el autoritarismo, convocada a nivel nacional.","datePublished":"2022-05-29T22:37:21+00:00","mainEntityOfPage":{"@id":"https:\/\/canal7slp.tv\/2022\/potosinos-se-suman-a-la-marcha-contra-la-violencia-y-el-autoritarismo-convocada-a-nivel-nacional\/"},"wordCount":353,"publisher":{"@id":"https:\/\/canal7slp.tv\/2022\/#organization"},"image":{"@id":"https:\/\/canal7slp.tv\/2022\/potosinos-se-suman-a-la-marcha-contra-la-violencia-y-el-autoritarismo-convocada-a-nivel-nacional\/#primaryimage"},"thumbnailUrl":"https:\/\/canal7slp.tv\/2022\/wp-content\/uploads\/2022\/05\/Vazquez01Marcha.jpg","articleSection":["DESTACADAS","LOCALES Y REGIONALES"],"inLanguage":"es"},{"@type":"WebPage","@id":"https:\/\/canal7slp.tv\/2022\/potosinos-se-suman-a-la-marcha-contra-la-violencia-y-el-autoritarismo-convocada-a-nivel-nacional\/","url":"https:\/\/canal7slp.tv\/2022\/potosinos-se-suman-a-la-marcha-contra-la-violencia-y-el-autoritarismo-convocada-a-nivel-nacional\/","name":"Potosinos se suman a la marcha contra la violencia y el autoritarismo, convocada a nivel nacional. - Canal 7 SLP - 2022","isPartOf":{"@id":"https:\/\/canal7slp.tv\/2022\/#website"},"primaryImageOfPage":{"@id":"https:\/\/canal7slp.tv\/2022\/potosinos-se-suman-a-la-marcha-contra-la-violencia-y-el-autoritarismo-convocada-a-nivel-nacional\/#primaryimage"},"image":{"@id":"https:\/\/canal7slp.tv\/2022\/potosinos-se-suman-a-la-marcha-contra-la-violencia-y-el-autoritarismo-convocada-a-nivel-nacional\/#primaryimage"},"thumbnailUrl":"https:\/\/canal7slp.tv\/2022\/wp-content\/uploads\/2022\/05\/Vazquez01Marcha.jpg","datePublished":"2022-05-29T22:37:21+00:00","breadcrumb":{"@id":"https:\/\/canal7slp.tv\/2022\/potosinos-se-suman-a-la-marcha-contra-la-violencia-y-el-autoritarismo-convocada-a-nivel-nacional\/#breadcrumb"},"inLanguage":"es","potentialAction":[{"@type":"ReadAction","target":["https:\/\/canal7slp.tv\/2022\/potosinos-se-suman-a-la-marcha-contra-la-violencia-y-el-autoritarismo-convocada-a-nivel-nacional\/"]}]},{"@type":"ImageObject","inLanguage":"es","@id":"https:\/\/canal7slp.tv\/2022\/potosinos-se-suman-a-la-marcha-contra-la-violencia-y-el-autoritarismo-convocada-a-nivel-nacional\/#primaryimage","url":"https:\/\/canal7slp.tv\/2022\/wp-content\/uploads\/2022\/05\/Vazquez01Marcha.jpg","contentUrl":"https:\/\/canal7slp.tv\/2022\/wp-content\/uploads\/2022\/05\/Vazquez01Marcha.jpg","width":888,"height":500},{"@type":"BreadcrumbList","@id":"https:\/\/canal7slp.tv\/2022\/potosinos-se-suman-a-la-marcha-contra-la-violencia-y-el-autoritarismo-convocada-a-nivel-nacional\/#breadcrumb","itemListElement":[{"@type":"ListItem","position":1,"name":"Portada","item":"https:\/\/canal7slp.tv\/2022\/"},{"@type":"ListItem","position":2,"name":"Potosinos se suman a la marcha contra la violencia y el autoritarismo, convocada a nivel nacional."}]},{"@type":"WebSite","@id":"https:\/\/canal7slp.tv\/2022\/#website","url":"https:\/\/canal7slp.tv\/2022\/","name":"N7 - Noticieros Canal 7","description":"Somos Televisi\u00f3n","publisher":{"@id":"https:\/\/canal7slp.tv\/2022\/#organization"},"potentialAction":[{"@type":"SearchAction","target":{"@type":"EntryPoint","urlTemplate":"https:\/\/canal7slp.tv\/2022\/?s={search_term_string}"},"query-input":{"@type":"PropertyValueSpecification","valueRequired":true,"valueName":"search_term_string"}}],"inLanguage":"es"},{"@type":"Organization","@id":"https:\/\/canal7slp.tv\/2022\/#organization","name":"Noticieros Canal 7","url":"https:\/\/canal7slp.tv\/2022\/","logo":{"@type":"ImageObject","inLanguage":"es","@id":"https:\/\/canal7slp.tv\/2022\/#\/schema\/logo\/image\/","url":"https:\/\/canal7slp.tv\/2022\/wp-content\/uploads\/2021\/01\/logo-noticieros@2x.png","contentUrl":"https:\/\/canal7slp.tv\/2022\/wp-content\/uploads\/2021\/01\/logo-noticieros@2x.png","width":1017,"height":268,"caption":"Noticieros Canal 7"},"image":{"@id":"https:\/\/canal7slp.tv\/2022\/#\/schema\/logo\/image\/"},"sameAs":["https:\/\/www.facebook.com\/noticieroscanalsiete","https:\/\/x.com\/NOTICIEROS7","https:\/\/www.instagram.com\/canal7_slp","https:\/\/www.youtube.com\/channel\/UCliiYs-gP3JfJeqdPrNdd5A"]},{"@type":"Person","@id":"https:\/\/canal7slp.tv\/2022\/#\/schema\/person\/429704152a21f5f856ce29aa69a238da","name":"Edici\u00f3n Web","image":{"@type":"ImageObject","inLanguage":"es","@id":"https:\/\/secure.gravatar.com\/avatar\/eee448fc3f7164808013b816ba91ac7e43bbe82a70bebac296f8bc6f0addaa1a?s=96&d=mm&r=g","url":"https:\/\/secure.gravatar.com\/avatar\/eee448fc3f7164808013b816ba91ac7e43bbe82a70bebac296f8bc6f0addaa1a?s=96&d=mm&r=g","contentUrl":"https:\/\/secure.gravatar.com\/avatar\/eee448fc3f7164808013b816ba91ac7e43bbe82a70bebac296f8bc6f0addaa1a?s=96&d=mm&r=g","caption":"Edici\u00f3n Web"},"url":"https:\/\/canal7slp.tv\/2022\/author\/edicionweb\/"}]}},"amp_enabled":true,"_links":{"self":[{"href":"https:\/\/canal7slp.tv\/2022\/wp-json\/wp\/v2\/posts\/61782","targetHints":{"allow":["GET"]}}],"collection":[{"href":"https:\/\/canal7slp.tv\/2022\/wp-json\/wp\/v2\/posts"}],"about":[{"href":"https:\/\/canal7slp.tv\/2022\/wp-json\/wp\/v2\/types\/post"}],"author":[{"embeddable":true,"href":"https:\/\/canal7slp.tv\/2022\/wp-json\/wp\/v2\/users\/2"}],"replies":[{"embeddable":true,"href":"https:\/\/canal7slp.tv\/2022\/wp-json\/wp\/v2\/comments?post=61782"}],"version-history":[{"count":4,"href":"https:\/\/canal7slp.tv\/2022\/wp-json\/wp\/v2\/posts\/61782\/revisions"}],"predecessor-version":[{"id":61793,"href":"https:\/\/canal7slp.tv\/2022\/wp-json\/wp\/v2\/posts\/61782\/revisions\/61793"}],"wp:featuredmedia":[{"embeddable":true,"href":"https:\/\/canal7slp.tv\/2022\/wp-json\/wp\/v2\/media\/61791"}],"wp:attachment":[{"href":"https:\/\/canal7slp.tv\/2022\/wp-json\/wp\/v2\/media?parent=61782"}],"wp:term":[{"taxonomy":"category","embeddable":true,"href":"https:\/\/canal7slp.tv\/2022\/wp-json\/wp\/v2\/categories?post=61782"},{"taxonomy":"post_tag","embeddable":true,"href":"https:\/\/canal7slp.tv\/2022\/wp-json\/wp\/v2\/tags?post=61782"}],"curies":[{"name":"wp","href":"https:\/\/api.w.org\/{rel}","templated":true}]}}