{"id":61756,"date":"2022-05-29T12:02:33","date_gmt":"2022-05-29T18:02:33","guid":{"rendered":"https:\/\/canal7slp.tv\/2022\/?p=61756"},"modified":"2022-05-29T12:09:51","modified_gmt":"2022-05-29T18:09:51","slug":"lluvias-torrenciales-cobran-la-vida-de-34-personas-en-brasil","status":"publish","type":"post","link":"https:\/\/canal7slp.tv\/2022\/lluvias-torrenciales-cobran-la-vida-de-34-personas-en-brasil\/","title":{"rendered":"Lluvias torrenciales cobran la vida de 34 personas en Brasil"},"content":{"rendered":"<p style=\"text-align: justify;\">Brasilia.- Reciente lluvias torrenciales han azotado la zona metropolitana de Recife, capital de Pernambuco, dejando un saldo de por lo menos 34 muertos, 29 de ellos en las \u00faltimas 24 horas, seg\u00fan el \u00faltimo balance.<\/p>\n<p style=\"text-align: justify;\">\u201cDesde el \u00faltimo mi\u00e9rcoles hasta el mediod\u00eda de este s\u00e1bado fueron registrados 34 muertos en el estado\u201d, inform\u00f3 Defensa Civil en un comunicado.<\/p>\n<p style=\"text-align: justify;\">Solo \u201cen las \u00faltimas 24 horas\u201d fallecieron al menos 29 personas por la furia de las aguas torrenciales que arrasaron todo a su paso y dejaron un reguero de destrucci\u00f3n.<\/p>\n<p style=\"text-align: justify;\">El evento m\u00e1s dram\u00e1tico se registr\u00f3 a primera hora de la ma\u00f1ana, cuando 19 personas fallecieron en un \u201cgran deslizamiento de tierra\u201d en la comunidad Jardim Monteverde, en la frontera entre Recife y el municipio de Jaboatao dos Guararapes.<\/p>\n<p style=\"text-align: justify;\">Otras seis perdieron la vida en otro deslave en el municipio de Camaragibe. Dos fallecieron en Recife y otro en Jaboatao dos Guararapes.<\/p>\n<p style=\"text-align: justify;\">El mi\u00e9rcoles ya hab\u00edan fallecido cinco personas, cuatro de ellas en Olinda: tres sepultadas por deslizamientos y una tras caer en un canal.<\/p>\n<p style=\"text-align: justify;\">Las intensas lluvias dejaron asimismo m\u00e1s de mil 300 desplazados o sin hogar.<\/p>\n","protected":false},"excerpt":{"rendered":"<p>Brasilia.- Reciente lluvias torrenciales han azotado la zona metropolitana de Recife, capital de Pernambuco, dejando un saldo de por lo menos 34 muertos, 29 de ellos en las \u00faltimas 24 horas, seg\u00fan el \u00faltimo balance. \u201cDesde el \u00faltimo mi\u00e9rcoles hasta el mediod\u00eda de este s\u00e1bado fueron registrados 34 muertos en el estado\u201d, inform\u00f3 Defensa Civil en un comunicado. Solo \u201cen las \u00faltimas 24 horas\u201d fallecieron al menos 29 personas por la furia de las aguas torrenciales que arrasaron todo a su paso y dejaron un reguero de destrucci\u00f3n. El evento m\u00e1s dram\u00e1tico se registr\u00f3 a primera hora de la ma\u00f1ana, [&hellip;]<\/p>\n","protected":false},"author":2,"featured_media":61769,"comment_status":"closed","ping_status":"closed","sticky":false,"template":"","format":"standard","meta":{"footnotes":""},"categories":[44],"tags":[],"class_list":["post-61756","post","type-post","status-publish","format-standard","has-post-thumbnail","hentry","category-internacional","post--single"],"yoast_head":"<!-- This site is optimized with the Yoast SEO plugin v27.5 - https:\/\/yoast.com\/product\/yoast-seo-wordpress\/ -->\n<title>Lluvias torrenciales cobran la vida de 34 personas en Brasil - Canal 7 SLP - 2022<\/title>\n<meta name=\"robots\" content=\"index, follow, max-snippet:-1, max-image-preview:large, max-video-preview:-1\" \/>\n<link rel=\"canonical\" href=\"https:\/\/canal7slp.tv\/2022\/lluvias-torrenciales-cobran-la-vida-de-34-personas-en-brasil\/\" \/>\n<meta property=\"og:locale\" content=\"es_ES\" \/>\n<meta property=\"og:type\" content=\"article\" \/>\n<meta property=\"og:title\" content=\"Lluvias torrenciales cobran la vida de 34 personas en Brasil - Canal 7 SLP - 2022\" \/>\n<meta property=\"og:description\" content=\"Brasilia.- Reciente lluvias torrenciales han azotado la zona metropolitana de Recife, capital de Pernambuco, dejando un saldo de por lo menos 34 muertos, 29 de ellos en las \u00faltimas 24 horas, seg\u00fan el \u00faltimo balance. \u201cDesde el \u00faltimo mi\u00e9rcoles hasta el mediod\u00eda de este s\u00e1bado fueron registrados 34 muertos en el estado\u201d, inform\u00f3 Defensa Civil en un comunicado. Solo \u201cen las \u00faltimas 24 horas\u201d fallecieron al menos 29 personas por la furia de las aguas torrenciales que arrasaron todo a su paso y dejaron un reguero de destrucci\u00f3n. El evento m\u00e1s dram\u00e1tico se registr\u00f3 a primera hora de la ma\u00f1ana, [&hellip;]\" \/>\n<meta property=\"og:url\" content=\"https:\/\/canal7slp.tv\/2022\/lluvias-torrenciales-cobran-la-vida-de-34-personas-en-brasil\/\" \/>\n<meta property=\"og:site_name\" content=\"Canal 7 SLP - 2022\" \/>\n<meta property=\"article:publisher\" content=\"https:\/\/www.facebook.com\/noticieroscanalsiete\" \/>\n<meta property=\"article:published_time\" content=\"2022-05-29T18:02:33+00:00\" \/>\n<meta property=\"article:modified_time\" content=\"2022-05-29T18:09:51+00:00\" \/>\n<meta property=\"og:image\" content=\"https:\/\/canal7slp.tv\/2022\/wp-content\/uploads\/2022\/05\/05-19.jpg\" \/>\n\t<meta property=\"og:image:width\" content=\"880\" \/>\n\t<meta property=\"og:image:height\" content=\"495\" \/>\n\t<meta property=\"og:image:type\" content=\"image\/jpeg\" \/>\n<meta name=\"author\" content=\"Edici\u00f3n Web\" \/>\n<meta name=\"twitter:card\" content=\"summary_large_image\" \/>\n<meta name=\"twitter:creator\" content=\"@NOTICIEROS7\" \/>\n<meta name=\"twitter:site\" content=\"@NOTICIEROS7\" \/>\n<meta name=\"twitter:label1\" content=\"Escrito por\" \/>\n\t<meta name=\"twitter:data1\" content=\"Edici\u00f3n Web\" \/>\n\t<meta name=\"twitter:label2\" content=\"Tiempo de lectura\" \/>\n\t<meta name=\"twitter:data2\" content=\"1 minuto\" \/>\n<script type=\"application\/ld+json\" class=\"yoast-schema-graph\">{\"@context\":\"https:\\\/\\\/schema.org\",\"@graph\":[{\"@type\":\"Article\",\"@id\":\"https:\\\/\\\/canal7slp.tv\\\/2022\\\/lluvias-torrenciales-cobran-la-vida-de-34-personas-en-brasil\\\/#article\",\"isPartOf\":{\"@id\":\"https:\\\/\\\/canal7slp.tv\\\/2022\\\/lluvias-torrenciales-cobran-la-vida-de-34-personas-en-brasil\\\/\"},\"author\":{\"name\":\"Edici\u00f3n Web\",\"@id\":\"https:\\\/\\\/canal7slp.tv\\\/2022\\\/#\\\/schema\\\/person\\\/429704152a21f5f856ce29aa69a238da\"},\"headline\":\"Lluvias torrenciales cobran la vida de 34 personas en Brasil\",\"datePublished\":\"2022-05-29T18:02:33+00:00\",\"dateModified\":\"2022-05-29T18:09:51+00:00\",\"mainEntityOfPage\":{\"@id\":\"https:\\\/\\\/canal7slp.tv\\\/2022\\\/lluvias-torrenciales-cobran-la-vida-de-34-personas-en-brasil\\\/\"},\"wordCount\":199,\"publisher\":{\"@id\":\"https:\\\/\\\/canal7slp.tv\\\/2022\\\/#organization\"},\"image\":{\"@id\":\"https:\\\/\\\/canal7slp.tv\\\/2022\\\/lluvias-torrenciales-cobran-la-vida-de-34-personas-en-brasil\\\/#primaryimage\"},\"thumbnailUrl\":\"https:\\\/\\\/canal7slp.tv\\\/2022\\\/wp-content\\\/uploads\\\/2022\\\/05\\\/05-19.jpg\",\"articleSection\":[\"INTERNACIONALES\"],\"inLanguage\":\"es\"},{\"@type\":\"WebPage\",\"@id\":\"https:\\\/\\\/canal7slp.tv\\\/2022\\\/lluvias-torrenciales-cobran-la-vida-de-34-personas-en-brasil\\\/\",\"url\":\"https:\\\/\\\/canal7slp.tv\\\/2022\\\/lluvias-torrenciales-cobran-la-vida-de-34-personas-en-brasil\\\/\",\"name\":\"Lluvias torrenciales cobran la vida de 34 personas en Brasil - Canal 7 SLP - 2022\",\"isPartOf\":{\"@id\":\"https:\\\/\\\/canal7slp.tv\\\/2022\\\/#website\"},\"primaryImageOfPage\":{\"@id\":\"https:\\\/\\\/canal7slp.tv\\\/2022\\\/lluvias-torrenciales-cobran-la-vida-de-34-personas-en-brasil\\\/#primaryimage\"},\"image\":{\"@id\":\"https:\\\/\\\/canal7slp.tv\\\/2022\\\/lluvias-torrenciales-cobran-la-vida-de-34-personas-en-brasil\\\/#primaryimage\"},\"thumbnailUrl\":\"https:\\\/\\\/canal7slp.tv\\\/2022\\\/wp-content\\\/uploads\\\/2022\\\/05\\\/05-19.jpg\",\"datePublished\":\"2022-05-29T18:02:33+00:00\",\"dateModified\":\"2022-05-29T18:09:51+00:00\",\"breadcrumb\":{\"@id\":\"https:\\\/\\\/canal7slp.tv\\\/2022\\\/lluvias-torrenciales-cobran-la-vida-de-34-personas-en-brasil\\\/#breadcrumb\"},\"inLanguage\":\"es\",\"potentialAction\":[{\"@type\":\"ReadAction\",\"target\":[\"https:\\\/\\\/canal7slp.tv\\\/2022\\\/lluvias-torrenciales-cobran-la-vida-de-34-personas-en-brasil\\\/\"]}]},{\"@type\":\"ImageObject\",\"inLanguage\":\"es\",\"@id\":\"https:\\\/\\\/canal7slp.tv\\\/2022\\\/lluvias-torrenciales-cobran-la-vida-de-34-personas-en-brasil\\\/#primaryimage\",\"url\":\"https:\\\/\\\/canal7slp.tv\\\/2022\\\/wp-content\\\/uploads\\\/2022\\\/05\\\/05-19.jpg\",\"contentUrl\":\"https:\\\/\\\/canal7slp.tv\\\/2022\\\/wp-content\\\/uploads\\\/2022\\\/05\\\/05-19.jpg\",\"width\":880,\"height\":495},{\"@type\":\"BreadcrumbList\",\"@id\":\"https:\\\/\\\/canal7slp.tv\\\/2022\\\/lluvias-torrenciales-cobran-la-vida-de-34-personas-en-brasil\\\/#breadcrumb\",\"itemListElement\":[{\"@type\":\"ListItem\",\"position\":1,\"name\":\"Portada\",\"item\":\"https:\\\/\\\/canal7slp.tv\\\/2022\\\/\"},{\"@type\":\"ListItem\",\"position\":2,\"name\":\"Lluvias torrenciales cobran la vida de 34 personas en Brasil\"}]},{\"@type\":\"WebSite\",\"@id\":\"https:\\\/\\\/canal7slp.tv\\\/2022\\\/#website\",\"url\":\"https:\\\/\\\/canal7slp.tv\\\/2022\\\/\",\"name\":\"N7 - Noticieros Canal 7\",\"description\":\"Somos Televisi\u00f3n\",\"publisher\":{\"@id\":\"https:\\\/\\\/canal7slp.tv\\\/2022\\\/#organization\"},\"potentialAction\":[{\"@type\":\"SearchAction\",\"target\":{\"@type\":\"EntryPoint\",\"urlTemplate\":\"https:\\\/\\\/canal7slp.tv\\\/2022\\\/?s={search_term_string}\"},\"query-input\":{\"@type\":\"PropertyValueSpecification\",\"valueRequired\":true,\"valueName\":\"search_term_string\"}}],\"inLanguage\":\"es\"},{\"@type\":\"Organization\",\"@id\":\"https:\\\/\\\/canal7slp.tv\\\/2022\\\/#organization\",\"name\":\"Noticieros Canal 7\",\"url\":\"https:\\\/\\\/canal7slp.tv\\\/2022\\\/\",\"logo\":{\"@type\":\"ImageObject\",\"inLanguage\":\"es\",\"@id\":\"https:\\\/\\\/canal7slp.tv\\\/2022\\\/#\\\/schema\\\/logo\\\/image\\\/\",\"url\":\"https:\\\/\\\/canal7slp.tv\\\/2022\\\/wp-content\\\/uploads\\\/2021\\\/01\\\/logo-noticieros@2x.png\",\"contentUrl\":\"https:\\\/\\\/canal7slp.tv\\\/2022\\\/wp-content\\\/uploads\\\/2021\\\/01\\\/logo-noticieros@2x.png\",\"width\":1017,\"height\":268,\"caption\":\"Noticieros Canal 7\"},\"image\":{\"@id\":\"https:\\\/\\\/canal7slp.tv\\\/2022\\\/#\\\/schema\\\/logo\\\/image\\\/\"},\"sameAs\":[\"https:\\\/\\\/www.facebook.com\\\/noticieroscanalsiete\",\"https:\\\/\\\/x.com\\\/NOTICIEROS7\",\"https:\\\/\\\/www.instagram.com\\\/canal7_slp\",\"https:\\\/\\\/www.youtube.com\\\/channel\\\/UCliiYs-gP3JfJeqdPrNdd5A\"]},{\"@type\":\"Person\",\"@id\":\"https:\\\/\\\/canal7slp.tv\\\/2022\\\/#\\\/schema\\\/person\\\/429704152a21f5f856ce29aa69a238da\",\"name\":\"Edici\u00f3n Web\",\"image\":{\"@type\":\"ImageObject\",\"inLanguage\":\"es\",\"@id\":\"https:\\\/\\\/secure.gravatar.com\\\/avatar\\\/eee448fc3f7164808013b816ba91ac7e43bbe82a70bebac296f8bc6f0addaa1a?s=96&d=mm&r=g\",\"url\":\"https:\\\/\\\/secure.gravatar.com\\\/avatar\\\/eee448fc3f7164808013b816ba91ac7e43bbe82a70bebac296f8bc6f0addaa1a?s=96&d=mm&r=g\",\"contentUrl\":\"https:\\\/\\\/secure.gravatar.com\\\/avatar\\\/eee448fc3f7164808013b816ba91ac7e43bbe82a70bebac296f8bc6f0addaa1a?s=96&d=mm&r=g\",\"caption\":\"Edici\u00f3n Web\"},\"url\":\"https:\\\/\\\/canal7slp.tv\\\/2022\\\/author\\\/edicionweb\\\/\"}]}<\/script>\n<!-- \/ Yoast SEO plugin. -->","yoast_head_json":{"title":"Lluvias torrenciales cobran la vida de 34 personas en Brasil - Canal 7 SLP - 2022","robots":{"index":"index","follow":"follow","max-snippet":"max-snippet:-1","max-image-preview":"max-image-preview:large","max-video-preview":"max-video-preview:-1"},"canonical":"https:\/\/canal7slp.tv\/2022\/lluvias-torrenciales-cobran-la-vida-de-34-personas-en-brasil\/","og_locale":"es_ES","og_type":"article","og_title":"Lluvias torrenciales cobran la vida de 34 personas en Brasil - Canal 7 SLP - 2022","og_description":"Brasilia.- Reciente lluvias torrenciales han azotado la zona metropolitana de Recife, capital de Pernambuco, dejando un saldo de por lo menos 34 muertos, 29 de ellos en las \u00faltimas 24 horas, seg\u00fan el \u00faltimo balance. \u201cDesde el \u00faltimo mi\u00e9rcoles hasta el mediod\u00eda de este s\u00e1bado fueron registrados 34 muertos en el estado\u201d, inform\u00f3 Defensa Civil en un comunicado. Solo \u201cen las \u00faltimas 24 horas\u201d fallecieron al menos 29 personas por la furia de las aguas torrenciales que arrasaron todo a su paso y dejaron un reguero de destrucci\u00f3n. El evento m\u00e1s dram\u00e1tico se registr\u00f3 a primera hora de la ma\u00f1ana, [&hellip;]","og_url":"https:\/\/canal7slp.tv\/2022\/lluvias-torrenciales-cobran-la-vida-de-34-personas-en-brasil\/","og_site_name":"Canal 7 SLP - 2022","article_publisher":"https:\/\/www.facebook.com\/noticieroscanalsiete","article_published_time":"2022-05-29T18:02:33+00:00","article_modified_time":"2022-05-29T18:09:51+00:00","og_image":[{"width":880,"height":495,"url":"https:\/\/canal7slp.tv\/2022\/wp-content\/uploads\/2022\/05\/05-19.jpg","type":"image\/jpeg"}],"author":"Edici\u00f3n Web","twitter_card":"summary_large_image","twitter_creator":"@NOTICIEROS7","twitter_site":"@NOTICIEROS7","twitter_misc":{"Escrito por":"Edici\u00f3n Web","Tiempo de lectura":"1 minuto"},"schema":{"@context":"https:\/\/schema.org","@graph":[{"@type":"Article","@id":"https:\/\/canal7slp.tv\/2022\/lluvias-torrenciales-cobran-la-vida-de-34-personas-en-brasil\/#article","isPartOf":{"@id":"https:\/\/canal7slp.tv\/2022\/lluvias-torrenciales-cobran-la-vida-de-34-personas-en-brasil\/"},"author":{"name":"Edici\u00f3n Web","@id":"https:\/\/canal7slp.tv\/2022\/#\/schema\/person\/429704152a21f5f856ce29aa69a238da"},"headline":"Lluvias torrenciales cobran la vida de 34 personas en Brasil","datePublished":"2022-05-29T18:02:33+00:00","dateModified":"2022-05-29T18:09:51+00:00","mainEntityOfPage":{"@id":"https:\/\/canal7slp.tv\/2022\/lluvias-torrenciales-cobran-la-vida-de-34-personas-en-brasil\/"},"wordCount":199,"publisher":{"@id":"https:\/\/canal7slp.tv\/2022\/#organization"},"image":{"@id":"https:\/\/canal7slp.tv\/2022\/lluvias-torrenciales-cobran-la-vida-de-34-personas-en-brasil\/#primaryimage"},"thumbnailUrl":"https:\/\/canal7slp.tv\/2022\/wp-content\/uploads\/2022\/05\/05-19.jpg","articleSection":["INTERNACIONALES"],"inLanguage":"es"},{"@type":"WebPage","@id":"https:\/\/canal7slp.tv\/2022\/lluvias-torrenciales-cobran-la-vida-de-34-personas-en-brasil\/","url":"https:\/\/canal7slp.tv\/2022\/lluvias-torrenciales-cobran-la-vida-de-34-personas-en-brasil\/","name":"Lluvias torrenciales cobran la vida de 34 personas en Brasil - Canal 7 SLP - 2022","isPartOf":{"@id":"https:\/\/canal7slp.tv\/2022\/#website"},"primaryImageOfPage":{"@id":"https:\/\/canal7slp.tv\/2022\/lluvias-torrenciales-cobran-la-vida-de-34-personas-en-brasil\/#primaryimage"},"image":{"@id":"https:\/\/canal7slp.tv\/2022\/lluvias-torrenciales-cobran-la-vida-de-34-personas-en-brasil\/#primaryimage"},"thumbnailUrl":"https:\/\/canal7slp.tv\/2022\/wp-content\/uploads\/2022\/05\/05-19.jpg","datePublished":"2022-05-29T18:02:33+00:00","dateModified":"2022-05-29T18:09:51+00:00","breadcrumb":{"@id":"https:\/\/canal7slp.tv\/2022\/lluvias-torrenciales-cobran-la-vida-de-34-personas-en-brasil\/#breadcrumb"},"inLanguage":"es","potentialAction":[{"@type":"ReadAction","target":["https:\/\/canal7slp.tv\/2022\/lluvias-torrenciales-cobran-la-vida-de-34-personas-en-brasil\/"]}]},{"@type":"ImageObject","inLanguage":"es","@id":"https:\/\/canal7slp.tv\/2022\/lluvias-torrenciales-cobran-la-vida-de-34-personas-en-brasil\/#primaryimage","url":"https:\/\/canal7slp.tv\/2022\/wp-content\/uploads\/2022\/05\/05-19.jpg","contentUrl":"https:\/\/canal7slp.tv\/2022\/wp-content\/uploads\/2022\/05\/05-19.jpg","width":880,"height":495},{"@type":"BreadcrumbList","@id":"https:\/\/canal7slp.tv\/2022\/lluvias-torrenciales-cobran-la-vida-de-34-personas-en-brasil\/#breadcrumb","itemListElement":[{"@type":"ListItem","position":1,"name":"Portada","item":"https:\/\/canal7slp.tv\/2022\/"},{"@type":"ListItem","position":2,"name":"Lluvias torrenciales cobran la vida de 34 personas en Brasil"}]},{"@type":"WebSite","@id":"https:\/\/canal7slp.tv\/2022\/#website","url":"https:\/\/canal7slp.tv\/2022\/","name":"N7 - Noticieros Canal 7","description":"Somos Televisi\u00f3n","publisher":{"@id":"https:\/\/canal7slp.tv\/2022\/#organization"},"potentialAction":[{"@type":"SearchAction","target":{"@type":"EntryPoint","urlTemplate":"https:\/\/canal7slp.tv\/2022\/?s={search_term_string}"},"query-input":{"@type":"PropertyValueSpecification","valueRequired":true,"valueName":"search_term_string"}}],"inLanguage":"es"},{"@type":"Organization","@id":"https:\/\/canal7slp.tv\/2022\/#organization","name":"Noticieros Canal 7","url":"https:\/\/canal7slp.tv\/2022\/","logo":{"@type":"ImageObject","inLanguage":"es","@id":"https:\/\/canal7slp.tv\/2022\/#\/schema\/logo\/image\/","url":"https:\/\/canal7slp.tv\/2022\/wp-content\/uploads\/2021\/01\/logo-noticieros@2x.png","contentUrl":"https:\/\/canal7slp.tv\/2022\/wp-content\/uploads\/2021\/01\/logo-noticieros@2x.png","width":1017,"height":268,"caption":"Noticieros Canal 7"},"image":{"@id":"https:\/\/canal7slp.tv\/2022\/#\/schema\/logo\/image\/"},"sameAs":["https:\/\/www.facebook.com\/noticieroscanalsiete","https:\/\/x.com\/NOTICIEROS7","https:\/\/www.instagram.com\/canal7_slp","https:\/\/www.youtube.com\/channel\/UCliiYs-gP3JfJeqdPrNdd5A"]},{"@type":"Person","@id":"https:\/\/canal7slp.tv\/2022\/#\/schema\/person\/429704152a21f5f856ce29aa69a238da","name":"Edici\u00f3n Web","image":{"@type":"ImageObject","inLanguage":"es","@id":"https:\/\/secure.gravatar.com\/avatar\/eee448fc3f7164808013b816ba91ac7e43bbe82a70bebac296f8bc6f0addaa1a?s=96&d=mm&r=g","url":"https:\/\/secure.gravatar.com\/avatar\/eee448fc3f7164808013b816ba91ac7e43bbe82a70bebac296f8bc6f0addaa1a?s=96&d=mm&r=g","contentUrl":"https:\/\/secure.gravatar.com\/avatar\/eee448fc3f7164808013b816ba91ac7e43bbe82a70bebac296f8bc6f0addaa1a?s=96&d=mm&r=g","caption":"Edici\u00f3n Web"},"url":"https:\/\/canal7slp.tv\/2022\/author\/edicionweb\/"}]}},"amp_enabled":true,"_links":{"self":[{"href":"https:\/\/canal7slp.tv\/2022\/wp-json\/wp\/v2\/posts\/61756","targetHints":{"allow":["GET"]}}],"collection":[{"href":"https:\/\/canal7slp.tv\/2022\/wp-json\/wp\/v2\/posts"}],"about":[{"href":"https:\/\/canal7slp.tv\/2022\/wp-json\/wp\/v2\/types\/post"}],"author":[{"embeddable":true,"href":"https:\/\/canal7slp.tv\/2022\/wp-json\/wp\/v2\/users\/2"}],"replies":[{"embeddable":true,"href":"https:\/\/canal7slp.tv\/2022\/wp-json\/wp\/v2\/comments?post=61756"}],"version-history":[{"count":4,"href":"https:\/\/canal7slp.tv\/2022\/wp-json\/wp\/v2\/posts\/61756\/revisions"}],"predecessor-version":[{"id":61781,"href":"https:\/\/canal7slp.tv\/2022\/wp-json\/wp\/v2\/posts\/61756\/revisions\/61781"}],"wp:featuredmedia":[{"embeddable":true,"href":"https:\/\/canal7slp.tv\/2022\/wp-json\/wp\/v2\/media\/61769"}],"wp:attachment":[{"href":"https:\/\/canal7slp.tv\/2022\/wp-json\/wp\/v2\/media?parent=61756"}],"wp:term":[{"taxonomy":"category","embeddable":true,"href":"https:\/\/canal7slp.tv\/2022\/wp-json\/wp\/v2\/categories?post=61756"},{"taxonomy":"post_tag","embeddable":true,"href":"https:\/\/canal7slp.tv\/2022\/wp-json\/wp\/v2\/tags?post=61756"}],"curies":[{"name":"wp","href":"https:\/\/api.w.org\/{rel}","templated":true}]}}