{"id":61755,"date":"2022-05-29T12:02:31","date_gmt":"2022-05-29T18:02:31","guid":{"rendered":"https:\/\/canal7slp.tv\/2022\/?p=61755"},"modified":"2022-05-29T12:07:24","modified_gmt":"2022-05-29T18:07:24","slug":"en-nepal-desaparece-avion-con-22-personas","status":"publish","type":"post","link":"https:\/\/canal7slp.tv\/2022\/en-nepal-desaparece-avion-con-22-personas\/","title":{"rendered":"En Nepal, desaparece avi\u00f3n con 22 personas"},"content":{"rendered":"<p style=\"text-align: justify;\">Katmand\u00fa.- La aerol\u00ednea Tara Air anunci\u00f3 que un avi\u00f3n con 22 personas a bordo desapareci\u00f3 en una zona monta\u00f1osa de Nepal<\/p>\n<p style=\"text-align: justify;\">\u00abUn vuelo dom\u00e9stico con destino a Jomsom que despeg\u00f3 en Pokhara perdi\u00f3 contacto\u00bb, declar\u00f3 Sudarshan Bartaula, portavoz de Tara Air.<\/p>\n<p style=\"text-align: justify;\">\u00abEstamos intentando localizar la zona en la que podr\u00eda encontrarse el avi\u00f3n\u00bb, agreg\u00f3.<\/p>\n<p style=\"text-align: justify;\">Asimismo, detall\u00f3 que viajaban 19 pasajeros y tres tripulantes.<\/p>\n<p style=\"text-align: justify;\">Dos helic\u00f3pteros fueron movilizados para las operaciones de b\u00fasqueda, que ser\u00e1n complicadas debido a la falta de visibilidad, declar\u00f3 Phanindra Mani Pokharel, portavoz del Ministerio del Interior.<\/p>\n<p style=\"text-align: justify;\">\u00abEs probable que el mal tiempo obstaculice la operaci\u00f3n de b\u00fasqueda. Hay tan poca visibilidad que no se puede ver nada\u00bb, precis\u00f3.<\/p>\n","protected":false},"excerpt":{"rendered":"<p>Katmand\u00fa.- La aerol\u00ednea Tara Air anunci\u00f3 que un avi\u00f3n con 22 personas a bordo desapareci\u00f3 en una zona monta\u00f1osa de Nepal \u00abUn vuelo dom\u00e9stico con destino a Jomsom que despeg\u00f3 en Pokhara perdi\u00f3 contacto\u00bb, declar\u00f3 Sudarshan Bartaula, portavoz de Tara Air. \u00abEstamos intentando localizar la zona en la que podr\u00eda encontrarse el avi\u00f3n\u00bb, agreg\u00f3. Asimismo, detall\u00f3 que viajaban 19 pasajeros y tres tripulantes. Dos helic\u00f3pteros fueron movilizados para las operaciones de b\u00fasqueda, que ser\u00e1n complicadas debido a la falta de visibilidad, declar\u00f3 Phanindra Mani Pokharel, portavoz del Ministerio del Interior. \u00abEs probable que el mal tiempo obstaculice la operaci\u00f3n de [&hellip;]<\/p>\n","protected":false},"author":2,"featured_media":61770,"comment_status":"closed","ping_status":"closed","sticky":false,"template":"","format":"standard","meta":{"footnotes":""},"categories":[44],"tags":[],"class_list":["post-61755","post","type-post","status-publish","format-standard","has-post-thumbnail","hentry","category-internacional","post--single"],"yoast_head":"<!-- This site is optimized with the Yoast SEO plugin v27.5 - https:\/\/yoast.com\/product\/yoast-seo-wordpress\/ -->\n<title>En Nepal, desaparece avi\u00f3n con 22 personas - Canal 7 SLP - 2022<\/title>\n<meta name=\"robots\" content=\"index, follow, max-snippet:-1, max-image-preview:large, max-video-preview:-1\" \/>\n<link rel=\"canonical\" href=\"https:\/\/canal7slp.tv\/2022\/en-nepal-desaparece-avion-con-22-personas\/\" \/>\n<meta property=\"og:locale\" content=\"es_ES\" \/>\n<meta property=\"og:type\" content=\"article\" \/>\n<meta property=\"og:title\" content=\"En Nepal, desaparece avi\u00f3n con 22 personas - Canal 7 SLP - 2022\" \/>\n<meta property=\"og:description\" content=\"Katmand\u00fa.- La aerol\u00ednea Tara Air anunci\u00f3 que un avi\u00f3n con 22 personas a bordo desapareci\u00f3 en una zona monta\u00f1osa de Nepal \u00abUn vuelo dom\u00e9stico con destino a Jomsom que despeg\u00f3 en Pokhara perdi\u00f3 contacto\u00bb, declar\u00f3 Sudarshan Bartaula, portavoz de Tara Air. \u00abEstamos intentando localizar la zona en la que podr\u00eda encontrarse el avi\u00f3n\u00bb, agreg\u00f3. Asimismo, detall\u00f3 que viajaban 19 pasajeros y tres tripulantes. Dos helic\u00f3pteros fueron movilizados para las operaciones de b\u00fasqueda, que ser\u00e1n complicadas debido a la falta de visibilidad, declar\u00f3 Phanindra Mani Pokharel, portavoz del Ministerio del Interior. \u00abEs probable que el mal tiempo obstaculice la operaci\u00f3n de [&hellip;]\" \/>\n<meta property=\"og:url\" content=\"https:\/\/canal7slp.tv\/2022\/en-nepal-desaparece-avion-con-22-personas\/\" \/>\n<meta property=\"og:site_name\" content=\"Canal 7 SLP - 2022\" \/>\n<meta property=\"article:publisher\" content=\"https:\/\/www.facebook.com\/noticieroscanalsiete\" \/>\n<meta property=\"article:published_time\" content=\"2022-05-29T18:02:31+00:00\" \/>\n<meta property=\"article:modified_time\" content=\"2022-05-29T18:07:24+00:00\" \/>\n<meta property=\"og:image\" content=\"https:\/\/canal7slp.tv\/2022\/wp-content\/uploads\/2022\/05\/06-23.jpg\" \/>\n\t<meta property=\"og:image:width\" content=\"1920\" \/>\n\t<meta property=\"og:image:height\" content=\"1080\" \/>\n\t<meta property=\"og:image:type\" content=\"image\/jpeg\" \/>\n<meta name=\"author\" content=\"Edici\u00f3n Web\" \/>\n<meta name=\"twitter:card\" content=\"summary_large_image\" \/>\n<meta name=\"twitter:creator\" content=\"@NOTICIEROS7\" \/>\n<meta name=\"twitter:site\" content=\"@NOTICIEROS7\" \/>\n<meta name=\"twitter:label1\" content=\"Escrito por\" \/>\n\t<meta name=\"twitter:data1\" content=\"Edici\u00f3n Web\" \/>\n\t<meta name=\"twitter:label2\" content=\"Tiempo de lectura\" \/>\n\t<meta name=\"twitter:data2\" content=\"1 minuto\" \/>\n<script type=\"application\/ld+json\" class=\"yoast-schema-graph\">{\"@context\":\"https:\\\/\\\/schema.org\",\"@graph\":[{\"@type\":\"Article\",\"@id\":\"https:\\\/\\\/canal7slp.tv\\\/2022\\\/en-nepal-desaparece-avion-con-22-personas\\\/#article\",\"isPartOf\":{\"@id\":\"https:\\\/\\\/canal7slp.tv\\\/2022\\\/en-nepal-desaparece-avion-con-22-personas\\\/\"},\"author\":{\"name\":\"Edici\u00f3n Web\",\"@id\":\"https:\\\/\\\/canal7slp.tv\\\/2022\\\/#\\\/schema\\\/person\\\/429704152a21f5f856ce29aa69a238da\"},\"headline\":\"En Nepal, desaparece avi\u00f3n con 22 personas\",\"datePublished\":\"2022-05-29T18:02:31+00:00\",\"dateModified\":\"2022-05-29T18:07:24+00:00\",\"mainEntityOfPage\":{\"@id\":\"https:\\\/\\\/canal7slp.tv\\\/2022\\\/en-nepal-desaparece-avion-con-22-personas\\\/\"},\"wordCount\":129,\"publisher\":{\"@id\":\"https:\\\/\\\/canal7slp.tv\\\/2022\\\/#organization\"},\"image\":{\"@id\":\"https:\\\/\\\/canal7slp.tv\\\/2022\\\/en-nepal-desaparece-avion-con-22-personas\\\/#primaryimage\"},\"thumbnailUrl\":\"https:\\\/\\\/canal7slp.tv\\\/2022\\\/wp-content\\\/uploads\\\/2022\\\/05\\\/06-23.jpg\",\"articleSection\":[\"INTERNACIONALES\"],\"inLanguage\":\"es\"},{\"@type\":\"WebPage\",\"@id\":\"https:\\\/\\\/canal7slp.tv\\\/2022\\\/en-nepal-desaparece-avion-con-22-personas\\\/\",\"url\":\"https:\\\/\\\/canal7slp.tv\\\/2022\\\/en-nepal-desaparece-avion-con-22-personas\\\/\",\"name\":\"En Nepal, desaparece avi\u00f3n con 22 personas - Canal 7 SLP - 2022\",\"isPartOf\":{\"@id\":\"https:\\\/\\\/canal7slp.tv\\\/2022\\\/#website\"},\"primaryImageOfPage\":{\"@id\":\"https:\\\/\\\/canal7slp.tv\\\/2022\\\/en-nepal-desaparece-avion-con-22-personas\\\/#primaryimage\"},\"image\":{\"@id\":\"https:\\\/\\\/canal7slp.tv\\\/2022\\\/en-nepal-desaparece-avion-con-22-personas\\\/#primaryimage\"},\"thumbnailUrl\":\"https:\\\/\\\/canal7slp.tv\\\/2022\\\/wp-content\\\/uploads\\\/2022\\\/05\\\/06-23.jpg\",\"datePublished\":\"2022-05-29T18:02:31+00:00\",\"dateModified\":\"2022-05-29T18:07:24+00:00\",\"breadcrumb\":{\"@id\":\"https:\\\/\\\/canal7slp.tv\\\/2022\\\/en-nepal-desaparece-avion-con-22-personas\\\/#breadcrumb\"},\"inLanguage\":\"es\",\"potentialAction\":[{\"@type\":\"ReadAction\",\"target\":[\"https:\\\/\\\/canal7slp.tv\\\/2022\\\/en-nepal-desaparece-avion-con-22-personas\\\/\"]}]},{\"@type\":\"ImageObject\",\"inLanguage\":\"es\",\"@id\":\"https:\\\/\\\/canal7slp.tv\\\/2022\\\/en-nepal-desaparece-avion-con-22-personas\\\/#primaryimage\",\"url\":\"https:\\\/\\\/canal7slp.tv\\\/2022\\\/wp-content\\\/uploads\\\/2022\\\/05\\\/06-23.jpg\",\"contentUrl\":\"https:\\\/\\\/canal7slp.tv\\\/2022\\\/wp-content\\\/uploads\\\/2022\\\/05\\\/06-23.jpg\",\"width\":1920,\"height\":1080},{\"@type\":\"BreadcrumbList\",\"@id\":\"https:\\\/\\\/canal7slp.tv\\\/2022\\\/en-nepal-desaparece-avion-con-22-personas\\\/#breadcrumb\",\"itemListElement\":[{\"@type\":\"ListItem\",\"position\":1,\"name\":\"Portada\",\"item\":\"https:\\\/\\\/canal7slp.tv\\\/2022\\\/\"},{\"@type\":\"ListItem\",\"position\":2,\"name\":\"En Nepal, desaparece avi\u00f3n con 22 personas\"}]},{\"@type\":\"WebSite\",\"@id\":\"https:\\\/\\\/canal7slp.tv\\\/2022\\\/#website\",\"url\":\"https:\\\/\\\/canal7slp.tv\\\/2022\\\/\",\"name\":\"N7 - Noticieros Canal 7\",\"description\":\"Somos Televisi\u00f3n\",\"publisher\":{\"@id\":\"https:\\\/\\\/canal7slp.tv\\\/2022\\\/#organization\"},\"potentialAction\":[{\"@type\":\"SearchAction\",\"target\":{\"@type\":\"EntryPoint\",\"urlTemplate\":\"https:\\\/\\\/canal7slp.tv\\\/2022\\\/?s={search_term_string}\"},\"query-input\":{\"@type\":\"PropertyValueSpecification\",\"valueRequired\":true,\"valueName\":\"search_term_string\"}}],\"inLanguage\":\"es\"},{\"@type\":\"Organization\",\"@id\":\"https:\\\/\\\/canal7slp.tv\\\/2022\\\/#organization\",\"name\":\"Noticieros Canal 7\",\"url\":\"https:\\\/\\\/canal7slp.tv\\\/2022\\\/\",\"logo\":{\"@type\":\"ImageObject\",\"inLanguage\":\"es\",\"@id\":\"https:\\\/\\\/canal7slp.tv\\\/2022\\\/#\\\/schema\\\/logo\\\/image\\\/\",\"url\":\"https:\\\/\\\/canal7slp.tv\\\/2022\\\/wp-content\\\/uploads\\\/2021\\\/01\\\/logo-noticieros@2x.png\",\"contentUrl\":\"https:\\\/\\\/canal7slp.tv\\\/2022\\\/wp-content\\\/uploads\\\/2021\\\/01\\\/logo-noticieros@2x.png\",\"width\":1017,\"height\":268,\"caption\":\"Noticieros Canal 7\"},\"image\":{\"@id\":\"https:\\\/\\\/canal7slp.tv\\\/2022\\\/#\\\/schema\\\/logo\\\/image\\\/\"},\"sameAs\":[\"https:\\\/\\\/www.facebook.com\\\/noticieroscanalsiete\",\"https:\\\/\\\/x.com\\\/NOTICIEROS7\",\"https:\\\/\\\/www.instagram.com\\\/canal7_slp\",\"https:\\\/\\\/www.youtube.com\\\/channel\\\/UCliiYs-gP3JfJeqdPrNdd5A\"]},{\"@type\":\"Person\",\"@id\":\"https:\\\/\\\/canal7slp.tv\\\/2022\\\/#\\\/schema\\\/person\\\/429704152a21f5f856ce29aa69a238da\",\"name\":\"Edici\u00f3n Web\",\"image\":{\"@type\":\"ImageObject\",\"inLanguage\":\"es\",\"@id\":\"https:\\\/\\\/secure.gravatar.com\\\/avatar\\\/eee448fc3f7164808013b816ba91ac7e43bbe82a70bebac296f8bc6f0addaa1a?s=96&d=mm&r=g\",\"url\":\"https:\\\/\\\/secure.gravatar.com\\\/avatar\\\/eee448fc3f7164808013b816ba91ac7e43bbe82a70bebac296f8bc6f0addaa1a?s=96&d=mm&r=g\",\"contentUrl\":\"https:\\\/\\\/secure.gravatar.com\\\/avatar\\\/eee448fc3f7164808013b816ba91ac7e43bbe82a70bebac296f8bc6f0addaa1a?s=96&d=mm&r=g\",\"caption\":\"Edici\u00f3n Web\"},\"url\":\"https:\\\/\\\/canal7slp.tv\\\/2022\\\/author\\\/edicionweb\\\/\"}]}<\/script>\n<!-- \/ Yoast SEO plugin. -->","yoast_head_json":{"title":"En Nepal, desaparece avi\u00f3n con 22 personas - Canal 7 SLP - 2022","robots":{"index":"index","follow":"follow","max-snippet":"max-snippet:-1","max-image-preview":"max-image-preview:large","max-video-preview":"max-video-preview:-1"},"canonical":"https:\/\/canal7slp.tv\/2022\/en-nepal-desaparece-avion-con-22-personas\/","og_locale":"es_ES","og_type":"article","og_title":"En Nepal, desaparece avi\u00f3n con 22 personas - Canal 7 SLP - 2022","og_description":"Katmand\u00fa.- La aerol\u00ednea Tara Air anunci\u00f3 que un avi\u00f3n con 22 personas a bordo desapareci\u00f3 en una zona monta\u00f1osa de Nepal \u00abUn vuelo dom\u00e9stico con destino a Jomsom que despeg\u00f3 en Pokhara perdi\u00f3 contacto\u00bb, declar\u00f3 Sudarshan Bartaula, portavoz de Tara Air. \u00abEstamos intentando localizar la zona en la que podr\u00eda encontrarse el avi\u00f3n\u00bb, agreg\u00f3. Asimismo, detall\u00f3 que viajaban 19 pasajeros y tres tripulantes. Dos helic\u00f3pteros fueron movilizados para las operaciones de b\u00fasqueda, que ser\u00e1n complicadas debido a la falta de visibilidad, declar\u00f3 Phanindra Mani Pokharel, portavoz del Ministerio del Interior. \u00abEs probable que el mal tiempo obstaculice la operaci\u00f3n de [&hellip;]","og_url":"https:\/\/canal7slp.tv\/2022\/en-nepal-desaparece-avion-con-22-personas\/","og_site_name":"Canal 7 SLP - 2022","article_publisher":"https:\/\/www.facebook.com\/noticieroscanalsiete","article_published_time":"2022-05-29T18:02:31+00:00","article_modified_time":"2022-05-29T18:07:24+00:00","og_image":[{"width":1920,"height":1080,"url":"https:\/\/canal7slp.tv\/2022\/wp-content\/uploads\/2022\/05\/06-23.jpg","type":"image\/jpeg"}],"author":"Edici\u00f3n Web","twitter_card":"summary_large_image","twitter_creator":"@NOTICIEROS7","twitter_site":"@NOTICIEROS7","twitter_misc":{"Escrito por":"Edici\u00f3n Web","Tiempo de lectura":"1 minuto"},"schema":{"@context":"https:\/\/schema.org","@graph":[{"@type":"Article","@id":"https:\/\/canal7slp.tv\/2022\/en-nepal-desaparece-avion-con-22-personas\/#article","isPartOf":{"@id":"https:\/\/canal7slp.tv\/2022\/en-nepal-desaparece-avion-con-22-personas\/"},"author":{"name":"Edici\u00f3n Web","@id":"https:\/\/canal7slp.tv\/2022\/#\/schema\/person\/429704152a21f5f856ce29aa69a238da"},"headline":"En Nepal, desaparece avi\u00f3n con 22 personas","datePublished":"2022-05-29T18:02:31+00:00","dateModified":"2022-05-29T18:07:24+00:00","mainEntityOfPage":{"@id":"https:\/\/canal7slp.tv\/2022\/en-nepal-desaparece-avion-con-22-personas\/"},"wordCount":129,"publisher":{"@id":"https:\/\/canal7slp.tv\/2022\/#organization"},"image":{"@id":"https:\/\/canal7slp.tv\/2022\/en-nepal-desaparece-avion-con-22-personas\/#primaryimage"},"thumbnailUrl":"https:\/\/canal7slp.tv\/2022\/wp-content\/uploads\/2022\/05\/06-23.jpg","articleSection":["INTERNACIONALES"],"inLanguage":"es"},{"@type":"WebPage","@id":"https:\/\/canal7slp.tv\/2022\/en-nepal-desaparece-avion-con-22-personas\/","url":"https:\/\/canal7slp.tv\/2022\/en-nepal-desaparece-avion-con-22-personas\/","name":"En Nepal, desaparece avi\u00f3n con 22 personas - Canal 7 SLP - 2022","isPartOf":{"@id":"https:\/\/canal7slp.tv\/2022\/#website"},"primaryImageOfPage":{"@id":"https:\/\/canal7slp.tv\/2022\/en-nepal-desaparece-avion-con-22-personas\/#primaryimage"},"image":{"@id":"https:\/\/canal7slp.tv\/2022\/en-nepal-desaparece-avion-con-22-personas\/#primaryimage"},"thumbnailUrl":"https:\/\/canal7slp.tv\/2022\/wp-content\/uploads\/2022\/05\/06-23.jpg","datePublished":"2022-05-29T18:02:31+00:00","dateModified":"2022-05-29T18:07:24+00:00","breadcrumb":{"@id":"https:\/\/canal7slp.tv\/2022\/en-nepal-desaparece-avion-con-22-personas\/#breadcrumb"},"inLanguage":"es","potentialAction":[{"@type":"ReadAction","target":["https:\/\/canal7slp.tv\/2022\/en-nepal-desaparece-avion-con-22-personas\/"]}]},{"@type":"ImageObject","inLanguage":"es","@id":"https:\/\/canal7slp.tv\/2022\/en-nepal-desaparece-avion-con-22-personas\/#primaryimage","url":"https:\/\/canal7slp.tv\/2022\/wp-content\/uploads\/2022\/05\/06-23.jpg","contentUrl":"https:\/\/canal7slp.tv\/2022\/wp-content\/uploads\/2022\/05\/06-23.jpg","width":1920,"height":1080},{"@type":"BreadcrumbList","@id":"https:\/\/canal7slp.tv\/2022\/en-nepal-desaparece-avion-con-22-personas\/#breadcrumb","itemListElement":[{"@type":"ListItem","position":1,"name":"Portada","item":"https:\/\/canal7slp.tv\/2022\/"},{"@type":"ListItem","position":2,"name":"En Nepal, desaparece avi\u00f3n con 22 personas"}]},{"@type":"WebSite","@id":"https:\/\/canal7slp.tv\/2022\/#website","url":"https:\/\/canal7slp.tv\/2022\/","name":"N7 - Noticieros Canal 7","description":"Somos Televisi\u00f3n","publisher":{"@id":"https:\/\/canal7slp.tv\/2022\/#organization"},"potentialAction":[{"@type":"SearchAction","target":{"@type":"EntryPoint","urlTemplate":"https:\/\/canal7slp.tv\/2022\/?s={search_term_string}"},"query-input":{"@type":"PropertyValueSpecification","valueRequired":true,"valueName":"search_term_string"}}],"inLanguage":"es"},{"@type":"Organization","@id":"https:\/\/canal7slp.tv\/2022\/#organization","name":"Noticieros Canal 7","url":"https:\/\/canal7slp.tv\/2022\/","logo":{"@type":"ImageObject","inLanguage":"es","@id":"https:\/\/canal7slp.tv\/2022\/#\/schema\/logo\/image\/","url":"https:\/\/canal7slp.tv\/2022\/wp-content\/uploads\/2021\/01\/logo-noticieros@2x.png","contentUrl":"https:\/\/canal7slp.tv\/2022\/wp-content\/uploads\/2021\/01\/logo-noticieros@2x.png","width":1017,"height":268,"caption":"Noticieros Canal 7"},"image":{"@id":"https:\/\/canal7slp.tv\/2022\/#\/schema\/logo\/image\/"},"sameAs":["https:\/\/www.facebook.com\/noticieroscanalsiete","https:\/\/x.com\/NOTICIEROS7","https:\/\/www.instagram.com\/canal7_slp","https:\/\/www.youtube.com\/channel\/UCliiYs-gP3JfJeqdPrNdd5A"]},{"@type":"Person","@id":"https:\/\/canal7slp.tv\/2022\/#\/schema\/person\/429704152a21f5f856ce29aa69a238da","name":"Edici\u00f3n Web","image":{"@type":"ImageObject","inLanguage":"es","@id":"https:\/\/secure.gravatar.com\/avatar\/eee448fc3f7164808013b816ba91ac7e43bbe82a70bebac296f8bc6f0addaa1a?s=96&d=mm&r=g","url":"https:\/\/secure.gravatar.com\/avatar\/eee448fc3f7164808013b816ba91ac7e43bbe82a70bebac296f8bc6f0addaa1a?s=96&d=mm&r=g","contentUrl":"https:\/\/secure.gravatar.com\/avatar\/eee448fc3f7164808013b816ba91ac7e43bbe82a70bebac296f8bc6f0addaa1a?s=96&d=mm&r=g","caption":"Edici\u00f3n Web"},"url":"https:\/\/canal7slp.tv\/2022\/author\/edicionweb\/"}]}},"amp_enabled":true,"_links":{"self":[{"href":"https:\/\/canal7slp.tv\/2022\/wp-json\/wp\/v2\/posts\/61755","targetHints":{"allow":["GET"]}}],"collection":[{"href":"https:\/\/canal7slp.tv\/2022\/wp-json\/wp\/v2\/posts"}],"about":[{"href":"https:\/\/canal7slp.tv\/2022\/wp-json\/wp\/v2\/types\/post"}],"author":[{"embeddable":true,"href":"https:\/\/canal7slp.tv\/2022\/wp-json\/wp\/v2\/users\/2"}],"replies":[{"embeddable":true,"href":"https:\/\/canal7slp.tv\/2022\/wp-json\/wp\/v2\/comments?post=61755"}],"version-history":[{"count":4,"href":"https:\/\/canal7slp.tv\/2022\/wp-json\/wp\/v2\/posts\/61755\/revisions"}],"predecessor-version":[{"id":61779,"href":"https:\/\/canal7slp.tv\/2022\/wp-json\/wp\/v2\/posts\/61755\/revisions\/61779"}],"wp:featuredmedia":[{"embeddable":true,"href":"https:\/\/canal7slp.tv\/2022\/wp-json\/wp\/v2\/media\/61770"}],"wp:attachment":[{"href":"https:\/\/canal7slp.tv\/2022\/wp-json\/wp\/v2\/media?parent=61755"}],"wp:term":[{"taxonomy":"category","embeddable":true,"href":"https:\/\/canal7slp.tv\/2022\/wp-json\/wp\/v2\/categories?post=61755"},{"taxonomy":"post_tag","embeddable":true,"href":"https:\/\/canal7slp.tv\/2022\/wp-json\/wp\/v2\/tags?post=61755"}],"curies":[{"name":"wp","href":"https:\/\/api.w.org\/{rel}","templated":true}]}}