{"id":61754,"date":"2022-05-29T12:02:36","date_gmt":"2022-05-29T18:02:36","guid":{"rendered":"https:\/\/canal7slp.tv\/2022\/?p=61754"},"modified":"2022-05-29T12:02:36","modified_gmt":"2022-05-29T18:02:36","slug":"por-complicaciones-intervienen-quirurgicamente-a-el-bronco","status":"publish","type":"post","link":"https:\/\/canal7slp.tv\/2022\/por-complicaciones-intervienen-quirurgicamente-a-el-bronco\/","title":{"rendered":"Por complicaciones, intervienen quir\u00fargicamente a \u201cEl Bronco\u201d"},"content":{"rendered":"<p style=\"text-align: justify;\">Nuevo Le\u00f3n.- El exgobernador Jaime Rodr\u00edguez Calder\u00f3n, al\u00edas \u201cEl Bronco\u201d, tuvo que ser operado debido a complicaciones intestinales derivadas de su intervenci\u00f3n quir\u00fargica. Practicada el 21 de mayo.<\/p>\n<p style=\"text-align: justify;\">\u201cEn la cirug\u00eda se detect\u00f3 una fuga de secreciones intestinales a trav\u00e9s del sitio de la uni\u00f3n del colon, siendo reparada\u201d, fue detallado por medio de Redes Sociales.<\/p>\n<p style=\"text-align: justify;\">Debido a dicha situaci\u00f3n, se le practic\u00f3 una ilesteom\u00eda para dejar sin funciones al colon, se menciona que le ser\u00e1 colocado un cat\u00e9ter venoso central para que se pueda alimentar.<\/p>\n<p style=\"text-align: justify;\">Por tal motivo, Rodr\u00edguez Calder\u00f3n requerir\u00e1 cuidados de la ileostom\u00eda mientras se realizan la Anastomosis en ocho semanas.<\/p>\n","protected":false},"excerpt":{"rendered":"<p>Nuevo Le\u00f3n.- El exgobernador Jaime Rodr\u00edguez Calder\u00f3n, al\u00edas \u201cEl Bronco\u201d, tuvo que ser operado debido a complicaciones intestinales derivadas de su intervenci\u00f3n quir\u00fargica. Practicada el 21 de mayo. \u201cEn la cirug\u00eda se detect\u00f3 una fuga de secreciones intestinales a trav\u00e9s del sitio de la uni\u00f3n del colon, siendo reparada\u201d, fue detallado por medio de Redes Sociales. Debido a dicha situaci\u00f3n, se le practic\u00f3 una ilesteom\u00eda para dejar sin funciones al colon, se menciona que le ser\u00e1 colocado un cat\u00e9ter venoso central para que se pueda alimentar. Por tal motivo, Rodr\u00edguez Calder\u00f3n requerir\u00e1 cuidados de la ileostom\u00eda mientras se realizan la [&hellip;]<\/p>\n","protected":false},"author":2,"featured_media":61768,"comment_status":"closed","ping_status":"closed","sticky":false,"template":"","format":"standard","meta":{"footnotes":""},"categories":[46],"tags":[],"class_list":["post-61754","post","type-post","status-publish","format-standard","has-post-thumbnail","hentry","category-nacional","post--single"],"yoast_head":"<!-- This site is optimized with the Yoast SEO plugin v27.5 - https:\/\/yoast.com\/product\/yoast-seo-wordpress\/ -->\n<title>Por complicaciones, intervienen quir\u00fargicamente a \u201cEl Bronco\u201d - Canal 7 SLP - 2022<\/title>\n<meta name=\"robots\" content=\"index, follow, max-snippet:-1, max-image-preview:large, max-video-preview:-1\" \/>\n<link rel=\"canonical\" href=\"https:\/\/canal7slp.tv\/2022\/por-complicaciones-intervienen-quirurgicamente-a-el-bronco\/\" \/>\n<meta property=\"og:locale\" content=\"es_ES\" \/>\n<meta property=\"og:type\" content=\"article\" \/>\n<meta property=\"og:title\" content=\"Por complicaciones, intervienen quir\u00fargicamente a \u201cEl Bronco\u201d - Canal 7 SLP - 2022\" \/>\n<meta property=\"og:description\" content=\"Nuevo Le\u00f3n.- El exgobernador Jaime Rodr\u00edguez Calder\u00f3n, al\u00edas \u201cEl Bronco\u201d, tuvo que ser operado debido a complicaciones intestinales derivadas de su intervenci\u00f3n quir\u00fargica. Practicada el 21 de mayo. \u201cEn la cirug\u00eda se detect\u00f3 una fuga de secreciones intestinales a trav\u00e9s del sitio de la uni\u00f3n del colon, siendo reparada\u201d, fue detallado por medio de Redes Sociales. Debido a dicha situaci\u00f3n, se le practic\u00f3 una ilesteom\u00eda para dejar sin funciones al colon, se menciona que le ser\u00e1 colocado un cat\u00e9ter venoso central para que se pueda alimentar. Por tal motivo, Rodr\u00edguez Calder\u00f3n requerir\u00e1 cuidados de la ileostom\u00eda mientras se realizan la [&hellip;]\" \/>\n<meta property=\"og:url\" content=\"https:\/\/canal7slp.tv\/2022\/por-complicaciones-intervienen-quirurgicamente-a-el-bronco\/\" \/>\n<meta property=\"og:site_name\" content=\"Canal 7 SLP - 2022\" \/>\n<meta property=\"article:publisher\" content=\"https:\/\/www.facebook.com\/noticieroscanalsiete\" \/>\n<meta property=\"article:published_time\" content=\"2022-05-29T18:02:36+00:00\" \/>\n<meta property=\"og:image\" content=\"https:\/\/canal7slp.tv\/2022\/wp-content\/uploads\/2022\/05\/04-26.jpg\" \/>\n\t<meta property=\"og:image:width\" content=\"1152\" \/>\n\t<meta property=\"og:image:height\" content=\"648\" \/>\n\t<meta property=\"og:image:type\" content=\"image\/jpeg\" \/>\n<meta name=\"author\" content=\"Edici\u00f3n Web\" \/>\n<meta name=\"twitter:card\" content=\"summary_large_image\" \/>\n<meta name=\"twitter:creator\" content=\"@NOTICIEROS7\" \/>\n<meta name=\"twitter:site\" content=\"@NOTICIEROS7\" \/>\n<meta name=\"twitter:label1\" content=\"Escrito por\" \/>\n\t<meta name=\"twitter:data1\" content=\"Edici\u00f3n Web\" \/>\n\t<meta name=\"twitter:label2\" content=\"Tiempo de lectura\" \/>\n\t<meta name=\"twitter:data2\" content=\"1 minuto\" \/>\n<script type=\"application\/ld+json\" class=\"yoast-schema-graph\">{\"@context\":\"https:\\\/\\\/schema.org\",\"@graph\":[{\"@type\":\"Article\",\"@id\":\"https:\\\/\\\/canal7slp.tv\\\/2022\\\/por-complicaciones-intervienen-quirurgicamente-a-el-bronco\\\/#article\",\"isPartOf\":{\"@id\":\"https:\\\/\\\/canal7slp.tv\\\/2022\\\/por-complicaciones-intervienen-quirurgicamente-a-el-bronco\\\/\"},\"author\":{\"name\":\"Edici\u00f3n Web\",\"@id\":\"https:\\\/\\\/canal7slp.tv\\\/2022\\\/#\\\/schema\\\/person\\\/429704152a21f5f856ce29aa69a238da\"},\"headline\":\"Por complicaciones, intervienen quir\u00fargicamente a \u201cEl Bronco\u201d\",\"datePublished\":\"2022-05-29T18:02:36+00:00\",\"mainEntityOfPage\":{\"@id\":\"https:\\\/\\\/canal7slp.tv\\\/2022\\\/por-complicaciones-intervienen-quirurgicamente-a-el-bronco\\\/\"},\"wordCount\":127,\"publisher\":{\"@id\":\"https:\\\/\\\/canal7slp.tv\\\/2022\\\/#organization\"},\"image\":{\"@id\":\"https:\\\/\\\/canal7slp.tv\\\/2022\\\/por-complicaciones-intervienen-quirurgicamente-a-el-bronco\\\/#primaryimage\"},\"thumbnailUrl\":\"https:\\\/\\\/canal7slp.tv\\\/2022\\\/wp-content\\\/uploads\\\/2022\\\/05\\\/04-26.jpg\",\"articleSection\":[\"NACIONALES\"],\"inLanguage\":\"es\"},{\"@type\":\"WebPage\",\"@id\":\"https:\\\/\\\/canal7slp.tv\\\/2022\\\/por-complicaciones-intervienen-quirurgicamente-a-el-bronco\\\/\",\"url\":\"https:\\\/\\\/canal7slp.tv\\\/2022\\\/por-complicaciones-intervienen-quirurgicamente-a-el-bronco\\\/\",\"name\":\"Por complicaciones, intervienen quir\u00fargicamente a \u201cEl Bronco\u201d - Canal 7 SLP - 2022\",\"isPartOf\":{\"@id\":\"https:\\\/\\\/canal7slp.tv\\\/2022\\\/#website\"},\"primaryImageOfPage\":{\"@id\":\"https:\\\/\\\/canal7slp.tv\\\/2022\\\/por-complicaciones-intervienen-quirurgicamente-a-el-bronco\\\/#primaryimage\"},\"image\":{\"@id\":\"https:\\\/\\\/canal7slp.tv\\\/2022\\\/por-complicaciones-intervienen-quirurgicamente-a-el-bronco\\\/#primaryimage\"},\"thumbnailUrl\":\"https:\\\/\\\/canal7slp.tv\\\/2022\\\/wp-content\\\/uploads\\\/2022\\\/05\\\/04-26.jpg\",\"datePublished\":\"2022-05-29T18:02:36+00:00\",\"breadcrumb\":{\"@id\":\"https:\\\/\\\/canal7slp.tv\\\/2022\\\/por-complicaciones-intervienen-quirurgicamente-a-el-bronco\\\/#breadcrumb\"},\"inLanguage\":\"es\",\"potentialAction\":[{\"@type\":\"ReadAction\",\"target\":[\"https:\\\/\\\/canal7slp.tv\\\/2022\\\/por-complicaciones-intervienen-quirurgicamente-a-el-bronco\\\/\"]}]},{\"@type\":\"ImageObject\",\"inLanguage\":\"es\",\"@id\":\"https:\\\/\\\/canal7slp.tv\\\/2022\\\/por-complicaciones-intervienen-quirurgicamente-a-el-bronco\\\/#primaryimage\",\"url\":\"https:\\\/\\\/canal7slp.tv\\\/2022\\\/wp-content\\\/uploads\\\/2022\\\/05\\\/04-26.jpg\",\"contentUrl\":\"https:\\\/\\\/canal7slp.tv\\\/2022\\\/wp-content\\\/uploads\\\/2022\\\/05\\\/04-26.jpg\",\"width\":1152,\"height\":648},{\"@type\":\"BreadcrumbList\",\"@id\":\"https:\\\/\\\/canal7slp.tv\\\/2022\\\/por-complicaciones-intervienen-quirurgicamente-a-el-bronco\\\/#breadcrumb\",\"itemListElement\":[{\"@type\":\"ListItem\",\"position\":1,\"name\":\"Portada\",\"item\":\"https:\\\/\\\/canal7slp.tv\\\/2022\\\/\"},{\"@type\":\"ListItem\",\"position\":2,\"name\":\"Por complicaciones, intervienen quir\u00fargicamente a \u201cEl Bronco\u201d\"}]},{\"@type\":\"WebSite\",\"@id\":\"https:\\\/\\\/canal7slp.tv\\\/2022\\\/#website\",\"url\":\"https:\\\/\\\/canal7slp.tv\\\/2022\\\/\",\"name\":\"N7 - Noticieros Canal 7\",\"description\":\"Somos Televisi\u00f3n\",\"publisher\":{\"@id\":\"https:\\\/\\\/canal7slp.tv\\\/2022\\\/#organization\"},\"potentialAction\":[{\"@type\":\"SearchAction\",\"target\":{\"@type\":\"EntryPoint\",\"urlTemplate\":\"https:\\\/\\\/canal7slp.tv\\\/2022\\\/?s={search_term_string}\"},\"query-input\":{\"@type\":\"PropertyValueSpecification\",\"valueRequired\":true,\"valueName\":\"search_term_string\"}}],\"inLanguage\":\"es\"},{\"@type\":\"Organization\",\"@id\":\"https:\\\/\\\/canal7slp.tv\\\/2022\\\/#organization\",\"name\":\"Noticieros Canal 7\",\"url\":\"https:\\\/\\\/canal7slp.tv\\\/2022\\\/\",\"logo\":{\"@type\":\"ImageObject\",\"inLanguage\":\"es\",\"@id\":\"https:\\\/\\\/canal7slp.tv\\\/2022\\\/#\\\/schema\\\/logo\\\/image\\\/\",\"url\":\"https:\\\/\\\/canal7slp.tv\\\/2022\\\/wp-content\\\/uploads\\\/2021\\\/01\\\/logo-noticieros@2x.png\",\"contentUrl\":\"https:\\\/\\\/canal7slp.tv\\\/2022\\\/wp-content\\\/uploads\\\/2021\\\/01\\\/logo-noticieros@2x.png\",\"width\":1017,\"height\":268,\"caption\":\"Noticieros Canal 7\"},\"image\":{\"@id\":\"https:\\\/\\\/canal7slp.tv\\\/2022\\\/#\\\/schema\\\/logo\\\/image\\\/\"},\"sameAs\":[\"https:\\\/\\\/www.facebook.com\\\/noticieroscanalsiete\",\"https:\\\/\\\/x.com\\\/NOTICIEROS7\",\"https:\\\/\\\/www.instagram.com\\\/canal7_slp\",\"https:\\\/\\\/www.youtube.com\\\/channel\\\/UCliiYs-gP3JfJeqdPrNdd5A\"]},{\"@type\":\"Person\",\"@id\":\"https:\\\/\\\/canal7slp.tv\\\/2022\\\/#\\\/schema\\\/person\\\/429704152a21f5f856ce29aa69a238da\",\"name\":\"Edici\u00f3n Web\",\"image\":{\"@type\":\"ImageObject\",\"inLanguage\":\"es\",\"@id\":\"https:\\\/\\\/secure.gravatar.com\\\/avatar\\\/eee448fc3f7164808013b816ba91ac7e43bbe82a70bebac296f8bc6f0addaa1a?s=96&d=mm&r=g\",\"url\":\"https:\\\/\\\/secure.gravatar.com\\\/avatar\\\/eee448fc3f7164808013b816ba91ac7e43bbe82a70bebac296f8bc6f0addaa1a?s=96&d=mm&r=g\",\"contentUrl\":\"https:\\\/\\\/secure.gravatar.com\\\/avatar\\\/eee448fc3f7164808013b816ba91ac7e43bbe82a70bebac296f8bc6f0addaa1a?s=96&d=mm&r=g\",\"caption\":\"Edici\u00f3n Web\"},\"url\":\"https:\\\/\\\/canal7slp.tv\\\/2022\\\/author\\\/edicionweb\\\/\"}]}<\/script>\n<!-- \/ Yoast SEO plugin. -->","yoast_head_json":{"title":"Por complicaciones, intervienen quir\u00fargicamente a \u201cEl Bronco\u201d - Canal 7 SLP - 2022","robots":{"index":"index","follow":"follow","max-snippet":"max-snippet:-1","max-image-preview":"max-image-preview:large","max-video-preview":"max-video-preview:-1"},"canonical":"https:\/\/canal7slp.tv\/2022\/por-complicaciones-intervienen-quirurgicamente-a-el-bronco\/","og_locale":"es_ES","og_type":"article","og_title":"Por complicaciones, intervienen quir\u00fargicamente a \u201cEl Bronco\u201d - Canal 7 SLP - 2022","og_description":"Nuevo Le\u00f3n.- El exgobernador Jaime Rodr\u00edguez Calder\u00f3n, al\u00edas \u201cEl Bronco\u201d, tuvo que ser operado debido a complicaciones intestinales derivadas de su intervenci\u00f3n quir\u00fargica. Practicada el 21 de mayo. \u201cEn la cirug\u00eda se detect\u00f3 una fuga de secreciones intestinales a trav\u00e9s del sitio de la uni\u00f3n del colon, siendo reparada\u201d, fue detallado por medio de Redes Sociales. Debido a dicha situaci\u00f3n, se le practic\u00f3 una ilesteom\u00eda para dejar sin funciones al colon, se menciona que le ser\u00e1 colocado un cat\u00e9ter venoso central para que se pueda alimentar. Por tal motivo, Rodr\u00edguez Calder\u00f3n requerir\u00e1 cuidados de la ileostom\u00eda mientras se realizan la [&hellip;]","og_url":"https:\/\/canal7slp.tv\/2022\/por-complicaciones-intervienen-quirurgicamente-a-el-bronco\/","og_site_name":"Canal 7 SLP - 2022","article_publisher":"https:\/\/www.facebook.com\/noticieroscanalsiete","article_published_time":"2022-05-29T18:02:36+00:00","og_image":[{"width":1152,"height":648,"url":"https:\/\/canal7slp.tv\/2022\/wp-content\/uploads\/2022\/05\/04-26.jpg","type":"image\/jpeg"}],"author":"Edici\u00f3n Web","twitter_card":"summary_large_image","twitter_creator":"@NOTICIEROS7","twitter_site":"@NOTICIEROS7","twitter_misc":{"Escrito por":"Edici\u00f3n Web","Tiempo de lectura":"1 minuto"},"schema":{"@context":"https:\/\/schema.org","@graph":[{"@type":"Article","@id":"https:\/\/canal7slp.tv\/2022\/por-complicaciones-intervienen-quirurgicamente-a-el-bronco\/#article","isPartOf":{"@id":"https:\/\/canal7slp.tv\/2022\/por-complicaciones-intervienen-quirurgicamente-a-el-bronco\/"},"author":{"name":"Edici\u00f3n Web","@id":"https:\/\/canal7slp.tv\/2022\/#\/schema\/person\/429704152a21f5f856ce29aa69a238da"},"headline":"Por complicaciones, intervienen quir\u00fargicamente a \u201cEl Bronco\u201d","datePublished":"2022-05-29T18:02:36+00:00","mainEntityOfPage":{"@id":"https:\/\/canal7slp.tv\/2022\/por-complicaciones-intervienen-quirurgicamente-a-el-bronco\/"},"wordCount":127,"publisher":{"@id":"https:\/\/canal7slp.tv\/2022\/#organization"},"image":{"@id":"https:\/\/canal7slp.tv\/2022\/por-complicaciones-intervienen-quirurgicamente-a-el-bronco\/#primaryimage"},"thumbnailUrl":"https:\/\/canal7slp.tv\/2022\/wp-content\/uploads\/2022\/05\/04-26.jpg","articleSection":["NACIONALES"],"inLanguage":"es"},{"@type":"WebPage","@id":"https:\/\/canal7slp.tv\/2022\/por-complicaciones-intervienen-quirurgicamente-a-el-bronco\/","url":"https:\/\/canal7slp.tv\/2022\/por-complicaciones-intervienen-quirurgicamente-a-el-bronco\/","name":"Por complicaciones, intervienen quir\u00fargicamente a \u201cEl Bronco\u201d - Canal 7 SLP - 2022","isPartOf":{"@id":"https:\/\/canal7slp.tv\/2022\/#website"},"primaryImageOfPage":{"@id":"https:\/\/canal7slp.tv\/2022\/por-complicaciones-intervienen-quirurgicamente-a-el-bronco\/#primaryimage"},"image":{"@id":"https:\/\/canal7slp.tv\/2022\/por-complicaciones-intervienen-quirurgicamente-a-el-bronco\/#primaryimage"},"thumbnailUrl":"https:\/\/canal7slp.tv\/2022\/wp-content\/uploads\/2022\/05\/04-26.jpg","datePublished":"2022-05-29T18:02:36+00:00","breadcrumb":{"@id":"https:\/\/canal7slp.tv\/2022\/por-complicaciones-intervienen-quirurgicamente-a-el-bronco\/#breadcrumb"},"inLanguage":"es","potentialAction":[{"@type":"ReadAction","target":["https:\/\/canal7slp.tv\/2022\/por-complicaciones-intervienen-quirurgicamente-a-el-bronco\/"]}]},{"@type":"ImageObject","inLanguage":"es","@id":"https:\/\/canal7slp.tv\/2022\/por-complicaciones-intervienen-quirurgicamente-a-el-bronco\/#primaryimage","url":"https:\/\/canal7slp.tv\/2022\/wp-content\/uploads\/2022\/05\/04-26.jpg","contentUrl":"https:\/\/canal7slp.tv\/2022\/wp-content\/uploads\/2022\/05\/04-26.jpg","width":1152,"height":648},{"@type":"BreadcrumbList","@id":"https:\/\/canal7slp.tv\/2022\/por-complicaciones-intervienen-quirurgicamente-a-el-bronco\/#breadcrumb","itemListElement":[{"@type":"ListItem","position":1,"name":"Portada","item":"https:\/\/canal7slp.tv\/2022\/"},{"@type":"ListItem","position":2,"name":"Por complicaciones, intervienen quir\u00fargicamente a \u201cEl Bronco\u201d"}]},{"@type":"WebSite","@id":"https:\/\/canal7slp.tv\/2022\/#website","url":"https:\/\/canal7slp.tv\/2022\/","name":"N7 - Noticieros Canal 7","description":"Somos Televisi\u00f3n","publisher":{"@id":"https:\/\/canal7slp.tv\/2022\/#organization"},"potentialAction":[{"@type":"SearchAction","target":{"@type":"EntryPoint","urlTemplate":"https:\/\/canal7slp.tv\/2022\/?s={search_term_string}"},"query-input":{"@type":"PropertyValueSpecification","valueRequired":true,"valueName":"search_term_string"}}],"inLanguage":"es"},{"@type":"Organization","@id":"https:\/\/canal7slp.tv\/2022\/#organization","name":"Noticieros Canal 7","url":"https:\/\/canal7slp.tv\/2022\/","logo":{"@type":"ImageObject","inLanguage":"es","@id":"https:\/\/canal7slp.tv\/2022\/#\/schema\/logo\/image\/","url":"https:\/\/canal7slp.tv\/2022\/wp-content\/uploads\/2021\/01\/logo-noticieros@2x.png","contentUrl":"https:\/\/canal7slp.tv\/2022\/wp-content\/uploads\/2021\/01\/logo-noticieros@2x.png","width":1017,"height":268,"caption":"Noticieros Canal 7"},"image":{"@id":"https:\/\/canal7slp.tv\/2022\/#\/schema\/logo\/image\/"},"sameAs":["https:\/\/www.facebook.com\/noticieroscanalsiete","https:\/\/x.com\/NOTICIEROS7","https:\/\/www.instagram.com\/canal7_slp","https:\/\/www.youtube.com\/channel\/UCliiYs-gP3JfJeqdPrNdd5A"]},{"@type":"Person","@id":"https:\/\/canal7slp.tv\/2022\/#\/schema\/person\/429704152a21f5f856ce29aa69a238da","name":"Edici\u00f3n Web","image":{"@type":"ImageObject","inLanguage":"es","@id":"https:\/\/secure.gravatar.com\/avatar\/eee448fc3f7164808013b816ba91ac7e43bbe82a70bebac296f8bc6f0addaa1a?s=96&d=mm&r=g","url":"https:\/\/secure.gravatar.com\/avatar\/eee448fc3f7164808013b816ba91ac7e43bbe82a70bebac296f8bc6f0addaa1a?s=96&d=mm&r=g","contentUrl":"https:\/\/secure.gravatar.com\/avatar\/eee448fc3f7164808013b816ba91ac7e43bbe82a70bebac296f8bc6f0addaa1a?s=96&d=mm&r=g","caption":"Edici\u00f3n Web"},"url":"https:\/\/canal7slp.tv\/2022\/author\/edicionweb\/"}]}},"amp_enabled":true,"_links":{"self":[{"href":"https:\/\/canal7slp.tv\/2022\/wp-json\/wp\/v2\/posts\/61754","targetHints":{"allow":["GET"]}}],"collection":[{"href":"https:\/\/canal7slp.tv\/2022\/wp-json\/wp\/v2\/posts"}],"about":[{"href":"https:\/\/canal7slp.tv\/2022\/wp-json\/wp\/v2\/types\/post"}],"author":[{"embeddable":true,"href":"https:\/\/canal7slp.tv\/2022\/wp-json\/wp\/v2\/users\/2"}],"replies":[{"embeddable":true,"href":"https:\/\/canal7slp.tv\/2022\/wp-json\/wp\/v2\/comments?post=61754"}],"version-history":[{"count":2,"href":"https:\/\/canal7slp.tv\/2022\/wp-json\/wp\/v2\/posts\/61754\/revisions"}],"predecessor-version":[{"id":61774,"href":"https:\/\/canal7slp.tv\/2022\/wp-json\/wp\/v2\/posts\/61754\/revisions\/61774"}],"wp:featuredmedia":[{"embeddable":true,"href":"https:\/\/canal7slp.tv\/2022\/wp-json\/wp\/v2\/media\/61768"}],"wp:attachment":[{"href":"https:\/\/canal7slp.tv\/2022\/wp-json\/wp\/v2\/media?parent=61754"}],"wp:term":[{"taxonomy":"category","embeddable":true,"href":"https:\/\/canal7slp.tv\/2022\/wp-json\/wp\/v2\/categories?post=61754"},{"taxonomy":"post_tag","embeddable":true,"href":"https:\/\/canal7slp.tv\/2022\/wp-json\/wp\/v2\/tags?post=61754"}],"curies":[{"name":"wp","href":"https:\/\/api.w.org\/{rel}","templated":true}]}}