{"id":61753,"date":"2022-05-29T12:02:41","date_gmt":"2022-05-29T18:02:41","guid":{"rendered":"https:\/\/canal7slp.tv\/2022\/?p=61753"},"modified":"2022-05-29T12:02:41","modified_gmt":"2022-05-29T18:02:41","slug":"avioneta-donde-viajaba-alcaldesa-de-nayarit-sufre-accidente","status":"publish","type":"post","link":"https:\/\/canal7slp.tv\/2022\/avioneta-donde-viajaba-alcaldesa-de-nayarit-sufre-accidente\/","title":{"rendered":"Avioneta donde viajaba alcaldesa de Nayarit sufre accidente"},"content":{"rendered":"<p style=\"text-align: justify;\">Tepic.- Durante una gira de trabajo este 29 de mayo, la avioneta en la que viajaba Geraldine Ponce -alcaldesa de Tepic- y su equipo de trabajo sufri\u00f3 un accidente al momento de aterrizar en una pista de la comunidad Mesa del Nayar, en el municipio Del Nayar.<\/p>\n<p style=\"text-align: justify;\">La administraci\u00f3n municipal de Tepic inform\u00f3 que la alcaldesa solo tiene algunas lesiones menores, entre ellas un golpe en el hombro, situaci\u00f3n que no la impidi\u00f3 continuar con su agenda de trabajo.<\/p>\n<p style=\"text-align: justify;\">Asimismo, la personal municipal que acompa\u00f1aba a la edil tambi\u00e9n se encuentra a salvo.<\/p>\n<p style=\"text-align: justify;\">Aparentemente el accidente a\u00e9reo de Geraldine Ponce ocurri\u00f3 cuando la avioneta en la que viajaba, con matricula XB-GDL sufri\u00f3 una falla mec\u00e1nica que oblig\u00f3 al piloto a realizar un aterrizaje de emergencia.<\/p>\n<p style=\"text-align: justify;\">Derivado de esto, el tren de aterrizaje y un ala resultaron da\u00f1adas, lo que ocasiono que la aeronave cayera en en terrenos de la preparatoria del Centro de Desarrollo Econ\u00f3mico Educativo de la Mesa Del Nayar.<\/p>\n<p style=\"text-align: justify;\">\u00abAgradezco de todo coraz\u00f3n su preocupaci\u00f3n por m\u00ed y mi equipo de trabajo, y sus muestras de cari\u00f1o. Gracias a Dios estamos todos bien, s\u00f3lo con algunas lesiones leves.\u201d Coment\u00f3 la exreina de belleza en su cuenta oficial de Twitter.<\/p>\n","protected":false},"excerpt":{"rendered":"<p>Tepic.- Durante una gira de trabajo este 29 de mayo, la avioneta en la que viajaba Geraldine Ponce -alcaldesa de Tepic- y su equipo de trabajo sufri\u00f3 un accidente al momento de aterrizar en una pista de la comunidad Mesa del Nayar, en el municipio Del Nayar. La administraci\u00f3n municipal de Tepic inform\u00f3 que la alcaldesa solo tiene algunas lesiones menores, entre ellas un golpe en el hombro, situaci\u00f3n que no la impidi\u00f3 continuar con su agenda de trabajo. Asimismo, la personal municipal que acompa\u00f1aba a la edil tambi\u00e9n se encuentra a salvo. Aparentemente el accidente a\u00e9reo de Geraldine Ponce [&hellip;]<\/p>\n","protected":false},"author":2,"featured_media":61767,"comment_status":"closed","ping_status":"closed","sticky":false,"template":"","format":"standard","meta":{"footnotes":""},"categories":[46],"tags":[],"class_list":["post-61753","post","type-post","status-publish","format-standard","has-post-thumbnail","hentry","category-nacional","post--single"],"yoast_head":"<!-- This site is optimized with the Yoast SEO plugin v27.5 - https:\/\/yoast.com\/product\/yoast-seo-wordpress\/ -->\n<title>Avioneta donde viajaba alcaldesa de Nayarit sufre accidente - Canal 7 SLP - 2022<\/title>\n<meta name=\"robots\" content=\"index, follow, max-snippet:-1, max-image-preview:large, max-video-preview:-1\" \/>\n<link rel=\"canonical\" href=\"https:\/\/canal7slp.tv\/2022\/avioneta-donde-viajaba-alcaldesa-de-nayarit-sufre-accidente\/\" \/>\n<meta property=\"og:locale\" content=\"es_ES\" \/>\n<meta property=\"og:type\" content=\"article\" \/>\n<meta property=\"og:title\" content=\"Avioneta donde viajaba alcaldesa de Nayarit sufre accidente - Canal 7 SLP - 2022\" \/>\n<meta property=\"og:description\" content=\"Tepic.- Durante una gira de trabajo este 29 de mayo, la avioneta en la que viajaba Geraldine Ponce -alcaldesa de Tepic- y su equipo de trabajo sufri\u00f3 un accidente al momento de aterrizar en una pista de la comunidad Mesa del Nayar, en el municipio Del Nayar. La administraci\u00f3n municipal de Tepic inform\u00f3 que la alcaldesa solo tiene algunas lesiones menores, entre ellas un golpe en el hombro, situaci\u00f3n que no la impidi\u00f3 continuar con su agenda de trabajo. Asimismo, la personal municipal que acompa\u00f1aba a la edil tambi\u00e9n se encuentra a salvo. Aparentemente el accidente a\u00e9reo de Geraldine Ponce [&hellip;]\" \/>\n<meta property=\"og:url\" content=\"https:\/\/canal7slp.tv\/2022\/avioneta-donde-viajaba-alcaldesa-de-nayarit-sufre-accidente\/\" \/>\n<meta property=\"og:site_name\" content=\"Canal 7 SLP - 2022\" \/>\n<meta property=\"article:publisher\" content=\"https:\/\/www.facebook.com\/noticieroscanalsiete\" \/>\n<meta property=\"article:published_time\" content=\"2022-05-29T18:02:41+00:00\" \/>\n<meta property=\"og:image\" content=\"https:\/\/canal7slp.tv\/2022\/wp-content\/uploads\/2022\/05\/03-22.jpg\" \/>\n\t<meta property=\"og:image:width\" content=\"1280\" \/>\n\t<meta property=\"og:image:height\" content=\"720\" \/>\n\t<meta property=\"og:image:type\" content=\"image\/jpeg\" \/>\n<meta name=\"author\" content=\"Edici\u00f3n Web\" \/>\n<meta name=\"twitter:card\" content=\"summary_large_image\" \/>\n<meta name=\"twitter:creator\" content=\"@NOTICIEROS7\" \/>\n<meta name=\"twitter:site\" content=\"@NOTICIEROS7\" \/>\n<meta name=\"twitter:label1\" content=\"Escrito por\" \/>\n\t<meta name=\"twitter:data1\" content=\"Edici\u00f3n Web\" \/>\n\t<meta name=\"twitter:label2\" content=\"Tiempo de lectura\" \/>\n\t<meta name=\"twitter:data2\" content=\"1 minuto\" \/>\n<script type=\"application\/ld+json\" class=\"yoast-schema-graph\">{\"@context\":\"https:\\\/\\\/schema.org\",\"@graph\":[{\"@type\":\"Article\",\"@id\":\"https:\\\/\\\/canal7slp.tv\\\/2022\\\/avioneta-donde-viajaba-alcaldesa-de-nayarit-sufre-accidente\\\/#article\",\"isPartOf\":{\"@id\":\"https:\\\/\\\/canal7slp.tv\\\/2022\\\/avioneta-donde-viajaba-alcaldesa-de-nayarit-sufre-accidente\\\/\"},\"author\":{\"name\":\"Edici\u00f3n Web\",\"@id\":\"https:\\\/\\\/canal7slp.tv\\\/2022\\\/#\\\/schema\\\/person\\\/429704152a21f5f856ce29aa69a238da\"},\"headline\":\"Avioneta donde viajaba alcaldesa de Nayarit sufre accidente\",\"datePublished\":\"2022-05-29T18:02:41+00:00\",\"mainEntityOfPage\":{\"@id\":\"https:\\\/\\\/canal7slp.tv\\\/2022\\\/avioneta-donde-viajaba-alcaldesa-de-nayarit-sufre-accidente\\\/\"},\"wordCount\":221,\"publisher\":{\"@id\":\"https:\\\/\\\/canal7slp.tv\\\/2022\\\/#organization\"},\"image\":{\"@id\":\"https:\\\/\\\/canal7slp.tv\\\/2022\\\/avioneta-donde-viajaba-alcaldesa-de-nayarit-sufre-accidente\\\/#primaryimage\"},\"thumbnailUrl\":\"https:\\\/\\\/canal7slp.tv\\\/2022\\\/wp-content\\\/uploads\\\/2022\\\/05\\\/03-22.jpg\",\"articleSection\":[\"NACIONALES\"],\"inLanguage\":\"es\"},{\"@type\":\"WebPage\",\"@id\":\"https:\\\/\\\/canal7slp.tv\\\/2022\\\/avioneta-donde-viajaba-alcaldesa-de-nayarit-sufre-accidente\\\/\",\"url\":\"https:\\\/\\\/canal7slp.tv\\\/2022\\\/avioneta-donde-viajaba-alcaldesa-de-nayarit-sufre-accidente\\\/\",\"name\":\"Avioneta donde viajaba alcaldesa de Nayarit sufre accidente - Canal 7 SLP - 2022\",\"isPartOf\":{\"@id\":\"https:\\\/\\\/canal7slp.tv\\\/2022\\\/#website\"},\"primaryImageOfPage\":{\"@id\":\"https:\\\/\\\/canal7slp.tv\\\/2022\\\/avioneta-donde-viajaba-alcaldesa-de-nayarit-sufre-accidente\\\/#primaryimage\"},\"image\":{\"@id\":\"https:\\\/\\\/canal7slp.tv\\\/2022\\\/avioneta-donde-viajaba-alcaldesa-de-nayarit-sufre-accidente\\\/#primaryimage\"},\"thumbnailUrl\":\"https:\\\/\\\/canal7slp.tv\\\/2022\\\/wp-content\\\/uploads\\\/2022\\\/05\\\/03-22.jpg\",\"datePublished\":\"2022-05-29T18:02:41+00:00\",\"breadcrumb\":{\"@id\":\"https:\\\/\\\/canal7slp.tv\\\/2022\\\/avioneta-donde-viajaba-alcaldesa-de-nayarit-sufre-accidente\\\/#breadcrumb\"},\"inLanguage\":\"es\",\"potentialAction\":[{\"@type\":\"ReadAction\",\"target\":[\"https:\\\/\\\/canal7slp.tv\\\/2022\\\/avioneta-donde-viajaba-alcaldesa-de-nayarit-sufre-accidente\\\/\"]}]},{\"@type\":\"ImageObject\",\"inLanguage\":\"es\",\"@id\":\"https:\\\/\\\/canal7slp.tv\\\/2022\\\/avioneta-donde-viajaba-alcaldesa-de-nayarit-sufre-accidente\\\/#primaryimage\",\"url\":\"https:\\\/\\\/canal7slp.tv\\\/2022\\\/wp-content\\\/uploads\\\/2022\\\/05\\\/03-22.jpg\",\"contentUrl\":\"https:\\\/\\\/canal7slp.tv\\\/2022\\\/wp-content\\\/uploads\\\/2022\\\/05\\\/03-22.jpg\",\"width\":1280,\"height\":720},{\"@type\":\"BreadcrumbList\",\"@id\":\"https:\\\/\\\/canal7slp.tv\\\/2022\\\/avioneta-donde-viajaba-alcaldesa-de-nayarit-sufre-accidente\\\/#breadcrumb\",\"itemListElement\":[{\"@type\":\"ListItem\",\"position\":1,\"name\":\"Portada\",\"item\":\"https:\\\/\\\/canal7slp.tv\\\/2022\\\/\"},{\"@type\":\"ListItem\",\"position\":2,\"name\":\"Avioneta donde viajaba alcaldesa de Nayarit sufre accidente\"}]},{\"@type\":\"WebSite\",\"@id\":\"https:\\\/\\\/canal7slp.tv\\\/2022\\\/#website\",\"url\":\"https:\\\/\\\/canal7slp.tv\\\/2022\\\/\",\"name\":\"N7 - Noticieros Canal 7\",\"description\":\"Somos Televisi\u00f3n\",\"publisher\":{\"@id\":\"https:\\\/\\\/canal7slp.tv\\\/2022\\\/#organization\"},\"potentialAction\":[{\"@type\":\"SearchAction\",\"target\":{\"@type\":\"EntryPoint\",\"urlTemplate\":\"https:\\\/\\\/canal7slp.tv\\\/2022\\\/?s={search_term_string}\"},\"query-input\":{\"@type\":\"PropertyValueSpecification\",\"valueRequired\":true,\"valueName\":\"search_term_string\"}}],\"inLanguage\":\"es\"},{\"@type\":\"Organization\",\"@id\":\"https:\\\/\\\/canal7slp.tv\\\/2022\\\/#organization\",\"name\":\"Noticieros Canal 7\",\"url\":\"https:\\\/\\\/canal7slp.tv\\\/2022\\\/\",\"logo\":{\"@type\":\"ImageObject\",\"inLanguage\":\"es\",\"@id\":\"https:\\\/\\\/canal7slp.tv\\\/2022\\\/#\\\/schema\\\/logo\\\/image\\\/\",\"url\":\"https:\\\/\\\/canal7slp.tv\\\/2022\\\/wp-content\\\/uploads\\\/2021\\\/01\\\/logo-noticieros@2x.png\",\"contentUrl\":\"https:\\\/\\\/canal7slp.tv\\\/2022\\\/wp-content\\\/uploads\\\/2021\\\/01\\\/logo-noticieros@2x.png\",\"width\":1017,\"height\":268,\"caption\":\"Noticieros Canal 7\"},\"image\":{\"@id\":\"https:\\\/\\\/canal7slp.tv\\\/2022\\\/#\\\/schema\\\/logo\\\/image\\\/\"},\"sameAs\":[\"https:\\\/\\\/www.facebook.com\\\/noticieroscanalsiete\",\"https:\\\/\\\/x.com\\\/NOTICIEROS7\",\"https:\\\/\\\/www.instagram.com\\\/canal7_slp\",\"https:\\\/\\\/www.youtube.com\\\/channel\\\/UCliiYs-gP3JfJeqdPrNdd5A\"]},{\"@type\":\"Person\",\"@id\":\"https:\\\/\\\/canal7slp.tv\\\/2022\\\/#\\\/schema\\\/person\\\/429704152a21f5f856ce29aa69a238da\",\"name\":\"Edici\u00f3n Web\",\"image\":{\"@type\":\"ImageObject\",\"inLanguage\":\"es\",\"@id\":\"https:\\\/\\\/secure.gravatar.com\\\/avatar\\\/eee448fc3f7164808013b816ba91ac7e43bbe82a70bebac296f8bc6f0addaa1a?s=96&d=mm&r=g\",\"url\":\"https:\\\/\\\/secure.gravatar.com\\\/avatar\\\/eee448fc3f7164808013b816ba91ac7e43bbe82a70bebac296f8bc6f0addaa1a?s=96&d=mm&r=g\",\"contentUrl\":\"https:\\\/\\\/secure.gravatar.com\\\/avatar\\\/eee448fc3f7164808013b816ba91ac7e43bbe82a70bebac296f8bc6f0addaa1a?s=96&d=mm&r=g\",\"caption\":\"Edici\u00f3n Web\"},\"url\":\"https:\\\/\\\/canal7slp.tv\\\/2022\\\/author\\\/edicionweb\\\/\"}]}<\/script>\n<!-- \/ Yoast SEO plugin. -->","yoast_head_json":{"title":"Avioneta donde viajaba alcaldesa de Nayarit sufre accidente - Canal 7 SLP - 2022","robots":{"index":"index","follow":"follow","max-snippet":"max-snippet:-1","max-image-preview":"max-image-preview:large","max-video-preview":"max-video-preview:-1"},"canonical":"https:\/\/canal7slp.tv\/2022\/avioneta-donde-viajaba-alcaldesa-de-nayarit-sufre-accidente\/","og_locale":"es_ES","og_type":"article","og_title":"Avioneta donde viajaba alcaldesa de Nayarit sufre accidente - Canal 7 SLP - 2022","og_description":"Tepic.- Durante una gira de trabajo este 29 de mayo, la avioneta en la que viajaba Geraldine Ponce -alcaldesa de Tepic- y su equipo de trabajo sufri\u00f3 un accidente al momento de aterrizar en una pista de la comunidad Mesa del Nayar, en el municipio Del Nayar. La administraci\u00f3n municipal de Tepic inform\u00f3 que la alcaldesa solo tiene algunas lesiones menores, entre ellas un golpe en el hombro, situaci\u00f3n que no la impidi\u00f3 continuar con su agenda de trabajo. Asimismo, la personal municipal que acompa\u00f1aba a la edil tambi\u00e9n se encuentra a salvo. Aparentemente el accidente a\u00e9reo de Geraldine Ponce [&hellip;]","og_url":"https:\/\/canal7slp.tv\/2022\/avioneta-donde-viajaba-alcaldesa-de-nayarit-sufre-accidente\/","og_site_name":"Canal 7 SLP - 2022","article_publisher":"https:\/\/www.facebook.com\/noticieroscanalsiete","article_published_time":"2022-05-29T18:02:41+00:00","og_image":[{"width":1280,"height":720,"url":"https:\/\/canal7slp.tv\/2022\/wp-content\/uploads\/2022\/05\/03-22.jpg","type":"image\/jpeg"}],"author":"Edici\u00f3n Web","twitter_card":"summary_large_image","twitter_creator":"@NOTICIEROS7","twitter_site":"@NOTICIEROS7","twitter_misc":{"Escrito por":"Edici\u00f3n Web","Tiempo de lectura":"1 minuto"},"schema":{"@context":"https:\/\/schema.org","@graph":[{"@type":"Article","@id":"https:\/\/canal7slp.tv\/2022\/avioneta-donde-viajaba-alcaldesa-de-nayarit-sufre-accidente\/#article","isPartOf":{"@id":"https:\/\/canal7slp.tv\/2022\/avioneta-donde-viajaba-alcaldesa-de-nayarit-sufre-accidente\/"},"author":{"name":"Edici\u00f3n Web","@id":"https:\/\/canal7slp.tv\/2022\/#\/schema\/person\/429704152a21f5f856ce29aa69a238da"},"headline":"Avioneta donde viajaba alcaldesa de Nayarit sufre accidente","datePublished":"2022-05-29T18:02:41+00:00","mainEntityOfPage":{"@id":"https:\/\/canal7slp.tv\/2022\/avioneta-donde-viajaba-alcaldesa-de-nayarit-sufre-accidente\/"},"wordCount":221,"publisher":{"@id":"https:\/\/canal7slp.tv\/2022\/#organization"},"image":{"@id":"https:\/\/canal7slp.tv\/2022\/avioneta-donde-viajaba-alcaldesa-de-nayarit-sufre-accidente\/#primaryimage"},"thumbnailUrl":"https:\/\/canal7slp.tv\/2022\/wp-content\/uploads\/2022\/05\/03-22.jpg","articleSection":["NACIONALES"],"inLanguage":"es"},{"@type":"WebPage","@id":"https:\/\/canal7slp.tv\/2022\/avioneta-donde-viajaba-alcaldesa-de-nayarit-sufre-accidente\/","url":"https:\/\/canal7slp.tv\/2022\/avioneta-donde-viajaba-alcaldesa-de-nayarit-sufre-accidente\/","name":"Avioneta donde viajaba alcaldesa de Nayarit sufre accidente - Canal 7 SLP - 2022","isPartOf":{"@id":"https:\/\/canal7slp.tv\/2022\/#website"},"primaryImageOfPage":{"@id":"https:\/\/canal7slp.tv\/2022\/avioneta-donde-viajaba-alcaldesa-de-nayarit-sufre-accidente\/#primaryimage"},"image":{"@id":"https:\/\/canal7slp.tv\/2022\/avioneta-donde-viajaba-alcaldesa-de-nayarit-sufre-accidente\/#primaryimage"},"thumbnailUrl":"https:\/\/canal7slp.tv\/2022\/wp-content\/uploads\/2022\/05\/03-22.jpg","datePublished":"2022-05-29T18:02:41+00:00","breadcrumb":{"@id":"https:\/\/canal7slp.tv\/2022\/avioneta-donde-viajaba-alcaldesa-de-nayarit-sufre-accidente\/#breadcrumb"},"inLanguage":"es","potentialAction":[{"@type":"ReadAction","target":["https:\/\/canal7slp.tv\/2022\/avioneta-donde-viajaba-alcaldesa-de-nayarit-sufre-accidente\/"]}]},{"@type":"ImageObject","inLanguage":"es","@id":"https:\/\/canal7slp.tv\/2022\/avioneta-donde-viajaba-alcaldesa-de-nayarit-sufre-accidente\/#primaryimage","url":"https:\/\/canal7slp.tv\/2022\/wp-content\/uploads\/2022\/05\/03-22.jpg","contentUrl":"https:\/\/canal7slp.tv\/2022\/wp-content\/uploads\/2022\/05\/03-22.jpg","width":1280,"height":720},{"@type":"BreadcrumbList","@id":"https:\/\/canal7slp.tv\/2022\/avioneta-donde-viajaba-alcaldesa-de-nayarit-sufre-accidente\/#breadcrumb","itemListElement":[{"@type":"ListItem","position":1,"name":"Portada","item":"https:\/\/canal7slp.tv\/2022\/"},{"@type":"ListItem","position":2,"name":"Avioneta donde viajaba alcaldesa de Nayarit sufre accidente"}]},{"@type":"WebSite","@id":"https:\/\/canal7slp.tv\/2022\/#website","url":"https:\/\/canal7slp.tv\/2022\/","name":"N7 - Noticieros Canal 7","description":"Somos Televisi\u00f3n","publisher":{"@id":"https:\/\/canal7slp.tv\/2022\/#organization"},"potentialAction":[{"@type":"SearchAction","target":{"@type":"EntryPoint","urlTemplate":"https:\/\/canal7slp.tv\/2022\/?s={search_term_string}"},"query-input":{"@type":"PropertyValueSpecification","valueRequired":true,"valueName":"search_term_string"}}],"inLanguage":"es"},{"@type":"Organization","@id":"https:\/\/canal7slp.tv\/2022\/#organization","name":"Noticieros Canal 7","url":"https:\/\/canal7slp.tv\/2022\/","logo":{"@type":"ImageObject","inLanguage":"es","@id":"https:\/\/canal7slp.tv\/2022\/#\/schema\/logo\/image\/","url":"https:\/\/canal7slp.tv\/2022\/wp-content\/uploads\/2021\/01\/logo-noticieros@2x.png","contentUrl":"https:\/\/canal7slp.tv\/2022\/wp-content\/uploads\/2021\/01\/logo-noticieros@2x.png","width":1017,"height":268,"caption":"Noticieros Canal 7"},"image":{"@id":"https:\/\/canal7slp.tv\/2022\/#\/schema\/logo\/image\/"},"sameAs":["https:\/\/www.facebook.com\/noticieroscanalsiete","https:\/\/x.com\/NOTICIEROS7","https:\/\/www.instagram.com\/canal7_slp","https:\/\/www.youtube.com\/channel\/UCliiYs-gP3JfJeqdPrNdd5A"]},{"@type":"Person","@id":"https:\/\/canal7slp.tv\/2022\/#\/schema\/person\/429704152a21f5f856ce29aa69a238da","name":"Edici\u00f3n Web","image":{"@type":"ImageObject","inLanguage":"es","@id":"https:\/\/secure.gravatar.com\/avatar\/eee448fc3f7164808013b816ba91ac7e43bbe82a70bebac296f8bc6f0addaa1a?s=96&d=mm&r=g","url":"https:\/\/secure.gravatar.com\/avatar\/eee448fc3f7164808013b816ba91ac7e43bbe82a70bebac296f8bc6f0addaa1a?s=96&d=mm&r=g","contentUrl":"https:\/\/secure.gravatar.com\/avatar\/eee448fc3f7164808013b816ba91ac7e43bbe82a70bebac296f8bc6f0addaa1a?s=96&d=mm&r=g","caption":"Edici\u00f3n Web"},"url":"https:\/\/canal7slp.tv\/2022\/author\/edicionweb\/"}]}},"amp_enabled":true,"_links":{"self":[{"href":"https:\/\/canal7slp.tv\/2022\/wp-json\/wp\/v2\/posts\/61753","targetHints":{"allow":["GET"]}}],"collection":[{"href":"https:\/\/canal7slp.tv\/2022\/wp-json\/wp\/v2\/posts"}],"about":[{"href":"https:\/\/canal7slp.tv\/2022\/wp-json\/wp\/v2\/types\/post"}],"author":[{"embeddable":true,"href":"https:\/\/canal7slp.tv\/2022\/wp-json\/wp\/v2\/users\/2"}],"replies":[{"embeddable":true,"href":"https:\/\/canal7slp.tv\/2022\/wp-json\/wp\/v2\/comments?post=61753"}],"version-history":[{"count":2,"href":"https:\/\/canal7slp.tv\/2022\/wp-json\/wp\/v2\/posts\/61753\/revisions"}],"predecessor-version":[{"id":61775,"href":"https:\/\/canal7slp.tv\/2022\/wp-json\/wp\/v2\/posts\/61753\/revisions\/61775"}],"wp:featuredmedia":[{"embeddable":true,"href":"https:\/\/canal7slp.tv\/2022\/wp-json\/wp\/v2\/media\/61767"}],"wp:attachment":[{"href":"https:\/\/canal7slp.tv\/2022\/wp-json\/wp\/v2\/media?parent=61753"}],"wp:term":[{"taxonomy":"category","embeddable":true,"href":"https:\/\/canal7slp.tv\/2022\/wp-json\/wp\/v2\/categories?post=61753"},{"taxonomy":"post_tag","embeddable":true,"href":"https:\/\/canal7slp.tv\/2022\/wp-json\/wp\/v2\/tags?post=61753"}],"curies":[{"name":"wp","href":"https:\/\/api.w.org\/{rel}","templated":true}]}}