{"id":61752,"date":"2022-05-29T12:02:43","date_gmt":"2022-05-29T18:02:43","guid":{"rendered":"https:\/\/canal7slp.tv\/2022\/?p=61752"},"modified":"2022-05-29T12:02:43","modified_gmt":"2022-05-29T18:02:43","slug":"socavon-de-puebla-cumple-un-ano","status":"publish","type":"post","link":"https:\/\/canal7slp.tv\/2022\/socavon-de-puebla-cumple-un-ano\/","title":{"rendered":"Socav\u00f3n de Puebla cumple un a\u00f1o"},"content":{"rendered":"<p style=\"text-align: justify;\">Juan C. Bonilla.- Este 29 de mayo, se cumple un a\u00f1o del surgimiento del famoso socav\u00f3n de Puebla, ubicado en la la junta auxiliar de Santa Mar\u00eda Zacatepec perteneciente al municipio de Juan C. Bonilla-, sin que al momento se haya causado mayor afectaci\u00f3n que el desalojo de una familia que tenia su hogar en las inmediaciones del mismo.<\/p>\n<p style=\"text-align: justify;\">De acuerdo con las autoridades estales, el enorme hueco en la tierra mantiene su di\u00e1metro donde el donde el eje menor es de 123 metros y el eje mayor de 126 metros.<\/p>\n<p style=\"text-align: justify;\">Jes\u00fas Parra Casarrubias, director de Protecci\u00f3n Civil Municipal, inform\u00f3 que se contin\u00faan levantando estudios por parte del Instituto Polit\u00e9cnico Nacional (IPN) junto con la Benem\u00e9rita Universidad Aut\u00f3noma de Puebla (BUAP), por lo cual hasta el momento no hay un estudio oficial y determinante que indique las causas que provocaron la falla geol\u00f3gica.<\/p>\n<p style=\"text-align: justify;\">Por su parte, la Secretar\u00eda de Seguridad P\u00fablica Estatal mantiene la zona resguardada las 24 horas del d\u00eda durante los 7 d\u00edas de la semana, a fin de evitar que personas se acerque al socav\u00f3n o que caigan los animalitos, como fue el caso de los perros Spike y Spay.<\/p>\n<p style=\"text-align: justify;\">Cabe se\u00f1alar, que pese a la malla cicl\u00f3nica que esta instalada en el sitio, m\u00e1s perros han ca\u00eddo en el socav\u00f3n, mismos que han sido rescatados y entregados a la Secretar\u00eda de Bienestar Animal para revisarlos cl\u00ednicamente y, en caso que sus propietarios los reclamen, ser entregados.<\/p>\n","protected":false},"excerpt":{"rendered":"<p>Juan C. Bonilla.- Este 29 de mayo, se cumple un a\u00f1o del surgimiento del famoso socav\u00f3n de Puebla, ubicado en la la junta auxiliar de Santa Mar\u00eda Zacatepec perteneciente al municipio de Juan C. Bonilla-, sin que al momento se haya causado mayor afectaci\u00f3n que el desalojo de una familia que tenia su hogar en las inmediaciones del mismo. De acuerdo con las autoridades estales, el enorme hueco en la tierra mantiene su di\u00e1metro donde el donde el eje menor es de 123 metros y el eje mayor de 126 metros. Jes\u00fas Parra Casarrubias, director de Protecci\u00f3n Civil Municipal, inform\u00f3 [&hellip;]<\/p>\n","protected":false},"author":2,"featured_media":61766,"comment_status":"closed","ping_status":"closed","sticky":false,"template":"","format":"standard","meta":{"footnotes":""},"categories":[46],"tags":[],"class_list":["post-61752","post","type-post","status-publish","format-standard","has-post-thumbnail","hentry","category-nacional","post--single"],"yoast_head":"<!-- This site is optimized with the Yoast SEO plugin v27.5 - https:\/\/yoast.com\/product\/yoast-seo-wordpress\/ -->\n<title>Socav\u00f3n de Puebla cumple un a\u00f1o - Canal 7 SLP - 2022<\/title>\n<meta name=\"robots\" content=\"index, follow, max-snippet:-1, max-image-preview:large, max-video-preview:-1\" \/>\n<link rel=\"canonical\" href=\"https:\/\/canal7slp.tv\/2022\/socavon-de-puebla-cumple-un-ano\/\" \/>\n<meta property=\"og:locale\" content=\"es_ES\" \/>\n<meta property=\"og:type\" content=\"article\" \/>\n<meta property=\"og:title\" content=\"Socav\u00f3n de Puebla cumple un a\u00f1o - Canal 7 SLP - 2022\" \/>\n<meta property=\"og:description\" content=\"Juan C. Bonilla.- Este 29 de mayo, se cumple un a\u00f1o del surgimiento del famoso socav\u00f3n de Puebla, ubicado en la la junta auxiliar de Santa Mar\u00eda Zacatepec perteneciente al municipio de Juan C. Bonilla-, sin que al momento se haya causado mayor afectaci\u00f3n que el desalojo de una familia que tenia su hogar en las inmediaciones del mismo. De acuerdo con las autoridades estales, el enorme hueco en la tierra mantiene su di\u00e1metro donde el donde el eje menor es de 123 metros y el eje mayor de 126 metros. Jes\u00fas Parra Casarrubias, director de Protecci\u00f3n Civil Municipal, inform\u00f3 [&hellip;]\" \/>\n<meta property=\"og:url\" content=\"https:\/\/canal7slp.tv\/2022\/socavon-de-puebla-cumple-un-ano\/\" \/>\n<meta property=\"og:site_name\" content=\"Canal 7 SLP - 2022\" \/>\n<meta property=\"article:publisher\" content=\"https:\/\/www.facebook.com\/noticieroscanalsiete\" \/>\n<meta property=\"article:published_time\" content=\"2022-05-29T18:02:43+00:00\" \/>\n<meta property=\"og:image\" content=\"https:\/\/canal7slp.tv\/2022\/wp-content\/uploads\/2022\/05\/02-19.jpg\" \/>\n\t<meta property=\"og:image:width\" content=\"768\" \/>\n\t<meta property=\"og:image:height\" content=\"479\" \/>\n\t<meta property=\"og:image:type\" content=\"image\/jpeg\" \/>\n<meta name=\"author\" content=\"Edici\u00f3n Web\" \/>\n<meta name=\"twitter:card\" content=\"summary_large_image\" \/>\n<meta name=\"twitter:creator\" content=\"@NOTICIEROS7\" \/>\n<meta name=\"twitter:site\" content=\"@NOTICIEROS7\" \/>\n<meta name=\"twitter:label1\" content=\"Escrito por\" \/>\n\t<meta name=\"twitter:data1\" content=\"Edici\u00f3n Web\" \/>\n\t<meta name=\"twitter:label2\" content=\"Tiempo de lectura\" \/>\n\t<meta name=\"twitter:data2\" content=\"2 minutos\" \/>\n<script type=\"application\/ld+json\" class=\"yoast-schema-graph\">{\"@context\":\"https:\\\/\\\/schema.org\",\"@graph\":[{\"@type\":\"Article\",\"@id\":\"https:\\\/\\\/canal7slp.tv\\\/2022\\\/socavon-de-puebla-cumple-un-ano\\\/#article\",\"isPartOf\":{\"@id\":\"https:\\\/\\\/canal7slp.tv\\\/2022\\\/socavon-de-puebla-cumple-un-ano\\\/\"},\"author\":{\"name\":\"Edici\u00f3n Web\",\"@id\":\"https:\\\/\\\/canal7slp.tv\\\/2022\\\/#\\\/schema\\\/person\\\/429704152a21f5f856ce29aa69a238da\"},\"headline\":\"Socav\u00f3n de Puebla cumple un a\u00f1o\",\"datePublished\":\"2022-05-29T18:02:43+00:00\",\"mainEntityOfPage\":{\"@id\":\"https:\\\/\\\/canal7slp.tv\\\/2022\\\/socavon-de-puebla-cumple-un-ano\\\/\"},\"wordCount\":268,\"publisher\":{\"@id\":\"https:\\\/\\\/canal7slp.tv\\\/2022\\\/#organization\"},\"image\":{\"@id\":\"https:\\\/\\\/canal7slp.tv\\\/2022\\\/socavon-de-puebla-cumple-un-ano\\\/#primaryimage\"},\"thumbnailUrl\":\"https:\\\/\\\/canal7slp.tv\\\/2022\\\/wp-content\\\/uploads\\\/2022\\\/05\\\/02-19.jpg\",\"articleSection\":[\"NACIONALES\"],\"inLanguage\":\"es\"},{\"@type\":\"WebPage\",\"@id\":\"https:\\\/\\\/canal7slp.tv\\\/2022\\\/socavon-de-puebla-cumple-un-ano\\\/\",\"url\":\"https:\\\/\\\/canal7slp.tv\\\/2022\\\/socavon-de-puebla-cumple-un-ano\\\/\",\"name\":\"Socav\u00f3n de Puebla cumple un a\u00f1o - Canal 7 SLP - 2022\",\"isPartOf\":{\"@id\":\"https:\\\/\\\/canal7slp.tv\\\/2022\\\/#website\"},\"primaryImageOfPage\":{\"@id\":\"https:\\\/\\\/canal7slp.tv\\\/2022\\\/socavon-de-puebla-cumple-un-ano\\\/#primaryimage\"},\"image\":{\"@id\":\"https:\\\/\\\/canal7slp.tv\\\/2022\\\/socavon-de-puebla-cumple-un-ano\\\/#primaryimage\"},\"thumbnailUrl\":\"https:\\\/\\\/canal7slp.tv\\\/2022\\\/wp-content\\\/uploads\\\/2022\\\/05\\\/02-19.jpg\",\"datePublished\":\"2022-05-29T18:02:43+00:00\",\"breadcrumb\":{\"@id\":\"https:\\\/\\\/canal7slp.tv\\\/2022\\\/socavon-de-puebla-cumple-un-ano\\\/#breadcrumb\"},\"inLanguage\":\"es\",\"potentialAction\":[{\"@type\":\"ReadAction\",\"target\":[\"https:\\\/\\\/canal7slp.tv\\\/2022\\\/socavon-de-puebla-cumple-un-ano\\\/\"]}]},{\"@type\":\"ImageObject\",\"inLanguage\":\"es\",\"@id\":\"https:\\\/\\\/canal7slp.tv\\\/2022\\\/socavon-de-puebla-cumple-un-ano\\\/#primaryimage\",\"url\":\"https:\\\/\\\/canal7slp.tv\\\/2022\\\/wp-content\\\/uploads\\\/2022\\\/05\\\/02-19.jpg\",\"contentUrl\":\"https:\\\/\\\/canal7slp.tv\\\/2022\\\/wp-content\\\/uploads\\\/2022\\\/05\\\/02-19.jpg\",\"width\":768,\"height\":479},{\"@type\":\"BreadcrumbList\",\"@id\":\"https:\\\/\\\/canal7slp.tv\\\/2022\\\/socavon-de-puebla-cumple-un-ano\\\/#breadcrumb\",\"itemListElement\":[{\"@type\":\"ListItem\",\"position\":1,\"name\":\"Portada\",\"item\":\"https:\\\/\\\/canal7slp.tv\\\/2022\\\/\"},{\"@type\":\"ListItem\",\"position\":2,\"name\":\"Socav\u00f3n de Puebla cumple un a\u00f1o\"}]},{\"@type\":\"WebSite\",\"@id\":\"https:\\\/\\\/canal7slp.tv\\\/2022\\\/#website\",\"url\":\"https:\\\/\\\/canal7slp.tv\\\/2022\\\/\",\"name\":\"N7 - Noticieros Canal 7\",\"description\":\"Somos Televisi\u00f3n\",\"publisher\":{\"@id\":\"https:\\\/\\\/canal7slp.tv\\\/2022\\\/#organization\"},\"potentialAction\":[{\"@type\":\"SearchAction\",\"target\":{\"@type\":\"EntryPoint\",\"urlTemplate\":\"https:\\\/\\\/canal7slp.tv\\\/2022\\\/?s={search_term_string}\"},\"query-input\":{\"@type\":\"PropertyValueSpecification\",\"valueRequired\":true,\"valueName\":\"search_term_string\"}}],\"inLanguage\":\"es\"},{\"@type\":\"Organization\",\"@id\":\"https:\\\/\\\/canal7slp.tv\\\/2022\\\/#organization\",\"name\":\"Noticieros Canal 7\",\"url\":\"https:\\\/\\\/canal7slp.tv\\\/2022\\\/\",\"logo\":{\"@type\":\"ImageObject\",\"inLanguage\":\"es\",\"@id\":\"https:\\\/\\\/canal7slp.tv\\\/2022\\\/#\\\/schema\\\/logo\\\/image\\\/\",\"url\":\"https:\\\/\\\/canal7slp.tv\\\/2022\\\/wp-content\\\/uploads\\\/2021\\\/01\\\/logo-noticieros@2x.png\",\"contentUrl\":\"https:\\\/\\\/canal7slp.tv\\\/2022\\\/wp-content\\\/uploads\\\/2021\\\/01\\\/logo-noticieros@2x.png\",\"width\":1017,\"height\":268,\"caption\":\"Noticieros Canal 7\"},\"image\":{\"@id\":\"https:\\\/\\\/canal7slp.tv\\\/2022\\\/#\\\/schema\\\/logo\\\/image\\\/\"},\"sameAs\":[\"https:\\\/\\\/www.facebook.com\\\/noticieroscanalsiete\",\"https:\\\/\\\/x.com\\\/NOTICIEROS7\",\"https:\\\/\\\/www.instagram.com\\\/canal7_slp\",\"https:\\\/\\\/www.youtube.com\\\/channel\\\/UCliiYs-gP3JfJeqdPrNdd5A\"]},{\"@type\":\"Person\",\"@id\":\"https:\\\/\\\/canal7slp.tv\\\/2022\\\/#\\\/schema\\\/person\\\/429704152a21f5f856ce29aa69a238da\",\"name\":\"Edici\u00f3n Web\",\"image\":{\"@type\":\"ImageObject\",\"inLanguage\":\"es\",\"@id\":\"https:\\\/\\\/secure.gravatar.com\\\/avatar\\\/eee448fc3f7164808013b816ba91ac7e43bbe82a70bebac296f8bc6f0addaa1a?s=96&d=mm&r=g\",\"url\":\"https:\\\/\\\/secure.gravatar.com\\\/avatar\\\/eee448fc3f7164808013b816ba91ac7e43bbe82a70bebac296f8bc6f0addaa1a?s=96&d=mm&r=g\",\"contentUrl\":\"https:\\\/\\\/secure.gravatar.com\\\/avatar\\\/eee448fc3f7164808013b816ba91ac7e43bbe82a70bebac296f8bc6f0addaa1a?s=96&d=mm&r=g\",\"caption\":\"Edici\u00f3n Web\"},\"url\":\"https:\\\/\\\/canal7slp.tv\\\/2022\\\/author\\\/edicionweb\\\/\"}]}<\/script>\n<!-- \/ Yoast SEO plugin. -->","yoast_head_json":{"title":"Socav\u00f3n de Puebla cumple un a\u00f1o - Canal 7 SLP - 2022","robots":{"index":"index","follow":"follow","max-snippet":"max-snippet:-1","max-image-preview":"max-image-preview:large","max-video-preview":"max-video-preview:-1"},"canonical":"https:\/\/canal7slp.tv\/2022\/socavon-de-puebla-cumple-un-ano\/","og_locale":"es_ES","og_type":"article","og_title":"Socav\u00f3n de Puebla cumple un a\u00f1o - Canal 7 SLP - 2022","og_description":"Juan C. Bonilla.- Este 29 de mayo, se cumple un a\u00f1o del surgimiento del famoso socav\u00f3n de Puebla, ubicado en la la junta auxiliar de Santa Mar\u00eda Zacatepec perteneciente al municipio de Juan C. Bonilla-, sin que al momento se haya causado mayor afectaci\u00f3n que el desalojo de una familia que tenia su hogar en las inmediaciones del mismo. De acuerdo con las autoridades estales, el enorme hueco en la tierra mantiene su di\u00e1metro donde el donde el eje menor es de 123 metros y el eje mayor de 126 metros. Jes\u00fas Parra Casarrubias, director de Protecci\u00f3n Civil Municipal, inform\u00f3 [&hellip;]","og_url":"https:\/\/canal7slp.tv\/2022\/socavon-de-puebla-cumple-un-ano\/","og_site_name":"Canal 7 SLP - 2022","article_publisher":"https:\/\/www.facebook.com\/noticieroscanalsiete","article_published_time":"2022-05-29T18:02:43+00:00","og_image":[{"width":768,"height":479,"url":"https:\/\/canal7slp.tv\/2022\/wp-content\/uploads\/2022\/05\/02-19.jpg","type":"image\/jpeg"}],"author":"Edici\u00f3n Web","twitter_card":"summary_large_image","twitter_creator":"@NOTICIEROS7","twitter_site":"@NOTICIEROS7","twitter_misc":{"Escrito por":"Edici\u00f3n Web","Tiempo de lectura":"2 minutos"},"schema":{"@context":"https:\/\/schema.org","@graph":[{"@type":"Article","@id":"https:\/\/canal7slp.tv\/2022\/socavon-de-puebla-cumple-un-ano\/#article","isPartOf":{"@id":"https:\/\/canal7slp.tv\/2022\/socavon-de-puebla-cumple-un-ano\/"},"author":{"name":"Edici\u00f3n Web","@id":"https:\/\/canal7slp.tv\/2022\/#\/schema\/person\/429704152a21f5f856ce29aa69a238da"},"headline":"Socav\u00f3n de Puebla cumple un a\u00f1o","datePublished":"2022-05-29T18:02:43+00:00","mainEntityOfPage":{"@id":"https:\/\/canal7slp.tv\/2022\/socavon-de-puebla-cumple-un-ano\/"},"wordCount":268,"publisher":{"@id":"https:\/\/canal7slp.tv\/2022\/#organization"},"image":{"@id":"https:\/\/canal7slp.tv\/2022\/socavon-de-puebla-cumple-un-ano\/#primaryimage"},"thumbnailUrl":"https:\/\/canal7slp.tv\/2022\/wp-content\/uploads\/2022\/05\/02-19.jpg","articleSection":["NACIONALES"],"inLanguage":"es"},{"@type":"WebPage","@id":"https:\/\/canal7slp.tv\/2022\/socavon-de-puebla-cumple-un-ano\/","url":"https:\/\/canal7slp.tv\/2022\/socavon-de-puebla-cumple-un-ano\/","name":"Socav\u00f3n de Puebla cumple un a\u00f1o - Canal 7 SLP - 2022","isPartOf":{"@id":"https:\/\/canal7slp.tv\/2022\/#website"},"primaryImageOfPage":{"@id":"https:\/\/canal7slp.tv\/2022\/socavon-de-puebla-cumple-un-ano\/#primaryimage"},"image":{"@id":"https:\/\/canal7slp.tv\/2022\/socavon-de-puebla-cumple-un-ano\/#primaryimage"},"thumbnailUrl":"https:\/\/canal7slp.tv\/2022\/wp-content\/uploads\/2022\/05\/02-19.jpg","datePublished":"2022-05-29T18:02:43+00:00","breadcrumb":{"@id":"https:\/\/canal7slp.tv\/2022\/socavon-de-puebla-cumple-un-ano\/#breadcrumb"},"inLanguage":"es","potentialAction":[{"@type":"ReadAction","target":["https:\/\/canal7slp.tv\/2022\/socavon-de-puebla-cumple-un-ano\/"]}]},{"@type":"ImageObject","inLanguage":"es","@id":"https:\/\/canal7slp.tv\/2022\/socavon-de-puebla-cumple-un-ano\/#primaryimage","url":"https:\/\/canal7slp.tv\/2022\/wp-content\/uploads\/2022\/05\/02-19.jpg","contentUrl":"https:\/\/canal7slp.tv\/2022\/wp-content\/uploads\/2022\/05\/02-19.jpg","width":768,"height":479},{"@type":"BreadcrumbList","@id":"https:\/\/canal7slp.tv\/2022\/socavon-de-puebla-cumple-un-ano\/#breadcrumb","itemListElement":[{"@type":"ListItem","position":1,"name":"Portada","item":"https:\/\/canal7slp.tv\/2022\/"},{"@type":"ListItem","position":2,"name":"Socav\u00f3n de Puebla cumple un a\u00f1o"}]},{"@type":"WebSite","@id":"https:\/\/canal7slp.tv\/2022\/#website","url":"https:\/\/canal7slp.tv\/2022\/","name":"N7 - Noticieros Canal 7","description":"Somos Televisi\u00f3n","publisher":{"@id":"https:\/\/canal7slp.tv\/2022\/#organization"},"potentialAction":[{"@type":"SearchAction","target":{"@type":"EntryPoint","urlTemplate":"https:\/\/canal7slp.tv\/2022\/?s={search_term_string}"},"query-input":{"@type":"PropertyValueSpecification","valueRequired":true,"valueName":"search_term_string"}}],"inLanguage":"es"},{"@type":"Organization","@id":"https:\/\/canal7slp.tv\/2022\/#organization","name":"Noticieros Canal 7","url":"https:\/\/canal7slp.tv\/2022\/","logo":{"@type":"ImageObject","inLanguage":"es","@id":"https:\/\/canal7slp.tv\/2022\/#\/schema\/logo\/image\/","url":"https:\/\/canal7slp.tv\/2022\/wp-content\/uploads\/2021\/01\/logo-noticieros@2x.png","contentUrl":"https:\/\/canal7slp.tv\/2022\/wp-content\/uploads\/2021\/01\/logo-noticieros@2x.png","width":1017,"height":268,"caption":"Noticieros Canal 7"},"image":{"@id":"https:\/\/canal7slp.tv\/2022\/#\/schema\/logo\/image\/"},"sameAs":["https:\/\/www.facebook.com\/noticieroscanalsiete","https:\/\/x.com\/NOTICIEROS7","https:\/\/www.instagram.com\/canal7_slp","https:\/\/www.youtube.com\/channel\/UCliiYs-gP3JfJeqdPrNdd5A"]},{"@type":"Person","@id":"https:\/\/canal7slp.tv\/2022\/#\/schema\/person\/429704152a21f5f856ce29aa69a238da","name":"Edici\u00f3n Web","image":{"@type":"ImageObject","inLanguage":"es","@id":"https:\/\/secure.gravatar.com\/avatar\/eee448fc3f7164808013b816ba91ac7e43bbe82a70bebac296f8bc6f0addaa1a?s=96&d=mm&r=g","url":"https:\/\/secure.gravatar.com\/avatar\/eee448fc3f7164808013b816ba91ac7e43bbe82a70bebac296f8bc6f0addaa1a?s=96&d=mm&r=g","contentUrl":"https:\/\/secure.gravatar.com\/avatar\/eee448fc3f7164808013b816ba91ac7e43bbe82a70bebac296f8bc6f0addaa1a?s=96&d=mm&r=g","caption":"Edici\u00f3n Web"},"url":"https:\/\/canal7slp.tv\/2022\/author\/edicionweb\/"}]}},"amp_enabled":true,"_links":{"self":[{"href":"https:\/\/canal7slp.tv\/2022\/wp-json\/wp\/v2\/posts\/61752","targetHints":{"allow":["GET"]}}],"collection":[{"href":"https:\/\/canal7slp.tv\/2022\/wp-json\/wp\/v2\/posts"}],"about":[{"href":"https:\/\/canal7slp.tv\/2022\/wp-json\/wp\/v2\/types\/post"}],"author":[{"embeddable":true,"href":"https:\/\/canal7slp.tv\/2022\/wp-json\/wp\/v2\/users\/2"}],"replies":[{"embeddable":true,"href":"https:\/\/canal7slp.tv\/2022\/wp-json\/wp\/v2\/comments?post=61752"}],"version-history":[{"count":2,"href":"https:\/\/canal7slp.tv\/2022\/wp-json\/wp\/v2\/posts\/61752\/revisions"}],"predecessor-version":[{"id":61776,"href":"https:\/\/canal7slp.tv\/2022\/wp-json\/wp\/v2\/posts\/61752\/revisions\/61776"}],"wp:featuredmedia":[{"embeddable":true,"href":"https:\/\/canal7slp.tv\/2022\/wp-json\/wp\/v2\/media\/61766"}],"wp:attachment":[{"href":"https:\/\/canal7slp.tv\/2022\/wp-json\/wp\/v2\/media?parent=61752"}],"wp:term":[{"taxonomy":"category","embeddable":true,"href":"https:\/\/canal7slp.tv\/2022\/wp-json\/wp\/v2\/categories?post=61752"},{"taxonomy":"post_tag","embeddable":true,"href":"https:\/\/canal7slp.tv\/2022\/wp-json\/wp\/v2\/tags?post=61752"}],"curies":[{"name":"wp","href":"https:\/\/api.w.org\/{rel}","templated":true}]}}