{"id":61728,"date":"2022-05-28T15:27:39","date_gmt":"2022-05-28T21:27:39","guid":{"rendered":"https:\/\/canal7slp.tv\/2022\/?p=61728"},"modified":"2022-05-28T15:27:39","modified_gmt":"2022-05-28T21:27:39","slug":"fuerzas-especiales-de-la-guardia-civil-estatal-abaten-a-otro-presunto-delincuente","status":"publish","type":"post","link":"https:\/\/canal7slp.tv\/2022\/fuerzas-especiales-de-la-guardia-civil-estatal-abaten-a-otro-presunto-delincuente\/","title":{"rendered":"Fuerzas especiales de la Guardia Civil Estatal abaten a otro presunto delincuente"},"content":{"rendered":"<ul>\n<li style=\"text-align: justify;\">Habr\u00eda participado en el enfrentamiento de San Vicente Tancuayalab.<\/li>\n<\/ul>\n<div style=\"text-align: justify;\">\n<p>SLP.-\u00a0La Secretar\u00eda de Seguridad y Protecci\u00f3n Ciudadana del Estado, inform\u00f3 que en seguimiento a los operativos desplegados en las zonas lim\u00edtrofes para combatir los delitos en sus diversas modalidades, un presunto integrante de una c\u00e9lula delictiva fue abatido por agentes de la Guardia Civil Estatal.<\/p>\n<p>Tras una persecuci\u00f3n e intercambio de disparos ocurridos la tarde de este s\u00e1bado, se confirm\u00f3 el fallecimiento de un individuo que qued\u00f3 en el interior de una camioneta sobre una brecha de San Vicente hacia el Higo Veracruz.<\/p>\n<p>Se cree que esta misma persona habr\u00eda participado en el enfrentamiento de San Vicente con las fuerzas especiales.<\/p>\n<p><img loading=\"lazy\" decoding=\"async\" class=\"alignnone size-medium wp-image-61731\" src=\"https:\/\/canal7slp.tv\/2022\/wp-content\/uploads\/2022\/05\/zz4a-300x169.jpg\" alt=\"\" width=\"300\" height=\"169\" srcset=\"https:\/\/canal7slp.tv\/2022\/wp-content\/uploads\/2022\/05\/zz4a-300x169.jpg 300w, https:\/\/canal7slp.tv\/2022\/wp-content\/uploads\/2022\/05\/zz4a-1024x576.jpg 1024w, https:\/\/canal7slp.tv\/2022\/wp-content\/uploads\/2022\/05\/zz4a-768x432.jpg 768w, https:\/\/canal7slp.tv\/2022\/wp-content\/uploads\/2022\/05\/zz4a-400x225.jpg 400w, https:\/\/canal7slp.tv\/2022\/wp-content\/uploads\/2022\/05\/zz4a-600x338.jpg 600w, https:\/\/canal7slp.tv\/2022\/wp-content\/uploads\/2022\/05\/zz4a-800x450.jpg 800w, https:\/\/canal7slp.tv\/2022\/wp-content\/uploads\/2022\/05\/zz4a-1200x675.jpg 1200w, https:\/\/canal7slp.tv\/2022\/wp-content\/uploads\/2022\/05\/zz4a.jpg 1280w\" sizes=\"auto, (max-width: 300px) 100vw, 300px\" \/> <img loading=\"lazy\" decoding=\"async\" class=\"alignnone size-medium wp-image-61732\" src=\"https:\/\/canal7slp.tv\/2022\/wp-content\/uploads\/2022\/05\/zz4b-300x169.jpg\" alt=\"\" width=\"300\" height=\"169\" srcset=\"https:\/\/canal7slp.tv\/2022\/wp-content\/uploads\/2022\/05\/zz4b-300x169.jpg 300w, https:\/\/canal7slp.tv\/2022\/wp-content\/uploads\/2022\/05\/zz4b-1024x576.jpg 1024w, https:\/\/canal7slp.tv\/2022\/wp-content\/uploads\/2022\/05\/zz4b-768x432.jpg 768w, https:\/\/canal7slp.tv\/2022\/wp-content\/uploads\/2022\/05\/zz4b-400x225.jpg 400w, https:\/\/canal7slp.tv\/2022\/wp-content\/uploads\/2022\/05\/zz4b-600x338.jpg 600w, https:\/\/canal7slp.tv\/2022\/wp-content\/uploads\/2022\/05\/zz4b-800x450.jpg 800w, https:\/\/canal7slp.tv\/2022\/wp-content\/uploads\/2022\/05\/zz4b-1200x675.jpg 1200w, https:\/\/canal7slp.tv\/2022\/wp-content\/uploads\/2022\/05\/zz4b.jpg 1280w\" sizes=\"auto, (max-width: 300px) 100vw, 300px\" \/> <img loading=\"lazy\" decoding=\"async\" class=\"alignnone size-medium wp-image-61733\" src=\"https:\/\/canal7slp.tv\/2022\/wp-content\/uploads\/2022\/05\/zz4c-300x169.jpg\" alt=\"\" width=\"300\" height=\"169\" srcset=\"https:\/\/canal7slp.tv\/2022\/wp-content\/uploads\/2022\/05\/zz4c-300x169.jpg 300w, https:\/\/canal7slp.tv\/2022\/wp-content\/uploads\/2022\/05\/zz4c-1024x576.jpg 1024w, https:\/\/canal7slp.tv\/2022\/wp-content\/uploads\/2022\/05\/zz4c-768x432.jpg 768w, https:\/\/canal7slp.tv\/2022\/wp-content\/uploads\/2022\/05\/zz4c-400x225.jpg 400w, https:\/\/canal7slp.tv\/2022\/wp-content\/uploads\/2022\/05\/zz4c-600x338.jpg 600w, https:\/\/canal7slp.tv\/2022\/wp-content\/uploads\/2022\/05\/zz4c-800x450.jpg 800w, https:\/\/canal7slp.tv\/2022\/wp-content\/uploads\/2022\/05\/zz4c-1200x675.jpg 1200w, https:\/\/canal7slp.tv\/2022\/wp-content\/uploads\/2022\/05\/zz4c.jpg 1280w\" sizes=\"auto, (max-width: 300px) 100vw, 300px\" \/> <img loading=\"lazy\" decoding=\"async\" class=\"alignnone size-medium wp-image-61734\" src=\"https:\/\/canal7slp.tv\/2022\/wp-content\/uploads\/2022\/05\/zz4d-300x169.jpg\" alt=\"\" width=\"300\" height=\"169\" srcset=\"https:\/\/canal7slp.tv\/2022\/wp-content\/uploads\/2022\/05\/zz4d-300x169.jpg 300w, https:\/\/canal7slp.tv\/2022\/wp-content\/uploads\/2022\/05\/zz4d-1024x576.jpg 1024w, https:\/\/canal7slp.tv\/2022\/wp-content\/uploads\/2022\/05\/zz4d-768x432.jpg 768w, https:\/\/canal7slp.tv\/2022\/wp-content\/uploads\/2022\/05\/zz4d-400x225.jpg 400w, https:\/\/canal7slp.tv\/2022\/wp-content\/uploads\/2022\/05\/zz4d-600x338.jpg 600w, https:\/\/canal7slp.tv\/2022\/wp-content\/uploads\/2022\/05\/zz4d-800x450.jpg 800w, https:\/\/canal7slp.tv\/2022\/wp-content\/uploads\/2022\/05\/zz4d-1200x675.jpg 1200w, https:\/\/canal7slp.tv\/2022\/wp-content\/uploads\/2022\/05\/zz4d.jpg 1280w\" sizes=\"auto, (max-width: 300px) 100vw, 300px\" \/><\/p>\n<\/div>\n","protected":false},"excerpt":{"rendered":"<p>Habr\u00eda participado en el enfrentamiento de San Vicente Tancuayalab. SLP.-\u00a0La Secretar\u00eda de Seguridad y Protecci\u00f3n Ciudadana del Estado, inform\u00f3 que en seguimiento a los operativos desplegados en las zonas lim\u00edtrofes para combatir los delitos en sus diversas modalidades, un presunto integrante de una c\u00e9lula delictiva fue abatido por agentes de la Guardia Civil Estatal. Tras una persecuci\u00f3n e intercambio de disparos ocurridos la tarde de este s\u00e1bado, se confirm\u00f3 el fallecimiento de un individuo que qued\u00f3 en el interior de una camioneta sobre una brecha de San Vicente hacia el Higo Veracruz. Se cree que esta misma persona habr\u00eda participado [&hellip;]<\/p>\n","protected":false},"author":2,"featured_media":61733,"comment_status":"closed","ping_status":"closed","sticky":false,"template":"","format":"standard","meta":{"footnotes":""},"categories":[48],"tags":[],"class_list":["post-61728","post","type-post","status-publish","format-standard","has-post-thumbnail","hentry","category-reporte7","post--single"],"yoast_head":"<!-- This site is optimized with the Yoast SEO plugin v27.5 - https:\/\/yoast.com\/product\/yoast-seo-wordpress\/ -->\n<title>Fuerzas especiales de la Guardia Civil Estatal abaten a otro presunto delincuente - Canal 7 SLP - 2022<\/title>\n<meta name=\"robots\" content=\"index, follow, max-snippet:-1, max-image-preview:large, max-video-preview:-1\" \/>\n<link rel=\"canonical\" href=\"https:\/\/canal7slp.tv\/2022\/fuerzas-especiales-de-la-guardia-civil-estatal-abaten-a-otro-presunto-delincuente\/\" \/>\n<meta property=\"og:locale\" content=\"es_ES\" \/>\n<meta property=\"og:type\" content=\"article\" \/>\n<meta property=\"og:title\" content=\"Fuerzas especiales de la Guardia Civil Estatal abaten a otro presunto delincuente - Canal 7 SLP - 2022\" \/>\n<meta property=\"og:description\" content=\"Habr\u00eda participado en el enfrentamiento de San Vicente Tancuayalab. SLP.-\u00a0La Secretar\u00eda de Seguridad y Protecci\u00f3n Ciudadana del Estado, inform\u00f3 que en seguimiento a los operativos desplegados en las zonas lim\u00edtrofes para combatir los delitos en sus diversas modalidades, un presunto integrante de una c\u00e9lula delictiva fue abatido por agentes de la Guardia Civil Estatal. Tras una persecuci\u00f3n e intercambio de disparos ocurridos la tarde de este s\u00e1bado, se confirm\u00f3 el fallecimiento de un individuo que qued\u00f3 en el interior de una camioneta sobre una brecha de San Vicente hacia el Higo Veracruz. Se cree que esta misma persona habr\u00eda participado [&hellip;]\" \/>\n<meta property=\"og:url\" content=\"https:\/\/canal7slp.tv\/2022\/fuerzas-especiales-de-la-guardia-civil-estatal-abaten-a-otro-presunto-delincuente\/\" \/>\n<meta property=\"og:site_name\" content=\"Canal 7 SLP - 2022\" \/>\n<meta property=\"article:publisher\" content=\"https:\/\/www.facebook.com\/noticieroscanalsiete\" \/>\n<meta property=\"article:published_time\" content=\"2022-05-28T21:27:39+00:00\" \/>\n<meta property=\"og:image\" content=\"https:\/\/canal7slp.tv\/2022\/wp-content\/uploads\/2022\/05\/zz4c.jpg\" \/>\n\t<meta property=\"og:image:width\" content=\"1280\" \/>\n\t<meta property=\"og:image:height\" content=\"720\" \/>\n\t<meta property=\"og:image:type\" content=\"image\/jpeg\" \/>\n<meta name=\"author\" content=\"Edici\u00f3n Web\" \/>\n<meta name=\"twitter:card\" content=\"summary_large_image\" \/>\n<meta name=\"twitter:creator\" content=\"@NOTICIEROS7\" \/>\n<meta name=\"twitter:site\" content=\"@NOTICIEROS7\" \/>\n<meta name=\"twitter:label1\" content=\"Escrito por\" \/>\n\t<meta name=\"twitter:data1\" content=\"Edici\u00f3n Web\" \/>\n\t<meta name=\"twitter:label2\" content=\"Tiempo de lectura\" \/>\n\t<meta name=\"twitter:data2\" content=\"2 minutos\" \/>\n<script type=\"application\/ld+json\" class=\"yoast-schema-graph\">{\"@context\":\"https:\\\/\\\/schema.org\",\"@graph\":[{\"@type\":\"Article\",\"@id\":\"https:\\\/\\\/canal7slp.tv\\\/2022\\\/fuerzas-especiales-de-la-guardia-civil-estatal-abaten-a-otro-presunto-delincuente\\\/#article\",\"isPartOf\":{\"@id\":\"https:\\\/\\\/canal7slp.tv\\\/2022\\\/fuerzas-especiales-de-la-guardia-civil-estatal-abaten-a-otro-presunto-delincuente\\\/\"},\"author\":{\"name\":\"Edici\u00f3n Web\",\"@id\":\"https:\\\/\\\/canal7slp.tv\\\/2022\\\/#\\\/schema\\\/person\\\/429704152a21f5f856ce29aa69a238da\"},\"headline\":\"Fuerzas especiales de la Guardia Civil Estatal abaten a otro presunto delincuente\",\"datePublished\":\"2022-05-28T21:27:39+00:00\",\"mainEntityOfPage\":{\"@id\":\"https:\\\/\\\/canal7slp.tv\\\/2022\\\/fuerzas-especiales-de-la-guardia-civil-estatal-abaten-a-otro-presunto-delincuente\\\/\"},\"wordCount\":132,\"publisher\":{\"@id\":\"https:\\\/\\\/canal7slp.tv\\\/2022\\\/#organization\"},\"image\":{\"@id\":\"https:\\\/\\\/canal7slp.tv\\\/2022\\\/fuerzas-especiales-de-la-guardia-civil-estatal-abaten-a-otro-presunto-delincuente\\\/#primaryimage\"},\"thumbnailUrl\":\"https:\\\/\\\/canal7slp.tv\\\/2022\\\/wp-content\\\/uploads\\\/2022\\\/05\\\/zz4c.jpg\",\"articleSection\":[\"REPORTE 7\"],\"inLanguage\":\"es\"},{\"@type\":\"WebPage\",\"@id\":\"https:\\\/\\\/canal7slp.tv\\\/2022\\\/fuerzas-especiales-de-la-guardia-civil-estatal-abaten-a-otro-presunto-delincuente\\\/\",\"url\":\"https:\\\/\\\/canal7slp.tv\\\/2022\\\/fuerzas-especiales-de-la-guardia-civil-estatal-abaten-a-otro-presunto-delincuente\\\/\",\"name\":\"Fuerzas especiales de la Guardia Civil Estatal abaten a otro presunto delincuente - Canal 7 SLP - 2022\",\"isPartOf\":{\"@id\":\"https:\\\/\\\/canal7slp.tv\\\/2022\\\/#website\"},\"primaryImageOfPage\":{\"@id\":\"https:\\\/\\\/canal7slp.tv\\\/2022\\\/fuerzas-especiales-de-la-guardia-civil-estatal-abaten-a-otro-presunto-delincuente\\\/#primaryimage\"},\"image\":{\"@id\":\"https:\\\/\\\/canal7slp.tv\\\/2022\\\/fuerzas-especiales-de-la-guardia-civil-estatal-abaten-a-otro-presunto-delincuente\\\/#primaryimage\"},\"thumbnailUrl\":\"https:\\\/\\\/canal7slp.tv\\\/2022\\\/wp-content\\\/uploads\\\/2022\\\/05\\\/zz4c.jpg\",\"datePublished\":\"2022-05-28T21:27:39+00:00\",\"breadcrumb\":{\"@id\":\"https:\\\/\\\/canal7slp.tv\\\/2022\\\/fuerzas-especiales-de-la-guardia-civil-estatal-abaten-a-otro-presunto-delincuente\\\/#breadcrumb\"},\"inLanguage\":\"es\",\"potentialAction\":[{\"@type\":\"ReadAction\",\"target\":[\"https:\\\/\\\/canal7slp.tv\\\/2022\\\/fuerzas-especiales-de-la-guardia-civil-estatal-abaten-a-otro-presunto-delincuente\\\/\"]}]},{\"@type\":\"ImageObject\",\"inLanguage\":\"es\",\"@id\":\"https:\\\/\\\/canal7slp.tv\\\/2022\\\/fuerzas-especiales-de-la-guardia-civil-estatal-abaten-a-otro-presunto-delincuente\\\/#primaryimage\",\"url\":\"https:\\\/\\\/canal7slp.tv\\\/2022\\\/wp-content\\\/uploads\\\/2022\\\/05\\\/zz4c.jpg\",\"contentUrl\":\"https:\\\/\\\/canal7slp.tv\\\/2022\\\/wp-content\\\/uploads\\\/2022\\\/05\\\/zz4c.jpg\",\"width\":1280,\"height\":720},{\"@type\":\"BreadcrumbList\",\"@id\":\"https:\\\/\\\/canal7slp.tv\\\/2022\\\/fuerzas-especiales-de-la-guardia-civil-estatal-abaten-a-otro-presunto-delincuente\\\/#breadcrumb\",\"itemListElement\":[{\"@type\":\"ListItem\",\"position\":1,\"name\":\"Portada\",\"item\":\"https:\\\/\\\/canal7slp.tv\\\/2022\\\/\"},{\"@type\":\"ListItem\",\"position\":2,\"name\":\"Fuerzas especiales de la Guardia Civil Estatal abaten a otro presunto delincuente\"}]},{\"@type\":\"WebSite\",\"@id\":\"https:\\\/\\\/canal7slp.tv\\\/2022\\\/#website\",\"url\":\"https:\\\/\\\/canal7slp.tv\\\/2022\\\/\",\"name\":\"N7 - Noticieros Canal 7\",\"description\":\"Somos Televisi\u00f3n\",\"publisher\":{\"@id\":\"https:\\\/\\\/canal7slp.tv\\\/2022\\\/#organization\"},\"potentialAction\":[{\"@type\":\"SearchAction\",\"target\":{\"@type\":\"EntryPoint\",\"urlTemplate\":\"https:\\\/\\\/canal7slp.tv\\\/2022\\\/?s={search_term_string}\"},\"query-input\":{\"@type\":\"PropertyValueSpecification\",\"valueRequired\":true,\"valueName\":\"search_term_string\"}}],\"inLanguage\":\"es\"},{\"@type\":\"Organization\",\"@id\":\"https:\\\/\\\/canal7slp.tv\\\/2022\\\/#organization\",\"name\":\"Noticieros Canal 7\",\"url\":\"https:\\\/\\\/canal7slp.tv\\\/2022\\\/\",\"logo\":{\"@type\":\"ImageObject\",\"inLanguage\":\"es\",\"@id\":\"https:\\\/\\\/canal7slp.tv\\\/2022\\\/#\\\/schema\\\/logo\\\/image\\\/\",\"url\":\"https:\\\/\\\/canal7slp.tv\\\/2022\\\/wp-content\\\/uploads\\\/2021\\\/01\\\/logo-noticieros@2x.png\",\"contentUrl\":\"https:\\\/\\\/canal7slp.tv\\\/2022\\\/wp-content\\\/uploads\\\/2021\\\/01\\\/logo-noticieros@2x.png\",\"width\":1017,\"height\":268,\"caption\":\"Noticieros Canal 7\"},\"image\":{\"@id\":\"https:\\\/\\\/canal7slp.tv\\\/2022\\\/#\\\/schema\\\/logo\\\/image\\\/\"},\"sameAs\":[\"https:\\\/\\\/www.facebook.com\\\/noticieroscanalsiete\",\"https:\\\/\\\/x.com\\\/NOTICIEROS7\",\"https:\\\/\\\/www.instagram.com\\\/canal7_slp\",\"https:\\\/\\\/www.youtube.com\\\/channel\\\/UCliiYs-gP3JfJeqdPrNdd5A\"]},{\"@type\":\"Person\",\"@id\":\"https:\\\/\\\/canal7slp.tv\\\/2022\\\/#\\\/schema\\\/person\\\/429704152a21f5f856ce29aa69a238da\",\"name\":\"Edici\u00f3n Web\",\"image\":{\"@type\":\"ImageObject\",\"inLanguage\":\"es\",\"@id\":\"https:\\\/\\\/secure.gravatar.com\\\/avatar\\\/eee448fc3f7164808013b816ba91ac7e43bbe82a70bebac296f8bc6f0addaa1a?s=96&d=mm&r=g\",\"url\":\"https:\\\/\\\/secure.gravatar.com\\\/avatar\\\/eee448fc3f7164808013b816ba91ac7e43bbe82a70bebac296f8bc6f0addaa1a?s=96&d=mm&r=g\",\"contentUrl\":\"https:\\\/\\\/secure.gravatar.com\\\/avatar\\\/eee448fc3f7164808013b816ba91ac7e43bbe82a70bebac296f8bc6f0addaa1a?s=96&d=mm&r=g\",\"caption\":\"Edici\u00f3n Web\"},\"url\":\"https:\\\/\\\/canal7slp.tv\\\/2022\\\/author\\\/edicionweb\\\/\"}]}<\/script>\n<!-- \/ Yoast SEO plugin. -->","yoast_head_json":{"title":"Fuerzas especiales de la Guardia Civil Estatal abaten a otro presunto delincuente - Canal 7 SLP - 2022","robots":{"index":"index","follow":"follow","max-snippet":"max-snippet:-1","max-image-preview":"max-image-preview:large","max-video-preview":"max-video-preview:-1"},"canonical":"https:\/\/canal7slp.tv\/2022\/fuerzas-especiales-de-la-guardia-civil-estatal-abaten-a-otro-presunto-delincuente\/","og_locale":"es_ES","og_type":"article","og_title":"Fuerzas especiales de la Guardia Civil Estatal abaten a otro presunto delincuente - Canal 7 SLP - 2022","og_description":"Habr\u00eda participado en el enfrentamiento de San Vicente Tancuayalab. SLP.-\u00a0La Secretar\u00eda de Seguridad y Protecci\u00f3n Ciudadana del Estado, inform\u00f3 que en seguimiento a los operativos desplegados en las zonas lim\u00edtrofes para combatir los delitos en sus diversas modalidades, un presunto integrante de una c\u00e9lula delictiva fue abatido por agentes de la Guardia Civil Estatal. Tras una persecuci\u00f3n e intercambio de disparos ocurridos la tarde de este s\u00e1bado, se confirm\u00f3 el fallecimiento de un individuo que qued\u00f3 en el interior de una camioneta sobre una brecha de San Vicente hacia el Higo Veracruz. Se cree que esta misma persona habr\u00eda participado [&hellip;]","og_url":"https:\/\/canal7slp.tv\/2022\/fuerzas-especiales-de-la-guardia-civil-estatal-abaten-a-otro-presunto-delincuente\/","og_site_name":"Canal 7 SLP - 2022","article_publisher":"https:\/\/www.facebook.com\/noticieroscanalsiete","article_published_time":"2022-05-28T21:27:39+00:00","og_image":[{"width":1280,"height":720,"url":"https:\/\/canal7slp.tv\/2022\/wp-content\/uploads\/2022\/05\/zz4c.jpg","type":"image\/jpeg"}],"author":"Edici\u00f3n Web","twitter_card":"summary_large_image","twitter_creator":"@NOTICIEROS7","twitter_site":"@NOTICIEROS7","twitter_misc":{"Escrito por":"Edici\u00f3n Web","Tiempo de lectura":"2 minutos"},"schema":{"@context":"https:\/\/schema.org","@graph":[{"@type":"Article","@id":"https:\/\/canal7slp.tv\/2022\/fuerzas-especiales-de-la-guardia-civil-estatal-abaten-a-otro-presunto-delincuente\/#article","isPartOf":{"@id":"https:\/\/canal7slp.tv\/2022\/fuerzas-especiales-de-la-guardia-civil-estatal-abaten-a-otro-presunto-delincuente\/"},"author":{"name":"Edici\u00f3n Web","@id":"https:\/\/canal7slp.tv\/2022\/#\/schema\/person\/429704152a21f5f856ce29aa69a238da"},"headline":"Fuerzas especiales de la Guardia Civil Estatal abaten a otro presunto delincuente","datePublished":"2022-05-28T21:27:39+00:00","mainEntityOfPage":{"@id":"https:\/\/canal7slp.tv\/2022\/fuerzas-especiales-de-la-guardia-civil-estatal-abaten-a-otro-presunto-delincuente\/"},"wordCount":132,"publisher":{"@id":"https:\/\/canal7slp.tv\/2022\/#organization"},"image":{"@id":"https:\/\/canal7slp.tv\/2022\/fuerzas-especiales-de-la-guardia-civil-estatal-abaten-a-otro-presunto-delincuente\/#primaryimage"},"thumbnailUrl":"https:\/\/canal7slp.tv\/2022\/wp-content\/uploads\/2022\/05\/zz4c.jpg","articleSection":["REPORTE 7"],"inLanguage":"es"},{"@type":"WebPage","@id":"https:\/\/canal7slp.tv\/2022\/fuerzas-especiales-de-la-guardia-civil-estatal-abaten-a-otro-presunto-delincuente\/","url":"https:\/\/canal7slp.tv\/2022\/fuerzas-especiales-de-la-guardia-civil-estatal-abaten-a-otro-presunto-delincuente\/","name":"Fuerzas especiales de la Guardia Civil Estatal abaten a otro presunto delincuente - Canal 7 SLP - 2022","isPartOf":{"@id":"https:\/\/canal7slp.tv\/2022\/#website"},"primaryImageOfPage":{"@id":"https:\/\/canal7slp.tv\/2022\/fuerzas-especiales-de-la-guardia-civil-estatal-abaten-a-otro-presunto-delincuente\/#primaryimage"},"image":{"@id":"https:\/\/canal7slp.tv\/2022\/fuerzas-especiales-de-la-guardia-civil-estatal-abaten-a-otro-presunto-delincuente\/#primaryimage"},"thumbnailUrl":"https:\/\/canal7slp.tv\/2022\/wp-content\/uploads\/2022\/05\/zz4c.jpg","datePublished":"2022-05-28T21:27:39+00:00","breadcrumb":{"@id":"https:\/\/canal7slp.tv\/2022\/fuerzas-especiales-de-la-guardia-civil-estatal-abaten-a-otro-presunto-delincuente\/#breadcrumb"},"inLanguage":"es","potentialAction":[{"@type":"ReadAction","target":["https:\/\/canal7slp.tv\/2022\/fuerzas-especiales-de-la-guardia-civil-estatal-abaten-a-otro-presunto-delincuente\/"]}]},{"@type":"ImageObject","inLanguage":"es","@id":"https:\/\/canal7slp.tv\/2022\/fuerzas-especiales-de-la-guardia-civil-estatal-abaten-a-otro-presunto-delincuente\/#primaryimage","url":"https:\/\/canal7slp.tv\/2022\/wp-content\/uploads\/2022\/05\/zz4c.jpg","contentUrl":"https:\/\/canal7slp.tv\/2022\/wp-content\/uploads\/2022\/05\/zz4c.jpg","width":1280,"height":720},{"@type":"BreadcrumbList","@id":"https:\/\/canal7slp.tv\/2022\/fuerzas-especiales-de-la-guardia-civil-estatal-abaten-a-otro-presunto-delincuente\/#breadcrumb","itemListElement":[{"@type":"ListItem","position":1,"name":"Portada","item":"https:\/\/canal7slp.tv\/2022\/"},{"@type":"ListItem","position":2,"name":"Fuerzas especiales de la Guardia Civil Estatal abaten a otro presunto delincuente"}]},{"@type":"WebSite","@id":"https:\/\/canal7slp.tv\/2022\/#website","url":"https:\/\/canal7slp.tv\/2022\/","name":"N7 - Noticieros Canal 7","description":"Somos Televisi\u00f3n","publisher":{"@id":"https:\/\/canal7slp.tv\/2022\/#organization"},"potentialAction":[{"@type":"SearchAction","target":{"@type":"EntryPoint","urlTemplate":"https:\/\/canal7slp.tv\/2022\/?s={search_term_string}"},"query-input":{"@type":"PropertyValueSpecification","valueRequired":true,"valueName":"search_term_string"}}],"inLanguage":"es"},{"@type":"Organization","@id":"https:\/\/canal7slp.tv\/2022\/#organization","name":"Noticieros Canal 7","url":"https:\/\/canal7slp.tv\/2022\/","logo":{"@type":"ImageObject","inLanguage":"es","@id":"https:\/\/canal7slp.tv\/2022\/#\/schema\/logo\/image\/","url":"https:\/\/canal7slp.tv\/2022\/wp-content\/uploads\/2021\/01\/logo-noticieros@2x.png","contentUrl":"https:\/\/canal7slp.tv\/2022\/wp-content\/uploads\/2021\/01\/logo-noticieros@2x.png","width":1017,"height":268,"caption":"Noticieros Canal 7"},"image":{"@id":"https:\/\/canal7slp.tv\/2022\/#\/schema\/logo\/image\/"},"sameAs":["https:\/\/www.facebook.com\/noticieroscanalsiete","https:\/\/x.com\/NOTICIEROS7","https:\/\/www.instagram.com\/canal7_slp","https:\/\/www.youtube.com\/channel\/UCliiYs-gP3JfJeqdPrNdd5A"]},{"@type":"Person","@id":"https:\/\/canal7slp.tv\/2022\/#\/schema\/person\/429704152a21f5f856ce29aa69a238da","name":"Edici\u00f3n Web","image":{"@type":"ImageObject","inLanguage":"es","@id":"https:\/\/secure.gravatar.com\/avatar\/eee448fc3f7164808013b816ba91ac7e43bbe82a70bebac296f8bc6f0addaa1a?s=96&d=mm&r=g","url":"https:\/\/secure.gravatar.com\/avatar\/eee448fc3f7164808013b816ba91ac7e43bbe82a70bebac296f8bc6f0addaa1a?s=96&d=mm&r=g","contentUrl":"https:\/\/secure.gravatar.com\/avatar\/eee448fc3f7164808013b816ba91ac7e43bbe82a70bebac296f8bc6f0addaa1a?s=96&d=mm&r=g","caption":"Edici\u00f3n Web"},"url":"https:\/\/canal7slp.tv\/2022\/author\/edicionweb\/"}]}},"amp_enabled":true,"_links":{"self":[{"href":"https:\/\/canal7slp.tv\/2022\/wp-json\/wp\/v2\/posts\/61728","targetHints":{"allow":["GET"]}}],"collection":[{"href":"https:\/\/canal7slp.tv\/2022\/wp-json\/wp\/v2\/posts"}],"about":[{"href":"https:\/\/canal7slp.tv\/2022\/wp-json\/wp\/v2\/types\/post"}],"author":[{"embeddable":true,"href":"https:\/\/canal7slp.tv\/2022\/wp-json\/wp\/v2\/users\/2"}],"replies":[{"embeddable":true,"href":"https:\/\/canal7slp.tv\/2022\/wp-json\/wp\/v2\/comments?post=61728"}],"version-history":[{"count":3,"href":"https:\/\/canal7slp.tv\/2022\/wp-json\/wp\/v2\/posts\/61728\/revisions"}],"predecessor-version":[{"id":61735,"href":"https:\/\/canal7slp.tv\/2022\/wp-json\/wp\/v2\/posts\/61728\/revisions\/61735"}],"wp:featuredmedia":[{"embeddable":true,"href":"https:\/\/canal7slp.tv\/2022\/wp-json\/wp\/v2\/media\/61733"}],"wp:attachment":[{"href":"https:\/\/canal7slp.tv\/2022\/wp-json\/wp\/v2\/media?parent=61728"}],"wp:term":[{"taxonomy":"category","embeddable":true,"href":"https:\/\/canal7slp.tv\/2022\/wp-json\/wp\/v2\/categories?post=61728"},{"taxonomy":"post_tag","embeddable":true,"href":"https:\/\/canal7slp.tv\/2022\/wp-json\/wp\/v2\/tags?post=61728"}],"curies":[{"name":"wp","href":"https:\/\/api.w.org\/{rel}","templated":true}]}}