{"id":61719,"date":"2022-05-28T15:38:43","date_gmt":"2022-05-28T21:38:43","guid":{"rendered":"https:\/\/canal7slp.tv\/2022\/?p=61719"},"modified":"2022-05-28T15:38:43","modified_gmt":"2022-05-28T21:38:43","slug":"exalcalde-jorge-lozano-se-pronuncia-en-contra-de-que-villa-de-pozos-se-convierta-en-municipio","status":"publish","type":"post","link":"https:\/\/canal7slp.tv\/2022\/exalcalde-jorge-lozano-se-pronuncia-en-contra-de-que-villa-de-pozos-se-convierta-en-municipio\/","title":{"rendered":"Exalcalde Jorge Lozano se pronuncia en contra de que Villa de Pozos se convierta en municipio."},"content":{"rendered":"<p style=\"text-align: justify;\">SLP.- En d\u00edas pasado el gobernador Ricardo Gallardo Cardona dio a conocer que presentar\u00e1 ante el Congreso del Estado un proyecto para que la delegaci\u00f3n de Villa de Pozos se convierta en municipio como lo fue en la d\u00e9cada de 1940, al considerar que que esta demarcaci\u00f3n ha venido creciendo exponencialmente en los \u00faltimos a\u00f1os.<\/p>\n<p style=\"text-align: justify;\">Al opinar sobre esta propuesta el expresidente municipal de la ciudad capital en el periodo 2006-2009 Jorge Lozano Armengol consider\u00f3 en primera instancia que es un tema que habr\u00eda que analizarse a fondo y que adem\u00e1s, requerir\u00eda de un proceso de consulta entre diversos sectores de la poblaci\u00f3n.<\/p>\n<p style=\"text-align: justify;\">Sin embargo y al exponer m\u00e1s argumentos el expresidente municipal emanado del Partido Acci\u00f3n Nacional y al cual renunci\u00f3 a su militancia en el a\u00f1o de 2009, consider\u00f3 poco probable que Pozos se convierta en municipio al decir que entre otras cosas, esto implicar\u00eda un costo para el erario municipal y que dijo, lo mejor ser\u00eda que estos recursos se canalizaran a las tres delegaciones.<\/p>\n<p style=\"text-align: justify;\">Por: Claudio Ibarra<\/p>\n","protected":false},"excerpt":{"rendered":"<p>SLP.- En d\u00edas pasado el gobernador Ricardo Gallardo Cardona dio a conocer que presentar\u00e1 ante el Congreso del Estado un proyecto para que la delegaci\u00f3n de Villa de Pozos se convierta en municipio como lo fue en la d\u00e9cada de 1940, al considerar que que esta demarcaci\u00f3n ha venido creciendo exponencialmente en los \u00faltimos a\u00f1os. Al opinar sobre esta propuesta el expresidente municipal de la ciudad capital en el periodo 2006-2009 Jorge Lozano Armengol consider\u00f3 en primera instancia que es un tema que habr\u00eda que analizarse a fondo y que adem\u00e1s, requerir\u00eda de un proceso de consulta entre diversos sectores [&hellip;]<\/p>\n","protected":false},"author":2,"featured_media":61742,"comment_status":"closed","ping_status":"closed","sticky":false,"template":"","format":"video","meta":{"footnotes":""},"categories":[5,45],"tags":[],"class_list":["post-61719","post","type-post","status-publish","format-video","has-post-thumbnail","hentry","category-destacadas","category-localesyregionales","post_format-post-format-video","post--single"],"yoast_head":"<!-- This site is optimized with the Yoast SEO plugin v27.5 - https:\/\/yoast.com\/product\/yoast-seo-wordpress\/ -->\n<title>Exalcalde Jorge Lozano se pronuncia en contra de que Villa de Pozos se convierta en municipio. - Canal 7 SLP - 2022<\/title>\n<meta name=\"robots\" content=\"index, follow, max-snippet:-1, max-image-preview:large, max-video-preview:-1\" \/>\n<link rel=\"canonical\" href=\"https:\/\/canal7slp.tv\/2022\/exalcalde-jorge-lozano-se-pronuncia-en-contra-de-que-villa-de-pozos-se-convierta-en-municipio\/\" \/>\n<meta property=\"og:locale\" content=\"es_ES\" \/>\n<meta property=\"og:type\" content=\"article\" \/>\n<meta property=\"og:title\" content=\"Exalcalde Jorge Lozano se pronuncia en contra de que Villa de Pozos se convierta en municipio. - Canal 7 SLP - 2022\" \/>\n<meta property=\"og:description\" content=\"SLP.- En d\u00edas pasado el gobernador Ricardo Gallardo Cardona dio a conocer que presentar\u00e1 ante el Congreso del Estado un proyecto para que la delegaci\u00f3n de Villa de Pozos se convierta en municipio como lo fue en la d\u00e9cada de 1940, al considerar que que esta demarcaci\u00f3n ha venido creciendo exponencialmente en los \u00faltimos a\u00f1os. Al opinar sobre esta propuesta el expresidente municipal de la ciudad capital en el periodo 2006-2009 Jorge Lozano Armengol consider\u00f3 en primera instancia que es un tema que habr\u00eda que analizarse a fondo y que adem\u00e1s, requerir\u00eda de un proceso de consulta entre diversos sectores [&hellip;]\" \/>\n<meta property=\"og:url\" content=\"https:\/\/canal7slp.tv\/2022\/exalcalde-jorge-lozano-se-pronuncia-en-contra-de-que-villa-de-pozos-se-convierta-en-municipio\/\" \/>\n<meta property=\"og:site_name\" content=\"Canal 7 SLP - 2022\" \/>\n<meta property=\"article:publisher\" content=\"https:\/\/www.facebook.com\/noticieroscanalsiete\" \/>\n<meta property=\"article:published_time\" content=\"2022-05-28T21:38:43+00:00\" \/>\n<meta property=\"og:image\" content=\"https:\/\/canal7slp.tv\/2022\/wp-content\/uploads\/2022\/05\/Claudio04Municipalizacion.jpg\" \/>\n\t<meta property=\"og:image:width\" content=\"888\" \/>\n\t<meta property=\"og:image:height\" content=\"500\" \/>\n\t<meta property=\"og:image:type\" content=\"image\/jpeg\" \/>\n<meta name=\"author\" content=\"Edici\u00f3n Web\" \/>\n<meta name=\"twitter:card\" content=\"summary_large_image\" \/>\n<meta name=\"twitter:creator\" content=\"@NOTICIEROS7\" \/>\n<meta name=\"twitter:site\" content=\"@NOTICIEROS7\" \/>\n<meta name=\"twitter:label1\" content=\"Escrito por\" \/>\n\t<meta name=\"twitter:data1\" content=\"Edici\u00f3n Web\" \/>\n\t<meta name=\"twitter:label2\" content=\"Tiempo de lectura\" \/>\n\t<meta name=\"twitter:data2\" content=\"1 minuto\" \/>\n<script type=\"application\/ld+json\" class=\"yoast-schema-graph\">{\"@context\":\"https:\\\/\\\/schema.org\",\"@graph\":[{\"@type\":\"Article\",\"@id\":\"https:\\\/\\\/canal7slp.tv\\\/2022\\\/exalcalde-jorge-lozano-se-pronuncia-en-contra-de-que-villa-de-pozos-se-convierta-en-municipio\\\/#article\",\"isPartOf\":{\"@id\":\"https:\\\/\\\/canal7slp.tv\\\/2022\\\/exalcalde-jorge-lozano-se-pronuncia-en-contra-de-que-villa-de-pozos-se-convierta-en-municipio\\\/\"},\"author\":{\"name\":\"Edici\u00f3n Web\",\"@id\":\"https:\\\/\\\/canal7slp.tv\\\/2022\\\/#\\\/schema\\\/person\\\/429704152a21f5f856ce29aa69a238da\"},\"headline\":\"Exalcalde Jorge Lozano se pronuncia en contra de que Villa de Pozos se convierta en municipio.\",\"datePublished\":\"2022-05-28T21:38:43+00:00\",\"mainEntityOfPage\":{\"@id\":\"https:\\\/\\\/canal7slp.tv\\\/2022\\\/exalcalde-jorge-lozano-se-pronuncia-en-contra-de-que-villa-de-pozos-se-convierta-en-municipio\\\/\"},\"wordCount\":200,\"publisher\":{\"@id\":\"https:\\\/\\\/canal7slp.tv\\\/2022\\\/#organization\"},\"image\":{\"@id\":\"https:\\\/\\\/canal7slp.tv\\\/2022\\\/exalcalde-jorge-lozano-se-pronuncia-en-contra-de-que-villa-de-pozos-se-convierta-en-municipio\\\/#primaryimage\"},\"thumbnailUrl\":\"https:\\\/\\\/canal7slp.tv\\\/2022\\\/wp-content\\\/uploads\\\/2022\\\/05\\\/Claudio04Municipalizacion.jpg\",\"articleSection\":[\"DESTACADAS\",\"LOCALES Y REGIONALES\"],\"inLanguage\":\"es\"},{\"@type\":\"WebPage\",\"@id\":\"https:\\\/\\\/canal7slp.tv\\\/2022\\\/exalcalde-jorge-lozano-se-pronuncia-en-contra-de-que-villa-de-pozos-se-convierta-en-municipio\\\/\",\"url\":\"https:\\\/\\\/canal7slp.tv\\\/2022\\\/exalcalde-jorge-lozano-se-pronuncia-en-contra-de-que-villa-de-pozos-se-convierta-en-municipio\\\/\",\"name\":\"Exalcalde Jorge Lozano se pronuncia en contra de que Villa de Pozos se convierta en municipio. - Canal 7 SLP - 2022\",\"isPartOf\":{\"@id\":\"https:\\\/\\\/canal7slp.tv\\\/2022\\\/#website\"},\"primaryImageOfPage\":{\"@id\":\"https:\\\/\\\/canal7slp.tv\\\/2022\\\/exalcalde-jorge-lozano-se-pronuncia-en-contra-de-que-villa-de-pozos-se-convierta-en-municipio\\\/#primaryimage\"},\"image\":{\"@id\":\"https:\\\/\\\/canal7slp.tv\\\/2022\\\/exalcalde-jorge-lozano-se-pronuncia-en-contra-de-que-villa-de-pozos-se-convierta-en-municipio\\\/#primaryimage\"},\"thumbnailUrl\":\"https:\\\/\\\/canal7slp.tv\\\/2022\\\/wp-content\\\/uploads\\\/2022\\\/05\\\/Claudio04Municipalizacion.jpg\",\"datePublished\":\"2022-05-28T21:38:43+00:00\",\"breadcrumb\":{\"@id\":\"https:\\\/\\\/canal7slp.tv\\\/2022\\\/exalcalde-jorge-lozano-se-pronuncia-en-contra-de-que-villa-de-pozos-se-convierta-en-municipio\\\/#breadcrumb\"},\"inLanguage\":\"es\",\"potentialAction\":[{\"@type\":\"ReadAction\",\"target\":[\"https:\\\/\\\/canal7slp.tv\\\/2022\\\/exalcalde-jorge-lozano-se-pronuncia-en-contra-de-que-villa-de-pozos-se-convierta-en-municipio\\\/\"]}]},{\"@type\":\"ImageObject\",\"inLanguage\":\"es\",\"@id\":\"https:\\\/\\\/canal7slp.tv\\\/2022\\\/exalcalde-jorge-lozano-se-pronuncia-en-contra-de-que-villa-de-pozos-se-convierta-en-municipio\\\/#primaryimage\",\"url\":\"https:\\\/\\\/canal7slp.tv\\\/2022\\\/wp-content\\\/uploads\\\/2022\\\/05\\\/Claudio04Municipalizacion.jpg\",\"contentUrl\":\"https:\\\/\\\/canal7slp.tv\\\/2022\\\/wp-content\\\/uploads\\\/2022\\\/05\\\/Claudio04Municipalizacion.jpg\",\"width\":888,\"height\":500},{\"@type\":\"BreadcrumbList\",\"@id\":\"https:\\\/\\\/canal7slp.tv\\\/2022\\\/exalcalde-jorge-lozano-se-pronuncia-en-contra-de-que-villa-de-pozos-se-convierta-en-municipio\\\/#breadcrumb\",\"itemListElement\":[{\"@type\":\"ListItem\",\"position\":1,\"name\":\"Portada\",\"item\":\"https:\\\/\\\/canal7slp.tv\\\/2022\\\/\"},{\"@type\":\"ListItem\",\"position\":2,\"name\":\"Exalcalde Jorge Lozano se pronuncia en contra de que Villa de Pozos se convierta en municipio.\"}]},{\"@type\":\"WebSite\",\"@id\":\"https:\\\/\\\/canal7slp.tv\\\/2022\\\/#website\",\"url\":\"https:\\\/\\\/canal7slp.tv\\\/2022\\\/\",\"name\":\"N7 - Noticieros Canal 7\",\"description\":\"Somos Televisi\u00f3n\",\"publisher\":{\"@id\":\"https:\\\/\\\/canal7slp.tv\\\/2022\\\/#organization\"},\"potentialAction\":[{\"@type\":\"SearchAction\",\"target\":{\"@type\":\"EntryPoint\",\"urlTemplate\":\"https:\\\/\\\/canal7slp.tv\\\/2022\\\/?s={search_term_string}\"},\"query-input\":{\"@type\":\"PropertyValueSpecification\",\"valueRequired\":true,\"valueName\":\"search_term_string\"}}],\"inLanguage\":\"es\"},{\"@type\":\"Organization\",\"@id\":\"https:\\\/\\\/canal7slp.tv\\\/2022\\\/#organization\",\"name\":\"Noticieros Canal 7\",\"url\":\"https:\\\/\\\/canal7slp.tv\\\/2022\\\/\",\"logo\":{\"@type\":\"ImageObject\",\"inLanguage\":\"es\",\"@id\":\"https:\\\/\\\/canal7slp.tv\\\/2022\\\/#\\\/schema\\\/logo\\\/image\\\/\",\"url\":\"https:\\\/\\\/canal7slp.tv\\\/2022\\\/wp-content\\\/uploads\\\/2021\\\/01\\\/logo-noticieros@2x.png\",\"contentUrl\":\"https:\\\/\\\/canal7slp.tv\\\/2022\\\/wp-content\\\/uploads\\\/2021\\\/01\\\/logo-noticieros@2x.png\",\"width\":1017,\"height\":268,\"caption\":\"Noticieros Canal 7\"},\"image\":{\"@id\":\"https:\\\/\\\/canal7slp.tv\\\/2022\\\/#\\\/schema\\\/logo\\\/image\\\/\"},\"sameAs\":[\"https:\\\/\\\/www.facebook.com\\\/noticieroscanalsiete\",\"https:\\\/\\\/x.com\\\/NOTICIEROS7\",\"https:\\\/\\\/www.instagram.com\\\/canal7_slp\",\"https:\\\/\\\/www.youtube.com\\\/channel\\\/UCliiYs-gP3JfJeqdPrNdd5A\"]},{\"@type\":\"Person\",\"@id\":\"https:\\\/\\\/canal7slp.tv\\\/2022\\\/#\\\/schema\\\/person\\\/429704152a21f5f856ce29aa69a238da\",\"name\":\"Edici\u00f3n Web\",\"image\":{\"@type\":\"ImageObject\",\"inLanguage\":\"es\",\"@id\":\"https:\\\/\\\/secure.gravatar.com\\\/avatar\\\/eee448fc3f7164808013b816ba91ac7e43bbe82a70bebac296f8bc6f0addaa1a?s=96&d=mm&r=g\",\"url\":\"https:\\\/\\\/secure.gravatar.com\\\/avatar\\\/eee448fc3f7164808013b816ba91ac7e43bbe82a70bebac296f8bc6f0addaa1a?s=96&d=mm&r=g\",\"contentUrl\":\"https:\\\/\\\/secure.gravatar.com\\\/avatar\\\/eee448fc3f7164808013b816ba91ac7e43bbe82a70bebac296f8bc6f0addaa1a?s=96&d=mm&r=g\",\"caption\":\"Edici\u00f3n Web\"},\"url\":\"https:\\\/\\\/canal7slp.tv\\\/2022\\\/author\\\/edicionweb\\\/\"}]}<\/script>\n<!-- \/ Yoast SEO plugin. -->","yoast_head_json":{"title":"Exalcalde Jorge Lozano se pronuncia en contra de que Villa de Pozos se convierta en municipio. - Canal 7 SLP - 2022","robots":{"index":"index","follow":"follow","max-snippet":"max-snippet:-1","max-image-preview":"max-image-preview:large","max-video-preview":"max-video-preview:-1"},"canonical":"https:\/\/canal7slp.tv\/2022\/exalcalde-jorge-lozano-se-pronuncia-en-contra-de-que-villa-de-pozos-se-convierta-en-municipio\/","og_locale":"es_ES","og_type":"article","og_title":"Exalcalde Jorge Lozano se pronuncia en contra de que Villa de Pozos se convierta en municipio. - Canal 7 SLP - 2022","og_description":"SLP.- En d\u00edas pasado el gobernador Ricardo Gallardo Cardona dio a conocer que presentar\u00e1 ante el Congreso del Estado un proyecto para que la delegaci\u00f3n de Villa de Pozos se convierta en municipio como lo fue en la d\u00e9cada de 1940, al considerar que que esta demarcaci\u00f3n ha venido creciendo exponencialmente en los \u00faltimos a\u00f1os. Al opinar sobre esta propuesta el expresidente municipal de la ciudad capital en el periodo 2006-2009 Jorge Lozano Armengol consider\u00f3 en primera instancia que es un tema que habr\u00eda que analizarse a fondo y que adem\u00e1s, requerir\u00eda de un proceso de consulta entre diversos sectores [&hellip;]","og_url":"https:\/\/canal7slp.tv\/2022\/exalcalde-jorge-lozano-se-pronuncia-en-contra-de-que-villa-de-pozos-se-convierta-en-municipio\/","og_site_name":"Canal 7 SLP - 2022","article_publisher":"https:\/\/www.facebook.com\/noticieroscanalsiete","article_published_time":"2022-05-28T21:38:43+00:00","og_image":[{"width":888,"height":500,"url":"https:\/\/canal7slp.tv\/2022\/wp-content\/uploads\/2022\/05\/Claudio04Municipalizacion.jpg","type":"image\/jpeg"}],"author":"Edici\u00f3n Web","twitter_card":"summary_large_image","twitter_creator":"@NOTICIEROS7","twitter_site":"@NOTICIEROS7","twitter_misc":{"Escrito por":"Edici\u00f3n Web","Tiempo de lectura":"1 minuto"},"schema":{"@context":"https:\/\/schema.org","@graph":[{"@type":"Article","@id":"https:\/\/canal7slp.tv\/2022\/exalcalde-jorge-lozano-se-pronuncia-en-contra-de-que-villa-de-pozos-se-convierta-en-municipio\/#article","isPartOf":{"@id":"https:\/\/canal7slp.tv\/2022\/exalcalde-jorge-lozano-se-pronuncia-en-contra-de-que-villa-de-pozos-se-convierta-en-municipio\/"},"author":{"name":"Edici\u00f3n Web","@id":"https:\/\/canal7slp.tv\/2022\/#\/schema\/person\/429704152a21f5f856ce29aa69a238da"},"headline":"Exalcalde Jorge Lozano se pronuncia en contra de que Villa de Pozos se convierta en municipio.","datePublished":"2022-05-28T21:38:43+00:00","mainEntityOfPage":{"@id":"https:\/\/canal7slp.tv\/2022\/exalcalde-jorge-lozano-se-pronuncia-en-contra-de-que-villa-de-pozos-se-convierta-en-municipio\/"},"wordCount":200,"publisher":{"@id":"https:\/\/canal7slp.tv\/2022\/#organization"},"image":{"@id":"https:\/\/canal7slp.tv\/2022\/exalcalde-jorge-lozano-se-pronuncia-en-contra-de-que-villa-de-pozos-se-convierta-en-municipio\/#primaryimage"},"thumbnailUrl":"https:\/\/canal7slp.tv\/2022\/wp-content\/uploads\/2022\/05\/Claudio04Municipalizacion.jpg","articleSection":["DESTACADAS","LOCALES Y REGIONALES"],"inLanguage":"es"},{"@type":"WebPage","@id":"https:\/\/canal7slp.tv\/2022\/exalcalde-jorge-lozano-se-pronuncia-en-contra-de-que-villa-de-pozos-se-convierta-en-municipio\/","url":"https:\/\/canal7slp.tv\/2022\/exalcalde-jorge-lozano-se-pronuncia-en-contra-de-que-villa-de-pozos-se-convierta-en-municipio\/","name":"Exalcalde Jorge Lozano se pronuncia en contra de que Villa de Pozos se convierta en municipio. - Canal 7 SLP - 2022","isPartOf":{"@id":"https:\/\/canal7slp.tv\/2022\/#website"},"primaryImageOfPage":{"@id":"https:\/\/canal7slp.tv\/2022\/exalcalde-jorge-lozano-se-pronuncia-en-contra-de-que-villa-de-pozos-se-convierta-en-municipio\/#primaryimage"},"image":{"@id":"https:\/\/canal7slp.tv\/2022\/exalcalde-jorge-lozano-se-pronuncia-en-contra-de-que-villa-de-pozos-se-convierta-en-municipio\/#primaryimage"},"thumbnailUrl":"https:\/\/canal7slp.tv\/2022\/wp-content\/uploads\/2022\/05\/Claudio04Municipalizacion.jpg","datePublished":"2022-05-28T21:38:43+00:00","breadcrumb":{"@id":"https:\/\/canal7slp.tv\/2022\/exalcalde-jorge-lozano-se-pronuncia-en-contra-de-que-villa-de-pozos-se-convierta-en-municipio\/#breadcrumb"},"inLanguage":"es","potentialAction":[{"@type":"ReadAction","target":["https:\/\/canal7slp.tv\/2022\/exalcalde-jorge-lozano-se-pronuncia-en-contra-de-que-villa-de-pozos-se-convierta-en-municipio\/"]}]},{"@type":"ImageObject","inLanguage":"es","@id":"https:\/\/canal7slp.tv\/2022\/exalcalde-jorge-lozano-se-pronuncia-en-contra-de-que-villa-de-pozos-se-convierta-en-municipio\/#primaryimage","url":"https:\/\/canal7slp.tv\/2022\/wp-content\/uploads\/2022\/05\/Claudio04Municipalizacion.jpg","contentUrl":"https:\/\/canal7slp.tv\/2022\/wp-content\/uploads\/2022\/05\/Claudio04Municipalizacion.jpg","width":888,"height":500},{"@type":"BreadcrumbList","@id":"https:\/\/canal7slp.tv\/2022\/exalcalde-jorge-lozano-se-pronuncia-en-contra-de-que-villa-de-pozos-se-convierta-en-municipio\/#breadcrumb","itemListElement":[{"@type":"ListItem","position":1,"name":"Portada","item":"https:\/\/canal7slp.tv\/2022\/"},{"@type":"ListItem","position":2,"name":"Exalcalde Jorge Lozano se pronuncia en contra de que Villa de Pozos se convierta en municipio."}]},{"@type":"WebSite","@id":"https:\/\/canal7slp.tv\/2022\/#website","url":"https:\/\/canal7slp.tv\/2022\/","name":"N7 - Noticieros Canal 7","description":"Somos Televisi\u00f3n","publisher":{"@id":"https:\/\/canal7slp.tv\/2022\/#organization"},"potentialAction":[{"@type":"SearchAction","target":{"@type":"EntryPoint","urlTemplate":"https:\/\/canal7slp.tv\/2022\/?s={search_term_string}"},"query-input":{"@type":"PropertyValueSpecification","valueRequired":true,"valueName":"search_term_string"}}],"inLanguage":"es"},{"@type":"Organization","@id":"https:\/\/canal7slp.tv\/2022\/#organization","name":"Noticieros Canal 7","url":"https:\/\/canal7slp.tv\/2022\/","logo":{"@type":"ImageObject","inLanguage":"es","@id":"https:\/\/canal7slp.tv\/2022\/#\/schema\/logo\/image\/","url":"https:\/\/canal7slp.tv\/2022\/wp-content\/uploads\/2021\/01\/logo-noticieros@2x.png","contentUrl":"https:\/\/canal7slp.tv\/2022\/wp-content\/uploads\/2021\/01\/logo-noticieros@2x.png","width":1017,"height":268,"caption":"Noticieros Canal 7"},"image":{"@id":"https:\/\/canal7slp.tv\/2022\/#\/schema\/logo\/image\/"},"sameAs":["https:\/\/www.facebook.com\/noticieroscanalsiete","https:\/\/x.com\/NOTICIEROS7","https:\/\/www.instagram.com\/canal7_slp","https:\/\/www.youtube.com\/channel\/UCliiYs-gP3JfJeqdPrNdd5A"]},{"@type":"Person","@id":"https:\/\/canal7slp.tv\/2022\/#\/schema\/person\/429704152a21f5f856ce29aa69a238da","name":"Edici\u00f3n Web","image":{"@type":"ImageObject","inLanguage":"es","@id":"https:\/\/secure.gravatar.com\/avatar\/eee448fc3f7164808013b816ba91ac7e43bbe82a70bebac296f8bc6f0addaa1a?s=96&d=mm&r=g","url":"https:\/\/secure.gravatar.com\/avatar\/eee448fc3f7164808013b816ba91ac7e43bbe82a70bebac296f8bc6f0addaa1a?s=96&d=mm&r=g","contentUrl":"https:\/\/secure.gravatar.com\/avatar\/eee448fc3f7164808013b816ba91ac7e43bbe82a70bebac296f8bc6f0addaa1a?s=96&d=mm&r=g","caption":"Edici\u00f3n Web"},"url":"https:\/\/canal7slp.tv\/2022\/author\/edicionweb\/"}]}},"amp_enabled":true,"_links":{"self":[{"href":"https:\/\/canal7slp.tv\/2022\/wp-json\/wp\/v2\/posts\/61719","targetHints":{"allow":["GET"]}}],"collection":[{"href":"https:\/\/canal7slp.tv\/2022\/wp-json\/wp\/v2\/posts"}],"about":[{"href":"https:\/\/canal7slp.tv\/2022\/wp-json\/wp\/v2\/types\/post"}],"author":[{"embeddable":true,"href":"https:\/\/canal7slp.tv\/2022\/wp-json\/wp\/v2\/users\/2"}],"replies":[{"embeddable":true,"href":"https:\/\/canal7slp.tv\/2022\/wp-json\/wp\/v2\/comments?post=61719"}],"version-history":[{"count":3,"href":"https:\/\/canal7slp.tv\/2022\/wp-json\/wp\/v2\/posts\/61719\/revisions"}],"predecessor-version":[{"id":61743,"href":"https:\/\/canal7slp.tv\/2022\/wp-json\/wp\/v2\/posts\/61719\/revisions\/61743"}],"wp:featuredmedia":[{"embeddable":true,"href":"https:\/\/canal7slp.tv\/2022\/wp-json\/wp\/v2\/media\/61742"}],"wp:attachment":[{"href":"https:\/\/canal7slp.tv\/2022\/wp-json\/wp\/v2\/media?parent=61719"}],"wp:term":[{"taxonomy":"category","embeddable":true,"href":"https:\/\/canal7slp.tv\/2022\/wp-json\/wp\/v2\/categories?post=61719"},{"taxonomy":"post_tag","embeddable":true,"href":"https:\/\/canal7slp.tv\/2022\/wp-json\/wp\/v2\/tags?post=61719"}],"curies":[{"name":"wp","href":"https:\/\/api.w.org\/{rel}","templated":true}]}}