{"id":61718,"date":"2022-05-28T15:37:00","date_gmt":"2022-05-28T21:37:00","guid":{"rendered":"https:\/\/canal7slp.tv\/2022\/?p=61718"},"modified":"2022-05-28T15:37:00","modified_gmt":"2022-05-28T21:37:00","slug":"en-plaza-de-los-fundadores-cruz-roja-realiza-feria-de-salud","status":"publish","type":"post","link":"https:\/\/canal7slp.tv\/2022\/en-plaza-de-los-fundadores-cruz-roja-realiza-feria-de-salud\/","title":{"rendered":"En Plaza de los Fundadores, Cruz Roja realiza Feria de Salud."},"content":{"rendered":"<ul>\n<li>Se ofrecieron consultas gratuitas revisiones odontol\u00f3gicas y toma de signos vitales.<\/li>\n<\/ul>\n<p style=\"text-align: justify;\">SLP.- Con la intenci\u00f3n de que la poblaci\u00f3n conozca m\u00e1s de cerca las labores que realizan las diferentes \u00e1reas de Cruz Roja Mexicana, el pasado s\u00e1bado se realiz\u00f3 una Feria de la Salud, en donde ni\u00f1os y adultos pudieron conocer de primera mano los primeros auxilios y las herramientas que utiliza la benem\u00e9rita instituci\u00f3n para salvar vidas.<\/p>\n<p style=\"text-align: justify;\">En el marco de este evento se ofrecieron consultas gratuitas, revisones odontol\u00f3gicas y toma de signos vitales adem\u00e1s de que j\u00f3venes voluntarios, ofrecieron pl\u00e1ticas sobre diversos temas en materia de salud p\u00fablica.<\/p>\n<p style=\"text-align: justify;\">Asimismo, se hizo una demostraci\u00f3n de rescate urbano con todas sus herramientas adem\u00e1s de que se mont\u00f3 un stand de seguridad vial, salud sexual, igualdad de g\u00e9nero y pr\u00e1cticas de RCP.<\/p>\n<p style=\"text-align: justify;\">Adem\u00e1s, se ofreci\u00f3 informaci\u00f3n sobre las dos escuelas de Educaci\u00f3n Superior con las que cuenta la Cruz Roja en San Luis Potos\u00ed, una para estudios de enfermer\u00eda y la otra para fisioterapia.<\/p>\n<p style=\"text-align: justify;\">El subdelegado estatal hizo un llamado a la poblaci\u00f3n a que siga apoyando a esta honorable instituci\u00f3n al decir que posterior a la pandemia, la Cruz Roja sigue requiriendo del apoyo econ\u00f3mico ya que son muchas sus necesidades.<\/p>\n<p style=\"text-align: justify;\">Por: Claudio Ibarra<\/p>\n","protected":false},"excerpt":{"rendered":"<p>Se ofrecieron consultas gratuitas revisiones odontol\u00f3gicas y toma de signos vitales. SLP.- Con la intenci\u00f3n de que la poblaci\u00f3n conozca m\u00e1s de cerca las labores que realizan las diferentes \u00e1reas de Cruz Roja Mexicana, el pasado s\u00e1bado se realiz\u00f3 una Feria de la Salud, en donde ni\u00f1os y adultos pudieron conocer de primera mano los primeros auxilios y las herramientas que utiliza la benem\u00e9rita instituci\u00f3n para salvar vidas. En el marco de este evento se ofrecieron consultas gratuitas, revisones odontol\u00f3gicas y toma de signos vitales adem\u00e1s de que j\u00f3venes voluntarios, ofrecieron pl\u00e1ticas sobre diversos temas en materia de salud p\u00fablica. [&hellip;]<\/p>\n","protected":false},"author":2,"featured_media":61740,"comment_status":"closed","ping_status":"closed","sticky":false,"template":"","format":"video","meta":{"footnotes":""},"categories":[5,45],"tags":[],"class_list":["post-61718","post","type-post","status-publish","format-video","has-post-thumbnail","hentry","category-destacadas","category-localesyregionales","post_format-post-format-video","post--single"],"yoast_head":"<!-- This site is optimized with the Yoast SEO plugin v27.5 - https:\/\/yoast.com\/product\/yoast-seo-wordpress\/ -->\n<title>En Plaza de los Fundadores, Cruz Roja realiza Feria de Salud. - Canal 7 SLP - 2022<\/title>\n<meta name=\"robots\" content=\"index, follow, max-snippet:-1, max-image-preview:large, max-video-preview:-1\" \/>\n<link rel=\"canonical\" href=\"https:\/\/canal7slp.tv\/2022\/en-plaza-de-los-fundadores-cruz-roja-realiza-feria-de-salud\/\" \/>\n<meta property=\"og:locale\" content=\"es_ES\" \/>\n<meta property=\"og:type\" content=\"article\" \/>\n<meta property=\"og:title\" content=\"En Plaza de los Fundadores, Cruz Roja realiza Feria de Salud. - Canal 7 SLP - 2022\" \/>\n<meta property=\"og:description\" content=\"Se ofrecieron consultas gratuitas revisiones odontol\u00f3gicas y toma de signos vitales. SLP.- Con la intenci\u00f3n de que la poblaci\u00f3n conozca m\u00e1s de cerca las labores que realizan las diferentes \u00e1reas de Cruz Roja Mexicana, el pasado s\u00e1bado se realiz\u00f3 una Feria de la Salud, en donde ni\u00f1os y adultos pudieron conocer de primera mano los primeros auxilios y las herramientas que utiliza la benem\u00e9rita instituci\u00f3n para salvar vidas. En el marco de este evento se ofrecieron consultas gratuitas, revisones odontol\u00f3gicas y toma de signos vitales adem\u00e1s de que j\u00f3venes voluntarios, ofrecieron pl\u00e1ticas sobre diversos temas en materia de salud p\u00fablica. [&hellip;]\" \/>\n<meta property=\"og:url\" content=\"https:\/\/canal7slp.tv\/2022\/en-plaza-de-los-fundadores-cruz-roja-realiza-feria-de-salud\/\" \/>\n<meta property=\"og:site_name\" content=\"Canal 7 SLP - 2022\" \/>\n<meta property=\"article:publisher\" content=\"https:\/\/www.facebook.com\/noticieroscanalsiete\" \/>\n<meta property=\"article:published_time\" content=\"2022-05-28T21:37:00+00:00\" \/>\n<meta property=\"og:image\" content=\"https:\/\/canal7slp.tv\/2022\/wp-content\/uploads\/2022\/05\/Claudio03FeriaSalud-1.jpg\" \/>\n\t<meta property=\"og:image:width\" content=\"888\" \/>\n\t<meta property=\"og:image:height\" content=\"500\" \/>\n\t<meta property=\"og:image:type\" content=\"image\/jpeg\" \/>\n<meta name=\"author\" content=\"Edici\u00f3n Web\" \/>\n<meta name=\"twitter:card\" content=\"summary_large_image\" \/>\n<meta name=\"twitter:creator\" content=\"@NOTICIEROS7\" \/>\n<meta name=\"twitter:site\" content=\"@NOTICIEROS7\" \/>\n<meta name=\"twitter:label1\" content=\"Escrito por\" \/>\n\t<meta name=\"twitter:data1\" content=\"Edici\u00f3n Web\" \/>\n\t<meta name=\"twitter:label2\" content=\"Tiempo de lectura\" \/>\n\t<meta name=\"twitter:data2\" content=\"1 minuto\" \/>\n<script type=\"application\/ld+json\" class=\"yoast-schema-graph\">{\"@context\":\"https:\\\/\\\/schema.org\",\"@graph\":[{\"@type\":\"Article\",\"@id\":\"https:\\\/\\\/canal7slp.tv\\\/2022\\\/en-plaza-de-los-fundadores-cruz-roja-realiza-feria-de-salud\\\/#article\",\"isPartOf\":{\"@id\":\"https:\\\/\\\/canal7slp.tv\\\/2022\\\/en-plaza-de-los-fundadores-cruz-roja-realiza-feria-de-salud\\\/\"},\"author\":{\"name\":\"Edici\u00f3n Web\",\"@id\":\"https:\\\/\\\/canal7slp.tv\\\/2022\\\/#\\\/schema\\\/person\\\/429704152a21f5f856ce29aa69a238da\"},\"headline\":\"En Plaza de los Fundadores, Cruz Roja realiza Feria de Salud.\",\"datePublished\":\"2022-05-28T21:37:00+00:00\",\"mainEntityOfPage\":{\"@id\":\"https:\\\/\\\/canal7slp.tv\\\/2022\\\/en-plaza-de-los-fundadores-cruz-roja-realiza-feria-de-salud\\\/\"},\"wordCount\":240,\"publisher\":{\"@id\":\"https:\\\/\\\/canal7slp.tv\\\/2022\\\/#organization\"},\"image\":{\"@id\":\"https:\\\/\\\/canal7slp.tv\\\/2022\\\/en-plaza-de-los-fundadores-cruz-roja-realiza-feria-de-salud\\\/#primaryimage\"},\"thumbnailUrl\":\"https:\\\/\\\/canal7slp.tv\\\/2022\\\/wp-content\\\/uploads\\\/2022\\\/05\\\/Claudio03FeriaSalud-1.jpg\",\"articleSection\":[\"DESTACADAS\",\"LOCALES Y REGIONALES\"],\"inLanguage\":\"es\"},{\"@type\":\"WebPage\",\"@id\":\"https:\\\/\\\/canal7slp.tv\\\/2022\\\/en-plaza-de-los-fundadores-cruz-roja-realiza-feria-de-salud\\\/\",\"url\":\"https:\\\/\\\/canal7slp.tv\\\/2022\\\/en-plaza-de-los-fundadores-cruz-roja-realiza-feria-de-salud\\\/\",\"name\":\"En Plaza de los Fundadores, Cruz Roja realiza Feria de Salud. - Canal 7 SLP - 2022\",\"isPartOf\":{\"@id\":\"https:\\\/\\\/canal7slp.tv\\\/2022\\\/#website\"},\"primaryImageOfPage\":{\"@id\":\"https:\\\/\\\/canal7slp.tv\\\/2022\\\/en-plaza-de-los-fundadores-cruz-roja-realiza-feria-de-salud\\\/#primaryimage\"},\"image\":{\"@id\":\"https:\\\/\\\/canal7slp.tv\\\/2022\\\/en-plaza-de-los-fundadores-cruz-roja-realiza-feria-de-salud\\\/#primaryimage\"},\"thumbnailUrl\":\"https:\\\/\\\/canal7slp.tv\\\/2022\\\/wp-content\\\/uploads\\\/2022\\\/05\\\/Claudio03FeriaSalud-1.jpg\",\"datePublished\":\"2022-05-28T21:37:00+00:00\",\"breadcrumb\":{\"@id\":\"https:\\\/\\\/canal7slp.tv\\\/2022\\\/en-plaza-de-los-fundadores-cruz-roja-realiza-feria-de-salud\\\/#breadcrumb\"},\"inLanguage\":\"es\",\"potentialAction\":[{\"@type\":\"ReadAction\",\"target\":[\"https:\\\/\\\/canal7slp.tv\\\/2022\\\/en-plaza-de-los-fundadores-cruz-roja-realiza-feria-de-salud\\\/\"]}]},{\"@type\":\"ImageObject\",\"inLanguage\":\"es\",\"@id\":\"https:\\\/\\\/canal7slp.tv\\\/2022\\\/en-plaza-de-los-fundadores-cruz-roja-realiza-feria-de-salud\\\/#primaryimage\",\"url\":\"https:\\\/\\\/canal7slp.tv\\\/2022\\\/wp-content\\\/uploads\\\/2022\\\/05\\\/Claudio03FeriaSalud-1.jpg\",\"contentUrl\":\"https:\\\/\\\/canal7slp.tv\\\/2022\\\/wp-content\\\/uploads\\\/2022\\\/05\\\/Claudio03FeriaSalud-1.jpg\",\"width\":888,\"height\":500},{\"@type\":\"BreadcrumbList\",\"@id\":\"https:\\\/\\\/canal7slp.tv\\\/2022\\\/en-plaza-de-los-fundadores-cruz-roja-realiza-feria-de-salud\\\/#breadcrumb\",\"itemListElement\":[{\"@type\":\"ListItem\",\"position\":1,\"name\":\"Portada\",\"item\":\"https:\\\/\\\/canal7slp.tv\\\/2022\\\/\"},{\"@type\":\"ListItem\",\"position\":2,\"name\":\"En Plaza de los Fundadores, Cruz Roja realiza Feria de Salud.\"}]},{\"@type\":\"WebSite\",\"@id\":\"https:\\\/\\\/canal7slp.tv\\\/2022\\\/#website\",\"url\":\"https:\\\/\\\/canal7slp.tv\\\/2022\\\/\",\"name\":\"N7 - Noticieros Canal 7\",\"description\":\"Somos Televisi\u00f3n\",\"publisher\":{\"@id\":\"https:\\\/\\\/canal7slp.tv\\\/2022\\\/#organization\"},\"potentialAction\":[{\"@type\":\"SearchAction\",\"target\":{\"@type\":\"EntryPoint\",\"urlTemplate\":\"https:\\\/\\\/canal7slp.tv\\\/2022\\\/?s={search_term_string}\"},\"query-input\":{\"@type\":\"PropertyValueSpecification\",\"valueRequired\":true,\"valueName\":\"search_term_string\"}}],\"inLanguage\":\"es\"},{\"@type\":\"Organization\",\"@id\":\"https:\\\/\\\/canal7slp.tv\\\/2022\\\/#organization\",\"name\":\"Noticieros Canal 7\",\"url\":\"https:\\\/\\\/canal7slp.tv\\\/2022\\\/\",\"logo\":{\"@type\":\"ImageObject\",\"inLanguage\":\"es\",\"@id\":\"https:\\\/\\\/canal7slp.tv\\\/2022\\\/#\\\/schema\\\/logo\\\/image\\\/\",\"url\":\"https:\\\/\\\/canal7slp.tv\\\/2022\\\/wp-content\\\/uploads\\\/2021\\\/01\\\/logo-noticieros@2x.png\",\"contentUrl\":\"https:\\\/\\\/canal7slp.tv\\\/2022\\\/wp-content\\\/uploads\\\/2021\\\/01\\\/logo-noticieros@2x.png\",\"width\":1017,\"height\":268,\"caption\":\"Noticieros Canal 7\"},\"image\":{\"@id\":\"https:\\\/\\\/canal7slp.tv\\\/2022\\\/#\\\/schema\\\/logo\\\/image\\\/\"},\"sameAs\":[\"https:\\\/\\\/www.facebook.com\\\/noticieroscanalsiete\",\"https:\\\/\\\/x.com\\\/NOTICIEROS7\",\"https:\\\/\\\/www.instagram.com\\\/canal7_slp\",\"https:\\\/\\\/www.youtube.com\\\/channel\\\/UCliiYs-gP3JfJeqdPrNdd5A\"]},{\"@type\":\"Person\",\"@id\":\"https:\\\/\\\/canal7slp.tv\\\/2022\\\/#\\\/schema\\\/person\\\/429704152a21f5f856ce29aa69a238da\",\"name\":\"Edici\u00f3n Web\",\"image\":{\"@type\":\"ImageObject\",\"inLanguage\":\"es\",\"@id\":\"https:\\\/\\\/secure.gravatar.com\\\/avatar\\\/eee448fc3f7164808013b816ba91ac7e43bbe82a70bebac296f8bc6f0addaa1a?s=96&d=mm&r=g\",\"url\":\"https:\\\/\\\/secure.gravatar.com\\\/avatar\\\/eee448fc3f7164808013b816ba91ac7e43bbe82a70bebac296f8bc6f0addaa1a?s=96&d=mm&r=g\",\"contentUrl\":\"https:\\\/\\\/secure.gravatar.com\\\/avatar\\\/eee448fc3f7164808013b816ba91ac7e43bbe82a70bebac296f8bc6f0addaa1a?s=96&d=mm&r=g\",\"caption\":\"Edici\u00f3n Web\"},\"url\":\"https:\\\/\\\/canal7slp.tv\\\/2022\\\/author\\\/edicionweb\\\/\"}]}<\/script>\n<!-- \/ Yoast SEO plugin. -->","yoast_head_json":{"title":"En Plaza de los Fundadores, Cruz Roja realiza Feria de Salud. - Canal 7 SLP - 2022","robots":{"index":"index","follow":"follow","max-snippet":"max-snippet:-1","max-image-preview":"max-image-preview:large","max-video-preview":"max-video-preview:-1"},"canonical":"https:\/\/canal7slp.tv\/2022\/en-plaza-de-los-fundadores-cruz-roja-realiza-feria-de-salud\/","og_locale":"es_ES","og_type":"article","og_title":"En Plaza de los Fundadores, Cruz Roja realiza Feria de Salud. - Canal 7 SLP - 2022","og_description":"Se ofrecieron consultas gratuitas revisiones odontol\u00f3gicas y toma de signos vitales. SLP.- Con la intenci\u00f3n de que la poblaci\u00f3n conozca m\u00e1s de cerca las labores que realizan las diferentes \u00e1reas de Cruz Roja Mexicana, el pasado s\u00e1bado se realiz\u00f3 una Feria de la Salud, en donde ni\u00f1os y adultos pudieron conocer de primera mano los primeros auxilios y las herramientas que utiliza la benem\u00e9rita instituci\u00f3n para salvar vidas. En el marco de este evento se ofrecieron consultas gratuitas, revisones odontol\u00f3gicas y toma de signos vitales adem\u00e1s de que j\u00f3venes voluntarios, ofrecieron pl\u00e1ticas sobre diversos temas en materia de salud p\u00fablica. [&hellip;]","og_url":"https:\/\/canal7slp.tv\/2022\/en-plaza-de-los-fundadores-cruz-roja-realiza-feria-de-salud\/","og_site_name":"Canal 7 SLP - 2022","article_publisher":"https:\/\/www.facebook.com\/noticieroscanalsiete","article_published_time":"2022-05-28T21:37:00+00:00","og_image":[{"width":888,"height":500,"url":"https:\/\/canal7slp.tv\/2022\/wp-content\/uploads\/2022\/05\/Claudio03FeriaSalud-1.jpg","type":"image\/jpeg"}],"author":"Edici\u00f3n Web","twitter_card":"summary_large_image","twitter_creator":"@NOTICIEROS7","twitter_site":"@NOTICIEROS7","twitter_misc":{"Escrito por":"Edici\u00f3n Web","Tiempo de lectura":"1 minuto"},"schema":{"@context":"https:\/\/schema.org","@graph":[{"@type":"Article","@id":"https:\/\/canal7slp.tv\/2022\/en-plaza-de-los-fundadores-cruz-roja-realiza-feria-de-salud\/#article","isPartOf":{"@id":"https:\/\/canal7slp.tv\/2022\/en-plaza-de-los-fundadores-cruz-roja-realiza-feria-de-salud\/"},"author":{"name":"Edici\u00f3n Web","@id":"https:\/\/canal7slp.tv\/2022\/#\/schema\/person\/429704152a21f5f856ce29aa69a238da"},"headline":"En Plaza de los Fundadores, Cruz Roja realiza Feria de Salud.","datePublished":"2022-05-28T21:37:00+00:00","mainEntityOfPage":{"@id":"https:\/\/canal7slp.tv\/2022\/en-plaza-de-los-fundadores-cruz-roja-realiza-feria-de-salud\/"},"wordCount":240,"publisher":{"@id":"https:\/\/canal7slp.tv\/2022\/#organization"},"image":{"@id":"https:\/\/canal7slp.tv\/2022\/en-plaza-de-los-fundadores-cruz-roja-realiza-feria-de-salud\/#primaryimage"},"thumbnailUrl":"https:\/\/canal7slp.tv\/2022\/wp-content\/uploads\/2022\/05\/Claudio03FeriaSalud-1.jpg","articleSection":["DESTACADAS","LOCALES Y REGIONALES"],"inLanguage":"es"},{"@type":"WebPage","@id":"https:\/\/canal7slp.tv\/2022\/en-plaza-de-los-fundadores-cruz-roja-realiza-feria-de-salud\/","url":"https:\/\/canal7slp.tv\/2022\/en-plaza-de-los-fundadores-cruz-roja-realiza-feria-de-salud\/","name":"En Plaza de los Fundadores, Cruz Roja realiza Feria de Salud. - Canal 7 SLP - 2022","isPartOf":{"@id":"https:\/\/canal7slp.tv\/2022\/#website"},"primaryImageOfPage":{"@id":"https:\/\/canal7slp.tv\/2022\/en-plaza-de-los-fundadores-cruz-roja-realiza-feria-de-salud\/#primaryimage"},"image":{"@id":"https:\/\/canal7slp.tv\/2022\/en-plaza-de-los-fundadores-cruz-roja-realiza-feria-de-salud\/#primaryimage"},"thumbnailUrl":"https:\/\/canal7slp.tv\/2022\/wp-content\/uploads\/2022\/05\/Claudio03FeriaSalud-1.jpg","datePublished":"2022-05-28T21:37:00+00:00","breadcrumb":{"@id":"https:\/\/canal7slp.tv\/2022\/en-plaza-de-los-fundadores-cruz-roja-realiza-feria-de-salud\/#breadcrumb"},"inLanguage":"es","potentialAction":[{"@type":"ReadAction","target":["https:\/\/canal7slp.tv\/2022\/en-plaza-de-los-fundadores-cruz-roja-realiza-feria-de-salud\/"]}]},{"@type":"ImageObject","inLanguage":"es","@id":"https:\/\/canal7slp.tv\/2022\/en-plaza-de-los-fundadores-cruz-roja-realiza-feria-de-salud\/#primaryimage","url":"https:\/\/canal7slp.tv\/2022\/wp-content\/uploads\/2022\/05\/Claudio03FeriaSalud-1.jpg","contentUrl":"https:\/\/canal7slp.tv\/2022\/wp-content\/uploads\/2022\/05\/Claudio03FeriaSalud-1.jpg","width":888,"height":500},{"@type":"BreadcrumbList","@id":"https:\/\/canal7slp.tv\/2022\/en-plaza-de-los-fundadores-cruz-roja-realiza-feria-de-salud\/#breadcrumb","itemListElement":[{"@type":"ListItem","position":1,"name":"Portada","item":"https:\/\/canal7slp.tv\/2022\/"},{"@type":"ListItem","position":2,"name":"En Plaza de los Fundadores, Cruz Roja realiza Feria de Salud."}]},{"@type":"WebSite","@id":"https:\/\/canal7slp.tv\/2022\/#website","url":"https:\/\/canal7slp.tv\/2022\/","name":"N7 - Noticieros Canal 7","description":"Somos Televisi\u00f3n","publisher":{"@id":"https:\/\/canal7slp.tv\/2022\/#organization"},"potentialAction":[{"@type":"SearchAction","target":{"@type":"EntryPoint","urlTemplate":"https:\/\/canal7slp.tv\/2022\/?s={search_term_string}"},"query-input":{"@type":"PropertyValueSpecification","valueRequired":true,"valueName":"search_term_string"}}],"inLanguage":"es"},{"@type":"Organization","@id":"https:\/\/canal7slp.tv\/2022\/#organization","name":"Noticieros Canal 7","url":"https:\/\/canal7slp.tv\/2022\/","logo":{"@type":"ImageObject","inLanguage":"es","@id":"https:\/\/canal7slp.tv\/2022\/#\/schema\/logo\/image\/","url":"https:\/\/canal7slp.tv\/2022\/wp-content\/uploads\/2021\/01\/logo-noticieros@2x.png","contentUrl":"https:\/\/canal7slp.tv\/2022\/wp-content\/uploads\/2021\/01\/logo-noticieros@2x.png","width":1017,"height":268,"caption":"Noticieros Canal 7"},"image":{"@id":"https:\/\/canal7slp.tv\/2022\/#\/schema\/logo\/image\/"},"sameAs":["https:\/\/www.facebook.com\/noticieroscanalsiete","https:\/\/x.com\/NOTICIEROS7","https:\/\/www.instagram.com\/canal7_slp","https:\/\/www.youtube.com\/channel\/UCliiYs-gP3JfJeqdPrNdd5A"]},{"@type":"Person","@id":"https:\/\/canal7slp.tv\/2022\/#\/schema\/person\/429704152a21f5f856ce29aa69a238da","name":"Edici\u00f3n Web","image":{"@type":"ImageObject","inLanguage":"es","@id":"https:\/\/secure.gravatar.com\/avatar\/eee448fc3f7164808013b816ba91ac7e43bbe82a70bebac296f8bc6f0addaa1a?s=96&d=mm&r=g","url":"https:\/\/secure.gravatar.com\/avatar\/eee448fc3f7164808013b816ba91ac7e43bbe82a70bebac296f8bc6f0addaa1a?s=96&d=mm&r=g","contentUrl":"https:\/\/secure.gravatar.com\/avatar\/eee448fc3f7164808013b816ba91ac7e43bbe82a70bebac296f8bc6f0addaa1a?s=96&d=mm&r=g","caption":"Edici\u00f3n Web"},"url":"https:\/\/canal7slp.tv\/2022\/author\/edicionweb\/"}]}},"amp_enabled":true,"_links":{"self":[{"href":"https:\/\/canal7slp.tv\/2022\/wp-json\/wp\/v2\/posts\/61718","targetHints":{"allow":["GET"]}}],"collection":[{"href":"https:\/\/canal7slp.tv\/2022\/wp-json\/wp\/v2\/posts"}],"about":[{"href":"https:\/\/canal7slp.tv\/2022\/wp-json\/wp\/v2\/types\/post"}],"author":[{"embeddable":true,"href":"https:\/\/canal7slp.tv\/2022\/wp-json\/wp\/v2\/users\/2"}],"replies":[{"embeddable":true,"href":"https:\/\/canal7slp.tv\/2022\/wp-json\/wp\/v2\/comments?post=61718"}],"version-history":[{"count":3,"href":"https:\/\/canal7slp.tv\/2022\/wp-json\/wp\/v2\/posts\/61718\/revisions"}],"predecessor-version":[{"id":61741,"href":"https:\/\/canal7slp.tv\/2022\/wp-json\/wp\/v2\/posts\/61718\/revisions\/61741"}],"wp:featuredmedia":[{"embeddable":true,"href":"https:\/\/canal7slp.tv\/2022\/wp-json\/wp\/v2\/media\/61740"}],"wp:attachment":[{"href":"https:\/\/canal7slp.tv\/2022\/wp-json\/wp\/v2\/media?parent=61718"}],"wp:term":[{"taxonomy":"category","embeddable":true,"href":"https:\/\/canal7slp.tv\/2022\/wp-json\/wp\/v2\/categories?post=61718"},{"taxonomy":"post_tag","embeddable":true,"href":"https:\/\/canal7slp.tv\/2022\/wp-json\/wp\/v2\/tags?post=61718"}],"curies":[{"name":"wp","href":"https:\/\/api.w.org\/{rel}","templated":true}]}}