{"id":61684,"date":"2022-05-28T11:56:17","date_gmt":"2022-05-28T17:56:17","guid":{"rendered":"https:\/\/canal7slp.tv\/2022\/?p=61684"},"modified":"2022-05-28T11:56:17","modified_gmt":"2022-05-28T17:56:17","slug":"trump-se-pronuncia-en-contra-de-las-politicas-de-control-de-armas","status":"publish","type":"post","link":"https:\/\/canal7slp.tv\/2022\/trump-se-pronuncia-en-contra-de-las-politicas-de-control-de-armas\/","title":{"rendered":"Trump se pronuncia en contra de las pol\u00edticas de control de armas"},"content":{"rendered":"<p style=\"text-align: justify;\">EUA.- Donald Trump acus\u00f3 a los dem\u00f3cratas de politizar el reciente tiroteo ocurrido en el colegio de Uvalde, Texas, en donde 19 menores y dos docentes perdieron la vida, a fin de controlar la venta de armas.<\/p>\n<p style=\"text-align: justify;\">\u201cLas pol\u00edticas de control de armas impulsadas por la izquierda no habr\u00edan hecho nada para evitar el horror que tuvo lugar. Absolutamente nada\u201d, declar\u00f3 el exmandatario durante la convenci\u00f3n anual de la Asociaci\u00f3n Nacional del Rifle (NRA).<\/p>\n<p style=\"text-align: justify;\">En cambio, puntualiz\u00f3 que la soluci\u00f3n para esta problem\u00e1tica esta en colocar detectores de metales en los accesos de los colegios y construir puertas que puedan bloquearse desde el interior para impedir \u00abel acceso de intrusos\u00bb.<\/p>\n<p style=\"text-align: justify;\">Asimismo, Trump atribuy\u00f3 la culpa a la salud mental del perpetrado. \u00abEl monstruo que cometi\u00f3 este crimen es pura maldad, pura crueldad, puro odio\u00bb.<\/p>\n<p style=\"text-align: justify;\">Durante su intervenci\u00f3n en el evento de la NRA, defendi\u00f3 en\u00e9rgicamente la Segunda Enmienda de la Constituci\u00f3n, la cual da el derecho a los estadounidenses a poseer armas.<\/p>\n","protected":false},"excerpt":{"rendered":"<p>EUA.- Donald Trump acus\u00f3 a los dem\u00f3cratas de politizar el reciente tiroteo ocurrido en el colegio de Uvalde, Texas, en donde 19 menores y dos docentes perdieron la vida, a fin de controlar la venta de armas. \u201cLas pol\u00edticas de control de armas impulsadas por la izquierda no habr\u00edan hecho nada para evitar el horror que tuvo lugar. Absolutamente nada\u201d, declar\u00f3 el exmandatario durante la convenci\u00f3n anual de la Asociaci\u00f3n Nacional del Rifle (NRA). En cambio, puntualiz\u00f3 que la soluci\u00f3n para esta problem\u00e1tica esta en colocar detectores de metales en los accesos de los colegios y construir puertas que puedan [&hellip;]<\/p>\n","protected":false},"author":2,"featured_media":61696,"comment_status":"closed","ping_status":"closed","sticky":false,"template":"","format":"standard","meta":{"footnotes":""},"categories":[44],"tags":[],"class_list":["post-61684","post","type-post","status-publish","format-standard","has-post-thumbnail","hentry","category-internacional","post--single"],"yoast_head":"<!-- This site is optimized with the Yoast SEO plugin v27.5 - https:\/\/yoast.com\/product\/yoast-seo-wordpress\/ -->\n<title>Trump se pronuncia en contra de las pol\u00edticas de control de armas - Canal 7 SLP - 2022<\/title>\n<meta name=\"robots\" content=\"index, follow, max-snippet:-1, max-image-preview:large, max-video-preview:-1\" \/>\n<link rel=\"canonical\" href=\"https:\/\/canal7slp.tv\/2022\/trump-se-pronuncia-en-contra-de-las-politicas-de-control-de-armas\/\" \/>\n<meta property=\"og:locale\" content=\"es_ES\" \/>\n<meta property=\"og:type\" content=\"article\" \/>\n<meta property=\"og:title\" content=\"Trump se pronuncia en contra de las pol\u00edticas de control de armas - Canal 7 SLP - 2022\" \/>\n<meta property=\"og:description\" content=\"EUA.- Donald Trump acus\u00f3 a los dem\u00f3cratas de politizar el reciente tiroteo ocurrido en el colegio de Uvalde, Texas, en donde 19 menores y dos docentes perdieron la vida, a fin de controlar la venta de armas. \u201cLas pol\u00edticas de control de armas impulsadas por la izquierda no habr\u00edan hecho nada para evitar el horror que tuvo lugar. Absolutamente nada\u201d, declar\u00f3 el exmandatario durante la convenci\u00f3n anual de la Asociaci\u00f3n Nacional del Rifle (NRA). En cambio, puntualiz\u00f3 que la soluci\u00f3n para esta problem\u00e1tica esta en colocar detectores de metales en los accesos de los colegios y construir puertas que puedan [&hellip;]\" \/>\n<meta property=\"og:url\" content=\"https:\/\/canal7slp.tv\/2022\/trump-se-pronuncia-en-contra-de-las-politicas-de-control-de-armas\/\" \/>\n<meta property=\"og:site_name\" content=\"Canal 7 SLP - 2022\" \/>\n<meta property=\"article:publisher\" content=\"https:\/\/www.facebook.com\/noticieroscanalsiete\" \/>\n<meta property=\"article:published_time\" content=\"2022-05-28T17:56:17+00:00\" \/>\n<meta property=\"og:image\" content=\"https:\/\/canal7slp.tv\/2022\/wp-content\/uploads\/2022\/05\/03-21.jpg\" \/>\n\t<meta property=\"og:image:width\" content=\"1280\" \/>\n\t<meta property=\"og:image:height\" content=\"720\" \/>\n\t<meta property=\"og:image:type\" content=\"image\/jpeg\" \/>\n<meta name=\"author\" content=\"Edici\u00f3n Web\" \/>\n<meta name=\"twitter:card\" content=\"summary_large_image\" \/>\n<meta name=\"twitter:creator\" content=\"@NOTICIEROS7\" \/>\n<meta name=\"twitter:site\" content=\"@NOTICIEROS7\" \/>\n<meta name=\"twitter:label1\" content=\"Escrito por\" \/>\n\t<meta name=\"twitter:data1\" content=\"Edici\u00f3n Web\" \/>\n\t<meta name=\"twitter:label2\" content=\"Tiempo de lectura\" \/>\n\t<meta name=\"twitter:data2\" content=\"1 minuto\" \/>\n<script type=\"application\/ld+json\" class=\"yoast-schema-graph\">{\"@context\":\"https:\\\/\\\/schema.org\",\"@graph\":[{\"@type\":\"Article\",\"@id\":\"https:\\\/\\\/canal7slp.tv\\\/2022\\\/trump-se-pronuncia-en-contra-de-las-politicas-de-control-de-armas\\\/#article\",\"isPartOf\":{\"@id\":\"https:\\\/\\\/canal7slp.tv\\\/2022\\\/trump-se-pronuncia-en-contra-de-las-politicas-de-control-de-armas\\\/\"},\"author\":{\"name\":\"Edici\u00f3n Web\",\"@id\":\"https:\\\/\\\/canal7slp.tv\\\/2022\\\/#\\\/schema\\\/person\\\/429704152a21f5f856ce29aa69a238da\"},\"headline\":\"Trump se pronuncia en contra de las pol\u00edticas de control de armas\",\"datePublished\":\"2022-05-28T17:56:17+00:00\",\"mainEntityOfPage\":{\"@id\":\"https:\\\/\\\/canal7slp.tv\\\/2022\\\/trump-se-pronuncia-en-contra-de-las-politicas-de-control-de-armas\\\/\"},\"wordCount\":185,\"publisher\":{\"@id\":\"https:\\\/\\\/canal7slp.tv\\\/2022\\\/#organization\"},\"image\":{\"@id\":\"https:\\\/\\\/canal7slp.tv\\\/2022\\\/trump-se-pronuncia-en-contra-de-las-politicas-de-control-de-armas\\\/#primaryimage\"},\"thumbnailUrl\":\"https:\\\/\\\/canal7slp.tv\\\/2022\\\/wp-content\\\/uploads\\\/2022\\\/05\\\/03-21.jpg\",\"articleSection\":[\"INTERNACIONALES\"],\"inLanguage\":\"es\"},{\"@type\":\"WebPage\",\"@id\":\"https:\\\/\\\/canal7slp.tv\\\/2022\\\/trump-se-pronuncia-en-contra-de-las-politicas-de-control-de-armas\\\/\",\"url\":\"https:\\\/\\\/canal7slp.tv\\\/2022\\\/trump-se-pronuncia-en-contra-de-las-politicas-de-control-de-armas\\\/\",\"name\":\"Trump se pronuncia en contra de las pol\u00edticas de control de armas - Canal 7 SLP - 2022\",\"isPartOf\":{\"@id\":\"https:\\\/\\\/canal7slp.tv\\\/2022\\\/#website\"},\"primaryImageOfPage\":{\"@id\":\"https:\\\/\\\/canal7slp.tv\\\/2022\\\/trump-se-pronuncia-en-contra-de-las-politicas-de-control-de-armas\\\/#primaryimage\"},\"image\":{\"@id\":\"https:\\\/\\\/canal7slp.tv\\\/2022\\\/trump-se-pronuncia-en-contra-de-las-politicas-de-control-de-armas\\\/#primaryimage\"},\"thumbnailUrl\":\"https:\\\/\\\/canal7slp.tv\\\/2022\\\/wp-content\\\/uploads\\\/2022\\\/05\\\/03-21.jpg\",\"datePublished\":\"2022-05-28T17:56:17+00:00\",\"breadcrumb\":{\"@id\":\"https:\\\/\\\/canal7slp.tv\\\/2022\\\/trump-se-pronuncia-en-contra-de-las-politicas-de-control-de-armas\\\/#breadcrumb\"},\"inLanguage\":\"es\",\"potentialAction\":[{\"@type\":\"ReadAction\",\"target\":[\"https:\\\/\\\/canal7slp.tv\\\/2022\\\/trump-se-pronuncia-en-contra-de-las-politicas-de-control-de-armas\\\/\"]}]},{\"@type\":\"ImageObject\",\"inLanguage\":\"es\",\"@id\":\"https:\\\/\\\/canal7slp.tv\\\/2022\\\/trump-se-pronuncia-en-contra-de-las-politicas-de-control-de-armas\\\/#primaryimage\",\"url\":\"https:\\\/\\\/canal7slp.tv\\\/2022\\\/wp-content\\\/uploads\\\/2022\\\/05\\\/03-21.jpg\",\"contentUrl\":\"https:\\\/\\\/canal7slp.tv\\\/2022\\\/wp-content\\\/uploads\\\/2022\\\/05\\\/03-21.jpg\",\"width\":1280,\"height\":720},{\"@type\":\"BreadcrumbList\",\"@id\":\"https:\\\/\\\/canal7slp.tv\\\/2022\\\/trump-se-pronuncia-en-contra-de-las-politicas-de-control-de-armas\\\/#breadcrumb\",\"itemListElement\":[{\"@type\":\"ListItem\",\"position\":1,\"name\":\"Portada\",\"item\":\"https:\\\/\\\/canal7slp.tv\\\/2022\\\/\"},{\"@type\":\"ListItem\",\"position\":2,\"name\":\"Trump se pronuncia en contra de las pol\u00edticas de control de armas\"}]},{\"@type\":\"WebSite\",\"@id\":\"https:\\\/\\\/canal7slp.tv\\\/2022\\\/#website\",\"url\":\"https:\\\/\\\/canal7slp.tv\\\/2022\\\/\",\"name\":\"N7 - Noticieros Canal 7\",\"description\":\"Somos Televisi\u00f3n\",\"publisher\":{\"@id\":\"https:\\\/\\\/canal7slp.tv\\\/2022\\\/#organization\"},\"potentialAction\":[{\"@type\":\"SearchAction\",\"target\":{\"@type\":\"EntryPoint\",\"urlTemplate\":\"https:\\\/\\\/canal7slp.tv\\\/2022\\\/?s={search_term_string}\"},\"query-input\":{\"@type\":\"PropertyValueSpecification\",\"valueRequired\":true,\"valueName\":\"search_term_string\"}}],\"inLanguage\":\"es\"},{\"@type\":\"Organization\",\"@id\":\"https:\\\/\\\/canal7slp.tv\\\/2022\\\/#organization\",\"name\":\"Noticieros Canal 7\",\"url\":\"https:\\\/\\\/canal7slp.tv\\\/2022\\\/\",\"logo\":{\"@type\":\"ImageObject\",\"inLanguage\":\"es\",\"@id\":\"https:\\\/\\\/canal7slp.tv\\\/2022\\\/#\\\/schema\\\/logo\\\/image\\\/\",\"url\":\"https:\\\/\\\/canal7slp.tv\\\/2022\\\/wp-content\\\/uploads\\\/2021\\\/01\\\/logo-noticieros@2x.png\",\"contentUrl\":\"https:\\\/\\\/canal7slp.tv\\\/2022\\\/wp-content\\\/uploads\\\/2021\\\/01\\\/logo-noticieros@2x.png\",\"width\":1017,\"height\":268,\"caption\":\"Noticieros Canal 7\"},\"image\":{\"@id\":\"https:\\\/\\\/canal7slp.tv\\\/2022\\\/#\\\/schema\\\/logo\\\/image\\\/\"},\"sameAs\":[\"https:\\\/\\\/www.facebook.com\\\/noticieroscanalsiete\",\"https:\\\/\\\/x.com\\\/NOTICIEROS7\",\"https:\\\/\\\/www.instagram.com\\\/canal7_slp\",\"https:\\\/\\\/www.youtube.com\\\/channel\\\/UCliiYs-gP3JfJeqdPrNdd5A\"]},{\"@type\":\"Person\",\"@id\":\"https:\\\/\\\/canal7slp.tv\\\/2022\\\/#\\\/schema\\\/person\\\/429704152a21f5f856ce29aa69a238da\",\"name\":\"Edici\u00f3n Web\",\"image\":{\"@type\":\"ImageObject\",\"inLanguage\":\"es\",\"@id\":\"https:\\\/\\\/secure.gravatar.com\\\/avatar\\\/eee448fc3f7164808013b816ba91ac7e43bbe82a70bebac296f8bc6f0addaa1a?s=96&d=mm&r=g\",\"url\":\"https:\\\/\\\/secure.gravatar.com\\\/avatar\\\/eee448fc3f7164808013b816ba91ac7e43bbe82a70bebac296f8bc6f0addaa1a?s=96&d=mm&r=g\",\"contentUrl\":\"https:\\\/\\\/secure.gravatar.com\\\/avatar\\\/eee448fc3f7164808013b816ba91ac7e43bbe82a70bebac296f8bc6f0addaa1a?s=96&d=mm&r=g\",\"caption\":\"Edici\u00f3n Web\"},\"url\":\"https:\\\/\\\/canal7slp.tv\\\/2022\\\/author\\\/edicionweb\\\/\"}]}<\/script>\n<!-- \/ Yoast SEO plugin. -->","yoast_head_json":{"title":"Trump se pronuncia en contra de las pol\u00edticas de control de armas - Canal 7 SLP - 2022","robots":{"index":"index","follow":"follow","max-snippet":"max-snippet:-1","max-image-preview":"max-image-preview:large","max-video-preview":"max-video-preview:-1"},"canonical":"https:\/\/canal7slp.tv\/2022\/trump-se-pronuncia-en-contra-de-las-politicas-de-control-de-armas\/","og_locale":"es_ES","og_type":"article","og_title":"Trump se pronuncia en contra de las pol\u00edticas de control de armas - Canal 7 SLP - 2022","og_description":"EUA.- Donald Trump acus\u00f3 a los dem\u00f3cratas de politizar el reciente tiroteo ocurrido en el colegio de Uvalde, Texas, en donde 19 menores y dos docentes perdieron la vida, a fin de controlar la venta de armas. \u201cLas pol\u00edticas de control de armas impulsadas por la izquierda no habr\u00edan hecho nada para evitar el horror que tuvo lugar. Absolutamente nada\u201d, declar\u00f3 el exmandatario durante la convenci\u00f3n anual de la Asociaci\u00f3n Nacional del Rifle (NRA). En cambio, puntualiz\u00f3 que la soluci\u00f3n para esta problem\u00e1tica esta en colocar detectores de metales en los accesos de los colegios y construir puertas que puedan [&hellip;]","og_url":"https:\/\/canal7slp.tv\/2022\/trump-se-pronuncia-en-contra-de-las-politicas-de-control-de-armas\/","og_site_name":"Canal 7 SLP - 2022","article_publisher":"https:\/\/www.facebook.com\/noticieroscanalsiete","article_published_time":"2022-05-28T17:56:17+00:00","og_image":[{"width":1280,"height":720,"url":"https:\/\/canal7slp.tv\/2022\/wp-content\/uploads\/2022\/05\/03-21.jpg","type":"image\/jpeg"}],"author":"Edici\u00f3n Web","twitter_card":"summary_large_image","twitter_creator":"@NOTICIEROS7","twitter_site":"@NOTICIEROS7","twitter_misc":{"Escrito por":"Edici\u00f3n Web","Tiempo de lectura":"1 minuto"},"schema":{"@context":"https:\/\/schema.org","@graph":[{"@type":"Article","@id":"https:\/\/canal7slp.tv\/2022\/trump-se-pronuncia-en-contra-de-las-politicas-de-control-de-armas\/#article","isPartOf":{"@id":"https:\/\/canal7slp.tv\/2022\/trump-se-pronuncia-en-contra-de-las-politicas-de-control-de-armas\/"},"author":{"name":"Edici\u00f3n Web","@id":"https:\/\/canal7slp.tv\/2022\/#\/schema\/person\/429704152a21f5f856ce29aa69a238da"},"headline":"Trump se pronuncia en contra de las pol\u00edticas de control de armas","datePublished":"2022-05-28T17:56:17+00:00","mainEntityOfPage":{"@id":"https:\/\/canal7slp.tv\/2022\/trump-se-pronuncia-en-contra-de-las-politicas-de-control-de-armas\/"},"wordCount":185,"publisher":{"@id":"https:\/\/canal7slp.tv\/2022\/#organization"},"image":{"@id":"https:\/\/canal7slp.tv\/2022\/trump-se-pronuncia-en-contra-de-las-politicas-de-control-de-armas\/#primaryimage"},"thumbnailUrl":"https:\/\/canal7slp.tv\/2022\/wp-content\/uploads\/2022\/05\/03-21.jpg","articleSection":["INTERNACIONALES"],"inLanguage":"es"},{"@type":"WebPage","@id":"https:\/\/canal7slp.tv\/2022\/trump-se-pronuncia-en-contra-de-las-politicas-de-control-de-armas\/","url":"https:\/\/canal7slp.tv\/2022\/trump-se-pronuncia-en-contra-de-las-politicas-de-control-de-armas\/","name":"Trump se pronuncia en contra de las pol\u00edticas de control de armas - Canal 7 SLP - 2022","isPartOf":{"@id":"https:\/\/canal7slp.tv\/2022\/#website"},"primaryImageOfPage":{"@id":"https:\/\/canal7slp.tv\/2022\/trump-se-pronuncia-en-contra-de-las-politicas-de-control-de-armas\/#primaryimage"},"image":{"@id":"https:\/\/canal7slp.tv\/2022\/trump-se-pronuncia-en-contra-de-las-politicas-de-control-de-armas\/#primaryimage"},"thumbnailUrl":"https:\/\/canal7slp.tv\/2022\/wp-content\/uploads\/2022\/05\/03-21.jpg","datePublished":"2022-05-28T17:56:17+00:00","breadcrumb":{"@id":"https:\/\/canal7slp.tv\/2022\/trump-se-pronuncia-en-contra-de-las-politicas-de-control-de-armas\/#breadcrumb"},"inLanguage":"es","potentialAction":[{"@type":"ReadAction","target":["https:\/\/canal7slp.tv\/2022\/trump-se-pronuncia-en-contra-de-las-politicas-de-control-de-armas\/"]}]},{"@type":"ImageObject","inLanguage":"es","@id":"https:\/\/canal7slp.tv\/2022\/trump-se-pronuncia-en-contra-de-las-politicas-de-control-de-armas\/#primaryimage","url":"https:\/\/canal7slp.tv\/2022\/wp-content\/uploads\/2022\/05\/03-21.jpg","contentUrl":"https:\/\/canal7slp.tv\/2022\/wp-content\/uploads\/2022\/05\/03-21.jpg","width":1280,"height":720},{"@type":"BreadcrumbList","@id":"https:\/\/canal7slp.tv\/2022\/trump-se-pronuncia-en-contra-de-las-politicas-de-control-de-armas\/#breadcrumb","itemListElement":[{"@type":"ListItem","position":1,"name":"Portada","item":"https:\/\/canal7slp.tv\/2022\/"},{"@type":"ListItem","position":2,"name":"Trump se pronuncia en contra de las pol\u00edticas de control de armas"}]},{"@type":"WebSite","@id":"https:\/\/canal7slp.tv\/2022\/#website","url":"https:\/\/canal7slp.tv\/2022\/","name":"N7 - Noticieros Canal 7","description":"Somos Televisi\u00f3n","publisher":{"@id":"https:\/\/canal7slp.tv\/2022\/#organization"},"potentialAction":[{"@type":"SearchAction","target":{"@type":"EntryPoint","urlTemplate":"https:\/\/canal7slp.tv\/2022\/?s={search_term_string}"},"query-input":{"@type":"PropertyValueSpecification","valueRequired":true,"valueName":"search_term_string"}}],"inLanguage":"es"},{"@type":"Organization","@id":"https:\/\/canal7slp.tv\/2022\/#organization","name":"Noticieros Canal 7","url":"https:\/\/canal7slp.tv\/2022\/","logo":{"@type":"ImageObject","inLanguage":"es","@id":"https:\/\/canal7slp.tv\/2022\/#\/schema\/logo\/image\/","url":"https:\/\/canal7slp.tv\/2022\/wp-content\/uploads\/2021\/01\/logo-noticieros@2x.png","contentUrl":"https:\/\/canal7slp.tv\/2022\/wp-content\/uploads\/2021\/01\/logo-noticieros@2x.png","width":1017,"height":268,"caption":"Noticieros Canal 7"},"image":{"@id":"https:\/\/canal7slp.tv\/2022\/#\/schema\/logo\/image\/"},"sameAs":["https:\/\/www.facebook.com\/noticieroscanalsiete","https:\/\/x.com\/NOTICIEROS7","https:\/\/www.instagram.com\/canal7_slp","https:\/\/www.youtube.com\/channel\/UCliiYs-gP3JfJeqdPrNdd5A"]},{"@type":"Person","@id":"https:\/\/canal7slp.tv\/2022\/#\/schema\/person\/429704152a21f5f856ce29aa69a238da","name":"Edici\u00f3n Web","image":{"@type":"ImageObject","inLanguage":"es","@id":"https:\/\/secure.gravatar.com\/avatar\/eee448fc3f7164808013b816ba91ac7e43bbe82a70bebac296f8bc6f0addaa1a?s=96&d=mm&r=g","url":"https:\/\/secure.gravatar.com\/avatar\/eee448fc3f7164808013b816ba91ac7e43bbe82a70bebac296f8bc6f0addaa1a?s=96&d=mm&r=g","contentUrl":"https:\/\/secure.gravatar.com\/avatar\/eee448fc3f7164808013b816ba91ac7e43bbe82a70bebac296f8bc6f0addaa1a?s=96&d=mm&r=g","caption":"Edici\u00f3n Web"},"url":"https:\/\/canal7slp.tv\/2022\/author\/edicionweb\/"}]}},"amp_enabled":true,"_links":{"self":[{"href":"https:\/\/canal7slp.tv\/2022\/wp-json\/wp\/v2\/posts\/61684","targetHints":{"allow":["GET"]}}],"collection":[{"href":"https:\/\/canal7slp.tv\/2022\/wp-json\/wp\/v2\/posts"}],"about":[{"href":"https:\/\/canal7slp.tv\/2022\/wp-json\/wp\/v2\/types\/post"}],"author":[{"embeddable":true,"href":"https:\/\/canal7slp.tv\/2022\/wp-json\/wp\/v2\/users\/2"}],"replies":[{"embeddable":true,"href":"https:\/\/canal7slp.tv\/2022\/wp-json\/wp\/v2\/comments?post=61684"}],"version-history":[{"count":2,"href":"https:\/\/canal7slp.tv\/2022\/wp-json\/wp\/v2\/posts\/61684\/revisions"}],"predecessor-version":[{"id":61703,"href":"https:\/\/canal7slp.tv\/2022\/wp-json\/wp\/v2\/posts\/61684\/revisions\/61703"}],"wp:featuredmedia":[{"embeddable":true,"href":"https:\/\/canal7slp.tv\/2022\/wp-json\/wp\/v2\/media\/61696"}],"wp:attachment":[{"href":"https:\/\/canal7slp.tv\/2022\/wp-json\/wp\/v2\/media?parent=61684"}],"wp:term":[{"taxonomy":"category","embeddable":true,"href":"https:\/\/canal7slp.tv\/2022\/wp-json\/wp\/v2\/categories?post=61684"},{"taxonomy":"post_tag","embeddable":true,"href":"https:\/\/canal7slp.tv\/2022\/wp-json\/wp\/v2\/tags?post=61684"}],"curies":[{"name":"wp","href":"https:\/\/api.w.org\/{rel}","templated":true}]}}