{"id":61678,"date":"2022-05-28T11:26:47","date_gmt":"2022-05-28T17:26:47","guid":{"rendered":"https:\/\/canal7slp.tv\/2022\/?p=61678"},"modified":"2022-05-28T11:26:47","modified_gmt":"2022-05-28T17:26:47","slug":"mexico-confirma-primer-caso-importado-de-viruela-simica","status":"publish","type":"post","link":"https:\/\/canal7slp.tv\/2022\/mexico-confirma-primer-caso-importado-de-viruela-simica\/","title":{"rendered":"M\u00e9xico confirma primer caso importado de viruela s\u00edmica"},"content":{"rendered":"<ul>\n<li style=\"text-align: justify;\">Es una persona de 50 a\u00f1os, quien se encuentra aislada de manera preventiva<\/li>\n<\/ul>\n<div style=\"text-align: justify;\">SLP.-\u00a0La Secretar\u00eda de Salud confirm\u00f3 el primer caso importado de viruela s\u00edmica, detectado en la Ciudad de M\u00e9xico.<\/div>\n<div style=\"text-align: justify;\"><\/div>\n<div style=\"text-align: justify;\">Se trata de un hombre de 50 a\u00f1os con s\u00edntomas leves, quien se encuentra aislado de manera preventiva.<\/div>\n<div style=\"text-align: justify;\"><\/div>\n<div style=\"text-align: justify;\">La persona es residente permanente de la ciudad de Nueva York y probablemente se contagi\u00f3 en Holanda.<\/div>\n<div style=\"text-align: justify;\"><\/div>\n<div style=\"text-align: justify;\">La viruela s\u00edmica se transmite de persona a persona por contacto directo. No se propaga por aire, agua o alimentos. La eficiencia del contagio es baja, por lo que generalmente se presentan casos aislados o peque\u00f1os brotes, no epidemias generalizadas.<\/div>\n<div style=\"text-align: justify;\"><\/div>\n<div style=\"text-align: justify;\">Esta enfermedad se desarrolla en dos per\u00edodos que generalmente se autolimitan en dos a cuatro semanas despu\u00e9s de iniciar los s\u00edntomas.<\/div>\n<div style=\"text-align: justify;\"><\/div>\n<div style=\"text-align: justify;\">La fase uno se presenta en los primeros cinco d\u00edas y se caracteriza por fiebre, dolor de cabeza intenso, de la espalda baja y muscular, as\u00ed como ganglios inflamados y falta de ganas de moverse o hacer alguna actividad f\u00edsica.<\/div>\n<div style=\"text-align: justify;\"><\/div>\n<div style=\"text-align: justify;\">En la segunda fase aparecen peque\u00f1as ampollas durante los primeros tres d\u00edas de iniciar la fiebre; el sarpullido por lo general afecta primero la cara y posteriormente se extiende al resto del cuerpo.<\/div>\n<div style=\"text-align: justify;\"><\/div>\n<div style=\"text-align: justify;\">El diagn\u00f3stico se realiza por reacci\u00f3n de la polimerasa en cadena (PCR), en muestras de exudado h\u00famedo o seco de las lesiones cut\u00e1neas, preferentemente el l\u00edquido de las ves\u00edculas o p\u00fastulas; alternativamente, las costras.<\/div>\n<div style=\"text-align: justify;\"><\/div>\n<div style=\"text-align: justify;\">La Secretar\u00eda de Salud recomienda a la poblaci\u00f3n en general el lavado de manos de forma frecuente, con agua y jab\u00f3n o soluci\u00f3n alcohol gel; cubrir nariz y boca con la parte interna del codo al estornudar o toser, evitar compartir alimentos, bebidas, cubiertos y platos.<\/div>\n<div style=\"text-align: justify;\"><\/div>\n<div style=\"text-align: justify;\">Cuando se est\u00e9 f\u00edsicamente cerca de una persona enferma, usar mascarilla m\u00e9dica, especialmente si est\u00e1 tosiendo o si tiene lesiones en la boca; lavar la ropa, toallas, utensilios para comer y s\u00e1banas que hayan estado en contacto con la persona enferma, utilizando agua tibia y detergente.<\/div>\n<div style=\"text-align: justify;\"><\/div>\n<div style=\"text-align: justify;\">Tambi\u00e9n limpiar y desinfectar los espacios en los que se haya encontrado una persona enferma y evitar el contacto cercano, sobre todo con las lesiones; si se deben tocar, utilizar guantes y desechar de forma correcta. En caso de presentar s\u00edntomas, solicitar atenci\u00f3n m\u00e9dica y no acercarse a otras personas.<\/div>\n<div style=\"text-align: justify;\"><\/div>\n<div style=\"text-align: justify;\">El 24 de mayo, a trav\u00e9s del Comit\u00e9 Nacional para la Vigilancia Epidemiol\u00f3gica (Conave), integrado por las instituciones del sector Salud se public\u00f3 el aviso epidemiol\u00f3gico para viruela s\u00edmica, con el prop\u00f3sito de que todas las unidades m\u00e9dicas de primero, segundo y tercer nivel de atenci\u00f3n reporten los casos sospechosos.<\/div>\n<div style=\"text-align: justify;\"><\/div>\n<div style=\"text-align: justify;\">Se mantiene vigilancia epidemiol\u00f3gica por posibles contactos, teniendo en cuenta que el contagio se da por contacto estrecho con la persona enferma.<\/div>\n","protected":false},"excerpt":{"rendered":"<p>Es una persona de 50 a\u00f1os, quien se encuentra aislada de manera preventiva SLP.-\u00a0La Secretar\u00eda de Salud confirm\u00f3 el primer caso importado de viruela s\u00edmica, detectado en la Ciudad de M\u00e9xico. Se trata de un hombre de 50 a\u00f1os con s\u00edntomas leves, quien se encuentra aislado de manera preventiva. La persona es residente permanente de la ciudad de Nueva York y probablemente se contagi\u00f3 en Holanda. La viruela s\u00edmica se transmite de persona a persona por contacto directo. No se propaga por aire, agua o alimentos. La eficiencia del contagio es baja, por lo que generalmente se presentan casos aislados [&hellip;]<\/p>\n","protected":false},"author":2,"featured_media":61680,"comment_status":"closed","ping_status":"closed","sticky":false,"template":"","format":"standard","meta":{"footnotes":""},"categories":[45],"tags":[],"class_list":["post-61678","post","type-post","status-publish","format-standard","has-post-thumbnail","hentry","category-localesyregionales","post--single"],"yoast_head":"<!-- This site is optimized with the Yoast SEO plugin v27.5 - https:\/\/yoast.com\/product\/yoast-seo-wordpress\/ -->\n<title>M\u00e9xico confirma primer caso importado de viruela s\u00edmica - Canal 7 SLP - 2022<\/title>\n<meta name=\"robots\" content=\"index, follow, max-snippet:-1, max-image-preview:large, max-video-preview:-1\" \/>\n<link rel=\"canonical\" href=\"https:\/\/canal7slp.tv\/2022\/mexico-confirma-primer-caso-importado-de-viruela-simica\/\" \/>\n<meta property=\"og:locale\" content=\"es_ES\" \/>\n<meta property=\"og:type\" content=\"article\" \/>\n<meta property=\"og:title\" content=\"M\u00e9xico confirma primer caso importado de viruela s\u00edmica - Canal 7 SLP - 2022\" \/>\n<meta property=\"og:description\" content=\"Es una persona de 50 a\u00f1os, quien se encuentra aislada de manera preventiva SLP.-\u00a0La Secretar\u00eda de Salud confirm\u00f3 el primer caso importado de viruela s\u00edmica, detectado en la Ciudad de M\u00e9xico. Se trata de un hombre de 50 a\u00f1os con s\u00edntomas leves, quien se encuentra aislado de manera preventiva. La persona es residente permanente de la ciudad de Nueva York y probablemente se contagi\u00f3 en Holanda. La viruela s\u00edmica se transmite de persona a persona por contacto directo. No se propaga por aire, agua o alimentos. La eficiencia del contagio es baja, por lo que generalmente se presentan casos aislados [&hellip;]\" \/>\n<meta property=\"og:url\" content=\"https:\/\/canal7slp.tv\/2022\/mexico-confirma-primer-caso-importado-de-viruela-simica\/\" \/>\n<meta property=\"og:site_name\" content=\"Canal 7 SLP - 2022\" \/>\n<meta property=\"article:publisher\" content=\"https:\/\/www.facebook.com\/noticieroscanalsiete\" \/>\n<meta property=\"article:published_time\" content=\"2022-05-28T17:26:47+00:00\" \/>\n<meta property=\"og:image\" content=\"https:\/\/canal7slp.tv\/2022\/wp-content\/uploads\/2022\/05\/viruelamono-1.jpg\" \/>\n\t<meta property=\"og:image:width\" content=\"1920\" \/>\n\t<meta property=\"og:image:height\" content=\"520\" \/>\n\t<meta property=\"og:image:type\" content=\"image\/jpeg\" \/>\n<meta name=\"author\" content=\"Edici\u00f3n Web\" \/>\n<meta name=\"twitter:card\" content=\"summary_large_image\" \/>\n<meta name=\"twitter:creator\" content=\"@NOTICIEROS7\" \/>\n<meta name=\"twitter:site\" content=\"@NOTICIEROS7\" \/>\n<meta name=\"twitter:label1\" content=\"Escrito por\" \/>\n\t<meta name=\"twitter:data1\" content=\"Edici\u00f3n Web\" \/>\n\t<meta name=\"twitter:label2\" content=\"Tiempo de lectura\" \/>\n\t<meta name=\"twitter:data2\" content=\"3 minutos\" \/>\n<script type=\"application\/ld+json\" class=\"yoast-schema-graph\">{\"@context\":\"https:\\\/\\\/schema.org\",\"@graph\":[{\"@type\":\"Article\",\"@id\":\"https:\\\/\\\/canal7slp.tv\\\/2022\\\/mexico-confirma-primer-caso-importado-de-viruela-simica\\\/#article\",\"isPartOf\":{\"@id\":\"https:\\\/\\\/canal7slp.tv\\\/2022\\\/mexico-confirma-primer-caso-importado-de-viruela-simica\\\/\"},\"author\":{\"name\":\"Edici\u00f3n Web\",\"@id\":\"https:\\\/\\\/canal7slp.tv\\\/2022\\\/#\\\/schema\\\/person\\\/429704152a21f5f856ce29aa69a238da\"},\"headline\":\"M\u00e9xico confirma primer caso importado de viruela s\u00edmica\",\"datePublished\":\"2022-05-28T17:26:47+00:00\",\"mainEntityOfPage\":{\"@id\":\"https:\\\/\\\/canal7slp.tv\\\/2022\\\/mexico-confirma-primer-caso-importado-de-viruela-simica\\\/\"},\"wordCount\":498,\"publisher\":{\"@id\":\"https:\\\/\\\/canal7slp.tv\\\/2022\\\/#organization\"},\"image\":{\"@id\":\"https:\\\/\\\/canal7slp.tv\\\/2022\\\/mexico-confirma-primer-caso-importado-de-viruela-simica\\\/#primaryimage\"},\"thumbnailUrl\":\"https:\\\/\\\/canal7slp.tv\\\/2022\\\/wp-content\\\/uploads\\\/2022\\\/05\\\/viruelamono-1.jpg\",\"articleSection\":[\"LOCALES Y REGIONALES\"],\"inLanguage\":\"es\"},{\"@type\":\"WebPage\",\"@id\":\"https:\\\/\\\/canal7slp.tv\\\/2022\\\/mexico-confirma-primer-caso-importado-de-viruela-simica\\\/\",\"url\":\"https:\\\/\\\/canal7slp.tv\\\/2022\\\/mexico-confirma-primer-caso-importado-de-viruela-simica\\\/\",\"name\":\"M\u00e9xico confirma primer caso importado de viruela s\u00edmica - Canal 7 SLP - 2022\",\"isPartOf\":{\"@id\":\"https:\\\/\\\/canal7slp.tv\\\/2022\\\/#website\"},\"primaryImageOfPage\":{\"@id\":\"https:\\\/\\\/canal7slp.tv\\\/2022\\\/mexico-confirma-primer-caso-importado-de-viruela-simica\\\/#primaryimage\"},\"image\":{\"@id\":\"https:\\\/\\\/canal7slp.tv\\\/2022\\\/mexico-confirma-primer-caso-importado-de-viruela-simica\\\/#primaryimage\"},\"thumbnailUrl\":\"https:\\\/\\\/canal7slp.tv\\\/2022\\\/wp-content\\\/uploads\\\/2022\\\/05\\\/viruelamono-1.jpg\",\"datePublished\":\"2022-05-28T17:26:47+00:00\",\"breadcrumb\":{\"@id\":\"https:\\\/\\\/canal7slp.tv\\\/2022\\\/mexico-confirma-primer-caso-importado-de-viruela-simica\\\/#breadcrumb\"},\"inLanguage\":\"es\",\"potentialAction\":[{\"@type\":\"ReadAction\",\"target\":[\"https:\\\/\\\/canal7slp.tv\\\/2022\\\/mexico-confirma-primer-caso-importado-de-viruela-simica\\\/\"]}]},{\"@type\":\"ImageObject\",\"inLanguage\":\"es\",\"@id\":\"https:\\\/\\\/canal7slp.tv\\\/2022\\\/mexico-confirma-primer-caso-importado-de-viruela-simica\\\/#primaryimage\",\"url\":\"https:\\\/\\\/canal7slp.tv\\\/2022\\\/wp-content\\\/uploads\\\/2022\\\/05\\\/viruelamono-1.jpg\",\"contentUrl\":\"https:\\\/\\\/canal7slp.tv\\\/2022\\\/wp-content\\\/uploads\\\/2022\\\/05\\\/viruelamono-1.jpg\",\"width\":1920,\"height\":520},{\"@type\":\"BreadcrumbList\",\"@id\":\"https:\\\/\\\/canal7slp.tv\\\/2022\\\/mexico-confirma-primer-caso-importado-de-viruela-simica\\\/#breadcrumb\",\"itemListElement\":[{\"@type\":\"ListItem\",\"position\":1,\"name\":\"Portada\",\"item\":\"https:\\\/\\\/canal7slp.tv\\\/2022\\\/\"},{\"@type\":\"ListItem\",\"position\":2,\"name\":\"M\u00e9xico confirma primer caso importado de viruela s\u00edmica\"}]},{\"@type\":\"WebSite\",\"@id\":\"https:\\\/\\\/canal7slp.tv\\\/2022\\\/#website\",\"url\":\"https:\\\/\\\/canal7slp.tv\\\/2022\\\/\",\"name\":\"N7 - Noticieros Canal 7\",\"description\":\"Somos Televisi\u00f3n\",\"publisher\":{\"@id\":\"https:\\\/\\\/canal7slp.tv\\\/2022\\\/#organization\"},\"potentialAction\":[{\"@type\":\"SearchAction\",\"target\":{\"@type\":\"EntryPoint\",\"urlTemplate\":\"https:\\\/\\\/canal7slp.tv\\\/2022\\\/?s={search_term_string}\"},\"query-input\":{\"@type\":\"PropertyValueSpecification\",\"valueRequired\":true,\"valueName\":\"search_term_string\"}}],\"inLanguage\":\"es\"},{\"@type\":\"Organization\",\"@id\":\"https:\\\/\\\/canal7slp.tv\\\/2022\\\/#organization\",\"name\":\"Noticieros Canal 7\",\"url\":\"https:\\\/\\\/canal7slp.tv\\\/2022\\\/\",\"logo\":{\"@type\":\"ImageObject\",\"inLanguage\":\"es\",\"@id\":\"https:\\\/\\\/canal7slp.tv\\\/2022\\\/#\\\/schema\\\/logo\\\/image\\\/\",\"url\":\"https:\\\/\\\/canal7slp.tv\\\/2022\\\/wp-content\\\/uploads\\\/2021\\\/01\\\/logo-noticieros@2x.png\",\"contentUrl\":\"https:\\\/\\\/canal7slp.tv\\\/2022\\\/wp-content\\\/uploads\\\/2021\\\/01\\\/logo-noticieros@2x.png\",\"width\":1017,\"height\":268,\"caption\":\"Noticieros Canal 7\"},\"image\":{\"@id\":\"https:\\\/\\\/canal7slp.tv\\\/2022\\\/#\\\/schema\\\/logo\\\/image\\\/\"},\"sameAs\":[\"https:\\\/\\\/www.facebook.com\\\/noticieroscanalsiete\",\"https:\\\/\\\/x.com\\\/NOTICIEROS7\",\"https:\\\/\\\/www.instagram.com\\\/canal7_slp\",\"https:\\\/\\\/www.youtube.com\\\/channel\\\/UCliiYs-gP3JfJeqdPrNdd5A\"]},{\"@type\":\"Person\",\"@id\":\"https:\\\/\\\/canal7slp.tv\\\/2022\\\/#\\\/schema\\\/person\\\/429704152a21f5f856ce29aa69a238da\",\"name\":\"Edici\u00f3n Web\",\"image\":{\"@type\":\"ImageObject\",\"inLanguage\":\"es\",\"@id\":\"https:\\\/\\\/secure.gravatar.com\\\/avatar\\\/eee448fc3f7164808013b816ba91ac7e43bbe82a70bebac296f8bc6f0addaa1a?s=96&d=mm&r=g\",\"url\":\"https:\\\/\\\/secure.gravatar.com\\\/avatar\\\/eee448fc3f7164808013b816ba91ac7e43bbe82a70bebac296f8bc6f0addaa1a?s=96&d=mm&r=g\",\"contentUrl\":\"https:\\\/\\\/secure.gravatar.com\\\/avatar\\\/eee448fc3f7164808013b816ba91ac7e43bbe82a70bebac296f8bc6f0addaa1a?s=96&d=mm&r=g\",\"caption\":\"Edici\u00f3n Web\"},\"url\":\"https:\\\/\\\/canal7slp.tv\\\/2022\\\/author\\\/edicionweb\\\/\"}]}<\/script>\n<!-- \/ Yoast SEO plugin. -->","yoast_head_json":{"title":"M\u00e9xico confirma primer caso importado de viruela s\u00edmica - Canal 7 SLP - 2022","robots":{"index":"index","follow":"follow","max-snippet":"max-snippet:-1","max-image-preview":"max-image-preview:large","max-video-preview":"max-video-preview:-1"},"canonical":"https:\/\/canal7slp.tv\/2022\/mexico-confirma-primer-caso-importado-de-viruela-simica\/","og_locale":"es_ES","og_type":"article","og_title":"M\u00e9xico confirma primer caso importado de viruela s\u00edmica - Canal 7 SLP - 2022","og_description":"Es una persona de 50 a\u00f1os, quien se encuentra aislada de manera preventiva SLP.-\u00a0La Secretar\u00eda de Salud confirm\u00f3 el primer caso importado de viruela s\u00edmica, detectado en la Ciudad de M\u00e9xico. Se trata de un hombre de 50 a\u00f1os con s\u00edntomas leves, quien se encuentra aislado de manera preventiva. La persona es residente permanente de la ciudad de Nueva York y probablemente se contagi\u00f3 en Holanda. La viruela s\u00edmica se transmite de persona a persona por contacto directo. No se propaga por aire, agua o alimentos. La eficiencia del contagio es baja, por lo que generalmente se presentan casos aislados [&hellip;]","og_url":"https:\/\/canal7slp.tv\/2022\/mexico-confirma-primer-caso-importado-de-viruela-simica\/","og_site_name":"Canal 7 SLP - 2022","article_publisher":"https:\/\/www.facebook.com\/noticieroscanalsiete","article_published_time":"2022-05-28T17:26:47+00:00","og_image":[{"width":1920,"height":520,"url":"https:\/\/canal7slp.tv\/2022\/wp-content\/uploads\/2022\/05\/viruelamono-1.jpg","type":"image\/jpeg"}],"author":"Edici\u00f3n Web","twitter_card":"summary_large_image","twitter_creator":"@NOTICIEROS7","twitter_site":"@NOTICIEROS7","twitter_misc":{"Escrito por":"Edici\u00f3n Web","Tiempo de lectura":"3 minutos"},"schema":{"@context":"https:\/\/schema.org","@graph":[{"@type":"Article","@id":"https:\/\/canal7slp.tv\/2022\/mexico-confirma-primer-caso-importado-de-viruela-simica\/#article","isPartOf":{"@id":"https:\/\/canal7slp.tv\/2022\/mexico-confirma-primer-caso-importado-de-viruela-simica\/"},"author":{"name":"Edici\u00f3n Web","@id":"https:\/\/canal7slp.tv\/2022\/#\/schema\/person\/429704152a21f5f856ce29aa69a238da"},"headline":"M\u00e9xico confirma primer caso importado de viruela s\u00edmica","datePublished":"2022-05-28T17:26:47+00:00","mainEntityOfPage":{"@id":"https:\/\/canal7slp.tv\/2022\/mexico-confirma-primer-caso-importado-de-viruela-simica\/"},"wordCount":498,"publisher":{"@id":"https:\/\/canal7slp.tv\/2022\/#organization"},"image":{"@id":"https:\/\/canal7slp.tv\/2022\/mexico-confirma-primer-caso-importado-de-viruela-simica\/#primaryimage"},"thumbnailUrl":"https:\/\/canal7slp.tv\/2022\/wp-content\/uploads\/2022\/05\/viruelamono-1.jpg","articleSection":["LOCALES Y REGIONALES"],"inLanguage":"es"},{"@type":"WebPage","@id":"https:\/\/canal7slp.tv\/2022\/mexico-confirma-primer-caso-importado-de-viruela-simica\/","url":"https:\/\/canal7slp.tv\/2022\/mexico-confirma-primer-caso-importado-de-viruela-simica\/","name":"M\u00e9xico confirma primer caso importado de viruela s\u00edmica - Canal 7 SLP - 2022","isPartOf":{"@id":"https:\/\/canal7slp.tv\/2022\/#website"},"primaryImageOfPage":{"@id":"https:\/\/canal7slp.tv\/2022\/mexico-confirma-primer-caso-importado-de-viruela-simica\/#primaryimage"},"image":{"@id":"https:\/\/canal7slp.tv\/2022\/mexico-confirma-primer-caso-importado-de-viruela-simica\/#primaryimage"},"thumbnailUrl":"https:\/\/canal7slp.tv\/2022\/wp-content\/uploads\/2022\/05\/viruelamono-1.jpg","datePublished":"2022-05-28T17:26:47+00:00","breadcrumb":{"@id":"https:\/\/canal7slp.tv\/2022\/mexico-confirma-primer-caso-importado-de-viruela-simica\/#breadcrumb"},"inLanguage":"es","potentialAction":[{"@type":"ReadAction","target":["https:\/\/canal7slp.tv\/2022\/mexico-confirma-primer-caso-importado-de-viruela-simica\/"]}]},{"@type":"ImageObject","inLanguage":"es","@id":"https:\/\/canal7slp.tv\/2022\/mexico-confirma-primer-caso-importado-de-viruela-simica\/#primaryimage","url":"https:\/\/canal7slp.tv\/2022\/wp-content\/uploads\/2022\/05\/viruelamono-1.jpg","contentUrl":"https:\/\/canal7slp.tv\/2022\/wp-content\/uploads\/2022\/05\/viruelamono-1.jpg","width":1920,"height":520},{"@type":"BreadcrumbList","@id":"https:\/\/canal7slp.tv\/2022\/mexico-confirma-primer-caso-importado-de-viruela-simica\/#breadcrumb","itemListElement":[{"@type":"ListItem","position":1,"name":"Portada","item":"https:\/\/canal7slp.tv\/2022\/"},{"@type":"ListItem","position":2,"name":"M\u00e9xico confirma primer caso importado de viruela s\u00edmica"}]},{"@type":"WebSite","@id":"https:\/\/canal7slp.tv\/2022\/#website","url":"https:\/\/canal7slp.tv\/2022\/","name":"N7 - Noticieros Canal 7","description":"Somos Televisi\u00f3n","publisher":{"@id":"https:\/\/canal7slp.tv\/2022\/#organization"},"potentialAction":[{"@type":"SearchAction","target":{"@type":"EntryPoint","urlTemplate":"https:\/\/canal7slp.tv\/2022\/?s={search_term_string}"},"query-input":{"@type":"PropertyValueSpecification","valueRequired":true,"valueName":"search_term_string"}}],"inLanguage":"es"},{"@type":"Organization","@id":"https:\/\/canal7slp.tv\/2022\/#organization","name":"Noticieros Canal 7","url":"https:\/\/canal7slp.tv\/2022\/","logo":{"@type":"ImageObject","inLanguage":"es","@id":"https:\/\/canal7slp.tv\/2022\/#\/schema\/logo\/image\/","url":"https:\/\/canal7slp.tv\/2022\/wp-content\/uploads\/2021\/01\/logo-noticieros@2x.png","contentUrl":"https:\/\/canal7slp.tv\/2022\/wp-content\/uploads\/2021\/01\/logo-noticieros@2x.png","width":1017,"height":268,"caption":"Noticieros Canal 7"},"image":{"@id":"https:\/\/canal7slp.tv\/2022\/#\/schema\/logo\/image\/"},"sameAs":["https:\/\/www.facebook.com\/noticieroscanalsiete","https:\/\/x.com\/NOTICIEROS7","https:\/\/www.instagram.com\/canal7_slp","https:\/\/www.youtube.com\/channel\/UCliiYs-gP3JfJeqdPrNdd5A"]},{"@type":"Person","@id":"https:\/\/canal7slp.tv\/2022\/#\/schema\/person\/429704152a21f5f856ce29aa69a238da","name":"Edici\u00f3n Web","image":{"@type":"ImageObject","inLanguage":"es","@id":"https:\/\/secure.gravatar.com\/avatar\/eee448fc3f7164808013b816ba91ac7e43bbe82a70bebac296f8bc6f0addaa1a?s=96&d=mm&r=g","url":"https:\/\/secure.gravatar.com\/avatar\/eee448fc3f7164808013b816ba91ac7e43bbe82a70bebac296f8bc6f0addaa1a?s=96&d=mm&r=g","contentUrl":"https:\/\/secure.gravatar.com\/avatar\/eee448fc3f7164808013b816ba91ac7e43bbe82a70bebac296f8bc6f0addaa1a?s=96&d=mm&r=g","caption":"Edici\u00f3n Web"},"url":"https:\/\/canal7slp.tv\/2022\/author\/edicionweb\/"}]}},"amp_enabled":true,"_links":{"self":[{"href":"https:\/\/canal7slp.tv\/2022\/wp-json\/wp\/v2\/posts\/61678","targetHints":{"allow":["GET"]}}],"collection":[{"href":"https:\/\/canal7slp.tv\/2022\/wp-json\/wp\/v2\/posts"}],"about":[{"href":"https:\/\/canal7slp.tv\/2022\/wp-json\/wp\/v2\/types\/post"}],"author":[{"embeddable":true,"href":"https:\/\/canal7slp.tv\/2022\/wp-json\/wp\/v2\/users\/2"}],"replies":[{"embeddable":true,"href":"https:\/\/canal7slp.tv\/2022\/wp-json\/wp\/v2\/comments?post=61678"}],"version-history":[{"count":1,"href":"https:\/\/canal7slp.tv\/2022\/wp-json\/wp\/v2\/posts\/61678\/revisions"}],"predecessor-version":[{"id":61681,"href":"https:\/\/canal7slp.tv\/2022\/wp-json\/wp\/v2\/posts\/61678\/revisions\/61681"}],"wp:featuredmedia":[{"embeddable":true,"href":"https:\/\/canal7slp.tv\/2022\/wp-json\/wp\/v2\/media\/61680"}],"wp:attachment":[{"href":"https:\/\/canal7slp.tv\/2022\/wp-json\/wp\/v2\/media?parent=61678"}],"wp:term":[{"taxonomy":"category","embeddable":true,"href":"https:\/\/canal7slp.tv\/2022\/wp-json\/wp\/v2\/categories?post=61678"},{"taxonomy":"post_tag","embeddable":true,"href":"https:\/\/canal7slp.tv\/2022\/wp-json\/wp\/v2\/tags?post=61678"}],"curies":[{"name":"wp","href":"https:\/\/api.w.org\/{rel}","templated":true}]}}