{"id":61659,"date":"2022-05-27T21:25:24","date_gmt":"2022-05-28T03:25:24","guid":{"rendered":"https:\/\/canal7slp.tv\/2022\/?p=61659"},"modified":"2022-05-27T21:25:24","modified_gmt":"2022-05-28T03:25:24","slug":"con-acciones-de-prevencion-de-la-violencia-contra-las-mujeres-mi-brigada-violeta-fue-puesta-en-marcha-en-plaza-las-aguilas","status":"publish","type":"post","link":"https:\/\/canal7slp.tv\/2022\/con-acciones-de-prevencion-de-la-violencia-contra-las-mujeres-mi-brigada-violeta-fue-puesta-en-marcha-en-plaza-las-aguilas\/","title":{"rendered":"Con acciones de prevenci\u00f3n de la violencia contra las mujeres, \u201cMi Brigada Violeta\u201d fue puesta en marcha en plaza Las \u00c1guilas."},"content":{"rendered":"<p style=\"text-align: justify;\">SLP.- Para prevenir la violencia en todos los espacios al identificar riesgos, el Ayuntamiento Capitalino arranc\u00f3 \u201cMi Brigada Violeta\u201d en Plaza Las \u00c1guilas.<\/p>\n<p style=\"text-align: justify;\">De la Facultad de Agronom\u00eda de la Universidad Aut\u00f3noma de San Luis Potos\u00ed (UASLP) M\u00f3nica Zavala Rodr\u00edguez inform\u00f3 que este programa se implement\u00f3 en las facultades, al garantizar capacitaci\u00f3n integral para actuar de forma oportuna ante situaciones de violencia cerca de los campus o en las inmediaciones.<\/p>\n<p>El presidente municipal, Enrique Galindo Ceballos destac\u00f3 que se trata de luchar contra un modelo cultural con el cual muchas generaciones crecieron y que lamentablemente normalizaban las agresiones.<\/p>\n<p style=\"text-align: justify;\">Ahond\u00f3 en violencia psicol\u00f3gica, econ\u00f3mica y f\u00edsica que puede prevenirse desde la ra\u00edz; tambi\u00e9n desde las relaciones de pareja.<\/p>\n<p style=\"text-align: justify;\">Puntualiz\u00f3 que a\u00f1os atr\u00e1s la violencia no era perceptible, pero hoy s\u00ed.<\/p>\n<p style=\"text-align: justify;\">Por: Paulina Rodr\u00edguez<\/p>\n","protected":false},"excerpt":{"rendered":"<p>SLP.- Para prevenir la violencia en todos los espacios al identificar riesgos, el Ayuntamiento Capitalino arranc\u00f3 \u201cMi Brigada Violeta\u201d en Plaza Las \u00c1guilas. De la Facultad de Agronom\u00eda de la Universidad Aut\u00f3noma de San Luis Potos\u00ed (UASLP) M\u00f3nica Zavala Rodr\u00edguez inform\u00f3 que este programa se implement\u00f3 en las facultades, al garantizar capacitaci\u00f3n integral para actuar de forma oportuna ante situaciones de violencia cerca de los campus o en las inmediaciones. El presidente municipal, Enrique Galindo Ceballos destac\u00f3 que se trata de luchar contra un modelo cultural con el cual muchas generaciones crecieron y que lamentablemente normalizaban las agresiones. Ahond\u00f3 en [&hellip;]<\/p>\n","protected":false},"author":2,"featured_media":61662,"comment_status":"closed","ping_status":"closed","sticky":false,"template":"","format":"video","meta":{"footnotes":""},"categories":[5,45],"tags":[],"class_list":["post-61659","post","type-post","status-publish","format-video","has-post-thumbnail","hentry","category-destacadas","category-localesyregionales","post_format-post-format-video","post--single"],"yoast_head":"<!-- This site is optimized with the Yoast SEO plugin v27.4 - https:\/\/yoast.com\/product\/yoast-seo-wordpress\/ -->\n<title>Con acciones de prevenci\u00f3n de la violencia contra las mujeres, \u201cMi Brigada Violeta\u201d fue puesta en marcha en plaza Las \u00c1guilas. - Canal 7 SLP - 2022<\/title>\n<meta name=\"robots\" content=\"index, follow, max-snippet:-1, max-image-preview:large, max-video-preview:-1\" \/>\n<link rel=\"canonical\" href=\"https:\/\/canal7slp.tv\/2022\/con-acciones-de-prevencion-de-la-violencia-contra-las-mujeres-mi-brigada-violeta-fue-puesta-en-marcha-en-plaza-las-aguilas\/\" \/>\n<meta property=\"og:locale\" content=\"es_ES\" \/>\n<meta property=\"og:type\" content=\"article\" \/>\n<meta property=\"og:title\" content=\"Con acciones de prevenci\u00f3n de la violencia contra las mujeres, \u201cMi Brigada Violeta\u201d fue puesta en marcha en plaza Las \u00c1guilas. - Canal 7 SLP - 2022\" \/>\n<meta property=\"og:description\" content=\"SLP.- Para prevenir la violencia en todos los espacios al identificar riesgos, el Ayuntamiento Capitalino arranc\u00f3 \u201cMi Brigada Violeta\u201d en Plaza Las \u00c1guilas. De la Facultad de Agronom\u00eda de la Universidad Aut\u00f3noma de San Luis Potos\u00ed (UASLP) M\u00f3nica Zavala Rodr\u00edguez inform\u00f3 que este programa se implement\u00f3 en las facultades, al garantizar capacitaci\u00f3n integral para actuar de forma oportuna ante situaciones de violencia cerca de los campus o en las inmediaciones. El presidente municipal, Enrique Galindo Ceballos destac\u00f3 que se trata de luchar contra un modelo cultural con el cual muchas generaciones crecieron y que lamentablemente normalizaban las agresiones. Ahond\u00f3 en [&hellip;]\" \/>\n<meta property=\"og:url\" content=\"https:\/\/canal7slp.tv\/2022\/con-acciones-de-prevencion-de-la-violencia-contra-las-mujeres-mi-brigada-violeta-fue-puesta-en-marcha-en-plaza-las-aguilas\/\" \/>\n<meta property=\"og:site_name\" content=\"Canal 7 SLP - 2022\" \/>\n<meta property=\"article:publisher\" content=\"https:\/\/www.facebook.com\/noticieroscanalsiete\" \/>\n<meta property=\"article:published_time\" content=\"2022-05-28T03:25:24+00:00\" \/>\n<meta property=\"og:image\" content=\"https:\/\/canal7slp.tv\/2022\/wp-content\/uploads\/2022\/05\/Pau02Violeta.jpg\" \/>\n\t<meta property=\"og:image:width\" content=\"888\" \/>\n\t<meta property=\"og:image:height\" content=\"500\" \/>\n\t<meta property=\"og:image:type\" content=\"image\/jpeg\" \/>\n<meta name=\"author\" content=\"Edici\u00f3n Web\" \/>\n<meta name=\"twitter:card\" content=\"summary_large_image\" \/>\n<meta name=\"twitter:creator\" content=\"@NOTICIEROS7\" \/>\n<meta name=\"twitter:site\" content=\"@NOTICIEROS7\" \/>\n<meta name=\"twitter:label1\" content=\"Escrito por\" \/>\n\t<meta name=\"twitter:data1\" content=\"Edici\u00f3n Web\" \/>\n\t<meta name=\"twitter:label2\" content=\"Tiempo de lectura\" \/>\n\t<meta name=\"twitter:data2\" content=\"1 minuto\" \/>\n<script type=\"application\/ld+json\" class=\"yoast-schema-graph\">{\"@context\":\"https:\\\/\\\/schema.org\",\"@graph\":[{\"@type\":\"Article\",\"@id\":\"https:\\\/\\\/canal7slp.tv\\\/2022\\\/con-acciones-de-prevencion-de-la-violencia-contra-las-mujeres-mi-brigada-violeta-fue-puesta-en-marcha-en-plaza-las-aguilas\\\/#article\",\"isPartOf\":{\"@id\":\"https:\\\/\\\/canal7slp.tv\\\/2022\\\/con-acciones-de-prevencion-de-la-violencia-contra-las-mujeres-mi-brigada-violeta-fue-puesta-en-marcha-en-plaza-las-aguilas\\\/\"},\"author\":{\"name\":\"Edici\u00f3n Web\",\"@id\":\"https:\\\/\\\/canal7slp.tv\\\/2022\\\/#\\\/schema\\\/person\\\/429704152a21f5f856ce29aa69a238da\"},\"headline\":\"Con acciones de prevenci\u00f3n de la violencia contra las mujeres, \u201cMi Brigada Violeta\u201d fue puesta en marcha en plaza Las \u00c1guilas.\",\"datePublished\":\"2022-05-28T03:25:24+00:00\",\"mainEntityOfPage\":{\"@id\":\"https:\\\/\\\/canal7slp.tv\\\/2022\\\/con-acciones-de-prevencion-de-la-violencia-contra-las-mujeres-mi-brigada-violeta-fue-puesta-en-marcha-en-plaza-las-aguilas\\\/\"},\"wordCount\":168,\"publisher\":{\"@id\":\"https:\\\/\\\/canal7slp.tv\\\/2022\\\/#organization\"},\"image\":{\"@id\":\"https:\\\/\\\/canal7slp.tv\\\/2022\\\/con-acciones-de-prevencion-de-la-violencia-contra-las-mujeres-mi-brigada-violeta-fue-puesta-en-marcha-en-plaza-las-aguilas\\\/#primaryimage\"},\"thumbnailUrl\":\"https:\\\/\\\/canal7slp.tv\\\/2022\\\/wp-content\\\/uploads\\\/2022\\\/05\\\/Pau02Violeta.jpg\",\"articleSection\":[\"DESTACADAS\",\"LOCALES Y REGIONALES\"],\"inLanguage\":\"es\"},{\"@type\":\"WebPage\",\"@id\":\"https:\\\/\\\/canal7slp.tv\\\/2022\\\/con-acciones-de-prevencion-de-la-violencia-contra-las-mujeres-mi-brigada-violeta-fue-puesta-en-marcha-en-plaza-las-aguilas\\\/\",\"url\":\"https:\\\/\\\/canal7slp.tv\\\/2022\\\/con-acciones-de-prevencion-de-la-violencia-contra-las-mujeres-mi-brigada-violeta-fue-puesta-en-marcha-en-plaza-las-aguilas\\\/\",\"name\":\"Con acciones de prevenci\u00f3n de la violencia contra las mujeres, \u201cMi Brigada Violeta\u201d fue puesta en marcha en plaza Las \u00c1guilas. - Canal 7 SLP - 2022\",\"isPartOf\":{\"@id\":\"https:\\\/\\\/canal7slp.tv\\\/2022\\\/#website\"},\"primaryImageOfPage\":{\"@id\":\"https:\\\/\\\/canal7slp.tv\\\/2022\\\/con-acciones-de-prevencion-de-la-violencia-contra-las-mujeres-mi-brigada-violeta-fue-puesta-en-marcha-en-plaza-las-aguilas\\\/#primaryimage\"},\"image\":{\"@id\":\"https:\\\/\\\/canal7slp.tv\\\/2022\\\/con-acciones-de-prevencion-de-la-violencia-contra-las-mujeres-mi-brigada-violeta-fue-puesta-en-marcha-en-plaza-las-aguilas\\\/#primaryimage\"},\"thumbnailUrl\":\"https:\\\/\\\/canal7slp.tv\\\/2022\\\/wp-content\\\/uploads\\\/2022\\\/05\\\/Pau02Violeta.jpg\",\"datePublished\":\"2022-05-28T03:25:24+00:00\",\"breadcrumb\":{\"@id\":\"https:\\\/\\\/canal7slp.tv\\\/2022\\\/con-acciones-de-prevencion-de-la-violencia-contra-las-mujeres-mi-brigada-violeta-fue-puesta-en-marcha-en-plaza-las-aguilas\\\/#breadcrumb\"},\"inLanguage\":\"es\",\"potentialAction\":[{\"@type\":\"ReadAction\",\"target\":[\"https:\\\/\\\/canal7slp.tv\\\/2022\\\/con-acciones-de-prevencion-de-la-violencia-contra-las-mujeres-mi-brigada-violeta-fue-puesta-en-marcha-en-plaza-las-aguilas\\\/\"]}]},{\"@type\":\"ImageObject\",\"inLanguage\":\"es\",\"@id\":\"https:\\\/\\\/canal7slp.tv\\\/2022\\\/con-acciones-de-prevencion-de-la-violencia-contra-las-mujeres-mi-brigada-violeta-fue-puesta-en-marcha-en-plaza-las-aguilas\\\/#primaryimage\",\"url\":\"https:\\\/\\\/canal7slp.tv\\\/2022\\\/wp-content\\\/uploads\\\/2022\\\/05\\\/Pau02Violeta.jpg\",\"contentUrl\":\"https:\\\/\\\/canal7slp.tv\\\/2022\\\/wp-content\\\/uploads\\\/2022\\\/05\\\/Pau02Violeta.jpg\",\"width\":888,\"height\":500},{\"@type\":\"BreadcrumbList\",\"@id\":\"https:\\\/\\\/canal7slp.tv\\\/2022\\\/con-acciones-de-prevencion-de-la-violencia-contra-las-mujeres-mi-brigada-violeta-fue-puesta-en-marcha-en-plaza-las-aguilas\\\/#breadcrumb\",\"itemListElement\":[{\"@type\":\"ListItem\",\"position\":1,\"name\":\"Portada\",\"item\":\"https:\\\/\\\/canal7slp.tv\\\/2022\\\/\"},{\"@type\":\"ListItem\",\"position\":2,\"name\":\"Con acciones de prevenci\u00f3n de la violencia contra las mujeres, \u201cMi Brigada Violeta\u201d fue puesta en marcha en plaza Las \u00c1guilas.\"}]},{\"@type\":\"WebSite\",\"@id\":\"https:\\\/\\\/canal7slp.tv\\\/2022\\\/#website\",\"url\":\"https:\\\/\\\/canal7slp.tv\\\/2022\\\/\",\"name\":\"N7 - Noticieros Canal 7\",\"description\":\"Somos Televisi\u00f3n\",\"publisher\":{\"@id\":\"https:\\\/\\\/canal7slp.tv\\\/2022\\\/#organization\"},\"potentialAction\":[{\"@type\":\"SearchAction\",\"target\":{\"@type\":\"EntryPoint\",\"urlTemplate\":\"https:\\\/\\\/canal7slp.tv\\\/2022\\\/?s={search_term_string}\"},\"query-input\":{\"@type\":\"PropertyValueSpecification\",\"valueRequired\":true,\"valueName\":\"search_term_string\"}}],\"inLanguage\":\"es\"},{\"@type\":\"Organization\",\"@id\":\"https:\\\/\\\/canal7slp.tv\\\/2022\\\/#organization\",\"name\":\"Noticieros Canal 7\",\"url\":\"https:\\\/\\\/canal7slp.tv\\\/2022\\\/\",\"logo\":{\"@type\":\"ImageObject\",\"inLanguage\":\"es\",\"@id\":\"https:\\\/\\\/canal7slp.tv\\\/2022\\\/#\\\/schema\\\/logo\\\/image\\\/\",\"url\":\"https:\\\/\\\/canal7slp.tv\\\/2022\\\/wp-content\\\/uploads\\\/2021\\\/01\\\/logo-noticieros@2x.png\",\"contentUrl\":\"https:\\\/\\\/canal7slp.tv\\\/2022\\\/wp-content\\\/uploads\\\/2021\\\/01\\\/logo-noticieros@2x.png\",\"width\":1017,\"height\":268,\"caption\":\"Noticieros Canal 7\"},\"image\":{\"@id\":\"https:\\\/\\\/canal7slp.tv\\\/2022\\\/#\\\/schema\\\/logo\\\/image\\\/\"},\"sameAs\":[\"https:\\\/\\\/www.facebook.com\\\/noticieroscanalsiete\",\"https:\\\/\\\/x.com\\\/NOTICIEROS7\",\"https:\\\/\\\/www.instagram.com\\\/canal7_slp\",\"https:\\\/\\\/www.youtube.com\\\/channel\\\/UCliiYs-gP3JfJeqdPrNdd5A\"]},{\"@type\":\"Person\",\"@id\":\"https:\\\/\\\/canal7slp.tv\\\/2022\\\/#\\\/schema\\\/person\\\/429704152a21f5f856ce29aa69a238da\",\"name\":\"Edici\u00f3n Web\",\"image\":{\"@type\":\"ImageObject\",\"inLanguage\":\"es\",\"@id\":\"https:\\\/\\\/secure.gravatar.com\\\/avatar\\\/eee448fc3f7164808013b816ba91ac7e43bbe82a70bebac296f8bc6f0addaa1a?s=96&d=mm&r=g\",\"url\":\"https:\\\/\\\/secure.gravatar.com\\\/avatar\\\/eee448fc3f7164808013b816ba91ac7e43bbe82a70bebac296f8bc6f0addaa1a?s=96&d=mm&r=g\",\"contentUrl\":\"https:\\\/\\\/secure.gravatar.com\\\/avatar\\\/eee448fc3f7164808013b816ba91ac7e43bbe82a70bebac296f8bc6f0addaa1a?s=96&d=mm&r=g\",\"caption\":\"Edici\u00f3n Web\"},\"url\":\"https:\\\/\\\/canal7slp.tv\\\/2022\\\/author\\\/edicionweb\\\/\"}]}<\/script>\n<!-- \/ Yoast SEO plugin. -->","yoast_head_json":{"title":"Con acciones de prevenci\u00f3n de la violencia contra las mujeres, \u201cMi Brigada Violeta\u201d fue puesta en marcha en plaza Las \u00c1guilas. - Canal 7 SLP - 2022","robots":{"index":"index","follow":"follow","max-snippet":"max-snippet:-1","max-image-preview":"max-image-preview:large","max-video-preview":"max-video-preview:-1"},"canonical":"https:\/\/canal7slp.tv\/2022\/con-acciones-de-prevencion-de-la-violencia-contra-las-mujeres-mi-brigada-violeta-fue-puesta-en-marcha-en-plaza-las-aguilas\/","og_locale":"es_ES","og_type":"article","og_title":"Con acciones de prevenci\u00f3n de la violencia contra las mujeres, \u201cMi Brigada Violeta\u201d fue puesta en marcha en plaza Las \u00c1guilas. - Canal 7 SLP - 2022","og_description":"SLP.- Para prevenir la violencia en todos los espacios al identificar riesgos, el Ayuntamiento Capitalino arranc\u00f3 \u201cMi Brigada Violeta\u201d en Plaza Las \u00c1guilas. De la Facultad de Agronom\u00eda de la Universidad Aut\u00f3noma de San Luis Potos\u00ed (UASLP) M\u00f3nica Zavala Rodr\u00edguez inform\u00f3 que este programa se implement\u00f3 en las facultades, al garantizar capacitaci\u00f3n integral para actuar de forma oportuna ante situaciones de violencia cerca de los campus o en las inmediaciones. El presidente municipal, Enrique Galindo Ceballos destac\u00f3 que se trata de luchar contra un modelo cultural con el cual muchas generaciones crecieron y que lamentablemente normalizaban las agresiones. Ahond\u00f3 en [&hellip;]","og_url":"https:\/\/canal7slp.tv\/2022\/con-acciones-de-prevencion-de-la-violencia-contra-las-mujeres-mi-brigada-violeta-fue-puesta-en-marcha-en-plaza-las-aguilas\/","og_site_name":"Canal 7 SLP - 2022","article_publisher":"https:\/\/www.facebook.com\/noticieroscanalsiete","article_published_time":"2022-05-28T03:25:24+00:00","og_image":[{"width":888,"height":500,"url":"https:\/\/canal7slp.tv\/2022\/wp-content\/uploads\/2022\/05\/Pau02Violeta.jpg","type":"image\/jpeg"}],"author":"Edici\u00f3n Web","twitter_card":"summary_large_image","twitter_creator":"@NOTICIEROS7","twitter_site":"@NOTICIEROS7","twitter_misc":{"Escrito por":"Edici\u00f3n Web","Tiempo de lectura":"1 minuto"},"schema":{"@context":"https:\/\/schema.org","@graph":[{"@type":"Article","@id":"https:\/\/canal7slp.tv\/2022\/con-acciones-de-prevencion-de-la-violencia-contra-las-mujeres-mi-brigada-violeta-fue-puesta-en-marcha-en-plaza-las-aguilas\/#article","isPartOf":{"@id":"https:\/\/canal7slp.tv\/2022\/con-acciones-de-prevencion-de-la-violencia-contra-las-mujeres-mi-brigada-violeta-fue-puesta-en-marcha-en-plaza-las-aguilas\/"},"author":{"name":"Edici\u00f3n Web","@id":"https:\/\/canal7slp.tv\/2022\/#\/schema\/person\/429704152a21f5f856ce29aa69a238da"},"headline":"Con acciones de prevenci\u00f3n de la violencia contra las mujeres, \u201cMi Brigada Violeta\u201d fue puesta en marcha en plaza Las \u00c1guilas.","datePublished":"2022-05-28T03:25:24+00:00","mainEntityOfPage":{"@id":"https:\/\/canal7slp.tv\/2022\/con-acciones-de-prevencion-de-la-violencia-contra-las-mujeres-mi-brigada-violeta-fue-puesta-en-marcha-en-plaza-las-aguilas\/"},"wordCount":168,"publisher":{"@id":"https:\/\/canal7slp.tv\/2022\/#organization"},"image":{"@id":"https:\/\/canal7slp.tv\/2022\/con-acciones-de-prevencion-de-la-violencia-contra-las-mujeres-mi-brigada-violeta-fue-puesta-en-marcha-en-plaza-las-aguilas\/#primaryimage"},"thumbnailUrl":"https:\/\/canal7slp.tv\/2022\/wp-content\/uploads\/2022\/05\/Pau02Violeta.jpg","articleSection":["DESTACADAS","LOCALES Y REGIONALES"],"inLanguage":"es"},{"@type":"WebPage","@id":"https:\/\/canal7slp.tv\/2022\/con-acciones-de-prevencion-de-la-violencia-contra-las-mujeres-mi-brigada-violeta-fue-puesta-en-marcha-en-plaza-las-aguilas\/","url":"https:\/\/canal7slp.tv\/2022\/con-acciones-de-prevencion-de-la-violencia-contra-las-mujeres-mi-brigada-violeta-fue-puesta-en-marcha-en-plaza-las-aguilas\/","name":"Con acciones de prevenci\u00f3n de la violencia contra las mujeres, \u201cMi Brigada Violeta\u201d fue puesta en marcha en plaza Las \u00c1guilas. - Canal 7 SLP - 2022","isPartOf":{"@id":"https:\/\/canal7slp.tv\/2022\/#website"},"primaryImageOfPage":{"@id":"https:\/\/canal7slp.tv\/2022\/con-acciones-de-prevencion-de-la-violencia-contra-las-mujeres-mi-brigada-violeta-fue-puesta-en-marcha-en-plaza-las-aguilas\/#primaryimage"},"image":{"@id":"https:\/\/canal7slp.tv\/2022\/con-acciones-de-prevencion-de-la-violencia-contra-las-mujeres-mi-brigada-violeta-fue-puesta-en-marcha-en-plaza-las-aguilas\/#primaryimage"},"thumbnailUrl":"https:\/\/canal7slp.tv\/2022\/wp-content\/uploads\/2022\/05\/Pau02Violeta.jpg","datePublished":"2022-05-28T03:25:24+00:00","breadcrumb":{"@id":"https:\/\/canal7slp.tv\/2022\/con-acciones-de-prevencion-de-la-violencia-contra-las-mujeres-mi-brigada-violeta-fue-puesta-en-marcha-en-plaza-las-aguilas\/#breadcrumb"},"inLanguage":"es","potentialAction":[{"@type":"ReadAction","target":["https:\/\/canal7slp.tv\/2022\/con-acciones-de-prevencion-de-la-violencia-contra-las-mujeres-mi-brigada-violeta-fue-puesta-en-marcha-en-plaza-las-aguilas\/"]}]},{"@type":"ImageObject","inLanguage":"es","@id":"https:\/\/canal7slp.tv\/2022\/con-acciones-de-prevencion-de-la-violencia-contra-las-mujeres-mi-brigada-violeta-fue-puesta-en-marcha-en-plaza-las-aguilas\/#primaryimage","url":"https:\/\/canal7slp.tv\/2022\/wp-content\/uploads\/2022\/05\/Pau02Violeta.jpg","contentUrl":"https:\/\/canal7slp.tv\/2022\/wp-content\/uploads\/2022\/05\/Pau02Violeta.jpg","width":888,"height":500},{"@type":"BreadcrumbList","@id":"https:\/\/canal7slp.tv\/2022\/con-acciones-de-prevencion-de-la-violencia-contra-las-mujeres-mi-brigada-violeta-fue-puesta-en-marcha-en-plaza-las-aguilas\/#breadcrumb","itemListElement":[{"@type":"ListItem","position":1,"name":"Portada","item":"https:\/\/canal7slp.tv\/2022\/"},{"@type":"ListItem","position":2,"name":"Con acciones de prevenci\u00f3n de la violencia contra las mujeres, \u201cMi Brigada Violeta\u201d fue puesta en marcha en plaza Las \u00c1guilas."}]},{"@type":"WebSite","@id":"https:\/\/canal7slp.tv\/2022\/#website","url":"https:\/\/canal7slp.tv\/2022\/","name":"N7 - Noticieros Canal 7","description":"Somos Televisi\u00f3n","publisher":{"@id":"https:\/\/canal7slp.tv\/2022\/#organization"},"potentialAction":[{"@type":"SearchAction","target":{"@type":"EntryPoint","urlTemplate":"https:\/\/canal7slp.tv\/2022\/?s={search_term_string}"},"query-input":{"@type":"PropertyValueSpecification","valueRequired":true,"valueName":"search_term_string"}}],"inLanguage":"es"},{"@type":"Organization","@id":"https:\/\/canal7slp.tv\/2022\/#organization","name":"Noticieros Canal 7","url":"https:\/\/canal7slp.tv\/2022\/","logo":{"@type":"ImageObject","inLanguage":"es","@id":"https:\/\/canal7slp.tv\/2022\/#\/schema\/logo\/image\/","url":"https:\/\/canal7slp.tv\/2022\/wp-content\/uploads\/2021\/01\/logo-noticieros@2x.png","contentUrl":"https:\/\/canal7slp.tv\/2022\/wp-content\/uploads\/2021\/01\/logo-noticieros@2x.png","width":1017,"height":268,"caption":"Noticieros Canal 7"},"image":{"@id":"https:\/\/canal7slp.tv\/2022\/#\/schema\/logo\/image\/"},"sameAs":["https:\/\/www.facebook.com\/noticieroscanalsiete","https:\/\/x.com\/NOTICIEROS7","https:\/\/www.instagram.com\/canal7_slp","https:\/\/www.youtube.com\/channel\/UCliiYs-gP3JfJeqdPrNdd5A"]},{"@type":"Person","@id":"https:\/\/canal7slp.tv\/2022\/#\/schema\/person\/429704152a21f5f856ce29aa69a238da","name":"Edici\u00f3n Web","image":{"@type":"ImageObject","inLanguage":"es","@id":"https:\/\/secure.gravatar.com\/avatar\/eee448fc3f7164808013b816ba91ac7e43bbe82a70bebac296f8bc6f0addaa1a?s=96&d=mm&r=g","url":"https:\/\/secure.gravatar.com\/avatar\/eee448fc3f7164808013b816ba91ac7e43bbe82a70bebac296f8bc6f0addaa1a?s=96&d=mm&r=g","contentUrl":"https:\/\/secure.gravatar.com\/avatar\/eee448fc3f7164808013b816ba91ac7e43bbe82a70bebac296f8bc6f0addaa1a?s=96&d=mm&r=g","caption":"Edici\u00f3n Web"},"url":"https:\/\/canal7slp.tv\/2022\/author\/edicionweb\/"}]}},"amp_enabled":true,"_links":{"self":[{"href":"https:\/\/canal7slp.tv\/2022\/wp-json\/wp\/v2\/posts\/61659","targetHints":{"allow":["GET"]}}],"collection":[{"href":"https:\/\/canal7slp.tv\/2022\/wp-json\/wp\/v2\/posts"}],"about":[{"href":"https:\/\/canal7slp.tv\/2022\/wp-json\/wp\/v2\/types\/post"}],"author":[{"embeddable":true,"href":"https:\/\/canal7slp.tv\/2022\/wp-json\/wp\/v2\/users\/2"}],"replies":[{"embeddable":true,"href":"https:\/\/canal7slp.tv\/2022\/wp-json\/wp\/v2\/comments?post=61659"}],"version-history":[{"count":2,"href":"https:\/\/canal7slp.tv\/2022\/wp-json\/wp\/v2\/posts\/61659\/revisions"}],"predecessor-version":[{"id":61663,"href":"https:\/\/canal7slp.tv\/2022\/wp-json\/wp\/v2\/posts\/61659\/revisions\/61663"}],"wp:featuredmedia":[{"embeddable":true,"href":"https:\/\/canal7slp.tv\/2022\/wp-json\/wp\/v2\/media\/61662"}],"wp:attachment":[{"href":"https:\/\/canal7slp.tv\/2022\/wp-json\/wp\/v2\/media?parent=61659"}],"wp:term":[{"taxonomy":"category","embeddable":true,"href":"https:\/\/canal7slp.tv\/2022\/wp-json\/wp\/v2\/categories?post=61659"},{"taxonomy":"post_tag","embeddable":true,"href":"https:\/\/canal7slp.tv\/2022\/wp-json\/wp\/v2\/tags?post=61659"}],"curies":[{"name":"wp","href":"https:\/\/api.w.org\/{rel}","templated":true}]}}