{"id":61650,"date":"2022-05-27T19:21:52","date_gmt":"2022-05-28T01:21:52","guid":{"rendered":"https:\/\/canal7slp.tv\/2022\/?p=61650"},"modified":"2022-05-27T19:21:52","modified_gmt":"2022-05-28T01:21:52","slug":"quejas-por-falta-de-becas-se-debe-a-desinformacion-delegado-del-bienestar","status":"publish","type":"post","link":"https:\/\/canal7slp.tv\/2022\/quejas-por-falta-de-becas-se-debe-a-desinformacion-delegado-del-bienestar\/","title":{"rendered":"Quejas por falta de becas se debe a desinformaci\u00f3n: Delegado del Bienestar."},"content":{"rendered":"<p style=\"text-align: justify;\">SLP.- El Delegado Federal de la Secretar\u00eda del Bienestar, Jes\u00fas Guill\u00e9n Mart\u00ednez Mart\u00ednez, asegur\u00f3 que el hecho de que padres de familia responsabilicen a los Servidores de la Naci\u00f3n por la falta de becas en primarias del municipio, se debe a que no est\u00e1n informados del proceso para obtenerlas.<\/p>\n<p style=\"text-align: justify;\">\u201cEs desinformaci\u00f3n, los Servidores de la Naci\u00f3n est\u00e1n para informar con referente al programa de becas Benito Ju\u00e1rez, las vinculaciones las hacen los docentes en cada uno de los planteles, cuando no se cumple con alg\u00fan requisito se detiene el proceso, piden revisi\u00f3n y se hace, eso es b\u00e1sicamente lo que est\u00e1n ocurriendo\u201d, dijo.<\/p>\n<p style=\"text-align: justify;\">Adem\u00e1s, asegur\u00f3 que en algunos planteles no han llegado becas a menores que no tienen su papeler\u00eda de manera correcta, \u201ca lo mejor los ni\u00f1os no tienen el CURP certificado, pero eso no es algo que nos pertenece a nosotros, son deberes civiles que se tienen que corregir, en este caso los padres\u201d.<\/p>\n<p style=\"text-align: justify;\">Por otro lado, mencion\u00f3 que el proceso de vacunaci\u00f3n ya pas\u00f3 a manos del sector salud, \u201ctenemos observadores b\u00e1sicamente, ya no llevamos el complementario de todo lo que viene en el operativo como en un principio se daba, ustedes han visto que est\u00e1n en plazas comerciales, plazas p\u00fablicas, porque ya estamos casi terminando con esto, entonces ya es m\u00e1s com\u00fan\u201d.<\/p>\n<p style=\"text-align: justify;\">Por: Jes\u00fas Valencia<\/p>\n","protected":false},"excerpt":{"rendered":"<p>SLP.- El Delegado Federal de la Secretar\u00eda del Bienestar, Jes\u00fas Guill\u00e9n Mart\u00ednez Mart\u00ednez, asegur\u00f3 que el hecho de que padres de familia responsabilicen a los Servidores de la Naci\u00f3n por la falta de becas en primarias del municipio, se debe a que no est\u00e1n informados del proceso para obtenerlas. \u201cEs desinformaci\u00f3n, los Servidores de la Naci\u00f3n est\u00e1n para informar con referente al programa de becas Benito Ju\u00e1rez, las vinculaciones las hacen los docentes en cada uno de los planteles, cuando no se cumple con alg\u00fan requisito se detiene el proceso, piden revisi\u00f3n y se hace, eso es b\u00e1sicamente lo que [&hellip;]<\/p>\n","protected":false},"author":2,"featured_media":61654,"comment_status":"closed","ping_status":"closed","sticky":false,"template":"","format":"video","meta":{"footnotes":""},"categories":[5,43],"tags":[],"class_list":["post-61650","post","type-post","status-publish","format-video","has-post-thumbnail","hentry","category-destacadas","category-interior","post_format-post-format-video","post--single"],"yoast_head":"<!-- This site is optimized with the Yoast SEO plugin v27.4 - https:\/\/yoast.com\/product\/yoast-seo-wordpress\/ -->\n<title>Quejas por falta de becas se debe a desinformaci\u00f3n: Delegado del Bienestar. - Canal 7 SLP - 2022<\/title>\n<meta name=\"robots\" content=\"index, follow, max-snippet:-1, max-image-preview:large, max-video-preview:-1\" \/>\n<link rel=\"canonical\" href=\"https:\/\/canal7slp.tv\/2022\/quejas-por-falta-de-becas-se-debe-a-desinformacion-delegado-del-bienestar\/\" \/>\n<meta property=\"og:locale\" content=\"es_ES\" \/>\n<meta property=\"og:type\" content=\"article\" \/>\n<meta property=\"og:title\" content=\"Quejas por falta de becas se debe a desinformaci\u00f3n: Delegado del Bienestar. - Canal 7 SLP - 2022\" \/>\n<meta property=\"og:description\" content=\"SLP.- El Delegado Federal de la Secretar\u00eda del Bienestar, Jes\u00fas Guill\u00e9n Mart\u00ednez Mart\u00ednez, asegur\u00f3 que el hecho de que padres de familia responsabilicen a los Servidores de la Naci\u00f3n por la falta de becas en primarias del municipio, se debe a que no est\u00e1n informados del proceso para obtenerlas. \u201cEs desinformaci\u00f3n, los Servidores de la Naci\u00f3n est\u00e1n para informar con referente al programa de becas Benito Ju\u00e1rez, las vinculaciones las hacen los docentes en cada uno de los planteles, cuando no se cumple con alg\u00fan requisito se detiene el proceso, piden revisi\u00f3n y se hace, eso es b\u00e1sicamente lo que [&hellip;]\" \/>\n<meta property=\"og:url\" content=\"https:\/\/canal7slp.tv\/2022\/quejas-por-falta-de-becas-se-debe-a-desinformacion-delegado-del-bienestar\/\" \/>\n<meta property=\"og:site_name\" content=\"Canal 7 SLP - 2022\" \/>\n<meta property=\"article:publisher\" content=\"https:\/\/www.facebook.com\/noticieroscanalsiete\" \/>\n<meta property=\"article:published_time\" content=\"2022-05-28T01:21:52+00:00\" \/>\n<meta property=\"og:image\" content=\"https:\/\/canal7slp.tv\/2022\/wp-content\/uploads\/2022\/05\/Valencia02Quejas.jpg\" \/>\n\t<meta property=\"og:image:width\" content=\"888\" \/>\n\t<meta property=\"og:image:height\" content=\"500\" \/>\n\t<meta property=\"og:image:type\" content=\"image\/jpeg\" \/>\n<meta name=\"author\" content=\"Edici\u00f3n Web\" \/>\n<meta name=\"twitter:card\" content=\"summary_large_image\" \/>\n<meta name=\"twitter:creator\" content=\"@NOTICIEROS7\" \/>\n<meta name=\"twitter:site\" content=\"@NOTICIEROS7\" \/>\n<meta name=\"twitter:label1\" content=\"Escrito por\" \/>\n\t<meta name=\"twitter:data1\" content=\"Edici\u00f3n Web\" \/>\n\t<meta name=\"twitter:label2\" content=\"Tiempo de lectura\" \/>\n\t<meta name=\"twitter:data2\" content=\"2 minutos\" \/>\n<script type=\"application\/ld+json\" class=\"yoast-schema-graph\">{\"@context\":\"https:\\\/\\\/schema.org\",\"@graph\":[{\"@type\":\"Article\",\"@id\":\"https:\\\/\\\/canal7slp.tv\\\/2022\\\/quejas-por-falta-de-becas-se-debe-a-desinformacion-delegado-del-bienestar\\\/#article\",\"isPartOf\":{\"@id\":\"https:\\\/\\\/canal7slp.tv\\\/2022\\\/quejas-por-falta-de-becas-se-debe-a-desinformacion-delegado-del-bienestar\\\/\"},\"author\":{\"name\":\"Edici\u00f3n Web\",\"@id\":\"https:\\\/\\\/canal7slp.tv\\\/2022\\\/#\\\/schema\\\/person\\\/429704152a21f5f856ce29aa69a238da\"},\"headline\":\"Quejas por falta de becas se debe a desinformaci\u00f3n: Delegado del Bienestar.\",\"datePublished\":\"2022-05-28T01:21:52+00:00\",\"mainEntityOfPage\":{\"@id\":\"https:\\\/\\\/canal7slp.tv\\\/2022\\\/quejas-por-falta-de-becas-se-debe-a-desinformacion-delegado-del-bienestar\\\/\"},\"wordCount\":258,\"publisher\":{\"@id\":\"https:\\\/\\\/canal7slp.tv\\\/2022\\\/#organization\"},\"image\":{\"@id\":\"https:\\\/\\\/canal7slp.tv\\\/2022\\\/quejas-por-falta-de-becas-se-debe-a-desinformacion-delegado-del-bienestar\\\/#primaryimage\"},\"thumbnailUrl\":\"https:\\\/\\\/canal7slp.tv\\\/2022\\\/wp-content\\\/uploads\\\/2022\\\/05\\\/Valencia02Quejas.jpg\",\"articleSection\":[\"DESTACADAS\",\"INTERIOR DEL ESTADO\"],\"inLanguage\":\"es\"},{\"@type\":\"WebPage\",\"@id\":\"https:\\\/\\\/canal7slp.tv\\\/2022\\\/quejas-por-falta-de-becas-se-debe-a-desinformacion-delegado-del-bienestar\\\/\",\"url\":\"https:\\\/\\\/canal7slp.tv\\\/2022\\\/quejas-por-falta-de-becas-se-debe-a-desinformacion-delegado-del-bienestar\\\/\",\"name\":\"Quejas por falta de becas se debe a desinformaci\u00f3n: Delegado del Bienestar. - Canal 7 SLP - 2022\",\"isPartOf\":{\"@id\":\"https:\\\/\\\/canal7slp.tv\\\/2022\\\/#website\"},\"primaryImageOfPage\":{\"@id\":\"https:\\\/\\\/canal7slp.tv\\\/2022\\\/quejas-por-falta-de-becas-se-debe-a-desinformacion-delegado-del-bienestar\\\/#primaryimage\"},\"image\":{\"@id\":\"https:\\\/\\\/canal7slp.tv\\\/2022\\\/quejas-por-falta-de-becas-se-debe-a-desinformacion-delegado-del-bienestar\\\/#primaryimage\"},\"thumbnailUrl\":\"https:\\\/\\\/canal7slp.tv\\\/2022\\\/wp-content\\\/uploads\\\/2022\\\/05\\\/Valencia02Quejas.jpg\",\"datePublished\":\"2022-05-28T01:21:52+00:00\",\"breadcrumb\":{\"@id\":\"https:\\\/\\\/canal7slp.tv\\\/2022\\\/quejas-por-falta-de-becas-se-debe-a-desinformacion-delegado-del-bienestar\\\/#breadcrumb\"},\"inLanguage\":\"es\",\"potentialAction\":[{\"@type\":\"ReadAction\",\"target\":[\"https:\\\/\\\/canal7slp.tv\\\/2022\\\/quejas-por-falta-de-becas-se-debe-a-desinformacion-delegado-del-bienestar\\\/\"]}]},{\"@type\":\"ImageObject\",\"inLanguage\":\"es\",\"@id\":\"https:\\\/\\\/canal7slp.tv\\\/2022\\\/quejas-por-falta-de-becas-se-debe-a-desinformacion-delegado-del-bienestar\\\/#primaryimage\",\"url\":\"https:\\\/\\\/canal7slp.tv\\\/2022\\\/wp-content\\\/uploads\\\/2022\\\/05\\\/Valencia02Quejas.jpg\",\"contentUrl\":\"https:\\\/\\\/canal7slp.tv\\\/2022\\\/wp-content\\\/uploads\\\/2022\\\/05\\\/Valencia02Quejas.jpg\",\"width\":888,\"height\":500},{\"@type\":\"BreadcrumbList\",\"@id\":\"https:\\\/\\\/canal7slp.tv\\\/2022\\\/quejas-por-falta-de-becas-se-debe-a-desinformacion-delegado-del-bienestar\\\/#breadcrumb\",\"itemListElement\":[{\"@type\":\"ListItem\",\"position\":1,\"name\":\"Portada\",\"item\":\"https:\\\/\\\/canal7slp.tv\\\/2022\\\/\"},{\"@type\":\"ListItem\",\"position\":2,\"name\":\"Quejas por falta de becas se debe a desinformaci\u00f3n: Delegado del Bienestar.\"}]},{\"@type\":\"WebSite\",\"@id\":\"https:\\\/\\\/canal7slp.tv\\\/2022\\\/#website\",\"url\":\"https:\\\/\\\/canal7slp.tv\\\/2022\\\/\",\"name\":\"N7 - Noticieros Canal 7\",\"description\":\"Somos Televisi\u00f3n\",\"publisher\":{\"@id\":\"https:\\\/\\\/canal7slp.tv\\\/2022\\\/#organization\"},\"potentialAction\":[{\"@type\":\"SearchAction\",\"target\":{\"@type\":\"EntryPoint\",\"urlTemplate\":\"https:\\\/\\\/canal7slp.tv\\\/2022\\\/?s={search_term_string}\"},\"query-input\":{\"@type\":\"PropertyValueSpecification\",\"valueRequired\":true,\"valueName\":\"search_term_string\"}}],\"inLanguage\":\"es\"},{\"@type\":\"Organization\",\"@id\":\"https:\\\/\\\/canal7slp.tv\\\/2022\\\/#organization\",\"name\":\"Noticieros Canal 7\",\"url\":\"https:\\\/\\\/canal7slp.tv\\\/2022\\\/\",\"logo\":{\"@type\":\"ImageObject\",\"inLanguage\":\"es\",\"@id\":\"https:\\\/\\\/canal7slp.tv\\\/2022\\\/#\\\/schema\\\/logo\\\/image\\\/\",\"url\":\"https:\\\/\\\/canal7slp.tv\\\/2022\\\/wp-content\\\/uploads\\\/2021\\\/01\\\/logo-noticieros@2x.png\",\"contentUrl\":\"https:\\\/\\\/canal7slp.tv\\\/2022\\\/wp-content\\\/uploads\\\/2021\\\/01\\\/logo-noticieros@2x.png\",\"width\":1017,\"height\":268,\"caption\":\"Noticieros Canal 7\"},\"image\":{\"@id\":\"https:\\\/\\\/canal7slp.tv\\\/2022\\\/#\\\/schema\\\/logo\\\/image\\\/\"},\"sameAs\":[\"https:\\\/\\\/www.facebook.com\\\/noticieroscanalsiete\",\"https:\\\/\\\/x.com\\\/NOTICIEROS7\",\"https:\\\/\\\/www.instagram.com\\\/canal7_slp\",\"https:\\\/\\\/www.youtube.com\\\/channel\\\/UCliiYs-gP3JfJeqdPrNdd5A\"]},{\"@type\":\"Person\",\"@id\":\"https:\\\/\\\/canal7slp.tv\\\/2022\\\/#\\\/schema\\\/person\\\/429704152a21f5f856ce29aa69a238da\",\"name\":\"Edici\u00f3n Web\",\"image\":{\"@type\":\"ImageObject\",\"inLanguage\":\"es\",\"@id\":\"https:\\\/\\\/secure.gravatar.com\\\/avatar\\\/eee448fc3f7164808013b816ba91ac7e43bbe82a70bebac296f8bc6f0addaa1a?s=96&d=mm&r=g\",\"url\":\"https:\\\/\\\/secure.gravatar.com\\\/avatar\\\/eee448fc3f7164808013b816ba91ac7e43bbe82a70bebac296f8bc6f0addaa1a?s=96&d=mm&r=g\",\"contentUrl\":\"https:\\\/\\\/secure.gravatar.com\\\/avatar\\\/eee448fc3f7164808013b816ba91ac7e43bbe82a70bebac296f8bc6f0addaa1a?s=96&d=mm&r=g\",\"caption\":\"Edici\u00f3n Web\"},\"url\":\"https:\\\/\\\/canal7slp.tv\\\/2022\\\/author\\\/edicionweb\\\/\"}]}<\/script>\n<!-- \/ Yoast SEO plugin. -->","yoast_head_json":{"title":"Quejas por falta de becas se debe a desinformaci\u00f3n: Delegado del Bienestar. - Canal 7 SLP - 2022","robots":{"index":"index","follow":"follow","max-snippet":"max-snippet:-1","max-image-preview":"max-image-preview:large","max-video-preview":"max-video-preview:-1"},"canonical":"https:\/\/canal7slp.tv\/2022\/quejas-por-falta-de-becas-se-debe-a-desinformacion-delegado-del-bienestar\/","og_locale":"es_ES","og_type":"article","og_title":"Quejas por falta de becas se debe a desinformaci\u00f3n: Delegado del Bienestar. - Canal 7 SLP - 2022","og_description":"SLP.- El Delegado Federal de la Secretar\u00eda del Bienestar, Jes\u00fas Guill\u00e9n Mart\u00ednez Mart\u00ednez, asegur\u00f3 que el hecho de que padres de familia responsabilicen a los Servidores de la Naci\u00f3n por la falta de becas en primarias del municipio, se debe a que no est\u00e1n informados del proceso para obtenerlas. \u201cEs desinformaci\u00f3n, los Servidores de la Naci\u00f3n est\u00e1n para informar con referente al programa de becas Benito Ju\u00e1rez, las vinculaciones las hacen los docentes en cada uno de los planteles, cuando no se cumple con alg\u00fan requisito se detiene el proceso, piden revisi\u00f3n y se hace, eso es b\u00e1sicamente lo que [&hellip;]","og_url":"https:\/\/canal7slp.tv\/2022\/quejas-por-falta-de-becas-se-debe-a-desinformacion-delegado-del-bienestar\/","og_site_name":"Canal 7 SLP - 2022","article_publisher":"https:\/\/www.facebook.com\/noticieroscanalsiete","article_published_time":"2022-05-28T01:21:52+00:00","og_image":[{"width":888,"height":500,"url":"https:\/\/canal7slp.tv\/2022\/wp-content\/uploads\/2022\/05\/Valencia02Quejas.jpg","type":"image\/jpeg"}],"author":"Edici\u00f3n Web","twitter_card":"summary_large_image","twitter_creator":"@NOTICIEROS7","twitter_site":"@NOTICIEROS7","twitter_misc":{"Escrito por":"Edici\u00f3n Web","Tiempo de lectura":"2 minutos"},"schema":{"@context":"https:\/\/schema.org","@graph":[{"@type":"Article","@id":"https:\/\/canal7slp.tv\/2022\/quejas-por-falta-de-becas-se-debe-a-desinformacion-delegado-del-bienestar\/#article","isPartOf":{"@id":"https:\/\/canal7slp.tv\/2022\/quejas-por-falta-de-becas-se-debe-a-desinformacion-delegado-del-bienestar\/"},"author":{"name":"Edici\u00f3n Web","@id":"https:\/\/canal7slp.tv\/2022\/#\/schema\/person\/429704152a21f5f856ce29aa69a238da"},"headline":"Quejas por falta de becas se debe a desinformaci\u00f3n: Delegado del Bienestar.","datePublished":"2022-05-28T01:21:52+00:00","mainEntityOfPage":{"@id":"https:\/\/canal7slp.tv\/2022\/quejas-por-falta-de-becas-se-debe-a-desinformacion-delegado-del-bienestar\/"},"wordCount":258,"publisher":{"@id":"https:\/\/canal7slp.tv\/2022\/#organization"},"image":{"@id":"https:\/\/canal7slp.tv\/2022\/quejas-por-falta-de-becas-se-debe-a-desinformacion-delegado-del-bienestar\/#primaryimage"},"thumbnailUrl":"https:\/\/canal7slp.tv\/2022\/wp-content\/uploads\/2022\/05\/Valencia02Quejas.jpg","articleSection":["DESTACADAS","INTERIOR DEL ESTADO"],"inLanguage":"es"},{"@type":"WebPage","@id":"https:\/\/canal7slp.tv\/2022\/quejas-por-falta-de-becas-se-debe-a-desinformacion-delegado-del-bienestar\/","url":"https:\/\/canal7slp.tv\/2022\/quejas-por-falta-de-becas-se-debe-a-desinformacion-delegado-del-bienestar\/","name":"Quejas por falta de becas se debe a desinformaci\u00f3n: Delegado del Bienestar. - Canal 7 SLP - 2022","isPartOf":{"@id":"https:\/\/canal7slp.tv\/2022\/#website"},"primaryImageOfPage":{"@id":"https:\/\/canal7slp.tv\/2022\/quejas-por-falta-de-becas-se-debe-a-desinformacion-delegado-del-bienestar\/#primaryimage"},"image":{"@id":"https:\/\/canal7slp.tv\/2022\/quejas-por-falta-de-becas-se-debe-a-desinformacion-delegado-del-bienestar\/#primaryimage"},"thumbnailUrl":"https:\/\/canal7slp.tv\/2022\/wp-content\/uploads\/2022\/05\/Valencia02Quejas.jpg","datePublished":"2022-05-28T01:21:52+00:00","breadcrumb":{"@id":"https:\/\/canal7slp.tv\/2022\/quejas-por-falta-de-becas-se-debe-a-desinformacion-delegado-del-bienestar\/#breadcrumb"},"inLanguage":"es","potentialAction":[{"@type":"ReadAction","target":["https:\/\/canal7slp.tv\/2022\/quejas-por-falta-de-becas-se-debe-a-desinformacion-delegado-del-bienestar\/"]}]},{"@type":"ImageObject","inLanguage":"es","@id":"https:\/\/canal7slp.tv\/2022\/quejas-por-falta-de-becas-se-debe-a-desinformacion-delegado-del-bienestar\/#primaryimage","url":"https:\/\/canal7slp.tv\/2022\/wp-content\/uploads\/2022\/05\/Valencia02Quejas.jpg","contentUrl":"https:\/\/canal7slp.tv\/2022\/wp-content\/uploads\/2022\/05\/Valencia02Quejas.jpg","width":888,"height":500},{"@type":"BreadcrumbList","@id":"https:\/\/canal7slp.tv\/2022\/quejas-por-falta-de-becas-se-debe-a-desinformacion-delegado-del-bienestar\/#breadcrumb","itemListElement":[{"@type":"ListItem","position":1,"name":"Portada","item":"https:\/\/canal7slp.tv\/2022\/"},{"@type":"ListItem","position":2,"name":"Quejas por falta de becas se debe a desinformaci\u00f3n: Delegado del Bienestar."}]},{"@type":"WebSite","@id":"https:\/\/canal7slp.tv\/2022\/#website","url":"https:\/\/canal7slp.tv\/2022\/","name":"N7 - Noticieros Canal 7","description":"Somos Televisi\u00f3n","publisher":{"@id":"https:\/\/canal7slp.tv\/2022\/#organization"},"potentialAction":[{"@type":"SearchAction","target":{"@type":"EntryPoint","urlTemplate":"https:\/\/canal7slp.tv\/2022\/?s={search_term_string}"},"query-input":{"@type":"PropertyValueSpecification","valueRequired":true,"valueName":"search_term_string"}}],"inLanguage":"es"},{"@type":"Organization","@id":"https:\/\/canal7slp.tv\/2022\/#organization","name":"Noticieros Canal 7","url":"https:\/\/canal7slp.tv\/2022\/","logo":{"@type":"ImageObject","inLanguage":"es","@id":"https:\/\/canal7slp.tv\/2022\/#\/schema\/logo\/image\/","url":"https:\/\/canal7slp.tv\/2022\/wp-content\/uploads\/2021\/01\/logo-noticieros@2x.png","contentUrl":"https:\/\/canal7slp.tv\/2022\/wp-content\/uploads\/2021\/01\/logo-noticieros@2x.png","width":1017,"height":268,"caption":"Noticieros Canal 7"},"image":{"@id":"https:\/\/canal7slp.tv\/2022\/#\/schema\/logo\/image\/"},"sameAs":["https:\/\/www.facebook.com\/noticieroscanalsiete","https:\/\/x.com\/NOTICIEROS7","https:\/\/www.instagram.com\/canal7_slp","https:\/\/www.youtube.com\/channel\/UCliiYs-gP3JfJeqdPrNdd5A"]},{"@type":"Person","@id":"https:\/\/canal7slp.tv\/2022\/#\/schema\/person\/429704152a21f5f856ce29aa69a238da","name":"Edici\u00f3n Web","image":{"@type":"ImageObject","inLanguage":"es","@id":"https:\/\/secure.gravatar.com\/avatar\/eee448fc3f7164808013b816ba91ac7e43bbe82a70bebac296f8bc6f0addaa1a?s=96&d=mm&r=g","url":"https:\/\/secure.gravatar.com\/avatar\/eee448fc3f7164808013b816ba91ac7e43bbe82a70bebac296f8bc6f0addaa1a?s=96&d=mm&r=g","contentUrl":"https:\/\/secure.gravatar.com\/avatar\/eee448fc3f7164808013b816ba91ac7e43bbe82a70bebac296f8bc6f0addaa1a?s=96&d=mm&r=g","caption":"Edici\u00f3n Web"},"url":"https:\/\/canal7slp.tv\/2022\/author\/edicionweb\/"}]}},"amp_enabled":true,"_links":{"self":[{"href":"https:\/\/canal7slp.tv\/2022\/wp-json\/wp\/v2\/posts\/61650","targetHints":{"allow":["GET"]}}],"collection":[{"href":"https:\/\/canal7slp.tv\/2022\/wp-json\/wp\/v2\/posts"}],"about":[{"href":"https:\/\/canal7slp.tv\/2022\/wp-json\/wp\/v2\/types\/post"}],"author":[{"embeddable":true,"href":"https:\/\/canal7slp.tv\/2022\/wp-json\/wp\/v2\/users\/2"}],"replies":[{"embeddable":true,"href":"https:\/\/canal7slp.tv\/2022\/wp-json\/wp\/v2\/comments?post=61650"}],"version-history":[{"count":1,"href":"https:\/\/canal7slp.tv\/2022\/wp-json\/wp\/v2\/posts\/61650\/revisions"}],"predecessor-version":[{"id":61652,"href":"https:\/\/canal7slp.tv\/2022\/wp-json\/wp\/v2\/posts\/61650\/revisions\/61652"}],"wp:featuredmedia":[{"embeddable":true,"href":"https:\/\/canal7slp.tv\/2022\/wp-json\/wp\/v2\/media\/61654"}],"wp:attachment":[{"href":"https:\/\/canal7slp.tv\/2022\/wp-json\/wp\/v2\/media?parent=61650"}],"wp:term":[{"taxonomy":"category","embeddable":true,"href":"https:\/\/canal7slp.tv\/2022\/wp-json\/wp\/v2\/categories?post=61650"},{"taxonomy":"post_tag","embeddable":true,"href":"https:\/\/canal7slp.tv\/2022\/wp-json\/wp\/v2\/tags?post=61650"}],"curies":[{"name":"wp","href":"https:\/\/api.w.org\/{rel}","templated":true}]}}