{"id":61637,"date":"2022-05-27T18:25:13","date_gmt":"2022-05-28T00:25:13","guid":{"rendered":"https:\/\/canal7slp.tv\/2022\/?p=61637"},"modified":"2022-05-27T18:25:13","modified_gmt":"2022-05-28T00:25:13","slug":"avanza-proyecto-de-consolidacion-de-zona-industrial-en-soledad-de-graciano-sanchez-afirman-autoridades","status":"publish","type":"post","link":"https:\/\/canal7slp.tv\/2022\/avanza-proyecto-de-consolidacion-de-zona-industrial-en-soledad-de-graciano-sanchez-afirman-autoridades\/","title":{"rendered":"Avanza proyecto de consolidaci\u00f3n de Zona Industrial en Soledad de Graciano S\u00e1nchez, afirman autoridades."},"content":{"rendered":"<ul>\n<li>En el \u00e1rea designada hay cuatro empresas y en breve podr\u00edan instalarse dos m\u00e1s.<\/li>\n<\/ul>\n<p style=\"text-align: justify;\">SGS.- Con el objetivo de consolidarse como un polo de desarrollo que permita la atracci\u00f3n de nuevas inversiones en el municipio de Soledad de Graciano S\u00e1nchez, avanza el proyecto para que cuente con su propia Zona Industrial.<\/p>\n<p style=\"text-align: justify;\">As\u00ed lo manifest\u00f3 el director de Fomento Econ\u00f3mico F\u00e9lix Herrera al decir que en realidad son dos proyectos los que se tienen para la instalaci\u00f3n de nuevas empresas en este municipio.<\/p>\n<p style=\"text-align: justify;\">Afirm\u00f3 que de hecho, en estos terrenos que se ubican sobre la carretera 57 en la salida a Matehuala ya est\u00e1n instaladas cuatro empresas.<\/p>\n<p style=\"text-align: justify;\">El funcionario se\u00f1al\u00f3 que se cuenta con la ventaja de que el municipio de Soledad tiene una ubicaci\u00f3n estrat\u00e9gica y conectividad porque es paso hacia la frontera norte, adem\u00e1s de que tiene conexi\u00f3n con la Regi\u00f3n del Baj\u00edo.<\/p>\n<p style=\"text-align: justify;\">En este sentido, se\u00f1al\u00f3 que esto traer\u00eda beneficios econ\u00f3micos al municipio y generar\u00eda un importante n\u00famero de empleos adem\u00e1s de que reducir\u00eda los tiempos de traslado, para los trabajadores de esta nueva zona industrial.<\/p>\n<p style=\"text-align: justify;\">Por: Claudio Ibarra<\/p>\n","protected":false},"excerpt":{"rendered":"<p>En el \u00e1rea designada hay cuatro empresas y en breve podr\u00edan instalarse dos m\u00e1s. SGS.- Con el objetivo de consolidarse como un polo de desarrollo que permita la atracci\u00f3n de nuevas inversiones en el municipio de Soledad de Graciano S\u00e1nchez, avanza el proyecto para que cuente con su propia Zona Industrial. As\u00ed lo manifest\u00f3 el director de Fomento Econ\u00f3mico F\u00e9lix Herrera al decir que en realidad son dos proyectos los que se tienen para la instalaci\u00f3n de nuevas empresas en este municipio. Afirm\u00f3 que de hecho, en estos terrenos que se ubican sobre la carretera 57 en la salida a [&hellip;]<\/p>\n","protected":false},"author":2,"featured_media":61634,"comment_status":"closed","ping_status":"closed","sticky":false,"template":"","format":"video","meta":{"footnotes":""},"categories":[5,45],"tags":[],"class_list":["post-61637","post","type-post","status-publish","format-video","has-post-thumbnail","hentry","category-destacadas","category-localesyregionales","post_format-post-format-video","post--single"],"yoast_head":"<!-- This site is optimized with the Yoast SEO plugin v27.4 - https:\/\/yoast.com\/product\/yoast-seo-wordpress\/ -->\n<title>Avanza proyecto de consolidaci\u00f3n de Zona Industrial en Soledad de Graciano S\u00e1nchez, afirman autoridades. - Canal 7 SLP - 2022<\/title>\n<meta name=\"robots\" content=\"index, follow, max-snippet:-1, max-image-preview:large, max-video-preview:-1\" \/>\n<link rel=\"canonical\" href=\"https:\/\/canal7slp.tv\/2022\/avanza-proyecto-de-consolidacion-de-zona-industrial-en-soledad-de-graciano-sanchez-afirman-autoridades\/\" \/>\n<meta property=\"og:locale\" content=\"es_ES\" \/>\n<meta property=\"og:type\" content=\"article\" \/>\n<meta property=\"og:title\" content=\"Avanza proyecto de consolidaci\u00f3n de Zona Industrial en Soledad de Graciano S\u00e1nchez, afirman autoridades. - Canal 7 SLP - 2022\" \/>\n<meta property=\"og:description\" content=\"En el \u00e1rea designada hay cuatro empresas y en breve podr\u00edan instalarse dos m\u00e1s. SGS.- Con el objetivo de consolidarse como un polo de desarrollo que permita la atracci\u00f3n de nuevas inversiones en el municipio de Soledad de Graciano S\u00e1nchez, avanza el proyecto para que cuente con su propia Zona Industrial. As\u00ed lo manifest\u00f3 el director de Fomento Econ\u00f3mico F\u00e9lix Herrera al decir que en realidad son dos proyectos los que se tienen para la instalaci\u00f3n de nuevas empresas en este municipio. Afirm\u00f3 que de hecho, en estos terrenos que se ubican sobre la carretera 57 en la salida a [&hellip;]\" \/>\n<meta property=\"og:url\" content=\"https:\/\/canal7slp.tv\/2022\/avanza-proyecto-de-consolidacion-de-zona-industrial-en-soledad-de-graciano-sanchez-afirman-autoridades\/\" \/>\n<meta property=\"og:site_name\" content=\"Canal 7 SLP - 2022\" \/>\n<meta property=\"article:publisher\" content=\"https:\/\/www.facebook.com\/noticieroscanalsiete\" \/>\n<meta property=\"article:published_time\" content=\"2022-05-28T00:25:13+00:00\" \/>\n<meta property=\"og:image\" content=\"https:\/\/canal7slp.tv\/2022\/wp-content\/uploads\/2022\/05\/Claudio03Industrial.jpg\" \/>\n\t<meta property=\"og:image:width\" content=\"888\" \/>\n\t<meta property=\"og:image:height\" content=\"500\" \/>\n\t<meta property=\"og:image:type\" content=\"image\/jpeg\" \/>\n<meta name=\"author\" content=\"Edici\u00f3n Web\" \/>\n<meta name=\"twitter:card\" content=\"summary_large_image\" \/>\n<meta name=\"twitter:creator\" content=\"@NOTICIEROS7\" \/>\n<meta name=\"twitter:site\" content=\"@NOTICIEROS7\" \/>\n<meta name=\"twitter:label1\" content=\"Escrito por\" \/>\n\t<meta name=\"twitter:data1\" content=\"Edici\u00f3n Web\" \/>\n\t<meta name=\"twitter:label2\" content=\"Tiempo de lectura\" \/>\n\t<meta name=\"twitter:data2\" content=\"1 minuto\" \/>\n<script type=\"application\/ld+json\" class=\"yoast-schema-graph\">{\"@context\":\"https:\\\/\\\/schema.org\",\"@graph\":[{\"@type\":\"Article\",\"@id\":\"https:\\\/\\\/canal7slp.tv\\\/2022\\\/avanza-proyecto-de-consolidacion-de-zona-industrial-en-soledad-de-graciano-sanchez-afirman-autoridades\\\/#article\",\"isPartOf\":{\"@id\":\"https:\\\/\\\/canal7slp.tv\\\/2022\\\/avanza-proyecto-de-consolidacion-de-zona-industrial-en-soledad-de-graciano-sanchez-afirman-autoridades\\\/\"},\"author\":{\"name\":\"Edici\u00f3n Web\",\"@id\":\"https:\\\/\\\/canal7slp.tv\\\/2022\\\/#\\\/schema\\\/person\\\/429704152a21f5f856ce29aa69a238da\"},\"headline\":\"Avanza proyecto de consolidaci\u00f3n de Zona Industrial en Soledad de Graciano S\u00e1nchez, afirman autoridades.\",\"datePublished\":\"2022-05-28T00:25:13+00:00\",\"mainEntityOfPage\":{\"@id\":\"https:\\\/\\\/canal7slp.tv\\\/2022\\\/avanza-proyecto-de-consolidacion-de-zona-industrial-en-soledad-de-graciano-sanchez-afirman-autoridades\\\/\"},\"wordCount\":219,\"publisher\":{\"@id\":\"https:\\\/\\\/canal7slp.tv\\\/2022\\\/#organization\"},\"image\":{\"@id\":\"https:\\\/\\\/canal7slp.tv\\\/2022\\\/avanza-proyecto-de-consolidacion-de-zona-industrial-en-soledad-de-graciano-sanchez-afirman-autoridades\\\/#primaryimage\"},\"thumbnailUrl\":\"https:\\\/\\\/canal7slp.tv\\\/2022\\\/wp-content\\\/uploads\\\/2022\\\/05\\\/Claudio03Industrial.jpg\",\"articleSection\":[\"DESTACADAS\",\"LOCALES Y REGIONALES\"],\"inLanguage\":\"es\"},{\"@type\":\"WebPage\",\"@id\":\"https:\\\/\\\/canal7slp.tv\\\/2022\\\/avanza-proyecto-de-consolidacion-de-zona-industrial-en-soledad-de-graciano-sanchez-afirman-autoridades\\\/\",\"url\":\"https:\\\/\\\/canal7slp.tv\\\/2022\\\/avanza-proyecto-de-consolidacion-de-zona-industrial-en-soledad-de-graciano-sanchez-afirman-autoridades\\\/\",\"name\":\"Avanza proyecto de consolidaci\u00f3n de Zona Industrial en Soledad de Graciano S\u00e1nchez, afirman autoridades. - Canal 7 SLP - 2022\",\"isPartOf\":{\"@id\":\"https:\\\/\\\/canal7slp.tv\\\/2022\\\/#website\"},\"primaryImageOfPage\":{\"@id\":\"https:\\\/\\\/canal7slp.tv\\\/2022\\\/avanza-proyecto-de-consolidacion-de-zona-industrial-en-soledad-de-graciano-sanchez-afirman-autoridades\\\/#primaryimage\"},\"image\":{\"@id\":\"https:\\\/\\\/canal7slp.tv\\\/2022\\\/avanza-proyecto-de-consolidacion-de-zona-industrial-en-soledad-de-graciano-sanchez-afirman-autoridades\\\/#primaryimage\"},\"thumbnailUrl\":\"https:\\\/\\\/canal7slp.tv\\\/2022\\\/wp-content\\\/uploads\\\/2022\\\/05\\\/Claudio03Industrial.jpg\",\"datePublished\":\"2022-05-28T00:25:13+00:00\",\"breadcrumb\":{\"@id\":\"https:\\\/\\\/canal7slp.tv\\\/2022\\\/avanza-proyecto-de-consolidacion-de-zona-industrial-en-soledad-de-graciano-sanchez-afirman-autoridades\\\/#breadcrumb\"},\"inLanguage\":\"es\",\"potentialAction\":[{\"@type\":\"ReadAction\",\"target\":[\"https:\\\/\\\/canal7slp.tv\\\/2022\\\/avanza-proyecto-de-consolidacion-de-zona-industrial-en-soledad-de-graciano-sanchez-afirman-autoridades\\\/\"]}]},{\"@type\":\"ImageObject\",\"inLanguage\":\"es\",\"@id\":\"https:\\\/\\\/canal7slp.tv\\\/2022\\\/avanza-proyecto-de-consolidacion-de-zona-industrial-en-soledad-de-graciano-sanchez-afirman-autoridades\\\/#primaryimage\",\"url\":\"https:\\\/\\\/canal7slp.tv\\\/2022\\\/wp-content\\\/uploads\\\/2022\\\/05\\\/Claudio03Industrial.jpg\",\"contentUrl\":\"https:\\\/\\\/canal7slp.tv\\\/2022\\\/wp-content\\\/uploads\\\/2022\\\/05\\\/Claudio03Industrial.jpg\",\"width\":888,\"height\":500},{\"@type\":\"BreadcrumbList\",\"@id\":\"https:\\\/\\\/canal7slp.tv\\\/2022\\\/avanza-proyecto-de-consolidacion-de-zona-industrial-en-soledad-de-graciano-sanchez-afirman-autoridades\\\/#breadcrumb\",\"itemListElement\":[{\"@type\":\"ListItem\",\"position\":1,\"name\":\"Portada\",\"item\":\"https:\\\/\\\/canal7slp.tv\\\/2022\\\/\"},{\"@type\":\"ListItem\",\"position\":2,\"name\":\"Avanza proyecto de consolidaci\u00f3n de Zona Industrial en Soledad de Graciano S\u00e1nchez, afirman autoridades.\"}]},{\"@type\":\"WebSite\",\"@id\":\"https:\\\/\\\/canal7slp.tv\\\/2022\\\/#website\",\"url\":\"https:\\\/\\\/canal7slp.tv\\\/2022\\\/\",\"name\":\"N7 - Noticieros Canal 7\",\"description\":\"Somos Televisi\u00f3n\",\"publisher\":{\"@id\":\"https:\\\/\\\/canal7slp.tv\\\/2022\\\/#organization\"},\"potentialAction\":[{\"@type\":\"SearchAction\",\"target\":{\"@type\":\"EntryPoint\",\"urlTemplate\":\"https:\\\/\\\/canal7slp.tv\\\/2022\\\/?s={search_term_string}\"},\"query-input\":{\"@type\":\"PropertyValueSpecification\",\"valueRequired\":true,\"valueName\":\"search_term_string\"}}],\"inLanguage\":\"es\"},{\"@type\":\"Organization\",\"@id\":\"https:\\\/\\\/canal7slp.tv\\\/2022\\\/#organization\",\"name\":\"Noticieros Canal 7\",\"url\":\"https:\\\/\\\/canal7slp.tv\\\/2022\\\/\",\"logo\":{\"@type\":\"ImageObject\",\"inLanguage\":\"es\",\"@id\":\"https:\\\/\\\/canal7slp.tv\\\/2022\\\/#\\\/schema\\\/logo\\\/image\\\/\",\"url\":\"https:\\\/\\\/canal7slp.tv\\\/2022\\\/wp-content\\\/uploads\\\/2021\\\/01\\\/logo-noticieros@2x.png\",\"contentUrl\":\"https:\\\/\\\/canal7slp.tv\\\/2022\\\/wp-content\\\/uploads\\\/2021\\\/01\\\/logo-noticieros@2x.png\",\"width\":1017,\"height\":268,\"caption\":\"Noticieros Canal 7\"},\"image\":{\"@id\":\"https:\\\/\\\/canal7slp.tv\\\/2022\\\/#\\\/schema\\\/logo\\\/image\\\/\"},\"sameAs\":[\"https:\\\/\\\/www.facebook.com\\\/noticieroscanalsiete\",\"https:\\\/\\\/x.com\\\/NOTICIEROS7\",\"https:\\\/\\\/www.instagram.com\\\/canal7_slp\",\"https:\\\/\\\/www.youtube.com\\\/channel\\\/UCliiYs-gP3JfJeqdPrNdd5A\"]},{\"@type\":\"Person\",\"@id\":\"https:\\\/\\\/canal7slp.tv\\\/2022\\\/#\\\/schema\\\/person\\\/429704152a21f5f856ce29aa69a238da\",\"name\":\"Edici\u00f3n Web\",\"image\":{\"@type\":\"ImageObject\",\"inLanguage\":\"es\",\"@id\":\"https:\\\/\\\/secure.gravatar.com\\\/avatar\\\/eee448fc3f7164808013b816ba91ac7e43bbe82a70bebac296f8bc6f0addaa1a?s=96&d=mm&r=g\",\"url\":\"https:\\\/\\\/secure.gravatar.com\\\/avatar\\\/eee448fc3f7164808013b816ba91ac7e43bbe82a70bebac296f8bc6f0addaa1a?s=96&d=mm&r=g\",\"contentUrl\":\"https:\\\/\\\/secure.gravatar.com\\\/avatar\\\/eee448fc3f7164808013b816ba91ac7e43bbe82a70bebac296f8bc6f0addaa1a?s=96&d=mm&r=g\",\"caption\":\"Edici\u00f3n Web\"},\"url\":\"https:\\\/\\\/canal7slp.tv\\\/2022\\\/author\\\/edicionweb\\\/\"}]}<\/script>\n<!-- \/ Yoast SEO plugin. -->","yoast_head_json":{"title":"Avanza proyecto de consolidaci\u00f3n de Zona Industrial en Soledad de Graciano S\u00e1nchez, afirman autoridades. - Canal 7 SLP - 2022","robots":{"index":"index","follow":"follow","max-snippet":"max-snippet:-1","max-image-preview":"max-image-preview:large","max-video-preview":"max-video-preview:-1"},"canonical":"https:\/\/canal7slp.tv\/2022\/avanza-proyecto-de-consolidacion-de-zona-industrial-en-soledad-de-graciano-sanchez-afirman-autoridades\/","og_locale":"es_ES","og_type":"article","og_title":"Avanza proyecto de consolidaci\u00f3n de Zona Industrial en Soledad de Graciano S\u00e1nchez, afirman autoridades. - Canal 7 SLP - 2022","og_description":"En el \u00e1rea designada hay cuatro empresas y en breve podr\u00edan instalarse dos m\u00e1s. SGS.- Con el objetivo de consolidarse como un polo de desarrollo que permita la atracci\u00f3n de nuevas inversiones en el municipio de Soledad de Graciano S\u00e1nchez, avanza el proyecto para que cuente con su propia Zona Industrial. As\u00ed lo manifest\u00f3 el director de Fomento Econ\u00f3mico F\u00e9lix Herrera al decir que en realidad son dos proyectos los que se tienen para la instalaci\u00f3n de nuevas empresas en este municipio. Afirm\u00f3 que de hecho, en estos terrenos que se ubican sobre la carretera 57 en la salida a [&hellip;]","og_url":"https:\/\/canal7slp.tv\/2022\/avanza-proyecto-de-consolidacion-de-zona-industrial-en-soledad-de-graciano-sanchez-afirman-autoridades\/","og_site_name":"Canal 7 SLP - 2022","article_publisher":"https:\/\/www.facebook.com\/noticieroscanalsiete","article_published_time":"2022-05-28T00:25:13+00:00","og_image":[{"width":888,"height":500,"url":"https:\/\/canal7slp.tv\/2022\/wp-content\/uploads\/2022\/05\/Claudio03Industrial.jpg","type":"image\/jpeg"}],"author":"Edici\u00f3n Web","twitter_card":"summary_large_image","twitter_creator":"@NOTICIEROS7","twitter_site":"@NOTICIEROS7","twitter_misc":{"Escrito por":"Edici\u00f3n Web","Tiempo de lectura":"1 minuto"},"schema":{"@context":"https:\/\/schema.org","@graph":[{"@type":"Article","@id":"https:\/\/canal7slp.tv\/2022\/avanza-proyecto-de-consolidacion-de-zona-industrial-en-soledad-de-graciano-sanchez-afirman-autoridades\/#article","isPartOf":{"@id":"https:\/\/canal7slp.tv\/2022\/avanza-proyecto-de-consolidacion-de-zona-industrial-en-soledad-de-graciano-sanchez-afirman-autoridades\/"},"author":{"name":"Edici\u00f3n Web","@id":"https:\/\/canal7slp.tv\/2022\/#\/schema\/person\/429704152a21f5f856ce29aa69a238da"},"headline":"Avanza proyecto de consolidaci\u00f3n de Zona Industrial en Soledad de Graciano S\u00e1nchez, afirman autoridades.","datePublished":"2022-05-28T00:25:13+00:00","mainEntityOfPage":{"@id":"https:\/\/canal7slp.tv\/2022\/avanza-proyecto-de-consolidacion-de-zona-industrial-en-soledad-de-graciano-sanchez-afirman-autoridades\/"},"wordCount":219,"publisher":{"@id":"https:\/\/canal7slp.tv\/2022\/#organization"},"image":{"@id":"https:\/\/canal7slp.tv\/2022\/avanza-proyecto-de-consolidacion-de-zona-industrial-en-soledad-de-graciano-sanchez-afirman-autoridades\/#primaryimage"},"thumbnailUrl":"https:\/\/canal7slp.tv\/2022\/wp-content\/uploads\/2022\/05\/Claudio03Industrial.jpg","articleSection":["DESTACADAS","LOCALES Y REGIONALES"],"inLanguage":"es"},{"@type":"WebPage","@id":"https:\/\/canal7slp.tv\/2022\/avanza-proyecto-de-consolidacion-de-zona-industrial-en-soledad-de-graciano-sanchez-afirman-autoridades\/","url":"https:\/\/canal7slp.tv\/2022\/avanza-proyecto-de-consolidacion-de-zona-industrial-en-soledad-de-graciano-sanchez-afirman-autoridades\/","name":"Avanza proyecto de consolidaci\u00f3n de Zona Industrial en Soledad de Graciano S\u00e1nchez, afirman autoridades. - Canal 7 SLP - 2022","isPartOf":{"@id":"https:\/\/canal7slp.tv\/2022\/#website"},"primaryImageOfPage":{"@id":"https:\/\/canal7slp.tv\/2022\/avanza-proyecto-de-consolidacion-de-zona-industrial-en-soledad-de-graciano-sanchez-afirman-autoridades\/#primaryimage"},"image":{"@id":"https:\/\/canal7slp.tv\/2022\/avanza-proyecto-de-consolidacion-de-zona-industrial-en-soledad-de-graciano-sanchez-afirman-autoridades\/#primaryimage"},"thumbnailUrl":"https:\/\/canal7slp.tv\/2022\/wp-content\/uploads\/2022\/05\/Claudio03Industrial.jpg","datePublished":"2022-05-28T00:25:13+00:00","breadcrumb":{"@id":"https:\/\/canal7slp.tv\/2022\/avanza-proyecto-de-consolidacion-de-zona-industrial-en-soledad-de-graciano-sanchez-afirman-autoridades\/#breadcrumb"},"inLanguage":"es","potentialAction":[{"@type":"ReadAction","target":["https:\/\/canal7slp.tv\/2022\/avanza-proyecto-de-consolidacion-de-zona-industrial-en-soledad-de-graciano-sanchez-afirman-autoridades\/"]}]},{"@type":"ImageObject","inLanguage":"es","@id":"https:\/\/canal7slp.tv\/2022\/avanza-proyecto-de-consolidacion-de-zona-industrial-en-soledad-de-graciano-sanchez-afirman-autoridades\/#primaryimage","url":"https:\/\/canal7slp.tv\/2022\/wp-content\/uploads\/2022\/05\/Claudio03Industrial.jpg","contentUrl":"https:\/\/canal7slp.tv\/2022\/wp-content\/uploads\/2022\/05\/Claudio03Industrial.jpg","width":888,"height":500},{"@type":"BreadcrumbList","@id":"https:\/\/canal7slp.tv\/2022\/avanza-proyecto-de-consolidacion-de-zona-industrial-en-soledad-de-graciano-sanchez-afirman-autoridades\/#breadcrumb","itemListElement":[{"@type":"ListItem","position":1,"name":"Portada","item":"https:\/\/canal7slp.tv\/2022\/"},{"@type":"ListItem","position":2,"name":"Avanza proyecto de consolidaci\u00f3n de Zona Industrial en Soledad de Graciano S\u00e1nchez, afirman autoridades."}]},{"@type":"WebSite","@id":"https:\/\/canal7slp.tv\/2022\/#website","url":"https:\/\/canal7slp.tv\/2022\/","name":"N7 - Noticieros Canal 7","description":"Somos Televisi\u00f3n","publisher":{"@id":"https:\/\/canal7slp.tv\/2022\/#organization"},"potentialAction":[{"@type":"SearchAction","target":{"@type":"EntryPoint","urlTemplate":"https:\/\/canal7slp.tv\/2022\/?s={search_term_string}"},"query-input":{"@type":"PropertyValueSpecification","valueRequired":true,"valueName":"search_term_string"}}],"inLanguage":"es"},{"@type":"Organization","@id":"https:\/\/canal7slp.tv\/2022\/#organization","name":"Noticieros Canal 7","url":"https:\/\/canal7slp.tv\/2022\/","logo":{"@type":"ImageObject","inLanguage":"es","@id":"https:\/\/canal7slp.tv\/2022\/#\/schema\/logo\/image\/","url":"https:\/\/canal7slp.tv\/2022\/wp-content\/uploads\/2021\/01\/logo-noticieros@2x.png","contentUrl":"https:\/\/canal7slp.tv\/2022\/wp-content\/uploads\/2021\/01\/logo-noticieros@2x.png","width":1017,"height":268,"caption":"Noticieros Canal 7"},"image":{"@id":"https:\/\/canal7slp.tv\/2022\/#\/schema\/logo\/image\/"},"sameAs":["https:\/\/www.facebook.com\/noticieroscanalsiete","https:\/\/x.com\/NOTICIEROS7","https:\/\/www.instagram.com\/canal7_slp","https:\/\/www.youtube.com\/channel\/UCliiYs-gP3JfJeqdPrNdd5A"]},{"@type":"Person","@id":"https:\/\/canal7slp.tv\/2022\/#\/schema\/person\/429704152a21f5f856ce29aa69a238da","name":"Edici\u00f3n Web","image":{"@type":"ImageObject","inLanguage":"es","@id":"https:\/\/secure.gravatar.com\/avatar\/eee448fc3f7164808013b816ba91ac7e43bbe82a70bebac296f8bc6f0addaa1a?s=96&d=mm&r=g","url":"https:\/\/secure.gravatar.com\/avatar\/eee448fc3f7164808013b816ba91ac7e43bbe82a70bebac296f8bc6f0addaa1a?s=96&d=mm&r=g","contentUrl":"https:\/\/secure.gravatar.com\/avatar\/eee448fc3f7164808013b816ba91ac7e43bbe82a70bebac296f8bc6f0addaa1a?s=96&d=mm&r=g","caption":"Edici\u00f3n Web"},"url":"https:\/\/canal7slp.tv\/2022\/author\/edicionweb\/"}]}},"amp_enabled":true,"_links":{"self":[{"href":"https:\/\/canal7slp.tv\/2022\/wp-json\/wp\/v2\/posts\/61637","targetHints":{"allow":["GET"]}}],"collection":[{"href":"https:\/\/canal7slp.tv\/2022\/wp-json\/wp\/v2\/posts"}],"about":[{"href":"https:\/\/canal7slp.tv\/2022\/wp-json\/wp\/v2\/types\/post"}],"author":[{"embeddable":true,"href":"https:\/\/canal7slp.tv\/2022\/wp-json\/wp\/v2\/users\/2"}],"replies":[{"embeddable":true,"href":"https:\/\/canal7slp.tv\/2022\/wp-json\/wp\/v2\/comments?post=61637"}],"version-history":[{"count":1,"href":"https:\/\/canal7slp.tv\/2022\/wp-json\/wp\/v2\/posts\/61637\/revisions"}],"predecessor-version":[{"id":61639,"href":"https:\/\/canal7slp.tv\/2022\/wp-json\/wp\/v2\/posts\/61637\/revisions\/61639"}],"wp:featuredmedia":[{"embeddable":true,"href":"https:\/\/canal7slp.tv\/2022\/wp-json\/wp\/v2\/media\/61634"}],"wp:attachment":[{"href":"https:\/\/canal7slp.tv\/2022\/wp-json\/wp\/v2\/media?parent=61637"}],"wp:term":[{"taxonomy":"category","embeddable":true,"href":"https:\/\/canal7slp.tv\/2022\/wp-json\/wp\/v2\/categories?post=61637"},{"taxonomy":"post_tag","embeddable":true,"href":"https:\/\/canal7slp.tv\/2022\/wp-json\/wp\/v2\/tags?post=61637"}],"curies":[{"name":"wp","href":"https:\/\/api.w.org\/{rel}","templated":true}]}}