{"id":61636,"date":"2022-05-27T18:23:49","date_gmt":"2022-05-28T00:23:49","guid":{"rendered":"https:\/\/canal7slp.tv\/2022\/?p=61636"},"modified":"2022-05-27T18:25:37","modified_gmt":"2022-05-28T00:25:37","slug":"proyecto-para-que-en-soledad-de-graciano-sanchez-se-conceda-declaratoria-de-centro-historico-registra-80-por-ciento-de-avance","status":"publish","type":"post","link":"https:\/\/canal7slp.tv\/2022\/proyecto-para-que-en-soledad-de-graciano-sanchez-se-conceda-declaratoria-de-centro-historico-registra-80-por-ciento-de-avance\/","title":{"rendered":"Proyecto para que en Soledad de Graciano S\u00e1nchez se conceda declaratoria de Centro Hist\u00f3rico registra 80 por ciento de avance."},"content":{"rendered":"<p style=\"text-align: justify;\">SGS.- Antes de que concluya la presente administraci\u00f3n el municipio de Soledad de Graciano S\u00e1nchez podr\u00eda tener otra imagen con el proyecto para lograr que sea considerado centro hist\u00f3rico por decreto federal.<\/p>\n<p style=\"text-align: justify;\">As\u00ed lo dio a conocer el cronista y responsable de la Unidad de Gesti\u00f3n del Patrimonio Hist\u00f3rico de este municipio, Juan S\u00e1nchez Cabrera.<\/p>\n<p style=\"text-align: justify;\">Explic\u00f3 que ya se cuenta con un expediente t\u00e9cnico que contiene estudios, documentos y antecedentes hist\u00f3ricos y planos del municipio y de los cuales, ya tienen conocimiento las autoridades federales.<\/p>\n<p style=\"text-align: justify;\">El cronista del municipio soledense dijo que actualmente se est\u00e1 en un proceso de informaci\u00f3n entre la poblaci\u00f3n en general a trav\u00e9s de folletos para su conocimiento, y que ayudar\u00e1 a proyectar al municipio pues se pretende tambi\u00e9n obtener la declaratoria como Pueblo M\u00e1gico.\u00b4<\/p>\n<p style=\"text-align: justify;\">En este sentido, el funcionario municipal afirm\u00f3 que tambi\u00e9n se dialogar\u00e1 con el comercio establecido para la mejora de la imagen urbana en lo que respecta a la cabecera municipal al decir que en este proyecto, se tiene un 80 por ciento de avance.<\/p>\n<p style=\"text-align: justify;\">Por: Claudio Ibarra<\/p>\n","protected":false},"excerpt":{"rendered":"<p>SGS.- Antes de que concluya la presente administraci\u00f3n el municipio de Soledad de Graciano S\u00e1nchez podr\u00eda tener otra imagen con el proyecto para lograr que sea considerado centro hist\u00f3rico por decreto federal. As\u00ed lo dio a conocer el cronista y responsable de la Unidad de Gesti\u00f3n del Patrimonio Hist\u00f3rico de este municipio, Juan S\u00e1nchez Cabrera. Explic\u00f3 que ya se cuenta con un expediente t\u00e9cnico que contiene estudios, documentos y antecedentes hist\u00f3ricos y planos del municipio y de los cuales, ya tienen conocimiento las autoridades federales. El cronista del municipio soledense dijo que actualmente se est\u00e1 en un proceso de informaci\u00f3n [&hellip;]<\/p>\n","protected":false},"author":2,"featured_media":61631,"comment_status":"closed","ping_status":"closed","sticky":false,"template":"","format":"standard","meta":{"footnotes":""},"categories":[512,5,45],"tags":[],"class_list":["post-61636","post","type-post","status-publish","format-standard","has-post-thumbnail","hentry","category-ayosgs","category-destacadas","category-localesyregionales","post--single"],"yoast_head":"<!-- This site is optimized with the Yoast SEO plugin v27.4 - https:\/\/yoast.com\/product\/yoast-seo-wordpress\/ -->\n<title>Proyecto para que en Soledad de Graciano S\u00e1nchez se conceda declaratoria de Centro Hist\u00f3rico registra 80 por ciento de avance. - Canal 7 SLP - 2022<\/title>\n<meta name=\"robots\" content=\"index, follow, max-snippet:-1, max-image-preview:large, max-video-preview:-1\" \/>\n<link rel=\"canonical\" href=\"https:\/\/canal7slp.tv\/2022\/proyecto-para-que-en-soledad-de-graciano-sanchez-se-conceda-declaratoria-de-centro-historico-registra-80-por-ciento-de-avance\/\" \/>\n<meta property=\"og:locale\" content=\"es_ES\" \/>\n<meta property=\"og:type\" content=\"article\" \/>\n<meta property=\"og:title\" content=\"Proyecto para que en Soledad de Graciano S\u00e1nchez se conceda declaratoria de Centro Hist\u00f3rico registra 80 por ciento de avance. - Canal 7 SLP - 2022\" \/>\n<meta property=\"og:description\" content=\"SGS.- Antes de que concluya la presente administraci\u00f3n el municipio de Soledad de Graciano S\u00e1nchez podr\u00eda tener otra imagen con el proyecto para lograr que sea considerado centro hist\u00f3rico por decreto federal. As\u00ed lo dio a conocer el cronista y responsable de la Unidad de Gesti\u00f3n del Patrimonio Hist\u00f3rico de este municipio, Juan S\u00e1nchez Cabrera. Explic\u00f3 que ya se cuenta con un expediente t\u00e9cnico que contiene estudios, documentos y antecedentes hist\u00f3ricos y planos del municipio y de los cuales, ya tienen conocimiento las autoridades federales. El cronista del municipio soledense dijo que actualmente se est\u00e1 en un proceso de informaci\u00f3n [&hellip;]\" \/>\n<meta property=\"og:url\" content=\"https:\/\/canal7slp.tv\/2022\/proyecto-para-que-en-soledad-de-graciano-sanchez-se-conceda-declaratoria-de-centro-historico-registra-80-por-ciento-de-avance\/\" \/>\n<meta property=\"og:site_name\" content=\"Canal 7 SLP - 2022\" \/>\n<meta property=\"article:publisher\" content=\"https:\/\/www.facebook.com\/noticieroscanalsiete\" \/>\n<meta property=\"article:published_time\" content=\"2022-05-28T00:23:49+00:00\" \/>\n<meta property=\"article:modified_time\" content=\"2022-05-28T00:25:37+00:00\" \/>\n<meta property=\"og:image\" content=\"https:\/\/canal7slp.tv\/2022\/wp-content\/uploads\/2022\/05\/Claudio02Decreto.jpg\" \/>\n\t<meta property=\"og:image:width\" content=\"888\" \/>\n\t<meta property=\"og:image:height\" content=\"500\" \/>\n\t<meta property=\"og:image:type\" content=\"image\/jpeg\" \/>\n<meta name=\"author\" content=\"Edici\u00f3n Web\" \/>\n<meta name=\"twitter:card\" content=\"summary_large_image\" \/>\n<meta name=\"twitter:creator\" content=\"@NOTICIEROS7\" \/>\n<meta name=\"twitter:site\" content=\"@NOTICIEROS7\" \/>\n<meta name=\"twitter:label1\" content=\"Escrito por\" \/>\n\t<meta name=\"twitter:data1\" content=\"Edici\u00f3n Web\" \/>\n\t<meta name=\"twitter:label2\" content=\"Tiempo de lectura\" \/>\n\t<meta name=\"twitter:data2\" content=\"1 minuto\" \/>\n<script type=\"application\/ld+json\" class=\"yoast-schema-graph\">{\"@context\":\"https:\\\/\\\/schema.org\",\"@graph\":[{\"@type\":\"Article\",\"@id\":\"https:\\\/\\\/canal7slp.tv\\\/2022\\\/proyecto-para-que-en-soledad-de-graciano-sanchez-se-conceda-declaratoria-de-centro-historico-registra-80-por-ciento-de-avance\\\/#article\",\"isPartOf\":{\"@id\":\"https:\\\/\\\/canal7slp.tv\\\/2022\\\/proyecto-para-que-en-soledad-de-graciano-sanchez-se-conceda-declaratoria-de-centro-historico-registra-80-por-ciento-de-avance\\\/\"},\"author\":{\"name\":\"Edici\u00f3n Web\",\"@id\":\"https:\\\/\\\/canal7slp.tv\\\/2022\\\/#\\\/schema\\\/person\\\/429704152a21f5f856ce29aa69a238da\"},\"headline\":\"Proyecto para que en Soledad de Graciano S\u00e1nchez se conceda declaratoria de Centro Hist\u00f3rico registra 80 por ciento de avance.\",\"datePublished\":\"2022-05-28T00:23:49+00:00\",\"dateModified\":\"2022-05-28T00:25:37+00:00\",\"mainEntityOfPage\":{\"@id\":\"https:\\\/\\\/canal7slp.tv\\\/2022\\\/proyecto-para-que-en-soledad-de-graciano-sanchez-se-conceda-declaratoria-de-centro-historico-registra-80-por-ciento-de-avance\\\/\"},\"wordCount\":212,\"publisher\":{\"@id\":\"https:\\\/\\\/canal7slp.tv\\\/2022\\\/#organization\"},\"image\":{\"@id\":\"https:\\\/\\\/canal7slp.tv\\\/2022\\\/proyecto-para-que-en-soledad-de-graciano-sanchez-se-conceda-declaratoria-de-centro-historico-registra-80-por-ciento-de-avance\\\/#primaryimage\"},\"thumbnailUrl\":\"https:\\\/\\\/canal7slp.tv\\\/2022\\\/wp-content\\\/uploads\\\/2022\\\/05\\\/Claudio02Decreto.jpg\",\"articleSection\":[\"AYOSGS\",\"DESTACADAS\",\"LOCALES Y REGIONALES\"],\"inLanguage\":\"es\"},{\"@type\":\"WebPage\",\"@id\":\"https:\\\/\\\/canal7slp.tv\\\/2022\\\/proyecto-para-que-en-soledad-de-graciano-sanchez-se-conceda-declaratoria-de-centro-historico-registra-80-por-ciento-de-avance\\\/\",\"url\":\"https:\\\/\\\/canal7slp.tv\\\/2022\\\/proyecto-para-que-en-soledad-de-graciano-sanchez-se-conceda-declaratoria-de-centro-historico-registra-80-por-ciento-de-avance\\\/\",\"name\":\"Proyecto para que en Soledad de Graciano S\u00e1nchez se conceda declaratoria de Centro Hist\u00f3rico registra 80 por ciento de avance. - Canal 7 SLP - 2022\",\"isPartOf\":{\"@id\":\"https:\\\/\\\/canal7slp.tv\\\/2022\\\/#website\"},\"primaryImageOfPage\":{\"@id\":\"https:\\\/\\\/canal7slp.tv\\\/2022\\\/proyecto-para-que-en-soledad-de-graciano-sanchez-se-conceda-declaratoria-de-centro-historico-registra-80-por-ciento-de-avance\\\/#primaryimage\"},\"image\":{\"@id\":\"https:\\\/\\\/canal7slp.tv\\\/2022\\\/proyecto-para-que-en-soledad-de-graciano-sanchez-se-conceda-declaratoria-de-centro-historico-registra-80-por-ciento-de-avance\\\/#primaryimage\"},\"thumbnailUrl\":\"https:\\\/\\\/canal7slp.tv\\\/2022\\\/wp-content\\\/uploads\\\/2022\\\/05\\\/Claudio02Decreto.jpg\",\"datePublished\":\"2022-05-28T00:23:49+00:00\",\"dateModified\":\"2022-05-28T00:25:37+00:00\",\"breadcrumb\":{\"@id\":\"https:\\\/\\\/canal7slp.tv\\\/2022\\\/proyecto-para-que-en-soledad-de-graciano-sanchez-se-conceda-declaratoria-de-centro-historico-registra-80-por-ciento-de-avance\\\/#breadcrumb\"},\"inLanguage\":\"es\",\"potentialAction\":[{\"@type\":\"ReadAction\",\"target\":[\"https:\\\/\\\/canal7slp.tv\\\/2022\\\/proyecto-para-que-en-soledad-de-graciano-sanchez-se-conceda-declaratoria-de-centro-historico-registra-80-por-ciento-de-avance\\\/\"]}]},{\"@type\":\"ImageObject\",\"inLanguage\":\"es\",\"@id\":\"https:\\\/\\\/canal7slp.tv\\\/2022\\\/proyecto-para-que-en-soledad-de-graciano-sanchez-se-conceda-declaratoria-de-centro-historico-registra-80-por-ciento-de-avance\\\/#primaryimage\",\"url\":\"https:\\\/\\\/canal7slp.tv\\\/2022\\\/wp-content\\\/uploads\\\/2022\\\/05\\\/Claudio02Decreto.jpg\",\"contentUrl\":\"https:\\\/\\\/canal7slp.tv\\\/2022\\\/wp-content\\\/uploads\\\/2022\\\/05\\\/Claudio02Decreto.jpg\",\"width\":888,\"height\":500},{\"@type\":\"BreadcrumbList\",\"@id\":\"https:\\\/\\\/canal7slp.tv\\\/2022\\\/proyecto-para-que-en-soledad-de-graciano-sanchez-se-conceda-declaratoria-de-centro-historico-registra-80-por-ciento-de-avance\\\/#breadcrumb\",\"itemListElement\":[{\"@type\":\"ListItem\",\"position\":1,\"name\":\"Portada\",\"item\":\"https:\\\/\\\/canal7slp.tv\\\/2022\\\/\"},{\"@type\":\"ListItem\",\"position\":2,\"name\":\"Proyecto para que en Soledad de Graciano S\u00e1nchez se conceda declaratoria de Centro Hist\u00f3rico registra 80 por ciento de avance.\"}]},{\"@type\":\"WebSite\",\"@id\":\"https:\\\/\\\/canal7slp.tv\\\/2022\\\/#website\",\"url\":\"https:\\\/\\\/canal7slp.tv\\\/2022\\\/\",\"name\":\"N7 - Noticieros Canal 7\",\"description\":\"Somos Televisi\u00f3n\",\"publisher\":{\"@id\":\"https:\\\/\\\/canal7slp.tv\\\/2022\\\/#organization\"},\"potentialAction\":[{\"@type\":\"SearchAction\",\"target\":{\"@type\":\"EntryPoint\",\"urlTemplate\":\"https:\\\/\\\/canal7slp.tv\\\/2022\\\/?s={search_term_string}\"},\"query-input\":{\"@type\":\"PropertyValueSpecification\",\"valueRequired\":true,\"valueName\":\"search_term_string\"}}],\"inLanguage\":\"es\"},{\"@type\":\"Organization\",\"@id\":\"https:\\\/\\\/canal7slp.tv\\\/2022\\\/#organization\",\"name\":\"Noticieros Canal 7\",\"url\":\"https:\\\/\\\/canal7slp.tv\\\/2022\\\/\",\"logo\":{\"@type\":\"ImageObject\",\"inLanguage\":\"es\",\"@id\":\"https:\\\/\\\/canal7slp.tv\\\/2022\\\/#\\\/schema\\\/logo\\\/image\\\/\",\"url\":\"https:\\\/\\\/canal7slp.tv\\\/2022\\\/wp-content\\\/uploads\\\/2021\\\/01\\\/logo-noticieros@2x.png\",\"contentUrl\":\"https:\\\/\\\/canal7slp.tv\\\/2022\\\/wp-content\\\/uploads\\\/2021\\\/01\\\/logo-noticieros@2x.png\",\"width\":1017,\"height\":268,\"caption\":\"Noticieros Canal 7\"},\"image\":{\"@id\":\"https:\\\/\\\/canal7slp.tv\\\/2022\\\/#\\\/schema\\\/logo\\\/image\\\/\"},\"sameAs\":[\"https:\\\/\\\/www.facebook.com\\\/noticieroscanalsiete\",\"https:\\\/\\\/x.com\\\/NOTICIEROS7\",\"https:\\\/\\\/www.instagram.com\\\/canal7_slp\",\"https:\\\/\\\/www.youtube.com\\\/channel\\\/UCliiYs-gP3JfJeqdPrNdd5A\"]},{\"@type\":\"Person\",\"@id\":\"https:\\\/\\\/canal7slp.tv\\\/2022\\\/#\\\/schema\\\/person\\\/429704152a21f5f856ce29aa69a238da\",\"name\":\"Edici\u00f3n Web\",\"image\":{\"@type\":\"ImageObject\",\"inLanguage\":\"es\",\"@id\":\"https:\\\/\\\/secure.gravatar.com\\\/avatar\\\/eee448fc3f7164808013b816ba91ac7e43bbe82a70bebac296f8bc6f0addaa1a?s=96&d=mm&r=g\",\"url\":\"https:\\\/\\\/secure.gravatar.com\\\/avatar\\\/eee448fc3f7164808013b816ba91ac7e43bbe82a70bebac296f8bc6f0addaa1a?s=96&d=mm&r=g\",\"contentUrl\":\"https:\\\/\\\/secure.gravatar.com\\\/avatar\\\/eee448fc3f7164808013b816ba91ac7e43bbe82a70bebac296f8bc6f0addaa1a?s=96&d=mm&r=g\",\"caption\":\"Edici\u00f3n Web\"},\"url\":\"https:\\\/\\\/canal7slp.tv\\\/2022\\\/author\\\/edicionweb\\\/\"}]}<\/script>\n<!-- \/ Yoast SEO plugin. -->","yoast_head_json":{"title":"Proyecto para que en Soledad de Graciano S\u00e1nchez se conceda declaratoria de Centro Hist\u00f3rico registra 80 por ciento de avance. - Canal 7 SLP - 2022","robots":{"index":"index","follow":"follow","max-snippet":"max-snippet:-1","max-image-preview":"max-image-preview:large","max-video-preview":"max-video-preview:-1"},"canonical":"https:\/\/canal7slp.tv\/2022\/proyecto-para-que-en-soledad-de-graciano-sanchez-se-conceda-declaratoria-de-centro-historico-registra-80-por-ciento-de-avance\/","og_locale":"es_ES","og_type":"article","og_title":"Proyecto para que en Soledad de Graciano S\u00e1nchez se conceda declaratoria de Centro Hist\u00f3rico registra 80 por ciento de avance. - Canal 7 SLP - 2022","og_description":"SGS.- Antes de que concluya la presente administraci\u00f3n el municipio de Soledad de Graciano S\u00e1nchez podr\u00eda tener otra imagen con el proyecto para lograr que sea considerado centro hist\u00f3rico por decreto federal. As\u00ed lo dio a conocer el cronista y responsable de la Unidad de Gesti\u00f3n del Patrimonio Hist\u00f3rico de este municipio, Juan S\u00e1nchez Cabrera. Explic\u00f3 que ya se cuenta con un expediente t\u00e9cnico que contiene estudios, documentos y antecedentes hist\u00f3ricos y planos del municipio y de los cuales, ya tienen conocimiento las autoridades federales. El cronista del municipio soledense dijo que actualmente se est\u00e1 en un proceso de informaci\u00f3n [&hellip;]","og_url":"https:\/\/canal7slp.tv\/2022\/proyecto-para-que-en-soledad-de-graciano-sanchez-se-conceda-declaratoria-de-centro-historico-registra-80-por-ciento-de-avance\/","og_site_name":"Canal 7 SLP - 2022","article_publisher":"https:\/\/www.facebook.com\/noticieroscanalsiete","article_published_time":"2022-05-28T00:23:49+00:00","article_modified_time":"2022-05-28T00:25:37+00:00","og_image":[{"width":888,"height":500,"url":"https:\/\/canal7slp.tv\/2022\/wp-content\/uploads\/2022\/05\/Claudio02Decreto.jpg","type":"image\/jpeg"}],"author":"Edici\u00f3n Web","twitter_card":"summary_large_image","twitter_creator":"@NOTICIEROS7","twitter_site":"@NOTICIEROS7","twitter_misc":{"Escrito por":"Edici\u00f3n Web","Tiempo de lectura":"1 minuto"},"schema":{"@context":"https:\/\/schema.org","@graph":[{"@type":"Article","@id":"https:\/\/canal7slp.tv\/2022\/proyecto-para-que-en-soledad-de-graciano-sanchez-se-conceda-declaratoria-de-centro-historico-registra-80-por-ciento-de-avance\/#article","isPartOf":{"@id":"https:\/\/canal7slp.tv\/2022\/proyecto-para-que-en-soledad-de-graciano-sanchez-se-conceda-declaratoria-de-centro-historico-registra-80-por-ciento-de-avance\/"},"author":{"name":"Edici\u00f3n Web","@id":"https:\/\/canal7slp.tv\/2022\/#\/schema\/person\/429704152a21f5f856ce29aa69a238da"},"headline":"Proyecto para que en Soledad de Graciano S\u00e1nchez se conceda declaratoria de Centro Hist\u00f3rico registra 80 por ciento de avance.","datePublished":"2022-05-28T00:23:49+00:00","dateModified":"2022-05-28T00:25:37+00:00","mainEntityOfPage":{"@id":"https:\/\/canal7slp.tv\/2022\/proyecto-para-que-en-soledad-de-graciano-sanchez-se-conceda-declaratoria-de-centro-historico-registra-80-por-ciento-de-avance\/"},"wordCount":212,"publisher":{"@id":"https:\/\/canal7slp.tv\/2022\/#organization"},"image":{"@id":"https:\/\/canal7slp.tv\/2022\/proyecto-para-que-en-soledad-de-graciano-sanchez-se-conceda-declaratoria-de-centro-historico-registra-80-por-ciento-de-avance\/#primaryimage"},"thumbnailUrl":"https:\/\/canal7slp.tv\/2022\/wp-content\/uploads\/2022\/05\/Claudio02Decreto.jpg","articleSection":["AYOSGS","DESTACADAS","LOCALES Y REGIONALES"],"inLanguage":"es"},{"@type":"WebPage","@id":"https:\/\/canal7slp.tv\/2022\/proyecto-para-que-en-soledad-de-graciano-sanchez-se-conceda-declaratoria-de-centro-historico-registra-80-por-ciento-de-avance\/","url":"https:\/\/canal7slp.tv\/2022\/proyecto-para-que-en-soledad-de-graciano-sanchez-se-conceda-declaratoria-de-centro-historico-registra-80-por-ciento-de-avance\/","name":"Proyecto para que en Soledad de Graciano S\u00e1nchez se conceda declaratoria de Centro Hist\u00f3rico registra 80 por ciento de avance. - Canal 7 SLP - 2022","isPartOf":{"@id":"https:\/\/canal7slp.tv\/2022\/#website"},"primaryImageOfPage":{"@id":"https:\/\/canal7slp.tv\/2022\/proyecto-para-que-en-soledad-de-graciano-sanchez-se-conceda-declaratoria-de-centro-historico-registra-80-por-ciento-de-avance\/#primaryimage"},"image":{"@id":"https:\/\/canal7slp.tv\/2022\/proyecto-para-que-en-soledad-de-graciano-sanchez-se-conceda-declaratoria-de-centro-historico-registra-80-por-ciento-de-avance\/#primaryimage"},"thumbnailUrl":"https:\/\/canal7slp.tv\/2022\/wp-content\/uploads\/2022\/05\/Claudio02Decreto.jpg","datePublished":"2022-05-28T00:23:49+00:00","dateModified":"2022-05-28T00:25:37+00:00","breadcrumb":{"@id":"https:\/\/canal7slp.tv\/2022\/proyecto-para-que-en-soledad-de-graciano-sanchez-se-conceda-declaratoria-de-centro-historico-registra-80-por-ciento-de-avance\/#breadcrumb"},"inLanguage":"es","potentialAction":[{"@type":"ReadAction","target":["https:\/\/canal7slp.tv\/2022\/proyecto-para-que-en-soledad-de-graciano-sanchez-se-conceda-declaratoria-de-centro-historico-registra-80-por-ciento-de-avance\/"]}]},{"@type":"ImageObject","inLanguage":"es","@id":"https:\/\/canal7slp.tv\/2022\/proyecto-para-que-en-soledad-de-graciano-sanchez-se-conceda-declaratoria-de-centro-historico-registra-80-por-ciento-de-avance\/#primaryimage","url":"https:\/\/canal7slp.tv\/2022\/wp-content\/uploads\/2022\/05\/Claudio02Decreto.jpg","contentUrl":"https:\/\/canal7slp.tv\/2022\/wp-content\/uploads\/2022\/05\/Claudio02Decreto.jpg","width":888,"height":500},{"@type":"BreadcrumbList","@id":"https:\/\/canal7slp.tv\/2022\/proyecto-para-que-en-soledad-de-graciano-sanchez-se-conceda-declaratoria-de-centro-historico-registra-80-por-ciento-de-avance\/#breadcrumb","itemListElement":[{"@type":"ListItem","position":1,"name":"Portada","item":"https:\/\/canal7slp.tv\/2022\/"},{"@type":"ListItem","position":2,"name":"Proyecto para que en Soledad de Graciano S\u00e1nchez se conceda declaratoria de Centro Hist\u00f3rico registra 80 por ciento de avance."}]},{"@type":"WebSite","@id":"https:\/\/canal7slp.tv\/2022\/#website","url":"https:\/\/canal7slp.tv\/2022\/","name":"N7 - Noticieros Canal 7","description":"Somos Televisi\u00f3n","publisher":{"@id":"https:\/\/canal7slp.tv\/2022\/#organization"},"potentialAction":[{"@type":"SearchAction","target":{"@type":"EntryPoint","urlTemplate":"https:\/\/canal7slp.tv\/2022\/?s={search_term_string}"},"query-input":{"@type":"PropertyValueSpecification","valueRequired":true,"valueName":"search_term_string"}}],"inLanguage":"es"},{"@type":"Organization","@id":"https:\/\/canal7slp.tv\/2022\/#organization","name":"Noticieros Canal 7","url":"https:\/\/canal7slp.tv\/2022\/","logo":{"@type":"ImageObject","inLanguage":"es","@id":"https:\/\/canal7slp.tv\/2022\/#\/schema\/logo\/image\/","url":"https:\/\/canal7slp.tv\/2022\/wp-content\/uploads\/2021\/01\/logo-noticieros@2x.png","contentUrl":"https:\/\/canal7slp.tv\/2022\/wp-content\/uploads\/2021\/01\/logo-noticieros@2x.png","width":1017,"height":268,"caption":"Noticieros Canal 7"},"image":{"@id":"https:\/\/canal7slp.tv\/2022\/#\/schema\/logo\/image\/"},"sameAs":["https:\/\/www.facebook.com\/noticieroscanalsiete","https:\/\/x.com\/NOTICIEROS7","https:\/\/www.instagram.com\/canal7_slp","https:\/\/www.youtube.com\/channel\/UCliiYs-gP3JfJeqdPrNdd5A"]},{"@type":"Person","@id":"https:\/\/canal7slp.tv\/2022\/#\/schema\/person\/429704152a21f5f856ce29aa69a238da","name":"Edici\u00f3n Web","image":{"@type":"ImageObject","inLanguage":"es","@id":"https:\/\/secure.gravatar.com\/avatar\/eee448fc3f7164808013b816ba91ac7e43bbe82a70bebac296f8bc6f0addaa1a?s=96&d=mm&r=g","url":"https:\/\/secure.gravatar.com\/avatar\/eee448fc3f7164808013b816ba91ac7e43bbe82a70bebac296f8bc6f0addaa1a?s=96&d=mm&r=g","contentUrl":"https:\/\/secure.gravatar.com\/avatar\/eee448fc3f7164808013b816ba91ac7e43bbe82a70bebac296f8bc6f0addaa1a?s=96&d=mm&r=g","caption":"Edici\u00f3n Web"},"url":"https:\/\/canal7slp.tv\/2022\/author\/edicionweb\/"}]}},"amp_enabled":true,"_links":{"self":[{"href":"https:\/\/canal7slp.tv\/2022\/wp-json\/wp\/v2\/posts\/61636","targetHints":{"allow":["GET"]}}],"collection":[{"href":"https:\/\/canal7slp.tv\/2022\/wp-json\/wp\/v2\/posts"}],"about":[{"href":"https:\/\/canal7slp.tv\/2022\/wp-json\/wp\/v2\/types\/post"}],"author":[{"embeddable":true,"href":"https:\/\/canal7slp.tv\/2022\/wp-json\/wp\/v2\/users\/2"}],"replies":[{"embeddable":true,"href":"https:\/\/canal7slp.tv\/2022\/wp-json\/wp\/v2\/comments?post=61636"}],"version-history":[{"count":1,"href":"https:\/\/canal7slp.tv\/2022\/wp-json\/wp\/v2\/posts\/61636\/revisions"}],"predecessor-version":[{"id":61638,"href":"https:\/\/canal7slp.tv\/2022\/wp-json\/wp\/v2\/posts\/61636\/revisions\/61638"}],"wp:featuredmedia":[{"embeddable":true,"href":"https:\/\/canal7slp.tv\/2022\/wp-json\/wp\/v2\/media\/61631"}],"wp:attachment":[{"href":"https:\/\/canal7slp.tv\/2022\/wp-json\/wp\/v2\/media?parent=61636"}],"wp:term":[{"taxonomy":"category","embeddable":true,"href":"https:\/\/canal7slp.tv\/2022\/wp-json\/wp\/v2\/categories?post=61636"},{"taxonomy":"post_tag","embeddable":true,"href":"https:\/\/canal7slp.tv\/2022\/wp-json\/wp\/v2\/tags?post=61636"}],"curies":[{"name":"wp","href":"https:\/\/api.w.org\/{rel}","templated":true}]}}