{"id":61609,"date":"2022-05-27T18:33:32","date_gmt":"2022-05-28T00:33:32","guid":{"rendered":"https:\/\/canal7slp.tv\/2022\/?p=61609"},"modified":"2022-05-27T18:33:32","modified_gmt":"2022-05-28T00:33:32","slug":"accion-nacional-se-pronuncia-en-contra-del-denominado-impuesto-rosa","status":"publish","type":"post","link":"https:\/\/canal7slp.tv\/2022\/accion-nacional-se-pronuncia-en-contra-del-denominado-impuesto-rosa\/","title":{"rendered":"Acci\u00f3n Nacional se pronuncia en contra del denominado \u201cImpuesto Rosa\u201d."},"content":{"rendered":"<p style=\"text-align: justify;\">SLP.- Se denomina impuesto rosa o tasa rosa al costo adicional de productos cuando son destinados a mujeres, en especial cuando son funcionalmente id\u00e9nticos a sus equivalentes destinados a los hombres.<\/p>\n<p style=\"text-align: justify;\">En este sentido, el Partido Acci\u00f3n Nacional llevo a cabo una pl\u00e1tica virtual para visibilizar esta problem\u00e1tica al afirmar que adem\u00e1s de que da\u00f1a la econom\u00eda de las f\u00e9minas, hace m\u00e1s grande la brecha salarial entre hombres y mujeres.<\/p>\n<p style=\"text-align: justify;\">En esta reuni\u00f3n se hizo una reflexi\u00f3n sobre las desigualdades que tienen mayor peso en la sociedad, las finanzas de las mujeres y su relaci\u00f3n con el llamado impuesto rosa, el cual, se afirm\u00f3 que \u00a0refleja un aumento en el precio de diferentes productos femeninos, en comparaci\u00f3n con los mismo productos para los hombres.<\/p>\n<p style=\"text-align: justify;\">Al hacerse un an\u00e1lisis sobre el impacto del llamado impuesto rosa en la vida de las mujeres mexicanas se destac\u00f3 lo absurdo que es el hecho de que \u201cpor unos simples dibujitos, olores \u00f3 colores que tengan los productos para mujeres sea la causa de que su precio se incremente hasta 4 veces m\u00e1s que los productos para hombres\u201d, y que esto provoque un duro golpe a su econom\u00eda.<\/p>\n<p style=\"text-align: justify;\">Asimismo, en esta reuni\u00f3n se hizo \u00e9nfasis en que el gobierno de M\u00e9xico no est\u00e1 haciendo nada para obligar a las empresas a desaparecer esta disparidad, en los precios de los productos para las mujeres.<\/p>\n<p>Por: Claudio Ibarra<\/p>\n","protected":false},"excerpt":{"rendered":"<p>SLP.- Se denomina impuesto rosa o tasa rosa al costo adicional de productos cuando son destinados a mujeres, en especial cuando son funcionalmente id\u00e9nticos a sus equivalentes destinados a los hombres. En este sentido, el Partido Acci\u00f3n Nacional llevo a cabo una pl\u00e1tica virtual para visibilizar esta problem\u00e1tica al afirmar que adem\u00e1s de que da\u00f1a la econom\u00eda de las f\u00e9minas, hace m\u00e1s grande la brecha salarial entre hombres y mujeres. En esta reuni\u00f3n se hizo una reflexi\u00f3n sobre las desigualdades que tienen mayor peso en la sociedad, las finanzas de las mujeres y su relaci\u00f3n con el llamado impuesto rosa, [&hellip;]<\/p>\n","protected":false},"author":2,"featured_media":61640,"comment_status":"closed","ping_status":"closed","sticky":false,"template":"","format":"video","meta":{"footnotes":""},"categories":[5,45],"tags":[],"class_list":["post-61609","post","type-post","status-publish","format-video","has-post-thumbnail","hentry","category-destacadas","category-localesyregionales","post_format-post-format-video","post--single"],"yoast_head":"<!-- This site is optimized with the Yoast SEO plugin v27.4 - https:\/\/yoast.com\/product\/yoast-seo-wordpress\/ -->\n<title>Acci\u00f3n Nacional se pronuncia en contra del denominado \u201cImpuesto Rosa\u201d. - Canal 7 SLP - 2022<\/title>\n<meta name=\"robots\" content=\"index, follow, max-snippet:-1, max-image-preview:large, max-video-preview:-1\" \/>\n<link rel=\"canonical\" href=\"https:\/\/canal7slp.tv\/2022\/accion-nacional-se-pronuncia-en-contra-del-denominado-impuesto-rosa\/\" \/>\n<meta property=\"og:locale\" content=\"es_ES\" \/>\n<meta property=\"og:type\" content=\"article\" \/>\n<meta property=\"og:title\" content=\"Acci\u00f3n Nacional se pronuncia en contra del denominado \u201cImpuesto Rosa\u201d. - Canal 7 SLP - 2022\" \/>\n<meta property=\"og:description\" content=\"SLP.- Se denomina impuesto rosa o tasa rosa al costo adicional de productos cuando son destinados a mujeres, en especial cuando son funcionalmente id\u00e9nticos a sus equivalentes destinados a los hombres. En este sentido, el Partido Acci\u00f3n Nacional llevo a cabo una pl\u00e1tica virtual para visibilizar esta problem\u00e1tica al afirmar que adem\u00e1s de que da\u00f1a la econom\u00eda de las f\u00e9minas, hace m\u00e1s grande la brecha salarial entre hombres y mujeres. En esta reuni\u00f3n se hizo una reflexi\u00f3n sobre las desigualdades que tienen mayor peso en la sociedad, las finanzas de las mujeres y su relaci\u00f3n con el llamado impuesto rosa, [&hellip;]\" \/>\n<meta property=\"og:url\" content=\"https:\/\/canal7slp.tv\/2022\/accion-nacional-se-pronuncia-en-contra-del-denominado-impuesto-rosa\/\" \/>\n<meta property=\"og:site_name\" content=\"Canal 7 SLP - 2022\" \/>\n<meta property=\"article:publisher\" content=\"https:\/\/www.facebook.com\/noticieroscanalsiete\" \/>\n<meta property=\"article:published_time\" content=\"2022-05-28T00:33:32+00:00\" \/>\n<meta property=\"og:image\" content=\"https:\/\/canal7slp.tv\/2022\/wp-content\/uploads\/2022\/05\/Claudio04Rosa.jpg\" \/>\n\t<meta property=\"og:image:width\" content=\"888\" \/>\n\t<meta property=\"og:image:height\" content=\"500\" \/>\n\t<meta property=\"og:image:type\" content=\"image\/jpeg\" \/>\n<meta name=\"author\" content=\"Edici\u00f3n Web\" \/>\n<meta name=\"twitter:card\" content=\"summary_large_image\" \/>\n<meta name=\"twitter:creator\" content=\"@NOTICIEROS7\" \/>\n<meta name=\"twitter:site\" content=\"@NOTICIEROS7\" \/>\n<meta name=\"twitter:label1\" content=\"Escrito por\" \/>\n\t<meta name=\"twitter:data1\" content=\"Edici\u00f3n Web\" \/>\n\t<meta name=\"twitter:label2\" content=\"Tiempo de lectura\" \/>\n\t<meta name=\"twitter:data2\" content=\"2 minutos\" \/>\n<script type=\"application\/ld+json\" class=\"yoast-schema-graph\">{\"@context\":\"https:\\\/\\\/schema.org\",\"@graph\":[{\"@type\":\"Article\",\"@id\":\"https:\\\/\\\/canal7slp.tv\\\/2022\\\/accion-nacional-se-pronuncia-en-contra-del-denominado-impuesto-rosa\\\/#article\",\"isPartOf\":{\"@id\":\"https:\\\/\\\/canal7slp.tv\\\/2022\\\/accion-nacional-se-pronuncia-en-contra-del-denominado-impuesto-rosa\\\/\"},\"author\":{\"name\":\"Edici\u00f3n Web\",\"@id\":\"https:\\\/\\\/canal7slp.tv\\\/2022\\\/#\\\/schema\\\/person\\\/429704152a21f5f856ce29aa69a238da\"},\"headline\":\"Acci\u00f3n Nacional se pronuncia en contra del denominado \u201cImpuesto Rosa\u201d.\",\"datePublished\":\"2022-05-28T00:33:32+00:00\",\"mainEntityOfPage\":{\"@id\":\"https:\\\/\\\/canal7slp.tv\\\/2022\\\/accion-nacional-se-pronuncia-en-contra-del-denominado-impuesto-rosa\\\/\"},\"wordCount\":259,\"publisher\":{\"@id\":\"https:\\\/\\\/canal7slp.tv\\\/2022\\\/#organization\"},\"image\":{\"@id\":\"https:\\\/\\\/canal7slp.tv\\\/2022\\\/accion-nacional-se-pronuncia-en-contra-del-denominado-impuesto-rosa\\\/#primaryimage\"},\"thumbnailUrl\":\"https:\\\/\\\/canal7slp.tv\\\/2022\\\/wp-content\\\/uploads\\\/2022\\\/05\\\/Claudio04Rosa.jpg\",\"articleSection\":[\"DESTACADAS\",\"LOCALES Y REGIONALES\"],\"inLanguage\":\"es\"},{\"@type\":\"WebPage\",\"@id\":\"https:\\\/\\\/canal7slp.tv\\\/2022\\\/accion-nacional-se-pronuncia-en-contra-del-denominado-impuesto-rosa\\\/\",\"url\":\"https:\\\/\\\/canal7slp.tv\\\/2022\\\/accion-nacional-se-pronuncia-en-contra-del-denominado-impuesto-rosa\\\/\",\"name\":\"Acci\u00f3n Nacional se pronuncia en contra del denominado \u201cImpuesto Rosa\u201d. - Canal 7 SLP - 2022\",\"isPartOf\":{\"@id\":\"https:\\\/\\\/canal7slp.tv\\\/2022\\\/#website\"},\"primaryImageOfPage\":{\"@id\":\"https:\\\/\\\/canal7slp.tv\\\/2022\\\/accion-nacional-se-pronuncia-en-contra-del-denominado-impuesto-rosa\\\/#primaryimage\"},\"image\":{\"@id\":\"https:\\\/\\\/canal7slp.tv\\\/2022\\\/accion-nacional-se-pronuncia-en-contra-del-denominado-impuesto-rosa\\\/#primaryimage\"},\"thumbnailUrl\":\"https:\\\/\\\/canal7slp.tv\\\/2022\\\/wp-content\\\/uploads\\\/2022\\\/05\\\/Claudio04Rosa.jpg\",\"datePublished\":\"2022-05-28T00:33:32+00:00\",\"breadcrumb\":{\"@id\":\"https:\\\/\\\/canal7slp.tv\\\/2022\\\/accion-nacional-se-pronuncia-en-contra-del-denominado-impuesto-rosa\\\/#breadcrumb\"},\"inLanguage\":\"es\",\"potentialAction\":[{\"@type\":\"ReadAction\",\"target\":[\"https:\\\/\\\/canal7slp.tv\\\/2022\\\/accion-nacional-se-pronuncia-en-contra-del-denominado-impuesto-rosa\\\/\"]}]},{\"@type\":\"ImageObject\",\"inLanguage\":\"es\",\"@id\":\"https:\\\/\\\/canal7slp.tv\\\/2022\\\/accion-nacional-se-pronuncia-en-contra-del-denominado-impuesto-rosa\\\/#primaryimage\",\"url\":\"https:\\\/\\\/canal7slp.tv\\\/2022\\\/wp-content\\\/uploads\\\/2022\\\/05\\\/Claudio04Rosa.jpg\",\"contentUrl\":\"https:\\\/\\\/canal7slp.tv\\\/2022\\\/wp-content\\\/uploads\\\/2022\\\/05\\\/Claudio04Rosa.jpg\",\"width\":888,\"height\":500},{\"@type\":\"BreadcrumbList\",\"@id\":\"https:\\\/\\\/canal7slp.tv\\\/2022\\\/accion-nacional-se-pronuncia-en-contra-del-denominado-impuesto-rosa\\\/#breadcrumb\",\"itemListElement\":[{\"@type\":\"ListItem\",\"position\":1,\"name\":\"Portada\",\"item\":\"https:\\\/\\\/canal7slp.tv\\\/2022\\\/\"},{\"@type\":\"ListItem\",\"position\":2,\"name\":\"Acci\u00f3n Nacional se pronuncia en contra del denominado \u201cImpuesto Rosa\u201d.\"}]},{\"@type\":\"WebSite\",\"@id\":\"https:\\\/\\\/canal7slp.tv\\\/2022\\\/#website\",\"url\":\"https:\\\/\\\/canal7slp.tv\\\/2022\\\/\",\"name\":\"N7 - Noticieros Canal 7\",\"description\":\"Somos Televisi\u00f3n\",\"publisher\":{\"@id\":\"https:\\\/\\\/canal7slp.tv\\\/2022\\\/#organization\"},\"potentialAction\":[{\"@type\":\"SearchAction\",\"target\":{\"@type\":\"EntryPoint\",\"urlTemplate\":\"https:\\\/\\\/canal7slp.tv\\\/2022\\\/?s={search_term_string}\"},\"query-input\":{\"@type\":\"PropertyValueSpecification\",\"valueRequired\":true,\"valueName\":\"search_term_string\"}}],\"inLanguage\":\"es\"},{\"@type\":\"Organization\",\"@id\":\"https:\\\/\\\/canal7slp.tv\\\/2022\\\/#organization\",\"name\":\"Noticieros Canal 7\",\"url\":\"https:\\\/\\\/canal7slp.tv\\\/2022\\\/\",\"logo\":{\"@type\":\"ImageObject\",\"inLanguage\":\"es\",\"@id\":\"https:\\\/\\\/canal7slp.tv\\\/2022\\\/#\\\/schema\\\/logo\\\/image\\\/\",\"url\":\"https:\\\/\\\/canal7slp.tv\\\/2022\\\/wp-content\\\/uploads\\\/2021\\\/01\\\/logo-noticieros@2x.png\",\"contentUrl\":\"https:\\\/\\\/canal7slp.tv\\\/2022\\\/wp-content\\\/uploads\\\/2021\\\/01\\\/logo-noticieros@2x.png\",\"width\":1017,\"height\":268,\"caption\":\"Noticieros Canal 7\"},\"image\":{\"@id\":\"https:\\\/\\\/canal7slp.tv\\\/2022\\\/#\\\/schema\\\/logo\\\/image\\\/\"},\"sameAs\":[\"https:\\\/\\\/www.facebook.com\\\/noticieroscanalsiete\",\"https:\\\/\\\/x.com\\\/NOTICIEROS7\",\"https:\\\/\\\/www.instagram.com\\\/canal7_slp\",\"https:\\\/\\\/www.youtube.com\\\/channel\\\/UCliiYs-gP3JfJeqdPrNdd5A\"]},{\"@type\":\"Person\",\"@id\":\"https:\\\/\\\/canal7slp.tv\\\/2022\\\/#\\\/schema\\\/person\\\/429704152a21f5f856ce29aa69a238da\",\"name\":\"Edici\u00f3n Web\",\"image\":{\"@type\":\"ImageObject\",\"inLanguage\":\"es\",\"@id\":\"https:\\\/\\\/secure.gravatar.com\\\/avatar\\\/eee448fc3f7164808013b816ba91ac7e43bbe82a70bebac296f8bc6f0addaa1a?s=96&d=mm&r=g\",\"url\":\"https:\\\/\\\/secure.gravatar.com\\\/avatar\\\/eee448fc3f7164808013b816ba91ac7e43bbe82a70bebac296f8bc6f0addaa1a?s=96&d=mm&r=g\",\"contentUrl\":\"https:\\\/\\\/secure.gravatar.com\\\/avatar\\\/eee448fc3f7164808013b816ba91ac7e43bbe82a70bebac296f8bc6f0addaa1a?s=96&d=mm&r=g\",\"caption\":\"Edici\u00f3n Web\"},\"url\":\"https:\\\/\\\/canal7slp.tv\\\/2022\\\/author\\\/edicionweb\\\/\"}]}<\/script>\n<!-- \/ Yoast SEO plugin. -->","yoast_head_json":{"title":"Acci\u00f3n Nacional se pronuncia en contra del denominado \u201cImpuesto Rosa\u201d. - Canal 7 SLP - 2022","robots":{"index":"index","follow":"follow","max-snippet":"max-snippet:-1","max-image-preview":"max-image-preview:large","max-video-preview":"max-video-preview:-1"},"canonical":"https:\/\/canal7slp.tv\/2022\/accion-nacional-se-pronuncia-en-contra-del-denominado-impuesto-rosa\/","og_locale":"es_ES","og_type":"article","og_title":"Acci\u00f3n Nacional se pronuncia en contra del denominado \u201cImpuesto Rosa\u201d. - Canal 7 SLP - 2022","og_description":"SLP.- Se denomina impuesto rosa o tasa rosa al costo adicional de productos cuando son destinados a mujeres, en especial cuando son funcionalmente id\u00e9nticos a sus equivalentes destinados a los hombres. En este sentido, el Partido Acci\u00f3n Nacional llevo a cabo una pl\u00e1tica virtual para visibilizar esta problem\u00e1tica al afirmar que adem\u00e1s de que da\u00f1a la econom\u00eda de las f\u00e9minas, hace m\u00e1s grande la brecha salarial entre hombres y mujeres. En esta reuni\u00f3n se hizo una reflexi\u00f3n sobre las desigualdades que tienen mayor peso en la sociedad, las finanzas de las mujeres y su relaci\u00f3n con el llamado impuesto rosa, [&hellip;]","og_url":"https:\/\/canal7slp.tv\/2022\/accion-nacional-se-pronuncia-en-contra-del-denominado-impuesto-rosa\/","og_site_name":"Canal 7 SLP - 2022","article_publisher":"https:\/\/www.facebook.com\/noticieroscanalsiete","article_published_time":"2022-05-28T00:33:32+00:00","og_image":[{"width":888,"height":500,"url":"https:\/\/canal7slp.tv\/2022\/wp-content\/uploads\/2022\/05\/Claudio04Rosa.jpg","type":"image\/jpeg"}],"author":"Edici\u00f3n Web","twitter_card":"summary_large_image","twitter_creator":"@NOTICIEROS7","twitter_site":"@NOTICIEROS7","twitter_misc":{"Escrito por":"Edici\u00f3n Web","Tiempo de lectura":"2 minutos"},"schema":{"@context":"https:\/\/schema.org","@graph":[{"@type":"Article","@id":"https:\/\/canal7slp.tv\/2022\/accion-nacional-se-pronuncia-en-contra-del-denominado-impuesto-rosa\/#article","isPartOf":{"@id":"https:\/\/canal7slp.tv\/2022\/accion-nacional-se-pronuncia-en-contra-del-denominado-impuesto-rosa\/"},"author":{"name":"Edici\u00f3n Web","@id":"https:\/\/canal7slp.tv\/2022\/#\/schema\/person\/429704152a21f5f856ce29aa69a238da"},"headline":"Acci\u00f3n Nacional se pronuncia en contra del denominado \u201cImpuesto Rosa\u201d.","datePublished":"2022-05-28T00:33:32+00:00","mainEntityOfPage":{"@id":"https:\/\/canal7slp.tv\/2022\/accion-nacional-se-pronuncia-en-contra-del-denominado-impuesto-rosa\/"},"wordCount":259,"publisher":{"@id":"https:\/\/canal7slp.tv\/2022\/#organization"},"image":{"@id":"https:\/\/canal7slp.tv\/2022\/accion-nacional-se-pronuncia-en-contra-del-denominado-impuesto-rosa\/#primaryimage"},"thumbnailUrl":"https:\/\/canal7slp.tv\/2022\/wp-content\/uploads\/2022\/05\/Claudio04Rosa.jpg","articleSection":["DESTACADAS","LOCALES Y REGIONALES"],"inLanguage":"es"},{"@type":"WebPage","@id":"https:\/\/canal7slp.tv\/2022\/accion-nacional-se-pronuncia-en-contra-del-denominado-impuesto-rosa\/","url":"https:\/\/canal7slp.tv\/2022\/accion-nacional-se-pronuncia-en-contra-del-denominado-impuesto-rosa\/","name":"Acci\u00f3n Nacional se pronuncia en contra del denominado \u201cImpuesto Rosa\u201d. - Canal 7 SLP - 2022","isPartOf":{"@id":"https:\/\/canal7slp.tv\/2022\/#website"},"primaryImageOfPage":{"@id":"https:\/\/canal7slp.tv\/2022\/accion-nacional-se-pronuncia-en-contra-del-denominado-impuesto-rosa\/#primaryimage"},"image":{"@id":"https:\/\/canal7slp.tv\/2022\/accion-nacional-se-pronuncia-en-contra-del-denominado-impuesto-rosa\/#primaryimage"},"thumbnailUrl":"https:\/\/canal7slp.tv\/2022\/wp-content\/uploads\/2022\/05\/Claudio04Rosa.jpg","datePublished":"2022-05-28T00:33:32+00:00","breadcrumb":{"@id":"https:\/\/canal7slp.tv\/2022\/accion-nacional-se-pronuncia-en-contra-del-denominado-impuesto-rosa\/#breadcrumb"},"inLanguage":"es","potentialAction":[{"@type":"ReadAction","target":["https:\/\/canal7slp.tv\/2022\/accion-nacional-se-pronuncia-en-contra-del-denominado-impuesto-rosa\/"]}]},{"@type":"ImageObject","inLanguage":"es","@id":"https:\/\/canal7slp.tv\/2022\/accion-nacional-se-pronuncia-en-contra-del-denominado-impuesto-rosa\/#primaryimage","url":"https:\/\/canal7slp.tv\/2022\/wp-content\/uploads\/2022\/05\/Claudio04Rosa.jpg","contentUrl":"https:\/\/canal7slp.tv\/2022\/wp-content\/uploads\/2022\/05\/Claudio04Rosa.jpg","width":888,"height":500},{"@type":"BreadcrumbList","@id":"https:\/\/canal7slp.tv\/2022\/accion-nacional-se-pronuncia-en-contra-del-denominado-impuesto-rosa\/#breadcrumb","itemListElement":[{"@type":"ListItem","position":1,"name":"Portada","item":"https:\/\/canal7slp.tv\/2022\/"},{"@type":"ListItem","position":2,"name":"Acci\u00f3n Nacional se pronuncia en contra del denominado \u201cImpuesto Rosa\u201d."}]},{"@type":"WebSite","@id":"https:\/\/canal7slp.tv\/2022\/#website","url":"https:\/\/canal7slp.tv\/2022\/","name":"N7 - Noticieros Canal 7","description":"Somos Televisi\u00f3n","publisher":{"@id":"https:\/\/canal7slp.tv\/2022\/#organization"},"potentialAction":[{"@type":"SearchAction","target":{"@type":"EntryPoint","urlTemplate":"https:\/\/canal7slp.tv\/2022\/?s={search_term_string}"},"query-input":{"@type":"PropertyValueSpecification","valueRequired":true,"valueName":"search_term_string"}}],"inLanguage":"es"},{"@type":"Organization","@id":"https:\/\/canal7slp.tv\/2022\/#organization","name":"Noticieros Canal 7","url":"https:\/\/canal7slp.tv\/2022\/","logo":{"@type":"ImageObject","inLanguage":"es","@id":"https:\/\/canal7slp.tv\/2022\/#\/schema\/logo\/image\/","url":"https:\/\/canal7slp.tv\/2022\/wp-content\/uploads\/2021\/01\/logo-noticieros@2x.png","contentUrl":"https:\/\/canal7slp.tv\/2022\/wp-content\/uploads\/2021\/01\/logo-noticieros@2x.png","width":1017,"height":268,"caption":"Noticieros Canal 7"},"image":{"@id":"https:\/\/canal7slp.tv\/2022\/#\/schema\/logo\/image\/"},"sameAs":["https:\/\/www.facebook.com\/noticieroscanalsiete","https:\/\/x.com\/NOTICIEROS7","https:\/\/www.instagram.com\/canal7_slp","https:\/\/www.youtube.com\/channel\/UCliiYs-gP3JfJeqdPrNdd5A"]},{"@type":"Person","@id":"https:\/\/canal7slp.tv\/2022\/#\/schema\/person\/429704152a21f5f856ce29aa69a238da","name":"Edici\u00f3n Web","image":{"@type":"ImageObject","inLanguage":"es","@id":"https:\/\/secure.gravatar.com\/avatar\/eee448fc3f7164808013b816ba91ac7e43bbe82a70bebac296f8bc6f0addaa1a?s=96&d=mm&r=g","url":"https:\/\/secure.gravatar.com\/avatar\/eee448fc3f7164808013b816ba91ac7e43bbe82a70bebac296f8bc6f0addaa1a?s=96&d=mm&r=g","contentUrl":"https:\/\/secure.gravatar.com\/avatar\/eee448fc3f7164808013b816ba91ac7e43bbe82a70bebac296f8bc6f0addaa1a?s=96&d=mm&r=g","caption":"Edici\u00f3n Web"},"url":"https:\/\/canal7slp.tv\/2022\/author\/edicionweb\/"}]}},"amp_enabled":true,"_links":{"self":[{"href":"https:\/\/canal7slp.tv\/2022\/wp-json\/wp\/v2\/posts\/61609","targetHints":{"allow":["GET"]}}],"collection":[{"href":"https:\/\/canal7slp.tv\/2022\/wp-json\/wp\/v2\/posts"}],"about":[{"href":"https:\/\/canal7slp.tv\/2022\/wp-json\/wp\/v2\/types\/post"}],"author":[{"embeddable":true,"href":"https:\/\/canal7slp.tv\/2022\/wp-json\/wp\/v2\/users\/2"}],"replies":[{"embeddable":true,"href":"https:\/\/canal7slp.tv\/2022\/wp-json\/wp\/v2\/comments?post=61609"}],"version-history":[{"count":3,"href":"https:\/\/canal7slp.tv\/2022\/wp-json\/wp\/v2\/posts\/61609\/revisions"}],"predecessor-version":[{"id":61641,"href":"https:\/\/canal7slp.tv\/2022\/wp-json\/wp\/v2\/posts\/61609\/revisions\/61641"}],"wp:featuredmedia":[{"embeddable":true,"href":"https:\/\/canal7slp.tv\/2022\/wp-json\/wp\/v2\/media\/61640"}],"wp:attachment":[{"href":"https:\/\/canal7slp.tv\/2022\/wp-json\/wp\/v2\/media?parent=61609"}],"wp:term":[{"taxonomy":"category","embeddable":true,"href":"https:\/\/canal7slp.tv\/2022\/wp-json\/wp\/v2\/categories?post=61609"},{"taxonomy":"post_tag","embeddable":true,"href":"https:\/\/canal7slp.tv\/2022\/wp-json\/wp\/v2\/tags?post=61609"}],"curies":[{"name":"wp","href":"https:\/\/api.w.org\/{rel}","templated":true}]}}