{"id":61606,"date":"2022-05-27T17:52:37","date_gmt":"2022-05-27T23:52:37","guid":{"rendered":"https:\/\/canal7slp.tv\/2022\/?p=61606"},"modified":"2022-05-27T17:52:37","modified_gmt":"2022-05-27T23:52:37","slug":"consejo-politico-nacional-de-morena-sesionara-para-definir-rumbo-en-proximas-elecciones","status":"publish","type":"post","link":"https:\/\/canal7slp.tv\/2022\/consejo-politico-nacional-de-morena-sesionara-para-definir-rumbo-en-proximas-elecciones\/","title":{"rendered":"Consejo Pol\u00edtico Nacional de MORENA sesionar\u00e1 para definir rumbo en pr\u00f3ximas elecciones."},"content":{"rendered":"<ul>\n<li>Posiblemente se aborden fechas de cambio de Comit\u00e9s Directivos Estatales.<\/li>\n<\/ul>\n<p style=\"text-align: justify;\">SLP.-\u00a0El pr\u00f3ximo s\u00e1bado 11 de Junio y en reuni\u00f3n virtual los 300 integrantes del Consejo Pol\u00edtico Nacional de MORENA definir\u00e1n el rumbo para perfilarse en torno a las elecciones de este a\u00f1o en seis estados, pero tambi\u00e9n para la elecci\u00f3n presidencial del 2024 y al que acudir\u00e1n 10 consejeros potosinos.<\/p>\n<p style=\"text-align: justify;\">As\u00ed lo dio a conocer su dirigente estatal Sergio Serrano Soriano al decir tambi\u00e9n que en esta reuni\u00f3n se podr\u00edan definir las fechas para el cambio de los Comit\u00e9s Directivos Estatales.<\/p>\n<p style=\"text-align: justify;\">Y es que afirm\u00f3 que lamentablemente al interior de este partido hay dos visiones diferentes pues mientras las c\u00fapulas encabezadas por el dirigente nacional Mario Delgado quieren permanecer en su cargos, la militancia pide que todo el Comit\u00e9 Ejecutivo Nacional sea renovado y que adem\u00e1s, se nombren comit\u00e9s municipales.<\/p>\n<p style=\"text-align: justify;\">Asimismo, dio a conocer que en el mes de Noviembre se llevar\u00e1 a cabo el Congreso Nacional de MORENA al cual acudir\u00e1n aproximadamente 3 mil congresistas.<\/p>\n<p style=\"text-align: justify;\">Serrano Soriano se\u00f1al\u00f3 que en este congreso la delegaci\u00f3n potosina plantear\u00e1 reformas a los estatutos para que el Comit\u00e9 Ejecutivo Nacional , tenga menos atribuciones al interior de los comit\u00e9s estatales en el uso de los recursos financieros y en la toma de decisiones, para el nombramiento de candidatos y candidatas a cargos de elecci\u00f3n popular.<\/p>\n<p style=\"text-align: justify;\">Por: Claudio Ibarra<\/p>\n","protected":false},"excerpt":{"rendered":"<p>Posiblemente se aborden fechas de cambio de Comit\u00e9s Directivos Estatales. SLP.-\u00a0El pr\u00f3ximo s\u00e1bado 11 de Junio y en reuni\u00f3n virtual los 300 integrantes del Consejo Pol\u00edtico Nacional de MORENA definir\u00e1n el rumbo para perfilarse en torno a las elecciones de este a\u00f1o en seis estados, pero tambi\u00e9n para la elecci\u00f3n presidencial del 2024 y al que acudir\u00e1n 10 consejeros potosinos. As\u00ed lo dio a conocer su dirigente estatal Sergio Serrano Soriano al decir tambi\u00e9n que en esta reuni\u00f3n se podr\u00edan definir las fechas para el cambio de los Comit\u00e9s Directivos Estatales. Y es que afirm\u00f3 que lamentablemente al interior de [&hellip;]<\/p>\n","protected":false},"author":2,"featured_media":61629,"comment_status":"closed","ping_status":"closed","sticky":false,"template":"","format":"video","meta":{"footnotes":""},"categories":[5,45],"tags":[],"class_list":["post-61606","post","type-post","status-publish","format-video","has-post-thumbnail","hentry","category-destacadas","category-localesyregionales","post_format-post-format-video","post--single"],"yoast_head":"<!-- This site is optimized with the Yoast SEO plugin v27.4 - https:\/\/yoast.com\/product\/yoast-seo-wordpress\/ -->\n<title>Consejo Pol\u00edtico Nacional de MORENA sesionar\u00e1 para definir rumbo en pr\u00f3ximas elecciones. - Canal 7 SLP - 2022<\/title>\n<meta name=\"robots\" content=\"index, follow, max-snippet:-1, max-image-preview:large, max-video-preview:-1\" \/>\n<link rel=\"canonical\" href=\"https:\/\/canal7slp.tv\/2022\/consejo-politico-nacional-de-morena-sesionara-para-definir-rumbo-en-proximas-elecciones\/\" \/>\n<meta property=\"og:locale\" content=\"es_ES\" \/>\n<meta property=\"og:type\" content=\"article\" \/>\n<meta property=\"og:title\" content=\"Consejo Pol\u00edtico Nacional de MORENA sesionar\u00e1 para definir rumbo en pr\u00f3ximas elecciones. - Canal 7 SLP - 2022\" \/>\n<meta property=\"og:description\" content=\"Posiblemente se aborden fechas de cambio de Comit\u00e9s Directivos Estatales. SLP.-\u00a0El pr\u00f3ximo s\u00e1bado 11 de Junio y en reuni\u00f3n virtual los 300 integrantes del Consejo Pol\u00edtico Nacional de MORENA definir\u00e1n el rumbo para perfilarse en torno a las elecciones de este a\u00f1o en seis estados, pero tambi\u00e9n para la elecci\u00f3n presidencial del 2024 y al que acudir\u00e1n 10 consejeros potosinos. As\u00ed lo dio a conocer su dirigente estatal Sergio Serrano Soriano al decir tambi\u00e9n que en esta reuni\u00f3n se podr\u00edan definir las fechas para el cambio de los Comit\u00e9s Directivos Estatales. Y es que afirm\u00f3 que lamentablemente al interior de [&hellip;]\" \/>\n<meta property=\"og:url\" content=\"https:\/\/canal7slp.tv\/2022\/consejo-politico-nacional-de-morena-sesionara-para-definir-rumbo-en-proximas-elecciones\/\" \/>\n<meta property=\"og:site_name\" content=\"Canal 7 SLP - 2022\" \/>\n<meta property=\"article:publisher\" content=\"https:\/\/www.facebook.com\/noticieroscanalsiete\" \/>\n<meta property=\"article:published_time\" content=\"2022-05-27T23:52:37+00:00\" \/>\n<meta property=\"og:image\" content=\"https:\/\/canal7slp.tv\/2022\/wp-content\/uploads\/2022\/05\/Claudio01Consejeros.jpg\" \/>\n\t<meta property=\"og:image:width\" content=\"888\" \/>\n\t<meta property=\"og:image:height\" content=\"500\" \/>\n\t<meta property=\"og:image:type\" content=\"image\/jpeg\" \/>\n<meta name=\"author\" content=\"Edici\u00f3n Web\" \/>\n<meta name=\"twitter:card\" content=\"summary_large_image\" \/>\n<meta name=\"twitter:creator\" content=\"@NOTICIEROS7\" \/>\n<meta name=\"twitter:site\" content=\"@NOTICIEROS7\" \/>\n<meta name=\"twitter:label1\" content=\"Escrito por\" \/>\n\t<meta name=\"twitter:data1\" content=\"Edici\u00f3n Web\" \/>\n\t<meta name=\"twitter:label2\" content=\"Tiempo de lectura\" \/>\n\t<meta name=\"twitter:data2\" content=\"2 minutos\" \/>\n<script type=\"application\/ld+json\" class=\"yoast-schema-graph\">{\"@context\":\"https:\\\/\\\/schema.org\",\"@graph\":[{\"@type\":\"Article\",\"@id\":\"https:\\\/\\\/canal7slp.tv\\\/2022\\\/consejo-politico-nacional-de-morena-sesionara-para-definir-rumbo-en-proximas-elecciones\\\/#article\",\"isPartOf\":{\"@id\":\"https:\\\/\\\/canal7slp.tv\\\/2022\\\/consejo-politico-nacional-de-morena-sesionara-para-definir-rumbo-en-proximas-elecciones\\\/\"},\"author\":{\"name\":\"Edici\u00f3n Web\",\"@id\":\"https:\\\/\\\/canal7slp.tv\\\/2022\\\/#\\\/schema\\\/person\\\/429704152a21f5f856ce29aa69a238da\"},\"headline\":\"Consejo Pol\u00edtico Nacional de MORENA sesionar\u00e1 para definir rumbo en pr\u00f3ximas elecciones.\",\"datePublished\":\"2022-05-27T23:52:37+00:00\",\"mainEntityOfPage\":{\"@id\":\"https:\\\/\\\/canal7slp.tv\\\/2022\\\/consejo-politico-nacional-de-morena-sesionara-para-definir-rumbo-en-proximas-elecciones\\\/\"},\"wordCount\":257,\"publisher\":{\"@id\":\"https:\\\/\\\/canal7slp.tv\\\/2022\\\/#organization\"},\"image\":{\"@id\":\"https:\\\/\\\/canal7slp.tv\\\/2022\\\/consejo-politico-nacional-de-morena-sesionara-para-definir-rumbo-en-proximas-elecciones\\\/#primaryimage\"},\"thumbnailUrl\":\"https:\\\/\\\/canal7slp.tv\\\/2022\\\/wp-content\\\/uploads\\\/2022\\\/05\\\/Claudio01Consejeros.jpg\",\"articleSection\":[\"DESTACADAS\",\"LOCALES Y REGIONALES\"],\"inLanguage\":\"es\"},{\"@type\":\"WebPage\",\"@id\":\"https:\\\/\\\/canal7slp.tv\\\/2022\\\/consejo-politico-nacional-de-morena-sesionara-para-definir-rumbo-en-proximas-elecciones\\\/\",\"url\":\"https:\\\/\\\/canal7slp.tv\\\/2022\\\/consejo-politico-nacional-de-morena-sesionara-para-definir-rumbo-en-proximas-elecciones\\\/\",\"name\":\"Consejo Pol\u00edtico Nacional de MORENA sesionar\u00e1 para definir rumbo en pr\u00f3ximas elecciones. - Canal 7 SLP - 2022\",\"isPartOf\":{\"@id\":\"https:\\\/\\\/canal7slp.tv\\\/2022\\\/#website\"},\"primaryImageOfPage\":{\"@id\":\"https:\\\/\\\/canal7slp.tv\\\/2022\\\/consejo-politico-nacional-de-morena-sesionara-para-definir-rumbo-en-proximas-elecciones\\\/#primaryimage\"},\"image\":{\"@id\":\"https:\\\/\\\/canal7slp.tv\\\/2022\\\/consejo-politico-nacional-de-morena-sesionara-para-definir-rumbo-en-proximas-elecciones\\\/#primaryimage\"},\"thumbnailUrl\":\"https:\\\/\\\/canal7slp.tv\\\/2022\\\/wp-content\\\/uploads\\\/2022\\\/05\\\/Claudio01Consejeros.jpg\",\"datePublished\":\"2022-05-27T23:52:37+00:00\",\"breadcrumb\":{\"@id\":\"https:\\\/\\\/canal7slp.tv\\\/2022\\\/consejo-politico-nacional-de-morena-sesionara-para-definir-rumbo-en-proximas-elecciones\\\/#breadcrumb\"},\"inLanguage\":\"es\",\"potentialAction\":[{\"@type\":\"ReadAction\",\"target\":[\"https:\\\/\\\/canal7slp.tv\\\/2022\\\/consejo-politico-nacional-de-morena-sesionara-para-definir-rumbo-en-proximas-elecciones\\\/\"]}]},{\"@type\":\"ImageObject\",\"inLanguage\":\"es\",\"@id\":\"https:\\\/\\\/canal7slp.tv\\\/2022\\\/consejo-politico-nacional-de-morena-sesionara-para-definir-rumbo-en-proximas-elecciones\\\/#primaryimage\",\"url\":\"https:\\\/\\\/canal7slp.tv\\\/2022\\\/wp-content\\\/uploads\\\/2022\\\/05\\\/Claudio01Consejeros.jpg\",\"contentUrl\":\"https:\\\/\\\/canal7slp.tv\\\/2022\\\/wp-content\\\/uploads\\\/2022\\\/05\\\/Claudio01Consejeros.jpg\",\"width\":888,\"height\":500},{\"@type\":\"BreadcrumbList\",\"@id\":\"https:\\\/\\\/canal7slp.tv\\\/2022\\\/consejo-politico-nacional-de-morena-sesionara-para-definir-rumbo-en-proximas-elecciones\\\/#breadcrumb\",\"itemListElement\":[{\"@type\":\"ListItem\",\"position\":1,\"name\":\"Portada\",\"item\":\"https:\\\/\\\/canal7slp.tv\\\/2022\\\/\"},{\"@type\":\"ListItem\",\"position\":2,\"name\":\"Consejo Pol\u00edtico Nacional de MORENA sesionar\u00e1 para definir rumbo en pr\u00f3ximas elecciones.\"}]},{\"@type\":\"WebSite\",\"@id\":\"https:\\\/\\\/canal7slp.tv\\\/2022\\\/#website\",\"url\":\"https:\\\/\\\/canal7slp.tv\\\/2022\\\/\",\"name\":\"N7 - Noticieros Canal 7\",\"description\":\"Somos Televisi\u00f3n\",\"publisher\":{\"@id\":\"https:\\\/\\\/canal7slp.tv\\\/2022\\\/#organization\"},\"potentialAction\":[{\"@type\":\"SearchAction\",\"target\":{\"@type\":\"EntryPoint\",\"urlTemplate\":\"https:\\\/\\\/canal7slp.tv\\\/2022\\\/?s={search_term_string}\"},\"query-input\":{\"@type\":\"PropertyValueSpecification\",\"valueRequired\":true,\"valueName\":\"search_term_string\"}}],\"inLanguage\":\"es\"},{\"@type\":\"Organization\",\"@id\":\"https:\\\/\\\/canal7slp.tv\\\/2022\\\/#organization\",\"name\":\"Noticieros Canal 7\",\"url\":\"https:\\\/\\\/canal7slp.tv\\\/2022\\\/\",\"logo\":{\"@type\":\"ImageObject\",\"inLanguage\":\"es\",\"@id\":\"https:\\\/\\\/canal7slp.tv\\\/2022\\\/#\\\/schema\\\/logo\\\/image\\\/\",\"url\":\"https:\\\/\\\/canal7slp.tv\\\/2022\\\/wp-content\\\/uploads\\\/2021\\\/01\\\/logo-noticieros@2x.png\",\"contentUrl\":\"https:\\\/\\\/canal7slp.tv\\\/2022\\\/wp-content\\\/uploads\\\/2021\\\/01\\\/logo-noticieros@2x.png\",\"width\":1017,\"height\":268,\"caption\":\"Noticieros Canal 7\"},\"image\":{\"@id\":\"https:\\\/\\\/canal7slp.tv\\\/2022\\\/#\\\/schema\\\/logo\\\/image\\\/\"},\"sameAs\":[\"https:\\\/\\\/www.facebook.com\\\/noticieroscanalsiete\",\"https:\\\/\\\/x.com\\\/NOTICIEROS7\",\"https:\\\/\\\/www.instagram.com\\\/canal7_slp\",\"https:\\\/\\\/www.youtube.com\\\/channel\\\/UCliiYs-gP3JfJeqdPrNdd5A\"]},{\"@type\":\"Person\",\"@id\":\"https:\\\/\\\/canal7slp.tv\\\/2022\\\/#\\\/schema\\\/person\\\/429704152a21f5f856ce29aa69a238da\",\"name\":\"Edici\u00f3n Web\",\"image\":{\"@type\":\"ImageObject\",\"inLanguage\":\"es\",\"@id\":\"https:\\\/\\\/secure.gravatar.com\\\/avatar\\\/eee448fc3f7164808013b816ba91ac7e43bbe82a70bebac296f8bc6f0addaa1a?s=96&d=mm&r=g\",\"url\":\"https:\\\/\\\/secure.gravatar.com\\\/avatar\\\/eee448fc3f7164808013b816ba91ac7e43bbe82a70bebac296f8bc6f0addaa1a?s=96&d=mm&r=g\",\"contentUrl\":\"https:\\\/\\\/secure.gravatar.com\\\/avatar\\\/eee448fc3f7164808013b816ba91ac7e43bbe82a70bebac296f8bc6f0addaa1a?s=96&d=mm&r=g\",\"caption\":\"Edici\u00f3n Web\"},\"url\":\"https:\\\/\\\/canal7slp.tv\\\/2022\\\/author\\\/edicionweb\\\/\"}]}<\/script>\n<!-- \/ Yoast SEO plugin. -->","yoast_head_json":{"title":"Consejo Pol\u00edtico Nacional de MORENA sesionar\u00e1 para definir rumbo en pr\u00f3ximas elecciones. - Canal 7 SLP - 2022","robots":{"index":"index","follow":"follow","max-snippet":"max-snippet:-1","max-image-preview":"max-image-preview:large","max-video-preview":"max-video-preview:-1"},"canonical":"https:\/\/canal7slp.tv\/2022\/consejo-politico-nacional-de-morena-sesionara-para-definir-rumbo-en-proximas-elecciones\/","og_locale":"es_ES","og_type":"article","og_title":"Consejo Pol\u00edtico Nacional de MORENA sesionar\u00e1 para definir rumbo en pr\u00f3ximas elecciones. - Canal 7 SLP - 2022","og_description":"Posiblemente se aborden fechas de cambio de Comit\u00e9s Directivos Estatales. SLP.-\u00a0El pr\u00f3ximo s\u00e1bado 11 de Junio y en reuni\u00f3n virtual los 300 integrantes del Consejo Pol\u00edtico Nacional de MORENA definir\u00e1n el rumbo para perfilarse en torno a las elecciones de este a\u00f1o en seis estados, pero tambi\u00e9n para la elecci\u00f3n presidencial del 2024 y al que acudir\u00e1n 10 consejeros potosinos. As\u00ed lo dio a conocer su dirigente estatal Sergio Serrano Soriano al decir tambi\u00e9n que en esta reuni\u00f3n se podr\u00edan definir las fechas para el cambio de los Comit\u00e9s Directivos Estatales. Y es que afirm\u00f3 que lamentablemente al interior de [&hellip;]","og_url":"https:\/\/canal7slp.tv\/2022\/consejo-politico-nacional-de-morena-sesionara-para-definir-rumbo-en-proximas-elecciones\/","og_site_name":"Canal 7 SLP - 2022","article_publisher":"https:\/\/www.facebook.com\/noticieroscanalsiete","article_published_time":"2022-05-27T23:52:37+00:00","og_image":[{"width":888,"height":500,"url":"https:\/\/canal7slp.tv\/2022\/wp-content\/uploads\/2022\/05\/Claudio01Consejeros.jpg","type":"image\/jpeg"}],"author":"Edici\u00f3n Web","twitter_card":"summary_large_image","twitter_creator":"@NOTICIEROS7","twitter_site":"@NOTICIEROS7","twitter_misc":{"Escrito por":"Edici\u00f3n Web","Tiempo de lectura":"2 minutos"},"schema":{"@context":"https:\/\/schema.org","@graph":[{"@type":"Article","@id":"https:\/\/canal7slp.tv\/2022\/consejo-politico-nacional-de-morena-sesionara-para-definir-rumbo-en-proximas-elecciones\/#article","isPartOf":{"@id":"https:\/\/canal7slp.tv\/2022\/consejo-politico-nacional-de-morena-sesionara-para-definir-rumbo-en-proximas-elecciones\/"},"author":{"name":"Edici\u00f3n Web","@id":"https:\/\/canal7slp.tv\/2022\/#\/schema\/person\/429704152a21f5f856ce29aa69a238da"},"headline":"Consejo Pol\u00edtico Nacional de MORENA sesionar\u00e1 para definir rumbo en pr\u00f3ximas elecciones.","datePublished":"2022-05-27T23:52:37+00:00","mainEntityOfPage":{"@id":"https:\/\/canal7slp.tv\/2022\/consejo-politico-nacional-de-morena-sesionara-para-definir-rumbo-en-proximas-elecciones\/"},"wordCount":257,"publisher":{"@id":"https:\/\/canal7slp.tv\/2022\/#organization"},"image":{"@id":"https:\/\/canal7slp.tv\/2022\/consejo-politico-nacional-de-morena-sesionara-para-definir-rumbo-en-proximas-elecciones\/#primaryimage"},"thumbnailUrl":"https:\/\/canal7slp.tv\/2022\/wp-content\/uploads\/2022\/05\/Claudio01Consejeros.jpg","articleSection":["DESTACADAS","LOCALES Y REGIONALES"],"inLanguage":"es"},{"@type":"WebPage","@id":"https:\/\/canal7slp.tv\/2022\/consejo-politico-nacional-de-morena-sesionara-para-definir-rumbo-en-proximas-elecciones\/","url":"https:\/\/canal7slp.tv\/2022\/consejo-politico-nacional-de-morena-sesionara-para-definir-rumbo-en-proximas-elecciones\/","name":"Consejo Pol\u00edtico Nacional de MORENA sesionar\u00e1 para definir rumbo en pr\u00f3ximas elecciones. - Canal 7 SLP - 2022","isPartOf":{"@id":"https:\/\/canal7slp.tv\/2022\/#website"},"primaryImageOfPage":{"@id":"https:\/\/canal7slp.tv\/2022\/consejo-politico-nacional-de-morena-sesionara-para-definir-rumbo-en-proximas-elecciones\/#primaryimage"},"image":{"@id":"https:\/\/canal7slp.tv\/2022\/consejo-politico-nacional-de-morena-sesionara-para-definir-rumbo-en-proximas-elecciones\/#primaryimage"},"thumbnailUrl":"https:\/\/canal7slp.tv\/2022\/wp-content\/uploads\/2022\/05\/Claudio01Consejeros.jpg","datePublished":"2022-05-27T23:52:37+00:00","breadcrumb":{"@id":"https:\/\/canal7slp.tv\/2022\/consejo-politico-nacional-de-morena-sesionara-para-definir-rumbo-en-proximas-elecciones\/#breadcrumb"},"inLanguage":"es","potentialAction":[{"@type":"ReadAction","target":["https:\/\/canal7slp.tv\/2022\/consejo-politico-nacional-de-morena-sesionara-para-definir-rumbo-en-proximas-elecciones\/"]}]},{"@type":"ImageObject","inLanguage":"es","@id":"https:\/\/canal7slp.tv\/2022\/consejo-politico-nacional-de-morena-sesionara-para-definir-rumbo-en-proximas-elecciones\/#primaryimage","url":"https:\/\/canal7slp.tv\/2022\/wp-content\/uploads\/2022\/05\/Claudio01Consejeros.jpg","contentUrl":"https:\/\/canal7slp.tv\/2022\/wp-content\/uploads\/2022\/05\/Claudio01Consejeros.jpg","width":888,"height":500},{"@type":"BreadcrumbList","@id":"https:\/\/canal7slp.tv\/2022\/consejo-politico-nacional-de-morena-sesionara-para-definir-rumbo-en-proximas-elecciones\/#breadcrumb","itemListElement":[{"@type":"ListItem","position":1,"name":"Portada","item":"https:\/\/canal7slp.tv\/2022\/"},{"@type":"ListItem","position":2,"name":"Consejo Pol\u00edtico Nacional de MORENA sesionar\u00e1 para definir rumbo en pr\u00f3ximas elecciones."}]},{"@type":"WebSite","@id":"https:\/\/canal7slp.tv\/2022\/#website","url":"https:\/\/canal7slp.tv\/2022\/","name":"N7 - Noticieros Canal 7","description":"Somos Televisi\u00f3n","publisher":{"@id":"https:\/\/canal7slp.tv\/2022\/#organization"},"potentialAction":[{"@type":"SearchAction","target":{"@type":"EntryPoint","urlTemplate":"https:\/\/canal7slp.tv\/2022\/?s={search_term_string}"},"query-input":{"@type":"PropertyValueSpecification","valueRequired":true,"valueName":"search_term_string"}}],"inLanguage":"es"},{"@type":"Organization","@id":"https:\/\/canal7slp.tv\/2022\/#organization","name":"Noticieros Canal 7","url":"https:\/\/canal7slp.tv\/2022\/","logo":{"@type":"ImageObject","inLanguage":"es","@id":"https:\/\/canal7slp.tv\/2022\/#\/schema\/logo\/image\/","url":"https:\/\/canal7slp.tv\/2022\/wp-content\/uploads\/2021\/01\/logo-noticieros@2x.png","contentUrl":"https:\/\/canal7slp.tv\/2022\/wp-content\/uploads\/2021\/01\/logo-noticieros@2x.png","width":1017,"height":268,"caption":"Noticieros Canal 7"},"image":{"@id":"https:\/\/canal7slp.tv\/2022\/#\/schema\/logo\/image\/"},"sameAs":["https:\/\/www.facebook.com\/noticieroscanalsiete","https:\/\/x.com\/NOTICIEROS7","https:\/\/www.instagram.com\/canal7_slp","https:\/\/www.youtube.com\/channel\/UCliiYs-gP3JfJeqdPrNdd5A"]},{"@type":"Person","@id":"https:\/\/canal7slp.tv\/2022\/#\/schema\/person\/429704152a21f5f856ce29aa69a238da","name":"Edici\u00f3n Web","image":{"@type":"ImageObject","inLanguage":"es","@id":"https:\/\/secure.gravatar.com\/avatar\/eee448fc3f7164808013b816ba91ac7e43bbe82a70bebac296f8bc6f0addaa1a?s=96&d=mm&r=g","url":"https:\/\/secure.gravatar.com\/avatar\/eee448fc3f7164808013b816ba91ac7e43bbe82a70bebac296f8bc6f0addaa1a?s=96&d=mm&r=g","contentUrl":"https:\/\/secure.gravatar.com\/avatar\/eee448fc3f7164808013b816ba91ac7e43bbe82a70bebac296f8bc6f0addaa1a?s=96&d=mm&r=g","caption":"Edici\u00f3n Web"},"url":"https:\/\/canal7slp.tv\/2022\/author\/edicionweb\/"}]}},"amp_enabled":true,"_links":{"self":[{"href":"https:\/\/canal7slp.tv\/2022\/wp-json\/wp\/v2\/posts\/61606","targetHints":{"allow":["GET"]}}],"collection":[{"href":"https:\/\/canal7slp.tv\/2022\/wp-json\/wp\/v2\/posts"}],"about":[{"href":"https:\/\/canal7slp.tv\/2022\/wp-json\/wp\/v2\/types\/post"}],"author":[{"embeddable":true,"href":"https:\/\/canal7slp.tv\/2022\/wp-json\/wp\/v2\/users\/2"}],"replies":[{"embeddable":true,"href":"https:\/\/canal7slp.tv\/2022\/wp-json\/wp\/v2\/comments?post=61606"}],"version-history":[{"count":3,"href":"https:\/\/canal7slp.tv\/2022\/wp-json\/wp\/v2\/posts\/61606\/revisions"}],"predecessor-version":[{"id":61630,"href":"https:\/\/canal7slp.tv\/2022\/wp-json\/wp\/v2\/posts\/61606\/revisions\/61630"}],"wp:featuredmedia":[{"embeddable":true,"href":"https:\/\/canal7slp.tv\/2022\/wp-json\/wp\/v2\/media\/61629"}],"wp:attachment":[{"href":"https:\/\/canal7slp.tv\/2022\/wp-json\/wp\/v2\/media?parent=61606"}],"wp:term":[{"taxonomy":"category","embeddable":true,"href":"https:\/\/canal7slp.tv\/2022\/wp-json\/wp\/v2\/categories?post=61606"},{"taxonomy":"post_tag","embeddable":true,"href":"https:\/\/canal7slp.tv\/2022\/wp-json\/wp\/v2\/tags?post=61606"}],"curies":[{"name":"wp","href":"https:\/\/api.w.org\/{rel}","templated":true}]}}