{"id":61595,"date":"2022-05-27T17:19:33","date_gmt":"2022-05-27T23:19:33","guid":{"rendered":"https:\/\/canal7slp.tv\/2022\/?p=61595"},"modified":"2022-05-27T17:19:33","modified_gmt":"2022-05-27T23:19:33","slug":"con-la-participacion-de-22-dependencias-de-gobierno-fue-inaugurada-la-primera-feria-con-perspectiva-de-genero","status":"publish","type":"post","link":"https:\/\/canal7slp.tv\/2022\/con-la-participacion-de-22-dependencias-de-gobierno-fue-inaugurada-la-primera-feria-con-perspectiva-de-genero\/","title":{"rendered":"Con la participaci\u00f3n de 22 dependencias de gobierno, fue inaugurada la primera Feria con Perspectiva de G\u00e9nero."},"content":{"rendered":"<p style=\"text-align: justify;\">SLP.- Este viernes, el Gobierno de San Luis Potos\u00ed a trav\u00e9s del Instituto de las Mujeres del Estado, inauguraron la primera Feria con Perspectiva de G\u00e9nero en las inmediaciones de la Plaza Fundadores.<\/p>\n<p style=\"text-align: justify;\">De acuerdo con la titular del instituto, Marcela Garc\u00eda V\u00e1zquez, participaron 22 unidades de g\u00e9nero que forman parte de las dependencias de la administraci\u00f3n estatal.<\/p>\n<p style=\"text-align: justify;\">\u00abEste es un d\u00eda muy importante no solo para el IMES si no para mujeres que titulan las unidades de g\u00e9nero en cada una de las secretar\u00edas y direcciones del Gobierno del Estado y por supuesto para todas las mujeres, ni\u00f1as y adolecentes porque son precisamente estas unidades de g\u00e9nero sobre las que recae la responsabilidad de orientar y formular la pol\u00edtica p\u00fablica con perspectiva de g\u00e9nero\u00bb, dijo al inicio de su discurso.<\/p>\n<p style=\"text-align: justify;\">En ese sentido, resalt\u00f3 la importancia de que cada espacio gubernamental cuente con una unidad de g\u00e9nero.<\/p>\n<p style=\"text-align: justify;\">\u00abLas unidades de g\u00e9nero son mecanismos para impulsar pol\u00edticas y estrategias en favor de la igualdad sustantiva entre mujeres y hombres en la administraci\u00f3n p\u00fablica, sirven para asegurar que el enfoque de g\u00e9nero, igualdad y los derechos humanos sean pilares fundamentales en la toma de decisiones en los tres niveles de gobierno\u00bb, a\u00f1adi\u00f3.<\/p>\n<p style=\"text-align: justify;\">Otro punto que se abord\u00f3, fue el de la transversalizaci\u00f3n y la importancia de esta para generar las pol\u00edticas p\u00fablicas que garantizar\u00e1n los derechos humanos de las mujeres.<\/p>\n<p style=\"text-align: justify;\">\u00abLa transversalizaci\u00f3n de la perspectiva de g\u00e9nero que tanto escuchamos y que muchas veces no alcanzamos a dimensionar en las pol\u00edticas p\u00fablicas, significa que todas las instituciones de gobierno somos responsables de dise\u00f1ar normas y mecanismos para que dentro y fuera de las instituciones exista una cultura de respeto y garant\u00eda a los derechos humanos de las mujeres\u00bb, culmin\u00f3.<\/p>\n<p style=\"text-align: justify;\">Por: Jos\u00e9 Luis V\u00e1zquez<\/p>\n","protected":false},"excerpt":{"rendered":"<p>SLP.- Este viernes, el Gobierno de San Luis Potos\u00ed a trav\u00e9s del Instituto de las Mujeres del Estado, inauguraron la primera Feria con Perspectiva de G\u00e9nero en las inmediaciones de la Plaza Fundadores. De acuerdo con la titular del instituto, Marcela Garc\u00eda V\u00e1zquez, participaron 22 unidades de g\u00e9nero que forman parte de las dependencias de la administraci\u00f3n estatal. \u00abEste es un d\u00eda muy importante no solo para el IMES si no para mujeres que titulan las unidades de g\u00e9nero en cada una de las secretar\u00edas y direcciones del Gobierno del Estado y por supuesto para todas las mujeres, ni\u00f1as y [&hellip;]<\/p>\n","protected":false},"author":2,"featured_media":61627,"comment_status":"closed","ping_status":"closed","sticky":false,"template":"","format":"video","meta":{"footnotes":""},"categories":[5,510,45],"tags":[],"class_list":["post-61595","post","type-post","status-publish","format-video","has-post-thumbnail","hentry","category-destacadas","category-gobedoslp","category-localesyregionales","post_format-post-format-video","post--single"],"yoast_head":"<!-- This site is optimized with the Yoast SEO plugin v27.4 - https:\/\/yoast.com\/product\/yoast-seo-wordpress\/ -->\n<title>Con la participaci\u00f3n de 22 dependencias de gobierno, fue inaugurada la primera Feria con Perspectiva de G\u00e9nero. - Canal 7 SLP - 2022<\/title>\n<meta name=\"robots\" content=\"index, follow, max-snippet:-1, max-image-preview:large, max-video-preview:-1\" \/>\n<link rel=\"canonical\" href=\"https:\/\/canal7slp.tv\/2022\/con-la-participacion-de-22-dependencias-de-gobierno-fue-inaugurada-la-primera-feria-con-perspectiva-de-genero\/\" \/>\n<meta property=\"og:locale\" content=\"es_ES\" \/>\n<meta property=\"og:type\" content=\"article\" \/>\n<meta property=\"og:title\" content=\"Con la participaci\u00f3n de 22 dependencias de gobierno, fue inaugurada la primera Feria con Perspectiva de G\u00e9nero. - Canal 7 SLP - 2022\" \/>\n<meta property=\"og:description\" content=\"SLP.- Este viernes, el Gobierno de San Luis Potos\u00ed a trav\u00e9s del Instituto de las Mujeres del Estado, inauguraron la primera Feria con Perspectiva de G\u00e9nero en las inmediaciones de la Plaza Fundadores. De acuerdo con la titular del instituto, Marcela Garc\u00eda V\u00e1zquez, participaron 22 unidades de g\u00e9nero que forman parte de las dependencias de la administraci\u00f3n estatal. \u00abEste es un d\u00eda muy importante no solo para el IMES si no para mujeres que titulan las unidades de g\u00e9nero en cada una de las secretar\u00edas y direcciones del Gobierno del Estado y por supuesto para todas las mujeres, ni\u00f1as y [&hellip;]\" \/>\n<meta property=\"og:url\" content=\"https:\/\/canal7slp.tv\/2022\/con-la-participacion-de-22-dependencias-de-gobierno-fue-inaugurada-la-primera-feria-con-perspectiva-de-genero\/\" \/>\n<meta property=\"og:site_name\" content=\"Canal 7 SLP - 2022\" \/>\n<meta property=\"article:publisher\" content=\"https:\/\/www.facebook.com\/noticieroscanalsiete\" \/>\n<meta property=\"article:published_time\" content=\"2022-05-27T23:19:33+00:00\" \/>\n<meta property=\"og:image\" content=\"https:\/\/canal7slp.tv\/2022\/wp-content\/uploads\/2022\/05\/Vazquez05Feria.jpg\" \/>\n\t<meta property=\"og:image:width\" content=\"888\" \/>\n\t<meta property=\"og:image:height\" content=\"500\" \/>\n\t<meta property=\"og:image:type\" content=\"image\/jpeg\" \/>\n<meta name=\"author\" content=\"Edici\u00f3n Web\" \/>\n<meta name=\"twitter:card\" content=\"summary_large_image\" \/>\n<meta name=\"twitter:creator\" content=\"@NOTICIEROS7\" \/>\n<meta name=\"twitter:site\" content=\"@NOTICIEROS7\" \/>\n<meta name=\"twitter:label1\" content=\"Escrito por\" \/>\n\t<meta name=\"twitter:data1\" content=\"Edici\u00f3n Web\" \/>\n\t<meta name=\"twitter:label2\" content=\"Tiempo de lectura\" \/>\n\t<meta name=\"twitter:data2\" content=\"2 minutos\" \/>\n<script type=\"application\/ld+json\" class=\"yoast-schema-graph\">{\"@context\":\"https:\\\/\\\/schema.org\",\"@graph\":[{\"@type\":\"Article\",\"@id\":\"https:\\\/\\\/canal7slp.tv\\\/2022\\\/con-la-participacion-de-22-dependencias-de-gobierno-fue-inaugurada-la-primera-feria-con-perspectiva-de-genero\\\/#article\",\"isPartOf\":{\"@id\":\"https:\\\/\\\/canal7slp.tv\\\/2022\\\/con-la-participacion-de-22-dependencias-de-gobierno-fue-inaugurada-la-primera-feria-con-perspectiva-de-genero\\\/\"},\"author\":{\"name\":\"Edici\u00f3n Web\",\"@id\":\"https:\\\/\\\/canal7slp.tv\\\/2022\\\/#\\\/schema\\\/person\\\/429704152a21f5f856ce29aa69a238da\"},\"headline\":\"Con la participaci\u00f3n de 22 dependencias de gobierno, fue inaugurada la primera Feria con Perspectiva de G\u00e9nero.\",\"datePublished\":\"2022-05-27T23:19:33+00:00\",\"mainEntityOfPage\":{\"@id\":\"https:\\\/\\\/canal7slp.tv\\\/2022\\\/con-la-participacion-de-22-dependencias-de-gobierno-fue-inaugurada-la-primera-feria-con-perspectiva-de-genero\\\/\"},\"wordCount\":342,\"publisher\":{\"@id\":\"https:\\\/\\\/canal7slp.tv\\\/2022\\\/#organization\"},\"image\":{\"@id\":\"https:\\\/\\\/canal7slp.tv\\\/2022\\\/con-la-participacion-de-22-dependencias-de-gobierno-fue-inaugurada-la-primera-feria-con-perspectiva-de-genero\\\/#primaryimage\"},\"thumbnailUrl\":\"https:\\\/\\\/canal7slp.tv\\\/2022\\\/wp-content\\\/uploads\\\/2022\\\/05\\\/Vazquez05Feria.jpg\",\"articleSection\":[\"DESTACADAS\",\"GOBEDOSLP\",\"LOCALES Y REGIONALES\"],\"inLanguage\":\"es\"},{\"@type\":\"WebPage\",\"@id\":\"https:\\\/\\\/canal7slp.tv\\\/2022\\\/con-la-participacion-de-22-dependencias-de-gobierno-fue-inaugurada-la-primera-feria-con-perspectiva-de-genero\\\/\",\"url\":\"https:\\\/\\\/canal7slp.tv\\\/2022\\\/con-la-participacion-de-22-dependencias-de-gobierno-fue-inaugurada-la-primera-feria-con-perspectiva-de-genero\\\/\",\"name\":\"Con la participaci\u00f3n de 22 dependencias de gobierno, fue inaugurada la primera Feria con Perspectiva de G\u00e9nero. - Canal 7 SLP - 2022\",\"isPartOf\":{\"@id\":\"https:\\\/\\\/canal7slp.tv\\\/2022\\\/#website\"},\"primaryImageOfPage\":{\"@id\":\"https:\\\/\\\/canal7slp.tv\\\/2022\\\/con-la-participacion-de-22-dependencias-de-gobierno-fue-inaugurada-la-primera-feria-con-perspectiva-de-genero\\\/#primaryimage\"},\"image\":{\"@id\":\"https:\\\/\\\/canal7slp.tv\\\/2022\\\/con-la-participacion-de-22-dependencias-de-gobierno-fue-inaugurada-la-primera-feria-con-perspectiva-de-genero\\\/#primaryimage\"},\"thumbnailUrl\":\"https:\\\/\\\/canal7slp.tv\\\/2022\\\/wp-content\\\/uploads\\\/2022\\\/05\\\/Vazquez05Feria.jpg\",\"datePublished\":\"2022-05-27T23:19:33+00:00\",\"breadcrumb\":{\"@id\":\"https:\\\/\\\/canal7slp.tv\\\/2022\\\/con-la-participacion-de-22-dependencias-de-gobierno-fue-inaugurada-la-primera-feria-con-perspectiva-de-genero\\\/#breadcrumb\"},\"inLanguage\":\"es\",\"potentialAction\":[{\"@type\":\"ReadAction\",\"target\":[\"https:\\\/\\\/canal7slp.tv\\\/2022\\\/con-la-participacion-de-22-dependencias-de-gobierno-fue-inaugurada-la-primera-feria-con-perspectiva-de-genero\\\/\"]}]},{\"@type\":\"ImageObject\",\"inLanguage\":\"es\",\"@id\":\"https:\\\/\\\/canal7slp.tv\\\/2022\\\/con-la-participacion-de-22-dependencias-de-gobierno-fue-inaugurada-la-primera-feria-con-perspectiva-de-genero\\\/#primaryimage\",\"url\":\"https:\\\/\\\/canal7slp.tv\\\/2022\\\/wp-content\\\/uploads\\\/2022\\\/05\\\/Vazquez05Feria.jpg\",\"contentUrl\":\"https:\\\/\\\/canal7slp.tv\\\/2022\\\/wp-content\\\/uploads\\\/2022\\\/05\\\/Vazquez05Feria.jpg\",\"width\":888,\"height\":500},{\"@type\":\"BreadcrumbList\",\"@id\":\"https:\\\/\\\/canal7slp.tv\\\/2022\\\/con-la-participacion-de-22-dependencias-de-gobierno-fue-inaugurada-la-primera-feria-con-perspectiva-de-genero\\\/#breadcrumb\",\"itemListElement\":[{\"@type\":\"ListItem\",\"position\":1,\"name\":\"Portada\",\"item\":\"https:\\\/\\\/canal7slp.tv\\\/2022\\\/\"},{\"@type\":\"ListItem\",\"position\":2,\"name\":\"Con la participaci\u00f3n de 22 dependencias de gobierno, fue inaugurada la primera Feria con Perspectiva de G\u00e9nero.\"}]},{\"@type\":\"WebSite\",\"@id\":\"https:\\\/\\\/canal7slp.tv\\\/2022\\\/#website\",\"url\":\"https:\\\/\\\/canal7slp.tv\\\/2022\\\/\",\"name\":\"N7 - Noticieros Canal 7\",\"description\":\"Somos Televisi\u00f3n\",\"publisher\":{\"@id\":\"https:\\\/\\\/canal7slp.tv\\\/2022\\\/#organization\"},\"potentialAction\":[{\"@type\":\"SearchAction\",\"target\":{\"@type\":\"EntryPoint\",\"urlTemplate\":\"https:\\\/\\\/canal7slp.tv\\\/2022\\\/?s={search_term_string}\"},\"query-input\":{\"@type\":\"PropertyValueSpecification\",\"valueRequired\":true,\"valueName\":\"search_term_string\"}}],\"inLanguage\":\"es\"},{\"@type\":\"Organization\",\"@id\":\"https:\\\/\\\/canal7slp.tv\\\/2022\\\/#organization\",\"name\":\"Noticieros Canal 7\",\"url\":\"https:\\\/\\\/canal7slp.tv\\\/2022\\\/\",\"logo\":{\"@type\":\"ImageObject\",\"inLanguage\":\"es\",\"@id\":\"https:\\\/\\\/canal7slp.tv\\\/2022\\\/#\\\/schema\\\/logo\\\/image\\\/\",\"url\":\"https:\\\/\\\/canal7slp.tv\\\/2022\\\/wp-content\\\/uploads\\\/2021\\\/01\\\/logo-noticieros@2x.png\",\"contentUrl\":\"https:\\\/\\\/canal7slp.tv\\\/2022\\\/wp-content\\\/uploads\\\/2021\\\/01\\\/logo-noticieros@2x.png\",\"width\":1017,\"height\":268,\"caption\":\"Noticieros Canal 7\"},\"image\":{\"@id\":\"https:\\\/\\\/canal7slp.tv\\\/2022\\\/#\\\/schema\\\/logo\\\/image\\\/\"},\"sameAs\":[\"https:\\\/\\\/www.facebook.com\\\/noticieroscanalsiete\",\"https:\\\/\\\/x.com\\\/NOTICIEROS7\",\"https:\\\/\\\/www.instagram.com\\\/canal7_slp\",\"https:\\\/\\\/www.youtube.com\\\/channel\\\/UCliiYs-gP3JfJeqdPrNdd5A\"]},{\"@type\":\"Person\",\"@id\":\"https:\\\/\\\/canal7slp.tv\\\/2022\\\/#\\\/schema\\\/person\\\/429704152a21f5f856ce29aa69a238da\",\"name\":\"Edici\u00f3n Web\",\"image\":{\"@type\":\"ImageObject\",\"inLanguage\":\"es\",\"@id\":\"https:\\\/\\\/secure.gravatar.com\\\/avatar\\\/eee448fc3f7164808013b816ba91ac7e43bbe82a70bebac296f8bc6f0addaa1a?s=96&d=mm&r=g\",\"url\":\"https:\\\/\\\/secure.gravatar.com\\\/avatar\\\/eee448fc3f7164808013b816ba91ac7e43bbe82a70bebac296f8bc6f0addaa1a?s=96&d=mm&r=g\",\"contentUrl\":\"https:\\\/\\\/secure.gravatar.com\\\/avatar\\\/eee448fc3f7164808013b816ba91ac7e43bbe82a70bebac296f8bc6f0addaa1a?s=96&d=mm&r=g\",\"caption\":\"Edici\u00f3n Web\"},\"url\":\"https:\\\/\\\/canal7slp.tv\\\/2022\\\/author\\\/edicionweb\\\/\"}]}<\/script>\n<!-- \/ Yoast SEO plugin. -->","yoast_head_json":{"title":"Con la participaci\u00f3n de 22 dependencias de gobierno, fue inaugurada la primera Feria con Perspectiva de G\u00e9nero. - Canal 7 SLP - 2022","robots":{"index":"index","follow":"follow","max-snippet":"max-snippet:-1","max-image-preview":"max-image-preview:large","max-video-preview":"max-video-preview:-1"},"canonical":"https:\/\/canal7slp.tv\/2022\/con-la-participacion-de-22-dependencias-de-gobierno-fue-inaugurada-la-primera-feria-con-perspectiva-de-genero\/","og_locale":"es_ES","og_type":"article","og_title":"Con la participaci\u00f3n de 22 dependencias de gobierno, fue inaugurada la primera Feria con Perspectiva de G\u00e9nero. - Canal 7 SLP - 2022","og_description":"SLP.- Este viernes, el Gobierno de San Luis Potos\u00ed a trav\u00e9s del Instituto de las Mujeres del Estado, inauguraron la primera Feria con Perspectiva de G\u00e9nero en las inmediaciones de la Plaza Fundadores. De acuerdo con la titular del instituto, Marcela Garc\u00eda V\u00e1zquez, participaron 22 unidades de g\u00e9nero que forman parte de las dependencias de la administraci\u00f3n estatal. \u00abEste es un d\u00eda muy importante no solo para el IMES si no para mujeres que titulan las unidades de g\u00e9nero en cada una de las secretar\u00edas y direcciones del Gobierno del Estado y por supuesto para todas las mujeres, ni\u00f1as y [&hellip;]","og_url":"https:\/\/canal7slp.tv\/2022\/con-la-participacion-de-22-dependencias-de-gobierno-fue-inaugurada-la-primera-feria-con-perspectiva-de-genero\/","og_site_name":"Canal 7 SLP - 2022","article_publisher":"https:\/\/www.facebook.com\/noticieroscanalsiete","article_published_time":"2022-05-27T23:19:33+00:00","og_image":[{"width":888,"height":500,"url":"https:\/\/canal7slp.tv\/2022\/wp-content\/uploads\/2022\/05\/Vazquez05Feria.jpg","type":"image\/jpeg"}],"author":"Edici\u00f3n Web","twitter_card":"summary_large_image","twitter_creator":"@NOTICIEROS7","twitter_site":"@NOTICIEROS7","twitter_misc":{"Escrito por":"Edici\u00f3n Web","Tiempo de lectura":"2 minutos"},"schema":{"@context":"https:\/\/schema.org","@graph":[{"@type":"Article","@id":"https:\/\/canal7slp.tv\/2022\/con-la-participacion-de-22-dependencias-de-gobierno-fue-inaugurada-la-primera-feria-con-perspectiva-de-genero\/#article","isPartOf":{"@id":"https:\/\/canal7slp.tv\/2022\/con-la-participacion-de-22-dependencias-de-gobierno-fue-inaugurada-la-primera-feria-con-perspectiva-de-genero\/"},"author":{"name":"Edici\u00f3n Web","@id":"https:\/\/canal7slp.tv\/2022\/#\/schema\/person\/429704152a21f5f856ce29aa69a238da"},"headline":"Con la participaci\u00f3n de 22 dependencias de gobierno, fue inaugurada la primera Feria con Perspectiva de G\u00e9nero.","datePublished":"2022-05-27T23:19:33+00:00","mainEntityOfPage":{"@id":"https:\/\/canal7slp.tv\/2022\/con-la-participacion-de-22-dependencias-de-gobierno-fue-inaugurada-la-primera-feria-con-perspectiva-de-genero\/"},"wordCount":342,"publisher":{"@id":"https:\/\/canal7slp.tv\/2022\/#organization"},"image":{"@id":"https:\/\/canal7slp.tv\/2022\/con-la-participacion-de-22-dependencias-de-gobierno-fue-inaugurada-la-primera-feria-con-perspectiva-de-genero\/#primaryimage"},"thumbnailUrl":"https:\/\/canal7slp.tv\/2022\/wp-content\/uploads\/2022\/05\/Vazquez05Feria.jpg","articleSection":["DESTACADAS","GOBEDOSLP","LOCALES Y REGIONALES"],"inLanguage":"es"},{"@type":"WebPage","@id":"https:\/\/canal7slp.tv\/2022\/con-la-participacion-de-22-dependencias-de-gobierno-fue-inaugurada-la-primera-feria-con-perspectiva-de-genero\/","url":"https:\/\/canal7slp.tv\/2022\/con-la-participacion-de-22-dependencias-de-gobierno-fue-inaugurada-la-primera-feria-con-perspectiva-de-genero\/","name":"Con la participaci\u00f3n de 22 dependencias de gobierno, fue inaugurada la primera Feria con Perspectiva de G\u00e9nero. - Canal 7 SLP - 2022","isPartOf":{"@id":"https:\/\/canal7slp.tv\/2022\/#website"},"primaryImageOfPage":{"@id":"https:\/\/canal7slp.tv\/2022\/con-la-participacion-de-22-dependencias-de-gobierno-fue-inaugurada-la-primera-feria-con-perspectiva-de-genero\/#primaryimage"},"image":{"@id":"https:\/\/canal7slp.tv\/2022\/con-la-participacion-de-22-dependencias-de-gobierno-fue-inaugurada-la-primera-feria-con-perspectiva-de-genero\/#primaryimage"},"thumbnailUrl":"https:\/\/canal7slp.tv\/2022\/wp-content\/uploads\/2022\/05\/Vazquez05Feria.jpg","datePublished":"2022-05-27T23:19:33+00:00","breadcrumb":{"@id":"https:\/\/canal7slp.tv\/2022\/con-la-participacion-de-22-dependencias-de-gobierno-fue-inaugurada-la-primera-feria-con-perspectiva-de-genero\/#breadcrumb"},"inLanguage":"es","potentialAction":[{"@type":"ReadAction","target":["https:\/\/canal7slp.tv\/2022\/con-la-participacion-de-22-dependencias-de-gobierno-fue-inaugurada-la-primera-feria-con-perspectiva-de-genero\/"]}]},{"@type":"ImageObject","inLanguage":"es","@id":"https:\/\/canal7slp.tv\/2022\/con-la-participacion-de-22-dependencias-de-gobierno-fue-inaugurada-la-primera-feria-con-perspectiva-de-genero\/#primaryimage","url":"https:\/\/canal7slp.tv\/2022\/wp-content\/uploads\/2022\/05\/Vazquez05Feria.jpg","contentUrl":"https:\/\/canal7slp.tv\/2022\/wp-content\/uploads\/2022\/05\/Vazquez05Feria.jpg","width":888,"height":500},{"@type":"BreadcrumbList","@id":"https:\/\/canal7slp.tv\/2022\/con-la-participacion-de-22-dependencias-de-gobierno-fue-inaugurada-la-primera-feria-con-perspectiva-de-genero\/#breadcrumb","itemListElement":[{"@type":"ListItem","position":1,"name":"Portada","item":"https:\/\/canal7slp.tv\/2022\/"},{"@type":"ListItem","position":2,"name":"Con la participaci\u00f3n de 22 dependencias de gobierno, fue inaugurada la primera Feria con Perspectiva de G\u00e9nero."}]},{"@type":"WebSite","@id":"https:\/\/canal7slp.tv\/2022\/#website","url":"https:\/\/canal7slp.tv\/2022\/","name":"N7 - Noticieros Canal 7","description":"Somos Televisi\u00f3n","publisher":{"@id":"https:\/\/canal7slp.tv\/2022\/#organization"},"potentialAction":[{"@type":"SearchAction","target":{"@type":"EntryPoint","urlTemplate":"https:\/\/canal7slp.tv\/2022\/?s={search_term_string}"},"query-input":{"@type":"PropertyValueSpecification","valueRequired":true,"valueName":"search_term_string"}}],"inLanguage":"es"},{"@type":"Organization","@id":"https:\/\/canal7slp.tv\/2022\/#organization","name":"Noticieros Canal 7","url":"https:\/\/canal7slp.tv\/2022\/","logo":{"@type":"ImageObject","inLanguage":"es","@id":"https:\/\/canal7slp.tv\/2022\/#\/schema\/logo\/image\/","url":"https:\/\/canal7slp.tv\/2022\/wp-content\/uploads\/2021\/01\/logo-noticieros@2x.png","contentUrl":"https:\/\/canal7slp.tv\/2022\/wp-content\/uploads\/2021\/01\/logo-noticieros@2x.png","width":1017,"height":268,"caption":"Noticieros Canal 7"},"image":{"@id":"https:\/\/canal7slp.tv\/2022\/#\/schema\/logo\/image\/"},"sameAs":["https:\/\/www.facebook.com\/noticieroscanalsiete","https:\/\/x.com\/NOTICIEROS7","https:\/\/www.instagram.com\/canal7_slp","https:\/\/www.youtube.com\/channel\/UCliiYs-gP3JfJeqdPrNdd5A"]},{"@type":"Person","@id":"https:\/\/canal7slp.tv\/2022\/#\/schema\/person\/429704152a21f5f856ce29aa69a238da","name":"Edici\u00f3n Web","image":{"@type":"ImageObject","inLanguage":"es","@id":"https:\/\/secure.gravatar.com\/avatar\/eee448fc3f7164808013b816ba91ac7e43bbe82a70bebac296f8bc6f0addaa1a?s=96&d=mm&r=g","url":"https:\/\/secure.gravatar.com\/avatar\/eee448fc3f7164808013b816ba91ac7e43bbe82a70bebac296f8bc6f0addaa1a?s=96&d=mm&r=g","contentUrl":"https:\/\/secure.gravatar.com\/avatar\/eee448fc3f7164808013b816ba91ac7e43bbe82a70bebac296f8bc6f0addaa1a?s=96&d=mm&r=g","caption":"Edici\u00f3n Web"},"url":"https:\/\/canal7slp.tv\/2022\/author\/edicionweb\/"}]}},"amp_enabled":true,"_links":{"self":[{"href":"https:\/\/canal7slp.tv\/2022\/wp-json\/wp\/v2\/posts\/61595","targetHints":{"allow":["GET"]}}],"collection":[{"href":"https:\/\/canal7slp.tv\/2022\/wp-json\/wp\/v2\/posts"}],"about":[{"href":"https:\/\/canal7slp.tv\/2022\/wp-json\/wp\/v2\/types\/post"}],"author":[{"embeddable":true,"href":"https:\/\/canal7slp.tv\/2022\/wp-json\/wp\/v2\/users\/2"}],"replies":[{"embeddable":true,"href":"https:\/\/canal7slp.tv\/2022\/wp-json\/wp\/v2\/comments?post=61595"}],"version-history":[{"count":3,"href":"https:\/\/canal7slp.tv\/2022\/wp-json\/wp\/v2\/posts\/61595\/revisions"}],"predecessor-version":[{"id":61628,"href":"https:\/\/canal7slp.tv\/2022\/wp-json\/wp\/v2\/posts\/61595\/revisions\/61628"}],"wp:featuredmedia":[{"embeddable":true,"href":"https:\/\/canal7slp.tv\/2022\/wp-json\/wp\/v2\/media\/61627"}],"wp:attachment":[{"href":"https:\/\/canal7slp.tv\/2022\/wp-json\/wp\/v2\/media?parent=61595"}],"wp:term":[{"taxonomy":"category","embeddable":true,"href":"https:\/\/canal7slp.tv\/2022\/wp-json\/wp\/v2\/categories?post=61595"},{"taxonomy":"post_tag","embeddable":true,"href":"https:\/\/canal7slp.tv\/2022\/wp-json\/wp\/v2\/tags?post=61595"}],"curies":[{"name":"wp","href":"https:\/\/api.w.org\/{rel}","templated":true}]}}