{"id":61594,"date":"2022-05-27T17:12:42","date_gmt":"2022-05-27T23:12:42","guid":{"rendered":"https:\/\/canal7slp.tv\/2022\/?p=61594"},"modified":"2022-05-27T17:12:42","modified_gmt":"2022-05-27T23:12:42","slug":"designan-a-aline-vazquez-como-nueva-jefa-de-la-jurisdiccion-sanitaria-numero-ii","status":"publish","type":"post","link":"https:\/\/canal7slp.tv\/2022\/designan-a-aline-vazquez-como-nueva-jefa-de-la-jurisdiccion-sanitaria-numero-ii\/","title":{"rendered":"Designan a Aline V\u00e1zquez como nueva jefa de la Jurisdicci\u00f3n Sanitaria N\u00famero II."},"content":{"rendered":"<p style=\"text-align: justify;\">SLP.- El secretario de salud en el Gobierno del Estado, Daniel Acosta D\u00edaz de Le\u00f3n, inform\u00f3 que la doctora Aline V\u00e1zquez fue designada como nueva jefa de la Jurisdicci\u00f3n Sanitaria N\u00famero II.<\/p>\n<p style=\"text-align: justify;\">Este ser\u00eda el cuarto perfil que ocupa el cargo tras la salida del anterior titular, Edgar Eliseo Palacios en menos de dos a\u00f1os; anteriormente el mismo puesto estuvo a manos del doctor Ernesto Torres Bautista y por Miguel Sireno Rojas.<\/p>\n<p style=\"text-align: justify;\">Dichas declaraciones surgen luego de cuestionarle si la mencionada regi\u00f3n sanitaria se encontraba ac\u00e9fala desde principios de mayo.<\/p>\n<p style=\"text-align: justify;\">\u00abEn la jurisdicci\u00f3n II no, ya tenemos a la doctora Aline V\u00e1zquez, es un m\u00e9dico con maestr\u00eda en salud p\u00fablica, ya est\u00e1 en el proceso de entrega recepci\u00f3n, pero no est\u00e1 ac\u00e9fala, ya est\u00e1 trabajando\u00bb, aclar\u00f3.<\/p>\n<p style=\"text-align: justify;\">Acosta D\u00edaz de Le\u00f3n agreg\u00f3 que el nombramiento ya se hizo de manera oficial esta misma semana.<\/p>\n<p style=\"text-align: justify;\">\u00abYa se dio el nombramiento el martes, ya se le extendi\u00f3 porque sin nombramiento no puede hacer la entrega recepci\u00f3n, entonces ya est\u00e1 en ese proceso\u00bb, termin\u00f3.<\/p>\n<p style=\"text-align: justify;\">Por: Jos\u00e9 Luis V\u00e1zquez<\/p>\n","protected":false},"excerpt":{"rendered":"<p>SLP.- El secretario de salud en el Gobierno del Estado, Daniel Acosta D\u00edaz de Le\u00f3n, inform\u00f3 que la doctora Aline V\u00e1zquez fue designada como nueva jefa de la Jurisdicci\u00f3n Sanitaria N\u00famero II. Este ser\u00eda el cuarto perfil que ocupa el cargo tras la salida del anterior titular, Edgar Eliseo Palacios en menos de dos a\u00f1os; anteriormente el mismo puesto estuvo a manos del doctor Ernesto Torres Bautista y por Miguel Sireno Rojas. Dichas declaraciones surgen luego de cuestionarle si la mencionada regi\u00f3n sanitaria se encontraba ac\u00e9fala desde principios de mayo. \u00abEn la jurisdicci\u00f3n II no, ya tenemos a la doctora [&hellip;]<\/p>\n","protected":false},"author":2,"featured_media":61625,"comment_status":"closed","ping_status":"closed","sticky":false,"template":"","format":"video","meta":{"footnotes":""},"categories":[5,510,45],"tags":[],"class_list":["post-61594","post","type-post","status-publish","format-video","has-post-thumbnail","hentry","category-destacadas","category-gobedoslp","category-localesyregionales","post_format-post-format-video","post--single"],"yoast_head":"<!-- This site is optimized with the Yoast SEO plugin v27.4 - https:\/\/yoast.com\/product\/yoast-seo-wordpress\/ -->\n<title>Designan a Aline V\u00e1zquez como nueva jefa de la Jurisdicci\u00f3n Sanitaria N\u00famero II. - Canal 7 SLP - 2022<\/title>\n<meta name=\"robots\" content=\"index, follow, max-snippet:-1, max-image-preview:large, max-video-preview:-1\" \/>\n<link rel=\"canonical\" href=\"https:\/\/canal7slp.tv\/2022\/designan-a-aline-vazquez-como-nueva-jefa-de-la-jurisdiccion-sanitaria-numero-ii\/\" \/>\n<meta property=\"og:locale\" content=\"es_ES\" \/>\n<meta property=\"og:type\" content=\"article\" \/>\n<meta property=\"og:title\" content=\"Designan a Aline V\u00e1zquez como nueva jefa de la Jurisdicci\u00f3n Sanitaria N\u00famero II. - Canal 7 SLP - 2022\" \/>\n<meta property=\"og:description\" content=\"SLP.- El secretario de salud en el Gobierno del Estado, Daniel Acosta D\u00edaz de Le\u00f3n, inform\u00f3 que la doctora Aline V\u00e1zquez fue designada como nueva jefa de la Jurisdicci\u00f3n Sanitaria N\u00famero II. Este ser\u00eda el cuarto perfil que ocupa el cargo tras la salida del anterior titular, Edgar Eliseo Palacios en menos de dos a\u00f1os; anteriormente el mismo puesto estuvo a manos del doctor Ernesto Torres Bautista y por Miguel Sireno Rojas. Dichas declaraciones surgen luego de cuestionarle si la mencionada regi\u00f3n sanitaria se encontraba ac\u00e9fala desde principios de mayo. \u00abEn la jurisdicci\u00f3n II no, ya tenemos a la doctora [&hellip;]\" \/>\n<meta property=\"og:url\" content=\"https:\/\/canal7slp.tv\/2022\/designan-a-aline-vazquez-como-nueva-jefa-de-la-jurisdiccion-sanitaria-numero-ii\/\" \/>\n<meta property=\"og:site_name\" content=\"Canal 7 SLP - 2022\" \/>\n<meta property=\"article:publisher\" content=\"https:\/\/www.facebook.com\/noticieroscanalsiete\" \/>\n<meta property=\"article:published_time\" content=\"2022-05-27T23:12:42+00:00\" \/>\n<meta property=\"og:image\" content=\"https:\/\/canal7slp.tv\/2022\/wp-content\/uploads\/2022\/05\/Vazquez04Jefa.jpg\" \/>\n\t<meta property=\"og:image:width\" content=\"888\" \/>\n\t<meta property=\"og:image:height\" content=\"500\" \/>\n\t<meta property=\"og:image:type\" content=\"image\/jpeg\" \/>\n<meta name=\"author\" content=\"Edici\u00f3n Web\" \/>\n<meta name=\"twitter:card\" content=\"summary_large_image\" \/>\n<meta name=\"twitter:creator\" content=\"@NOTICIEROS7\" \/>\n<meta name=\"twitter:site\" content=\"@NOTICIEROS7\" \/>\n<meta name=\"twitter:label1\" content=\"Escrito por\" \/>\n\t<meta name=\"twitter:data1\" content=\"Edici\u00f3n Web\" \/>\n\t<meta name=\"twitter:label2\" content=\"Tiempo de lectura\" \/>\n\t<meta name=\"twitter:data2\" content=\"1 minuto\" \/>\n<script type=\"application\/ld+json\" class=\"yoast-schema-graph\">{\"@context\":\"https:\\\/\\\/schema.org\",\"@graph\":[{\"@type\":\"Article\",\"@id\":\"https:\\\/\\\/canal7slp.tv\\\/2022\\\/designan-a-aline-vazquez-como-nueva-jefa-de-la-jurisdiccion-sanitaria-numero-ii\\\/#article\",\"isPartOf\":{\"@id\":\"https:\\\/\\\/canal7slp.tv\\\/2022\\\/designan-a-aline-vazquez-como-nueva-jefa-de-la-jurisdiccion-sanitaria-numero-ii\\\/\"},\"author\":{\"name\":\"Edici\u00f3n Web\",\"@id\":\"https:\\\/\\\/canal7slp.tv\\\/2022\\\/#\\\/schema\\\/person\\\/429704152a21f5f856ce29aa69a238da\"},\"headline\":\"Designan a Aline V\u00e1zquez como nueva jefa de la Jurisdicci\u00f3n Sanitaria N\u00famero II.\",\"datePublished\":\"2022-05-27T23:12:42+00:00\",\"mainEntityOfPage\":{\"@id\":\"https:\\\/\\\/canal7slp.tv\\\/2022\\\/designan-a-aline-vazquez-como-nueva-jefa-de-la-jurisdiccion-sanitaria-numero-ii\\\/\"},\"wordCount\":211,\"publisher\":{\"@id\":\"https:\\\/\\\/canal7slp.tv\\\/2022\\\/#organization\"},\"image\":{\"@id\":\"https:\\\/\\\/canal7slp.tv\\\/2022\\\/designan-a-aline-vazquez-como-nueva-jefa-de-la-jurisdiccion-sanitaria-numero-ii\\\/#primaryimage\"},\"thumbnailUrl\":\"https:\\\/\\\/canal7slp.tv\\\/2022\\\/wp-content\\\/uploads\\\/2022\\\/05\\\/Vazquez04Jefa.jpg\",\"articleSection\":[\"DESTACADAS\",\"GOBEDOSLP\",\"LOCALES Y REGIONALES\"],\"inLanguage\":\"es\"},{\"@type\":\"WebPage\",\"@id\":\"https:\\\/\\\/canal7slp.tv\\\/2022\\\/designan-a-aline-vazquez-como-nueva-jefa-de-la-jurisdiccion-sanitaria-numero-ii\\\/\",\"url\":\"https:\\\/\\\/canal7slp.tv\\\/2022\\\/designan-a-aline-vazquez-como-nueva-jefa-de-la-jurisdiccion-sanitaria-numero-ii\\\/\",\"name\":\"Designan a Aline V\u00e1zquez como nueva jefa de la Jurisdicci\u00f3n Sanitaria N\u00famero II. - Canal 7 SLP - 2022\",\"isPartOf\":{\"@id\":\"https:\\\/\\\/canal7slp.tv\\\/2022\\\/#website\"},\"primaryImageOfPage\":{\"@id\":\"https:\\\/\\\/canal7slp.tv\\\/2022\\\/designan-a-aline-vazquez-como-nueva-jefa-de-la-jurisdiccion-sanitaria-numero-ii\\\/#primaryimage\"},\"image\":{\"@id\":\"https:\\\/\\\/canal7slp.tv\\\/2022\\\/designan-a-aline-vazquez-como-nueva-jefa-de-la-jurisdiccion-sanitaria-numero-ii\\\/#primaryimage\"},\"thumbnailUrl\":\"https:\\\/\\\/canal7slp.tv\\\/2022\\\/wp-content\\\/uploads\\\/2022\\\/05\\\/Vazquez04Jefa.jpg\",\"datePublished\":\"2022-05-27T23:12:42+00:00\",\"breadcrumb\":{\"@id\":\"https:\\\/\\\/canal7slp.tv\\\/2022\\\/designan-a-aline-vazquez-como-nueva-jefa-de-la-jurisdiccion-sanitaria-numero-ii\\\/#breadcrumb\"},\"inLanguage\":\"es\",\"potentialAction\":[{\"@type\":\"ReadAction\",\"target\":[\"https:\\\/\\\/canal7slp.tv\\\/2022\\\/designan-a-aline-vazquez-como-nueva-jefa-de-la-jurisdiccion-sanitaria-numero-ii\\\/\"]}]},{\"@type\":\"ImageObject\",\"inLanguage\":\"es\",\"@id\":\"https:\\\/\\\/canal7slp.tv\\\/2022\\\/designan-a-aline-vazquez-como-nueva-jefa-de-la-jurisdiccion-sanitaria-numero-ii\\\/#primaryimage\",\"url\":\"https:\\\/\\\/canal7slp.tv\\\/2022\\\/wp-content\\\/uploads\\\/2022\\\/05\\\/Vazquez04Jefa.jpg\",\"contentUrl\":\"https:\\\/\\\/canal7slp.tv\\\/2022\\\/wp-content\\\/uploads\\\/2022\\\/05\\\/Vazquez04Jefa.jpg\",\"width\":888,\"height\":500},{\"@type\":\"BreadcrumbList\",\"@id\":\"https:\\\/\\\/canal7slp.tv\\\/2022\\\/designan-a-aline-vazquez-como-nueva-jefa-de-la-jurisdiccion-sanitaria-numero-ii\\\/#breadcrumb\",\"itemListElement\":[{\"@type\":\"ListItem\",\"position\":1,\"name\":\"Portada\",\"item\":\"https:\\\/\\\/canal7slp.tv\\\/2022\\\/\"},{\"@type\":\"ListItem\",\"position\":2,\"name\":\"Designan a Aline V\u00e1zquez como nueva jefa de la Jurisdicci\u00f3n Sanitaria N\u00famero II.\"}]},{\"@type\":\"WebSite\",\"@id\":\"https:\\\/\\\/canal7slp.tv\\\/2022\\\/#website\",\"url\":\"https:\\\/\\\/canal7slp.tv\\\/2022\\\/\",\"name\":\"N7 - Noticieros Canal 7\",\"description\":\"Somos Televisi\u00f3n\",\"publisher\":{\"@id\":\"https:\\\/\\\/canal7slp.tv\\\/2022\\\/#organization\"},\"potentialAction\":[{\"@type\":\"SearchAction\",\"target\":{\"@type\":\"EntryPoint\",\"urlTemplate\":\"https:\\\/\\\/canal7slp.tv\\\/2022\\\/?s={search_term_string}\"},\"query-input\":{\"@type\":\"PropertyValueSpecification\",\"valueRequired\":true,\"valueName\":\"search_term_string\"}}],\"inLanguage\":\"es\"},{\"@type\":\"Organization\",\"@id\":\"https:\\\/\\\/canal7slp.tv\\\/2022\\\/#organization\",\"name\":\"Noticieros Canal 7\",\"url\":\"https:\\\/\\\/canal7slp.tv\\\/2022\\\/\",\"logo\":{\"@type\":\"ImageObject\",\"inLanguage\":\"es\",\"@id\":\"https:\\\/\\\/canal7slp.tv\\\/2022\\\/#\\\/schema\\\/logo\\\/image\\\/\",\"url\":\"https:\\\/\\\/canal7slp.tv\\\/2022\\\/wp-content\\\/uploads\\\/2021\\\/01\\\/logo-noticieros@2x.png\",\"contentUrl\":\"https:\\\/\\\/canal7slp.tv\\\/2022\\\/wp-content\\\/uploads\\\/2021\\\/01\\\/logo-noticieros@2x.png\",\"width\":1017,\"height\":268,\"caption\":\"Noticieros Canal 7\"},\"image\":{\"@id\":\"https:\\\/\\\/canal7slp.tv\\\/2022\\\/#\\\/schema\\\/logo\\\/image\\\/\"},\"sameAs\":[\"https:\\\/\\\/www.facebook.com\\\/noticieroscanalsiete\",\"https:\\\/\\\/x.com\\\/NOTICIEROS7\",\"https:\\\/\\\/www.instagram.com\\\/canal7_slp\",\"https:\\\/\\\/www.youtube.com\\\/channel\\\/UCliiYs-gP3JfJeqdPrNdd5A\"]},{\"@type\":\"Person\",\"@id\":\"https:\\\/\\\/canal7slp.tv\\\/2022\\\/#\\\/schema\\\/person\\\/429704152a21f5f856ce29aa69a238da\",\"name\":\"Edici\u00f3n Web\",\"image\":{\"@type\":\"ImageObject\",\"inLanguage\":\"es\",\"@id\":\"https:\\\/\\\/secure.gravatar.com\\\/avatar\\\/eee448fc3f7164808013b816ba91ac7e43bbe82a70bebac296f8bc6f0addaa1a?s=96&d=mm&r=g\",\"url\":\"https:\\\/\\\/secure.gravatar.com\\\/avatar\\\/eee448fc3f7164808013b816ba91ac7e43bbe82a70bebac296f8bc6f0addaa1a?s=96&d=mm&r=g\",\"contentUrl\":\"https:\\\/\\\/secure.gravatar.com\\\/avatar\\\/eee448fc3f7164808013b816ba91ac7e43bbe82a70bebac296f8bc6f0addaa1a?s=96&d=mm&r=g\",\"caption\":\"Edici\u00f3n Web\"},\"url\":\"https:\\\/\\\/canal7slp.tv\\\/2022\\\/author\\\/edicionweb\\\/\"}]}<\/script>\n<!-- \/ Yoast SEO plugin. -->","yoast_head_json":{"title":"Designan a Aline V\u00e1zquez como nueva jefa de la Jurisdicci\u00f3n Sanitaria N\u00famero II. - Canal 7 SLP - 2022","robots":{"index":"index","follow":"follow","max-snippet":"max-snippet:-1","max-image-preview":"max-image-preview:large","max-video-preview":"max-video-preview:-1"},"canonical":"https:\/\/canal7slp.tv\/2022\/designan-a-aline-vazquez-como-nueva-jefa-de-la-jurisdiccion-sanitaria-numero-ii\/","og_locale":"es_ES","og_type":"article","og_title":"Designan a Aline V\u00e1zquez como nueva jefa de la Jurisdicci\u00f3n Sanitaria N\u00famero II. - Canal 7 SLP - 2022","og_description":"SLP.- El secretario de salud en el Gobierno del Estado, Daniel Acosta D\u00edaz de Le\u00f3n, inform\u00f3 que la doctora Aline V\u00e1zquez fue designada como nueva jefa de la Jurisdicci\u00f3n Sanitaria N\u00famero II. Este ser\u00eda el cuarto perfil que ocupa el cargo tras la salida del anterior titular, Edgar Eliseo Palacios en menos de dos a\u00f1os; anteriormente el mismo puesto estuvo a manos del doctor Ernesto Torres Bautista y por Miguel Sireno Rojas. Dichas declaraciones surgen luego de cuestionarle si la mencionada regi\u00f3n sanitaria se encontraba ac\u00e9fala desde principios de mayo. \u00abEn la jurisdicci\u00f3n II no, ya tenemos a la doctora [&hellip;]","og_url":"https:\/\/canal7slp.tv\/2022\/designan-a-aline-vazquez-como-nueva-jefa-de-la-jurisdiccion-sanitaria-numero-ii\/","og_site_name":"Canal 7 SLP - 2022","article_publisher":"https:\/\/www.facebook.com\/noticieroscanalsiete","article_published_time":"2022-05-27T23:12:42+00:00","og_image":[{"width":888,"height":500,"url":"https:\/\/canal7slp.tv\/2022\/wp-content\/uploads\/2022\/05\/Vazquez04Jefa.jpg","type":"image\/jpeg"}],"author":"Edici\u00f3n Web","twitter_card":"summary_large_image","twitter_creator":"@NOTICIEROS7","twitter_site":"@NOTICIEROS7","twitter_misc":{"Escrito por":"Edici\u00f3n Web","Tiempo de lectura":"1 minuto"},"schema":{"@context":"https:\/\/schema.org","@graph":[{"@type":"Article","@id":"https:\/\/canal7slp.tv\/2022\/designan-a-aline-vazquez-como-nueva-jefa-de-la-jurisdiccion-sanitaria-numero-ii\/#article","isPartOf":{"@id":"https:\/\/canal7slp.tv\/2022\/designan-a-aline-vazquez-como-nueva-jefa-de-la-jurisdiccion-sanitaria-numero-ii\/"},"author":{"name":"Edici\u00f3n Web","@id":"https:\/\/canal7slp.tv\/2022\/#\/schema\/person\/429704152a21f5f856ce29aa69a238da"},"headline":"Designan a Aline V\u00e1zquez como nueva jefa de la Jurisdicci\u00f3n Sanitaria N\u00famero II.","datePublished":"2022-05-27T23:12:42+00:00","mainEntityOfPage":{"@id":"https:\/\/canal7slp.tv\/2022\/designan-a-aline-vazquez-como-nueva-jefa-de-la-jurisdiccion-sanitaria-numero-ii\/"},"wordCount":211,"publisher":{"@id":"https:\/\/canal7slp.tv\/2022\/#organization"},"image":{"@id":"https:\/\/canal7slp.tv\/2022\/designan-a-aline-vazquez-como-nueva-jefa-de-la-jurisdiccion-sanitaria-numero-ii\/#primaryimage"},"thumbnailUrl":"https:\/\/canal7slp.tv\/2022\/wp-content\/uploads\/2022\/05\/Vazquez04Jefa.jpg","articleSection":["DESTACADAS","GOBEDOSLP","LOCALES Y REGIONALES"],"inLanguage":"es"},{"@type":"WebPage","@id":"https:\/\/canal7slp.tv\/2022\/designan-a-aline-vazquez-como-nueva-jefa-de-la-jurisdiccion-sanitaria-numero-ii\/","url":"https:\/\/canal7slp.tv\/2022\/designan-a-aline-vazquez-como-nueva-jefa-de-la-jurisdiccion-sanitaria-numero-ii\/","name":"Designan a Aline V\u00e1zquez como nueva jefa de la Jurisdicci\u00f3n Sanitaria N\u00famero II. - Canal 7 SLP - 2022","isPartOf":{"@id":"https:\/\/canal7slp.tv\/2022\/#website"},"primaryImageOfPage":{"@id":"https:\/\/canal7slp.tv\/2022\/designan-a-aline-vazquez-como-nueva-jefa-de-la-jurisdiccion-sanitaria-numero-ii\/#primaryimage"},"image":{"@id":"https:\/\/canal7slp.tv\/2022\/designan-a-aline-vazquez-como-nueva-jefa-de-la-jurisdiccion-sanitaria-numero-ii\/#primaryimage"},"thumbnailUrl":"https:\/\/canal7slp.tv\/2022\/wp-content\/uploads\/2022\/05\/Vazquez04Jefa.jpg","datePublished":"2022-05-27T23:12:42+00:00","breadcrumb":{"@id":"https:\/\/canal7slp.tv\/2022\/designan-a-aline-vazquez-como-nueva-jefa-de-la-jurisdiccion-sanitaria-numero-ii\/#breadcrumb"},"inLanguage":"es","potentialAction":[{"@type":"ReadAction","target":["https:\/\/canal7slp.tv\/2022\/designan-a-aline-vazquez-como-nueva-jefa-de-la-jurisdiccion-sanitaria-numero-ii\/"]}]},{"@type":"ImageObject","inLanguage":"es","@id":"https:\/\/canal7slp.tv\/2022\/designan-a-aline-vazquez-como-nueva-jefa-de-la-jurisdiccion-sanitaria-numero-ii\/#primaryimage","url":"https:\/\/canal7slp.tv\/2022\/wp-content\/uploads\/2022\/05\/Vazquez04Jefa.jpg","contentUrl":"https:\/\/canal7slp.tv\/2022\/wp-content\/uploads\/2022\/05\/Vazquez04Jefa.jpg","width":888,"height":500},{"@type":"BreadcrumbList","@id":"https:\/\/canal7slp.tv\/2022\/designan-a-aline-vazquez-como-nueva-jefa-de-la-jurisdiccion-sanitaria-numero-ii\/#breadcrumb","itemListElement":[{"@type":"ListItem","position":1,"name":"Portada","item":"https:\/\/canal7slp.tv\/2022\/"},{"@type":"ListItem","position":2,"name":"Designan a Aline V\u00e1zquez como nueva jefa de la Jurisdicci\u00f3n Sanitaria N\u00famero II."}]},{"@type":"WebSite","@id":"https:\/\/canal7slp.tv\/2022\/#website","url":"https:\/\/canal7slp.tv\/2022\/","name":"N7 - Noticieros Canal 7","description":"Somos Televisi\u00f3n","publisher":{"@id":"https:\/\/canal7slp.tv\/2022\/#organization"},"potentialAction":[{"@type":"SearchAction","target":{"@type":"EntryPoint","urlTemplate":"https:\/\/canal7slp.tv\/2022\/?s={search_term_string}"},"query-input":{"@type":"PropertyValueSpecification","valueRequired":true,"valueName":"search_term_string"}}],"inLanguage":"es"},{"@type":"Organization","@id":"https:\/\/canal7slp.tv\/2022\/#organization","name":"Noticieros Canal 7","url":"https:\/\/canal7slp.tv\/2022\/","logo":{"@type":"ImageObject","inLanguage":"es","@id":"https:\/\/canal7slp.tv\/2022\/#\/schema\/logo\/image\/","url":"https:\/\/canal7slp.tv\/2022\/wp-content\/uploads\/2021\/01\/logo-noticieros@2x.png","contentUrl":"https:\/\/canal7slp.tv\/2022\/wp-content\/uploads\/2021\/01\/logo-noticieros@2x.png","width":1017,"height":268,"caption":"Noticieros Canal 7"},"image":{"@id":"https:\/\/canal7slp.tv\/2022\/#\/schema\/logo\/image\/"},"sameAs":["https:\/\/www.facebook.com\/noticieroscanalsiete","https:\/\/x.com\/NOTICIEROS7","https:\/\/www.instagram.com\/canal7_slp","https:\/\/www.youtube.com\/channel\/UCliiYs-gP3JfJeqdPrNdd5A"]},{"@type":"Person","@id":"https:\/\/canal7slp.tv\/2022\/#\/schema\/person\/429704152a21f5f856ce29aa69a238da","name":"Edici\u00f3n Web","image":{"@type":"ImageObject","inLanguage":"es","@id":"https:\/\/secure.gravatar.com\/avatar\/eee448fc3f7164808013b816ba91ac7e43bbe82a70bebac296f8bc6f0addaa1a?s=96&d=mm&r=g","url":"https:\/\/secure.gravatar.com\/avatar\/eee448fc3f7164808013b816ba91ac7e43bbe82a70bebac296f8bc6f0addaa1a?s=96&d=mm&r=g","contentUrl":"https:\/\/secure.gravatar.com\/avatar\/eee448fc3f7164808013b816ba91ac7e43bbe82a70bebac296f8bc6f0addaa1a?s=96&d=mm&r=g","caption":"Edici\u00f3n Web"},"url":"https:\/\/canal7slp.tv\/2022\/author\/edicionweb\/"}]}},"amp_enabled":true,"_links":{"self":[{"href":"https:\/\/canal7slp.tv\/2022\/wp-json\/wp\/v2\/posts\/61594","targetHints":{"allow":["GET"]}}],"collection":[{"href":"https:\/\/canal7slp.tv\/2022\/wp-json\/wp\/v2\/posts"}],"about":[{"href":"https:\/\/canal7slp.tv\/2022\/wp-json\/wp\/v2\/types\/post"}],"author":[{"embeddable":true,"href":"https:\/\/canal7slp.tv\/2022\/wp-json\/wp\/v2\/users\/2"}],"replies":[{"embeddable":true,"href":"https:\/\/canal7slp.tv\/2022\/wp-json\/wp\/v2\/comments?post=61594"}],"version-history":[{"count":3,"href":"https:\/\/canal7slp.tv\/2022\/wp-json\/wp\/v2\/posts\/61594\/revisions"}],"predecessor-version":[{"id":61626,"href":"https:\/\/canal7slp.tv\/2022\/wp-json\/wp\/v2\/posts\/61594\/revisions\/61626"}],"wp:featuredmedia":[{"embeddable":true,"href":"https:\/\/canal7slp.tv\/2022\/wp-json\/wp\/v2\/media\/61625"}],"wp:attachment":[{"href":"https:\/\/canal7slp.tv\/2022\/wp-json\/wp\/v2\/media?parent=61594"}],"wp:term":[{"taxonomy":"category","embeddable":true,"href":"https:\/\/canal7slp.tv\/2022\/wp-json\/wp\/v2\/categories?post=61594"},{"taxonomy":"post_tag","embeddable":true,"href":"https:\/\/canal7slp.tv\/2022\/wp-json\/wp\/v2\/tags?post=61594"}],"curies":[{"name":"wp","href":"https:\/\/api.w.org\/{rel}","templated":true}]}}