{"id":61591,"date":"2022-05-27T16:53:30","date_gmt":"2022-05-27T22:53:30","guid":{"rendered":"https:\/\/canal7slp.tv\/2022\/?p=61591"},"modified":"2022-05-27T16:53:30","modified_gmt":"2022-05-27T22:53:30","slug":"presunto-agresor-de-menor-de-edad-en-san-miguelito-es-detenido","status":"publish","type":"post","link":"https:\/\/canal7slp.tv\/2022\/presunto-agresor-de-menor-de-edad-en-san-miguelito-es-detenido\/","title":{"rendered":"Presunto agresor de menor de edad en San Miguelito es detenido."},"content":{"rendered":"<ul>\n<li>Fue reconocido plenamente por la v\u00edctima, as\u00ed como a trav\u00e9s de videograbaciones.<\/li>\n<\/ul>\n<p style=\"text-align: justify;\">SLP.- El titular de la Fiscal\u00eda General del Estado de San Luis Potos\u00ed, Jos\u00e9 Luis Ru\u00edz Contreras, inform\u00f3 que el presunto agresor de una joven estudiante de nivel secundaria en un callej\u00f3n de San Miguelito ya fue detenido.<\/p>\n<p style=\"text-align: justify;\">\u00abYa el d\u00eda de ayer de cumpliment\u00f3 una orden de aprehensi\u00f3n en contra del probable por los delitos de violaci\u00f3n agravada y robo calificado en grado de tentativa, qued\u00f3 a disposici\u00f3n del juez de control, el d\u00eda de hoy es la audiencia\u00bb, Detall\u00f3.<\/p>\n<p style=\"text-align: justify;\">De acuerdo con el funcionario, el delincuente fue identificado por las videograbaciones obtenidas del hecho, as\u00ed como por parte de la v\u00edctima<\/p>\n<p style=\"text-align: justify;\">\u00abLos datos que tenemos son contundentes en cuanto a la identificaci\u00f3n al momento del hecho, la identificaci\u00f3n cuando esta persona va a su fuente de trabajo, tambi\u00e9n la identificaci\u00f3n que hace de manera directa la joven victima en contra del mismo reconoci\u00e9ndolo plenamente como su agresor\u00bb, agreg\u00f3.<\/p>\n<p style=\"text-align: justify;\">Seg\u00fan se refiere, la detenci\u00f3n del mismo fue realizada por elementos de la Guardia Civil y con ayuda de un familiar del agresor:<\/p>\n<p style=\"text-align: justify;\">\u00abSe le detuvo por parte de la Guardia Civil cerca de su domicilio&#8230; Bueno, no tengo ese dato preciso, sin embargo, tambi\u00e9n hubo colaboraci\u00f3n por parte de un familiar del propio\u00bb.<\/p>\n<p style=\"text-align: justify;\">Por: Jos\u00e9 Luis V\u00e1zquez<\/p>\n","protected":false},"excerpt":{"rendered":"<p>Fue reconocido plenamente por la v\u00edctima, as\u00ed como a trav\u00e9s de videograbaciones. SLP.- El titular de la Fiscal\u00eda General del Estado de San Luis Potos\u00ed, Jos\u00e9 Luis Ru\u00edz Contreras, inform\u00f3 que el presunto agresor de una joven estudiante de nivel secundaria en un callej\u00f3n de San Miguelito ya fue detenido. \u00abYa el d\u00eda de ayer de cumpliment\u00f3 una orden de aprehensi\u00f3n en contra del probable por los delitos de violaci\u00f3n agravada y robo calificado en grado de tentativa, qued\u00f3 a disposici\u00f3n del juez de control, el d\u00eda de hoy es la audiencia\u00bb, Detall\u00f3. De acuerdo con el funcionario, el delincuente [&hellip;]<\/p>\n","protected":false},"author":2,"featured_media":61618,"comment_status":"closed","ping_status":"closed","sticky":false,"template":"","format":"video","meta":{"footnotes":""},"categories":[5,45],"tags":[],"class_list":["post-61591","post","type-post","status-publish","format-video","has-post-thumbnail","hentry","category-destacadas","category-localesyregionales","post_format-post-format-video","post--single"],"yoast_head":"<!-- This site is optimized with the Yoast SEO plugin v27.5 - https:\/\/yoast.com\/product\/yoast-seo-wordpress\/ -->\n<title>Presunto agresor de menor de edad en San Miguelito es detenido. - Canal 7 SLP - 2022<\/title>\n<meta name=\"robots\" content=\"index, follow, max-snippet:-1, max-image-preview:large, max-video-preview:-1\" \/>\n<link rel=\"canonical\" href=\"https:\/\/canal7slp.tv\/2022\/presunto-agresor-de-menor-de-edad-en-san-miguelito-es-detenido\/\" \/>\n<meta property=\"og:locale\" content=\"es_ES\" \/>\n<meta property=\"og:type\" content=\"article\" \/>\n<meta property=\"og:title\" content=\"Presunto agresor de menor de edad en San Miguelito es detenido. - Canal 7 SLP - 2022\" \/>\n<meta property=\"og:description\" content=\"Fue reconocido plenamente por la v\u00edctima, as\u00ed como a trav\u00e9s de videograbaciones. SLP.- El titular de la Fiscal\u00eda General del Estado de San Luis Potos\u00ed, Jos\u00e9 Luis Ru\u00edz Contreras, inform\u00f3 que el presunto agresor de una joven estudiante de nivel secundaria en un callej\u00f3n de San Miguelito ya fue detenido. \u00abYa el d\u00eda de ayer de cumpliment\u00f3 una orden de aprehensi\u00f3n en contra del probable por los delitos de violaci\u00f3n agravada y robo calificado en grado de tentativa, qued\u00f3 a disposici\u00f3n del juez de control, el d\u00eda de hoy es la audiencia\u00bb, Detall\u00f3. De acuerdo con el funcionario, el delincuente [&hellip;]\" \/>\n<meta property=\"og:url\" content=\"https:\/\/canal7slp.tv\/2022\/presunto-agresor-de-menor-de-edad-en-san-miguelito-es-detenido\/\" \/>\n<meta property=\"og:site_name\" content=\"Canal 7 SLP - 2022\" \/>\n<meta property=\"article:publisher\" content=\"https:\/\/www.facebook.com\/noticieroscanalsiete\" \/>\n<meta property=\"article:published_time\" content=\"2022-05-27T22:53:30+00:00\" \/>\n<meta property=\"og:image\" content=\"https:\/\/canal7slp.tv\/2022\/wp-content\/uploads\/2022\/05\/Vazquez01Agresor.jpg\" \/>\n\t<meta property=\"og:image:width\" content=\"888\" \/>\n\t<meta property=\"og:image:height\" content=\"500\" \/>\n\t<meta property=\"og:image:type\" content=\"image\/jpeg\" \/>\n<meta name=\"author\" content=\"Edici\u00f3n Web\" \/>\n<meta name=\"twitter:card\" content=\"summary_large_image\" \/>\n<meta name=\"twitter:creator\" content=\"@NOTICIEROS7\" \/>\n<meta name=\"twitter:site\" content=\"@NOTICIEROS7\" \/>\n<meta name=\"twitter:label1\" content=\"Escrito por\" \/>\n\t<meta name=\"twitter:data1\" content=\"Edici\u00f3n Web\" \/>\n\t<meta name=\"twitter:label2\" content=\"Tiempo de lectura\" \/>\n\t<meta name=\"twitter:data2\" content=\"2 minutos\" \/>\n<script type=\"application\/ld+json\" class=\"yoast-schema-graph\">{\"@context\":\"https:\\\/\\\/schema.org\",\"@graph\":[{\"@type\":\"Article\",\"@id\":\"https:\\\/\\\/canal7slp.tv\\\/2022\\\/presunto-agresor-de-menor-de-edad-en-san-miguelito-es-detenido\\\/#article\",\"isPartOf\":{\"@id\":\"https:\\\/\\\/canal7slp.tv\\\/2022\\\/presunto-agresor-de-menor-de-edad-en-san-miguelito-es-detenido\\\/\"},\"author\":{\"name\":\"Edici\u00f3n Web\",\"@id\":\"https:\\\/\\\/canal7slp.tv\\\/2022\\\/#\\\/schema\\\/person\\\/429704152a21f5f856ce29aa69a238da\"},\"headline\":\"Presunto agresor de menor de edad en San Miguelito es detenido.\",\"datePublished\":\"2022-05-27T22:53:30+00:00\",\"mainEntityOfPage\":{\"@id\":\"https:\\\/\\\/canal7slp.tv\\\/2022\\\/presunto-agresor-de-menor-de-edad-en-san-miguelito-es-detenido\\\/\"},\"wordCount\":253,\"publisher\":{\"@id\":\"https:\\\/\\\/canal7slp.tv\\\/2022\\\/#organization\"},\"image\":{\"@id\":\"https:\\\/\\\/canal7slp.tv\\\/2022\\\/presunto-agresor-de-menor-de-edad-en-san-miguelito-es-detenido\\\/#primaryimage\"},\"thumbnailUrl\":\"https:\\\/\\\/canal7slp.tv\\\/2022\\\/wp-content\\\/uploads\\\/2022\\\/05\\\/Vazquez01Agresor.jpg\",\"articleSection\":[\"DESTACADAS\",\"LOCALES Y REGIONALES\"],\"inLanguage\":\"es\"},{\"@type\":\"WebPage\",\"@id\":\"https:\\\/\\\/canal7slp.tv\\\/2022\\\/presunto-agresor-de-menor-de-edad-en-san-miguelito-es-detenido\\\/\",\"url\":\"https:\\\/\\\/canal7slp.tv\\\/2022\\\/presunto-agresor-de-menor-de-edad-en-san-miguelito-es-detenido\\\/\",\"name\":\"Presunto agresor de menor de edad en San Miguelito es detenido. - Canal 7 SLP - 2022\",\"isPartOf\":{\"@id\":\"https:\\\/\\\/canal7slp.tv\\\/2022\\\/#website\"},\"primaryImageOfPage\":{\"@id\":\"https:\\\/\\\/canal7slp.tv\\\/2022\\\/presunto-agresor-de-menor-de-edad-en-san-miguelito-es-detenido\\\/#primaryimage\"},\"image\":{\"@id\":\"https:\\\/\\\/canal7slp.tv\\\/2022\\\/presunto-agresor-de-menor-de-edad-en-san-miguelito-es-detenido\\\/#primaryimage\"},\"thumbnailUrl\":\"https:\\\/\\\/canal7slp.tv\\\/2022\\\/wp-content\\\/uploads\\\/2022\\\/05\\\/Vazquez01Agresor.jpg\",\"datePublished\":\"2022-05-27T22:53:30+00:00\",\"breadcrumb\":{\"@id\":\"https:\\\/\\\/canal7slp.tv\\\/2022\\\/presunto-agresor-de-menor-de-edad-en-san-miguelito-es-detenido\\\/#breadcrumb\"},\"inLanguage\":\"es\",\"potentialAction\":[{\"@type\":\"ReadAction\",\"target\":[\"https:\\\/\\\/canal7slp.tv\\\/2022\\\/presunto-agresor-de-menor-de-edad-en-san-miguelito-es-detenido\\\/\"]}]},{\"@type\":\"ImageObject\",\"inLanguage\":\"es\",\"@id\":\"https:\\\/\\\/canal7slp.tv\\\/2022\\\/presunto-agresor-de-menor-de-edad-en-san-miguelito-es-detenido\\\/#primaryimage\",\"url\":\"https:\\\/\\\/canal7slp.tv\\\/2022\\\/wp-content\\\/uploads\\\/2022\\\/05\\\/Vazquez01Agresor.jpg\",\"contentUrl\":\"https:\\\/\\\/canal7slp.tv\\\/2022\\\/wp-content\\\/uploads\\\/2022\\\/05\\\/Vazquez01Agresor.jpg\",\"width\":888,\"height\":500},{\"@type\":\"BreadcrumbList\",\"@id\":\"https:\\\/\\\/canal7slp.tv\\\/2022\\\/presunto-agresor-de-menor-de-edad-en-san-miguelito-es-detenido\\\/#breadcrumb\",\"itemListElement\":[{\"@type\":\"ListItem\",\"position\":1,\"name\":\"Portada\",\"item\":\"https:\\\/\\\/canal7slp.tv\\\/2022\\\/\"},{\"@type\":\"ListItem\",\"position\":2,\"name\":\"Presunto agresor de menor de edad en San Miguelito es detenido.\"}]},{\"@type\":\"WebSite\",\"@id\":\"https:\\\/\\\/canal7slp.tv\\\/2022\\\/#website\",\"url\":\"https:\\\/\\\/canal7slp.tv\\\/2022\\\/\",\"name\":\"N7 - Noticieros Canal 7\",\"description\":\"Somos Televisi\u00f3n\",\"publisher\":{\"@id\":\"https:\\\/\\\/canal7slp.tv\\\/2022\\\/#organization\"},\"potentialAction\":[{\"@type\":\"SearchAction\",\"target\":{\"@type\":\"EntryPoint\",\"urlTemplate\":\"https:\\\/\\\/canal7slp.tv\\\/2022\\\/?s={search_term_string}\"},\"query-input\":{\"@type\":\"PropertyValueSpecification\",\"valueRequired\":true,\"valueName\":\"search_term_string\"}}],\"inLanguage\":\"es\"},{\"@type\":\"Organization\",\"@id\":\"https:\\\/\\\/canal7slp.tv\\\/2022\\\/#organization\",\"name\":\"Noticieros Canal 7\",\"url\":\"https:\\\/\\\/canal7slp.tv\\\/2022\\\/\",\"logo\":{\"@type\":\"ImageObject\",\"inLanguage\":\"es\",\"@id\":\"https:\\\/\\\/canal7slp.tv\\\/2022\\\/#\\\/schema\\\/logo\\\/image\\\/\",\"url\":\"https:\\\/\\\/canal7slp.tv\\\/2022\\\/wp-content\\\/uploads\\\/2021\\\/01\\\/logo-noticieros@2x.png\",\"contentUrl\":\"https:\\\/\\\/canal7slp.tv\\\/2022\\\/wp-content\\\/uploads\\\/2021\\\/01\\\/logo-noticieros@2x.png\",\"width\":1017,\"height\":268,\"caption\":\"Noticieros Canal 7\"},\"image\":{\"@id\":\"https:\\\/\\\/canal7slp.tv\\\/2022\\\/#\\\/schema\\\/logo\\\/image\\\/\"},\"sameAs\":[\"https:\\\/\\\/www.facebook.com\\\/noticieroscanalsiete\",\"https:\\\/\\\/x.com\\\/NOTICIEROS7\",\"https:\\\/\\\/www.instagram.com\\\/canal7_slp\",\"https:\\\/\\\/www.youtube.com\\\/channel\\\/UCliiYs-gP3JfJeqdPrNdd5A\"]},{\"@type\":\"Person\",\"@id\":\"https:\\\/\\\/canal7slp.tv\\\/2022\\\/#\\\/schema\\\/person\\\/429704152a21f5f856ce29aa69a238da\",\"name\":\"Edici\u00f3n Web\",\"image\":{\"@type\":\"ImageObject\",\"inLanguage\":\"es\",\"@id\":\"https:\\\/\\\/secure.gravatar.com\\\/avatar\\\/eee448fc3f7164808013b816ba91ac7e43bbe82a70bebac296f8bc6f0addaa1a?s=96&d=mm&r=g\",\"url\":\"https:\\\/\\\/secure.gravatar.com\\\/avatar\\\/eee448fc3f7164808013b816ba91ac7e43bbe82a70bebac296f8bc6f0addaa1a?s=96&d=mm&r=g\",\"contentUrl\":\"https:\\\/\\\/secure.gravatar.com\\\/avatar\\\/eee448fc3f7164808013b816ba91ac7e43bbe82a70bebac296f8bc6f0addaa1a?s=96&d=mm&r=g\",\"caption\":\"Edici\u00f3n Web\"},\"url\":\"https:\\\/\\\/canal7slp.tv\\\/2022\\\/author\\\/edicionweb\\\/\"}]}<\/script>\n<!-- \/ Yoast SEO plugin. -->","yoast_head_json":{"title":"Presunto agresor de menor de edad en San Miguelito es detenido. - Canal 7 SLP - 2022","robots":{"index":"index","follow":"follow","max-snippet":"max-snippet:-1","max-image-preview":"max-image-preview:large","max-video-preview":"max-video-preview:-1"},"canonical":"https:\/\/canal7slp.tv\/2022\/presunto-agresor-de-menor-de-edad-en-san-miguelito-es-detenido\/","og_locale":"es_ES","og_type":"article","og_title":"Presunto agresor de menor de edad en San Miguelito es detenido. - Canal 7 SLP - 2022","og_description":"Fue reconocido plenamente por la v\u00edctima, as\u00ed como a trav\u00e9s de videograbaciones. SLP.- El titular de la Fiscal\u00eda General del Estado de San Luis Potos\u00ed, Jos\u00e9 Luis Ru\u00edz Contreras, inform\u00f3 que el presunto agresor de una joven estudiante de nivel secundaria en un callej\u00f3n de San Miguelito ya fue detenido. \u00abYa el d\u00eda de ayer de cumpliment\u00f3 una orden de aprehensi\u00f3n en contra del probable por los delitos de violaci\u00f3n agravada y robo calificado en grado de tentativa, qued\u00f3 a disposici\u00f3n del juez de control, el d\u00eda de hoy es la audiencia\u00bb, Detall\u00f3. De acuerdo con el funcionario, el delincuente [&hellip;]","og_url":"https:\/\/canal7slp.tv\/2022\/presunto-agresor-de-menor-de-edad-en-san-miguelito-es-detenido\/","og_site_name":"Canal 7 SLP - 2022","article_publisher":"https:\/\/www.facebook.com\/noticieroscanalsiete","article_published_time":"2022-05-27T22:53:30+00:00","og_image":[{"width":888,"height":500,"url":"https:\/\/canal7slp.tv\/2022\/wp-content\/uploads\/2022\/05\/Vazquez01Agresor.jpg","type":"image\/jpeg"}],"author":"Edici\u00f3n Web","twitter_card":"summary_large_image","twitter_creator":"@NOTICIEROS7","twitter_site":"@NOTICIEROS7","twitter_misc":{"Escrito por":"Edici\u00f3n Web","Tiempo de lectura":"2 minutos"},"schema":{"@context":"https:\/\/schema.org","@graph":[{"@type":"Article","@id":"https:\/\/canal7slp.tv\/2022\/presunto-agresor-de-menor-de-edad-en-san-miguelito-es-detenido\/#article","isPartOf":{"@id":"https:\/\/canal7slp.tv\/2022\/presunto-agresor-de-menor-de-edad-en-san-miguelito-es-detenido\/"},"author":{"name":"Edici\u00f3n Web","@id":"https:\/\/canal7slp.tv\/2022\/#\/schema\/person\/429704152a21f5f856ce29aa69a238da"},"headline":"Presunto agresor de menor de edad en San Miguelito es detenido.","datePublished":"2022-05-27T22:53:30+00:00","mainEntityOfPage":{"@id":"https:\/\/canal7slp.tv\/2022\/presunto-agresor-de-menor-de-edad-en-san-miguelito-es-detenido\/"},"wordCount":253,"publisher":{"@id":"https:\/\/canal7slp.tv\/2022\/#organization"},"image":{"@id":"https:\/\/canal7slp.tv\/2022\/presunto-agresor-de-menor-de-edad-en-san-miguelito-es-detenido\/#primaryimage"},"thumbnailUrl":"https:\/\/canal7slp.tv\/2022\/wp-content\/uploads\/2022\/05\/Vazquez01Agresor.jpg","articleSection":["DESTACADAS","LOCALES Y REGIONALES"],"inLanguage":"es"},{"@type":"WebPage","@id":"https:\/\/canal7slp.tv\/2022\/presunto-agresor-de-menor-de-edad-en-san-miguelito-es-detenido\/","url":"https:\/\/canal7slp.tv\/2022\/presunto-agresor-de-menor-de-edad-en-san-miguelito-es-detenido\/","name":"Presunto agresor de menor de edad en San Miguelito es detenido. - Canal 7 SLP - 2022","isPartOf":{"@id":"https:\/\/canal7slp.tv\/2022\/#website"},"primaryImageOfPage":{"@id":"https:\/\/canal7slp.tv\/2022\/presunto-agresor-de-menor-de-edad-en-san-miguelito-es-detenido\/#primaryimage"},"image":{"@id":"https:\/\/canal7slp.tv\/2022\/presunto-agresor-de-menor-de-edad-en-san-miguelito-es-detenido\/#primaryimage"},"thumbnailUrl":"https:\/\/canal7slp.tv\/2022\/wp-content\/uploads\/2022\/05\/Vazquez01Agresor.jpg","datePublished":"2022-05-27T22:53:30+00:00","breadcrumb":{"@id":"https:\/\/canal7slp.tv\/2022\/presunto-agresor-de-menor-de-edad-en-san-miguelito-es-detenido\/#breadcrumb"},"inLanguage":"es","potentialAction":[{"@type":"ReadAction","target":["https:\/\/canal7slp.tv\/2022\/presunto-agresor-de-menor-de-edad-en-san-miguelito-es-detenido\/"]}]},{"@type":"ImageObject","inLanguage":"es","@id":"https:\/\/canal7slp.tv\/2022\/presunto-agresor-de-menor-de-edad-en-san-miguelito-es-detenido\/#primaryimage","url":"https:\/\/canal7slp.tv\/2022\/wp-content\/uploads\/2022\/05\/Vazquez01Agresor.jpg","contentUrl":"https:\/\/canal7slp.tv\/2022\/wp-content\/uploads\/2022\/05\/Vazquez01Agresor.jpg","width":888,"height":500},{"@type":"BreadcrumbList","@id":"https:\/\/canal7slp.tv\/2022\/presunto-agresor-de-menor-de-edad-en-san-miguelito-es-detenido\/#breadcrumb","itemListElement":[{"@type":"ListItem","position":1,"name":"Portada","item":"https:\/\/canal7slp.tv\/2022\/"},{"@type":"ListItem","position":2,"name":"Presunto agresor de menor de edad en San Miguelito es detenido."}]},{"@type":"WebSite","@id":"https:\/\/canal7slp.tv\/2022\/#website","url":"https:\/\/canal7slp.tv\/2022\/","name":"N7 - Noticieros Canal 7","description":"Somos Televisi\u00f3n","publisher":{"@id":"https:\/\/canal7slp.tv\/2022\/#organization"},"potentialAction":[{"@type":"SearchAction","target":{"@type":"EntryPoint","urlTemplate":"https:\/\/canal7slp.tv\/2022\/?s={search_term_string}"},"query-input":{"@type":"PropertyValueSpecification","valueRequired":true,"valueName":"search_term_string"}}],"inLanguage":"es"},{"@type":"Organization","@id":"https:\/\/canal7slp.tv\/2022\/#organization","name":"Noticieros Canal 7","url":"https:\/\/canal7slp.tv\/2022\/","logo":{"@type":"ImageObject","inLanguage":"es","@id":"https:\/\/canal7slp.tv\/2022\/#\/schema\/logo\/image\/","url":"https:\/\/canal7slp.tv\/2022\/wp-content\/uploads\/2021\/01\/logo-noticieros@2x.png","contentUrl":"https:\/\/canal7slp.tv\/2022\/wp-content\/uploads\/2021\/01\/logo-noticieros@2x.png","width":1017,"height":268,"caption":"Noticieros Canal 7"},"image":{"@id":"https:\/\/canal7slp.tv\/2022\/#\/schema\/logo\/image\/"},"sameAs":["https:\/\/www.facebook.com\/noticieroscanalsiete","https:\/\/x.com\/NOTICIEROS7","https:\/\/www.instagram.com\/canal7_slp","https:\/\/www.youtube.com\/channel\/UCliiYs-gP3JfJeqdPrNdd5A"]},{"@type":"Person","@id":"https:\/\/canal7slp.tv\/2022\/#\/schema\/person\/429704152a21f5f856ce29aa69a238da","name":"Edici\u00f3n Web","image":{"@type":"ImageObject","inLanguage":"es","@id":"https:\/\/secure.gravatar.com\/avatar\/eee448fc3f7164808013b816ba91ac7e43bbe82a70bebac296f8bc6f0addaa1a?s=96&d=mm&r=g","url":"https:\/\/secure.gravatar.com\/avatar\/eee448fc3f7164808013b816ba91ac7e43bbe82a70bebac296f8bc6f0addaa1a?s=96&d=mm&r=g","contentUrl":"https:\/\/secure.gravatar.com\/avatar\/eee448fc3f7164808013b816ba91ac7e43bbe82a70bebac296f8bc6f0addaa1a?s=96&d=mm&r=g","caption":"Edici\u00f3n Web"},"url":"https:\/\/canal7slp.tv\/2022\/author\/edicionweb\/"}]}},"amp_enabled":true,"_links":{"self":[{"href":"https:\/\/canal7slp.tv\/2022\/wp-json\/wp\/v2\/posts\/61591","targetHints":{"allow":["GET"]}}],"collection":[{"href":"https:\/\/canal7slp.tv\/2022\/wp-json\/wp\/v2\/posts"}],"about":[{"href":"https:\/\/canal7slp.tv\/2022\/wp-json\/wp\/v2\/types\/post"}],"author":[{"embeddable":true,"href":"https:\/\/canal7slp.tv\/2022\/wp-json\/wp\/v2\/users\/2"}],"replies":[{"embeddable":true,"href":"https:\/\/canal7slp.tv\/2022\/wp-json\/wp\/v2\/comments?post=61591"}],"version-history":[{"count":3,"href":"https:\/\/canal7slp.tv\/2022\/wp-json\/wp\/v2\/posts\/61591\/revisions"}],"predecessor-version":[{"id":61619,"href":"https:\/\/canal7slp.tv\/2022\/wp-json\/wp\/v2\/posts\/61591\/revisions\/61619"}],"wp:featuredmedia":[{"embeddable":true,"href":"https:\/\/canal7slp.tv\/2022\/wp-json\/wp\/v2\/media\/61618"}],"wp:attachment":[{"href":"https:\/\/canal7slp.tv\/2022\/wp-json\/wp\/v2\/media?parent=61591"}],"wp:term":[{"taxonomy":"category","embeddable":true,"href":"https:\/\/canal7slp.tv\/2022\/wp-json\/wp\/v2\/categories?post=61591"},{"taxonomy":"post_tag","embeddable":true,"href":"https:\/\/canal7slp.tv\/2022\/wp-json\/wp\/v2\/tags?post=61591"}],"curies":[{"name":"wp","href":"https:\/\/api.w.org\/{rel}","templated":true}]}}