{"id":61579,"date":"2022-05-27T15:25:06","date_gmt":"2022-05-27T21:25:06","guid":{"rendered":"https:\/\/canal7slp.tv\/2022\/?p=61579"},"modified":"2022-05-27T15:25:06","modified_gmt":"2022-05-27T21:25:06","slug":"inauguran-la-copa-san-luis-de-gimnasia-ritmica","status":"publish","type":"post","link":"https:\/\/canal7slp.tv\/2022\/inauguran-la-copa-san-luis-de-gimnasia-ritmica\/","title":{"rendered":"Inauguran la Copa San Luis de Gimnasia R\u00edtmica."},"content":{"rendered":"<p style=\"text-align: justify;\">SLP.- Fue inaugurada la Copa San Luis de Gimnasia R\u00edtmica 2022, que se realizar\u00e1 en el Pabell\u00f3n Multidisciplinario de la Unidad Deportiva \u00abAdolfo L\u00f3pez Mateos\u00bb, el Director del Instituto Potosino de Cultura F\u00edsica y Deporte Edmundo R\u00edos J\u00e1uregui estuvo presente en este evento acompa\u00f1ado de Claudia Ramos M\u00e9ndez, miembro del Comit\u00e9 T\u00e9cnico de la Federaci\u00f3n Mexicana de Gimnasia y Dulce Rosario Hern\u00e1ndez M\u00e1rquez T\u00e9cnica Estatal de la Asociaci\u00f3n Potosina de Gimnasia.<\/p>\n<p style=\"text-align: justify;\">Esta Copa San Luis de Gimnasia R\u00edtmica se puede realizara con la presencia de las academias Solkin, Gam, R\u00edtmica Creativa, GR Corregidora, Nike, Nahui-Ollin, CDP, IDEA, Rytmo, R\u00edtmica Lince y el Centro de Gimnasia R\u00edtmica. Las gimnastas participan dentro de la clase uno a la cinco y por conjuntos,<\/p>\n","protected":false},"excerpt":{"rendered":"<p>SLP.- Fue inaugurada la Copa San Luis de Gimnasia R\u00edtmica 2022, que se realizar\u00e1 en el Pabell\u00f3n Multidisciplinario de la Unidad Deportiva \u00abAdolfo L\u00f3pez Mateos\u00bb, el Director del Instituto Potosino de Cultura F\u00edsica y Deporte Edmundo R\u00edos J\u00e1uregui estuvo presente en este evento acompa\u00f1ado de Claudia Ramos M\u00e9ndez, miembro del Comit\u00e9 T\u00e9cnico de la Federaci\u00f3n Mexicana de Gimnasia y Dulce Rosario Hern\u00e1ndez M\u00e1rquez T\u00e9cnica Estatal de la Asociaci\u00f3n Potosina de Gimnasia. Esta Copa San Luis de Gimnasia R\u00edtmica se puede realizara con la presencia de las academias Solkin, Gam, R\u00edtmica Creativa, GR Corregidora, Nike, Nahui-Ollin, CDP, IDEA, Rytmo, R\u00edtmica Lince [&hellip;]<\/p>\n","protected":false},"author":2,"featured_media":61585,"comment_status":"closed","ping_status":"closed","sticky":false,"template":"","format":"video","meta":{"footnotes":""},"categories":[7,5],"tags":[],"class_list":["post-61579","post","type-post","status-publish","format-video","has-post-thumbnail","hentry","category-deportes","category-destacadas","post_format-post-format-video","post--single"],"yoast_head":"<!-- This site is optimized with the Yoast SEO plugin v27.5 - https:\/\/yoast.com\/product\/yoast-seo-wordpress\/ -->\n<title>Inauguran la Copa San Luis de Gimnasia R\u00edtmica. - Canal 7 SLP - 2022<\/title>\n<meta name=\"robots\" content=\"index, follow, max-snippet:-1, max-image-preview:large, max-video-preview:-1\" \/>\n<link rel=\"canonical\" href=\"https:\/\/canal7slp.tv\/2022\/inauguran-la-copa-san-luis-de-gimnasia-ritmica\/\" \/>\n<meta property=\"og:locale\" content=\"es_ES\" \/>\n<meta property=\"og:type\" content=\"article\" \/>\n<meta property=\"og:title\" content=\"Inauguran la Copa San Luis de Gimnasia R\u00edtmica. - Canal 7 SLP - 2022\" \/>\n<meta property=\"og:description\" content=\"SLP.- Fue inaugurada la Copa San Luis de Gimnasia R\u00edtmica 2022, que se realizar\u00e1 en el Pabell\u00f3n Multidisciplinario de la Unidad Deportiva \u00abAdolfo L\u00f3pez Mateos\u00bb, el Director del Instituto Potosino de Cultura F\u00edsica y Deporte Edmundo R\u00edos J\u00e1uregui estuvo presente en este evento acompa\u00f1ado de Claudia Ramos M\u00e9ndez, miembro del Comit\u00e9 T\u00e9cnico de la Federaci\u00f3n Mexicana de Gimnasia y Dulce Rosario Hern\u00e1ndez M\u00e1rquez T\u00e9cnica Estatal de la Asociaci\u00f3n Potosina de Gimnasia. Esta Copa San Luis de Gimnasia R\u00edtmica se puede realizara con la presencia de las academias Solkin, Gam, R\u00edtmica Creativa, GR Corregidora, Nike, Nahui-Ollin, CDP, IDEA, Rytmo, R\u00edtmica Lince [&hellip;]\" \/>\n<meta property=\"og:url\" content=\"https:\/\/canal7slp.tv\/2022\/inauguran-la-copa-san-luis-de-gimnasia-ritmica\/\" \/>\n<meta property=\"og:site_name\" content=\"Canal 7 SLP - 2022\" \/>\n<meta property=\"article:publisher\" content=\"https:\/\/www.facebook.com\/noticieroscanalsiete\" \/>\n<meta property=\"article:published_time\" content=\"2022-05-27T21:25:06+00:00\" \/>\n<meta property=\"og:image\" content=\"https:\/\/canal7slp.tv\/2022\/wp-content\/uploads\/2022\/05\/Froi01Gimnasia.jpg\" \/>\n\t<meta property=\"og:image:width\" content=\"888\" \/>\n\t<meta property=\"og:image:height\" content=\"500\" \/>\n\t<meta property=\"og:image:type\" content=\"image\/jpeg\" \/>\n<meta name=\"author\" content=\"Edici\u00f3n Web\" \/>\n<meta name=\"twitter:card\" content=\"summary_large_image\" \/>\n<meta name=\"twitter:creator\" content=\"@NOTICIEROS7\" \/>\n<meta name=\"twitter:site\" content=\"@NOTICIEROS7\" \/>\n<meta name=\"twitter:label1\" content=\"Escrito por\" \/>\n\t<meta name=\"twitter:data1\" content=\"Edici\u00f3n Web\" \/>\n\t<meta name=\"twitter:label2\" content=\"Tiempo de lectura\" \/>\n\t<meta name=\"twitter:data2\" content=\"1 minuto\" \/>\n<script type=\"application\/ld+json\" class=\"yoast-schema-graph\">{\"@context\":\"https:\\\/\\\/schema.org\",\"@graph\":[{\"@type\":\"Article\",\"@id\":\"https:\\\/\\\/canal7slp.tv\\\/2022\\\/inauguran-la-copa-san-luis-de-gimnasia-ritmica\\\/#article\",\"isPartOf\":{\"@id\":\"https:\\\/\\\/canal7slp.tv\\\/2022\\\/inauguran-la-copa-san-luis-de-gimnasia-ritmica\\\/\"},\"author\":{\"name\":\"Edici\u00f3n Web\",\"@id\":\"https:\\\/\\\/canal7slp.tv\\\/2022\\\/#\\\/schema\\\/person\\\/429704152a21f5f856ce29aa69a238da\"},\"headline\":\"Inauguran la Copa San Luis de Gimnasia R\u00edtmica.\",\"datePublished\":\"2022-05-27T21:25:06+00:00\",\"mainEntityOfPage\":{\"@id\":\"https:\\\/\\\/canal7slp.tv\\\/2022\\\/inauguran-la-copa-san-luis-de-gimnasia-ritmica\\\/\"},\"wordCount\":147,\"publisher\":{\"@id\":\"https:\\\/\\\/canal7slp.tv\\\/2022\\\/#organization\"},\"image\":{\"@id\":\"https:\\\/\\\/canal7slp.tv\\\/2022\\\/inauguran-la-copa-san-luis-de-gimnasia-ritmica\\\/#primaryimage\"},\"thumbnailUrl\":\"https:\\\/\\\/canal7slp.tv\\\/2022\\\/wp-content\\\/uploads\\\/2022\\\/05\\\/Froi01Gimnasia.jpg\",\"articleSection\":[\"DEPORTES\",\"DESTACADAS\"],\"inLanguage\":\"es\"},{\"@type\":\"WebPage\",\"@id\":\"https:\\\/\\\/canal7slp.tv\\\/2022\\\/inauguran-la-copa-san-luis-de-gimnasia-ritmica\\\/\",\"url\":\"https:\\\/\\\/canal7slp.tv\\\/2022\\\/inauguran-la-copa-san-luis-de-gimnasia-ritmica\\\/\",\"name\":\"Inauguran la Copa San Luis de Gimnasia R\u00edtmica. - Canal 7 SLP - 2022\",\"isPartOf\":{\"@id\":\"https:\\\/\\\/canal7slp.tv\\\/2022\\\/#website\"},\"primaryImageOfPage\":{\"@id\":\"https:\\\/\\\/canal7slp.tv\\\/2022\\\/inauguran-la-copa-san-luis-de-gimnasia-ritmica\\\/#primaryimage\"},\"image\":{\"@id\":\"https:\\\/\\\/canal7slp.tv\\\/2022\\\/inauguran-la-copa-san-luis-de-gimnasia-ritmica\\\/#primaryimage\"},\"thumbnailUrl\":\"https:\\\/\\\/canal7slp.tv\\\/2022\\\/wp-content\\\/uploads\\\/2022\\\/05\\\/Froi01Gimnasia.jpg\",\"datePublished\":\"2022-05-27T21:25:06+00:00\",\"breadcrumb\":{\"@id\":\"https:\\\/\\\/canal7slp.tv\\\/2022\\\/inauguran-la-copa-san-luis-de-gimnasia-ritmica\\\/#breadcrumb\"},\"inLanguage\":\"es\",\"potentialAction\":[{\"@type\":\"ReadAction\",\"target\":[\"https:\\\/\\\/canal7slp.tv\\\/2022\\\/inauguran-la-copa-san-luis-de-gimnasia-ritmica\\\/\"]}]},{\"@type\":\"ImageObject\",\"inLanguage\":\"es\",\"@id\":\"https:\\\/\\\/canal7slp.tv\\\/2022\\\/inauguran-la-copa-san-luis-de-gimnasia-ritmica\\\/#primaryimage\",\"url\":\"https:\\\/\\\/canal7slp.tv\\\/2022\\\/wp-content\\\/uploads\\\/2022\\\/05\\\/Froi01Gimnasia.jpg\",\"contentUrl\":\"https:\\\/\\\/canal7slp.tv\\\/2022\\\/wp-content\\\/uploads\\\/2022\\\/05\\\/Froi01Gimnasia.jpg\",\"width\":888,\"height\":500},{\"@type\":\"BreadcrumbList\",\"@id\":\"https:\\\/\\\/canal7slp.tv\\\/2022\\\/inauguran-la-copa-san-luis-de-gimnasia-ritmica\\\/#breadcrumb\",\"itemListElement\":[{\"@type\":\"ListItem\",\"position\":1,\"name\":\"Portada\",\"item\":\"https:\\\/\\\/canal7slp.tv\\\/2022\\\/\"},{\"@type\":\"ListItem\",\"position\":2,\"name\":\"Inauguran la Copa San Luis de Gimnasia R\u00edtmica.\"}]},{\"@type\":\"WebSite\",\"@id\":\"https:\\\/\\\/canal7slp.tv\\\/2022\\\/#website\",\"url\":\"https:\\\/\\\/canal7slp.tv\\\/2022\\\/\",\"name\":\"N7 - Noticieros Canal 7\",\"description\":\"Somos Televisi\u00f3n\",\"publisher\":{\"@id\":\"https:\\\/\\\/canal7slp.tv\\\/2022\\\/#organization\"},\"potentialAction\":[{\"@type\":\"SearchAction\",\"target\":{\"@type\":\"EntryPoint\",\"urlTemplate\":\"https:\\\/\\\/canal7slp.tv\\\/2022\\\/?s={search_term_string}\"},\"query-input\":{\"@type\":\"PropertyValueSpecification\",\"valueRequired\":true,\"valueName\":\"search_term_string\"}}],\"inLanguage\":\"es\"},{\"@type\":\"Organization\",\"@id\":\"https:\\\/\\\/canal7slp.tv\\\/2022\\\/#organization\",\"name\":\"Noticieros Canal 7\",\"url\":\"https:\\\/\\\/canal7slp.tv\\\/2022\\\/\",\"logo\":{\"@type\":\"ImageObject\",\"inLanguage\":\"es\",\"@id\":\"https:\\\/\\\/canal7slp.tv\\\/2022\\\/#\\\/schema\\\/logo\\\/image\\\/\",\"url\":\"https:\\\/\\\/canal7slp.tv\\\/2022\\\/wp-content\\\/uploads\\\/2021\\\/01\\\/logo-noticieros@2x.png\",\"contentUrl\":\"https:\\\/\\\/canal7slp.tv\\\/2022\\\/wp-content\\\/uploads\\\/2021\\\/01\\\/logo-noticieros@2x.png\",\"width\":1017,\"height\":268,\"caption\":\"Noticieros Canal 7\"},\"image\":{\"@id\":\"https:\\\/\\\/canal7slp.tv\\\/2022\\\/#\\\/schema\\\/logo\\\/image\\\/\"},\"sameAs\":[\"https:\\\/\\\/www.facebook.com\\\/noticieroscanalsiete\",\"https:\\\/\\\/x.com\\\/NOTICIEROS7\",\"https:\\\/\\\/www.instagram.com\\\/canal7_slp\",\"https:\\\/\\\/www.youtube.com\\\/channel\\\/UCliiYs-gP3JfJeqdPrNdd5A\"]},{\"@type\":\"Person\",\"@id\":\"https:\\\/\\\/canal7slp.tv\\\/2022\\\/#\\\/schema\\\/person\\\/429704152a21f5f856ce29aa69a238da\",\"name\":\"Edici\u00f3n Web\",\"image\":{\"@type\":\"ImageObject\",\"inLanguage\":\"es\",\"@id\":\"https:\\\/\\\/secure.gravatar.com\\\/avatar\\\/eee448fc3f7164808013b816ba91ac7e43bbe82a70bebac296f8bc6f0addaa1a?s=96&d=mm&r=g\",\"url\":\"https:\\\/\\\/secure.gravatar.com\\\/avatar\\\/eee448fc3f7164808013b816ba91ac7e43bbe82a70bebac296f8bc6f0addaa1a?s=96&d=mm&r=g\",\"contentUrl\":\"https:\\\/\\\/secure.gravatar.com\\\/avatar\\\/eee448fc3f7164808013b816ba91ac7e43bbe82a70bebac296f8bc6f0addaa1a?s=96&d=mm&r=g\",\"caption\":\"Edici\u00f3n Web\"},\"url\":\"https:\\\/\\\/canal7slp.tv\\\/2022\\\/author\\\/edicionweb\\\/\"}]}<\/script>\n<!-- \/ Yoast SEO plugin. -->","yoast_head_json":{"title":"Inauguran la Copa San Luis de Gimnasia R\u00edtmica. - Canal 7 SLP - 2022","robots":{"index":"index","follow":"follow","max-snippet":"max-snippet:-1","max-image-preview":"max-image-preview:large","max-video-preview":"max-video-preview:-1"},"canonical":"https:\/\/canal7slp.tv\/2022\/inauguran-la-copa-san-luis-de-gimnasia-ritmica\/","og_locale":"es_ES","og_type":"article","og_title":"Inauguran la Copa San Luis de Gimnasia R\u00edtmica. - Canal 7 SLP - 2022","og_description":"SLP.- Fue inaugurada la Copa San Luis de Gimnasia R\u00edtmica 2022, que se realizar\u00e1 en el Pabell\u00f3n Multidisciplinario de la Unidad Deportiva \u00abAdolfo L\u00f3pez Mateos\u00bb, el Director del Instituto Potosino de Cultura F\u00edsica y Deporte Edmundo R\u00edos J\u00e1uregui estuvo presente en este evento acompa\u00f1ado de Claudia Ramos M\u00e9ndez, miembro del Comit\u00e9 T\u00e9cnico de la Federaci\u00f3n Mexicana de Gimnasia y Dulce Rosario Hern\u00e1ndez M\u00e1rquez T\u00e9cnica Estatal de la Asociaci\u00f3n Potosina de Gimnasia. Esta Copa San Luis de Gimnasia R\u00edtmica se puede realizara con la presencia de las academias Solkin, Gam, R\u00edtmica Creativa, GR Corregidora, Nike, Nahui-Ollin, CDP, IDEA, Rytmo, R\u00edtmica Lince [&hellip;]","og_url":"https:\/\/canal7slp.tv\/2022\/inauguran-la-copa-san-luis-de-gimnasia-ritmica\/","og_site_name":"Canal 7 SLP - 2022","article_publisher":"https:\/\/www.facebook.com\/noticieroscanalsiete","article_published_time":"2022-05-27T21:25:06+00:00","og_image":[{"width":888,"height":500,"url":"https:\/\/canal7slp.tv\/2022\/wp-content\/uploads\/2022\/05\/Froi01Gimnasia.jpg","type":"image\/jpeg"}],"author":"Edici\u00f3n Web","twitter_card":"summary_large_image","twitter_creator":"@NOTICIEROS7","twitter_site":"@NOTICIEROS7","twitter_misc":{"Escrito por":"Edici\u00f3n Web","Tiempo de lectura":"1 minuto"},"schema":{"@context":"https:\/\/schema.org","@graph":[{"@type":"Article","@id":"https:\/\/canal7slp.tv\/2022\/inauguran-la-copa-san-luis-de-gimnasia-ritmica\/#article","isPartOf":{"@id":"https:\/\/canal7slp.tv\/2022\/inauguran-la-copa-san-luis-de-gimnasia-ritmica\/"},"author":{"name":"Edici\u00f3n Web","@id":"https:\/\/canal7slp.tv\/2022\/#\/schema\/person\/429704152a21f5f856ce29aa69a238da"},"headline":"Inauguran la Copa San Luis de Gimnasia R\u00edtmica.","datePublished":"2022-05-27T21:25:06+00:00","mainEntityOfPage":{"@id":"https:\/\/canal7slp.tv\/2022\/inauguran-la-copa-san-luis-de-gimnasia-ritmica\/"},"wordCount":147,"publisher":{"@id":"https:\/\/canal7slp.tv\/2022\/#organization"},"image":{"@id":"https:\/\/canal7slp.tv\/2022\/inauguran-la-copa-san-luis-de-gimnasia-ritmica\/#primaryimage"},"thumbnailUrl":"https:\/\/canal7slp.tv\/2022\/wp-content\/uploads\/2022\/05\/Froi01Gimnasia.jpg","articleSection":["DEPORTES","DESTACADAS"],"inLanguage":"es"},{"@type":"WebPage","@id":"https:\/\/canal7slp.tv\/2022\/inauguran-la-copa-san-luis-de-gimnasia-ritmica\/","url":"https:\/\/canal7slp.tv\/2022\/inauguran-la-copa-san-luis-de-gimnasia-ritmica\/","name":"Inauguran la Copa San Luis de Gimnasia R\u00edtmica. - Canal 7 SLP - 2022","isPartOf":{"@id":"https:\/\/canal7slp.tv\/2022\/#website"},"primaryImageOfPage":{"@id":"https:\/\/canal7slp.tv\/2022\/inauguran-la-copa-san-luis-de-gimnasia-ritmica\/#primaryimage"},"image":{"@id":"https:\/\/canal7slp.tv\/2022\/inauguran-la-copa-san-luis-de-gimnasia-ritmica\/#primaryimage"},"thumbnailUrl":"https:\/\/canal7slp.tv\/2022\/wp-content\/uploads\/2022\/05\/Froi01Gimnasia.jpg","datePublished":"2022-05-27T21:25:06+00:00","breadcrumb":{"@id":"https:\/\/canal7slp.tv\/2022\/inauguran-la-copa-san-luis-de-gimnasia-ritmica\/#breadcrumb"},"inLanguage":"es","potentialAction":[{"@type":"ReadAction","target":["https:\/\/canal7slp.tv\/2022\/inauguran-la-copa-san-luis-de-gimnasia-ritmica\/"]}]},{"@type":"ImageObject","inLanguage":"es","@id":"https:\/\/canal7slp.tv\/2022\/inauguran-la-copa-san-luis-de-gimnasia-ritmica\/#primaryimage","url":"https:\/\/canal7slp.tv\/2022\/wp-content\/uploads\/2022\/05\/Froi01Gimnasia.jpg","contentUrl":"https:\/\/canal7slp.tv\/2022\/wp-content\/uploads\/2022\/05\/Froi01Gimnasia.jpg","width":888,"height":500},{"@type":"BreadcrumbList","@id":"https:\/\/canal7slp.tv\/2022\/inauguran-la-copa-san-luis-de-gimnasia-ritmica\/#breadcrumb","itemListElement":[{"@type":"ListItem","position":1,"name":"Portada","item":"https:\/\/canal7slp.tv\/2022\/"},{"@type":"ListItem","position":2,"name":"Inauguran la Copa San Luis de Gimnasia R\u00edtmica."}]},{"@type":"WebSite","@id":"https:\/\/canal7slp.tv\/2022\/#website","url":"https:\/\/canal7slp.tv\/2022\/","name":"N7 - Noticieros Canal 7","description":"Somos Televisi\u00f3n","publisher":{"@id":"https:\/\/canal7slp.tv\/2022\/#organization"},"potentialAction":[{"@type":"SearchAction","target":{"@type":"EntryPoint","urlTemplate":"https:\/\/canal7slp.tv\/2022\/?s={search_term_string}"},"query-input":{"@type":"PropertyValueSpecification","valueRequired":true,"valueName":"search_term_string"}}],"inLanguage":"es"},{"@type":"Organization","@id":"https:\/\/canal7slp.tv\/2022\/#organization","name":"Noticieros Canal 7","url":"https:\/\/canal7slp.tv\/2022\/","logo":{"@type":"ImageObject","inLanguage":"es","@id":"https:\/\/canal7slp.tv\/2022\/#\/schema\/logo\/image\/","url":"https:\/\/canal7slp.tv\/2022\/wp-content\/uploads\/2021\/01\/logo-noticieros@2x.png","contentUrl":"https:\/\/canal7slp.tv\/2022\/wp-content\/uploads\/2021\/01\/logo-noticieros@2x.png","width":1017,"height":268,"caption":"Noticieros Canal 7"},"image":{"@id":"https:\/\/canal7slp.tv\/2022\/#\/schema\/logo\/image\/"},"sameAs":["https:\/\/www.facebook.com\/noticieroscanalsiete","https:\/\/x.com\/NOTICIEROS7","https:\/\/www.instagram.com\/canal7_slp","https:\/\/www.youtube.com\/channel\/UCliiYs-gP3JfJeqdPrNdd5A"]},{"@type":"Person","@id":"https:\/\/canal7slp.tv\/2022\/#\/schema\/person\/429704152a21f5f856ce29aa69a238da","name":"Edici\u00f3n Web","image":{"@type":"ImageObject","inLanguage":"es","@id":"https:\/\/secure.gravatar.com\/avatar\/eee448fc3f7164808013b816ba91ac7e43bbe82a70bebac296f8bc6f0addaa1a?s=96&d=mm&r=g","url":"https:\/\/secure.gravatar.com\/avatar\/eee448fc3f7164808013b816ba91ac7e43bbe82a70bebac296f8bc6f0addaa1a?s=96&d=mm&r=g","contentUrl":"https:\/\/secure.gravatar.com\/avatar\/eee448fc3f7164808013b816ba91ac7e43bbe82a70bebac296f8bc6f0addaa1a?s=96&d=mm&r=g","caption":"Edici\u00f3n Web"},"url":"https:\/\/canal7slp.tv\/2022\/author\/edicionweb\/"}]}},"amp_enabled":true,"_links":{"self":[{"href":"https:\/\/canal7slp.tv\/2022\/wp-json\/wp\/v2\/posts\/61579","targetHints":{"allow":["GET"]}}],"collection":[{"href":"https:\/\/canal7slp.tv\/2022\/wp-json\/wp\/v2\/posts"}],"about":[{"href":"https:\/\/canal7slp.tv\/2022\/wp-json\/wp\/v2\/types\/post"}],"author":[{"embeddable":true,"href":"https:\/\/canal7slp.tv\/2022\/wp-json\/wp\/v2\/users\/2"}],"replies":[{"embeddable":true,"href":"https:\/\/canal7slp.tv\/2022\/wp-json\/wp\/v2\/comments?post=61579"}],"version-history":[{"count":2,"href":"https:\/\/canal7slp.tv\/2022\/wp-json\/wp\/v2\/posts\/61579\/revisions"}],"predecessor-version":[{"id":61586,"href":"https:\/\/canal7slp.tv\/2022\/wp-json\/wp\/v2\/posts\/61579\/revisions\/61586"}],"wp:featuredmedia":[{"embeddable":true,"href":"https:\/\/canal7slp.tv\/2022\/wp-json\/wp\/v2\/media\/61585"}],"wp:attachment":[{"href":"https:\/\/canal7slp.tv\/2022\/wp-json\/wp\/v2\/media?parent=61579"}],"wp:term":[{"taxonomy":"category","embeddable":true,"href":"https:\/\/canal7slp.tv\/2022\/wp-json\/wp\/v2\/categories?post=61579"},{"taxonomy":"post_tag","embeddable":true,"href":"https:\/\/canal7slp.tv\/2022\/wp-json\/wp\/v2\/tags?post=61579"}],"curies":[{"name":"wp","href":"https:\/\/api.w.org\/{rel}","templated":true}]}}