{"id":61557,"date":"2022-05-27T14:55:00","date_gmt":"2022-05-27T20:55:00","guid":{"rendered":"https:\/\/canal7slp.tv\/2022\/?p=61557"},"modified":"2022-05-27T14:55:00","modified_gmt":"2022-05-27T20:55:00","slug":"detectan-en-argentina-el-primer-caso-de-la-viruela-del-mono-en-america-latina","status":"publish","type":"post","link":"https:\/\/canal7slp.tv\/2022\/detectan-en-argentina-el-primer-caso-de-la-viruela-del-mono-en-america-latina\/","title":{"rendered":"Detectan en Argentina el primer caso de la Viruela del Mono en Am\u00e9rica Latina"},"content":{"rendered":"<p style=\"text-align: justify;\">Buenos Aires.- Un argentino que estuvo de viaje en Espa\u00f1a es el primer caso de viruela del mono confirmado en Am\u00e9rica Latina.<\/p>\n<p style=\"text-align: justify;\">El enfermo es oriundo de la provincia de Buenos Aires y estuvo de viaje en Espa\u00f1a hasta el 16 de mayo.<\/p>\n<p style=\"text-align: justify;\">Seg\u00fan el Ministerio de Salud, se encuentra en buen estado y bajo aislamiento mientras sus contactos estrechos han sido sometidos a un estricto control epidemiol\u00f3gico.<\/p>\n<p style=\"text-align: justify;\">El resultado de la reacci\u00f3n de amplificaci\u00f3n por PCR de la muestra tomada al hombre fue positivo, \u00ablo cual confirma la infecci\u00f3n con Poxvirus pertenecientes al grupo eurasi\u00e1tico-africano del g\u00e9nero Orthopox\u00bb, indic\u00f3 el ministerio en un comunicado.<\/p>\n<p style=\"text-align: justify;\">La creciente sospecha de que padec\u00eda la enfermedad obedeci\u00f3 a un primer an\u00e1lisis realizado d\u00edas atr\u00e1s por el Departamento de Virolog\u00eda del Instituto Nacional de Enfermedades Infecciosas ANLIS \u00abDr. Carlos G. Malbr\u00e1n\u00bb.<\/p>\n","protected":false},"excerpt":{"rendered":"<p>Buenos Aires.- Un argentino que estuvo de viaje en Espa\u00f1a es el primer caso de viruela del mono confirmado en Am\u00e9rica Latina. El enfermo es oriundo de la provincia de Buenos Aires y estuvo de viaje en Espa\u00f1a hasta el 16 de mayo. Seg\u00fan el Ministerio de Salud, se encuentra en buen estado y bajo aislamiento mientras sus contactos estrechos han sido sometidos a un estricto control epidemiol\u00f3gico. El resultado de la reacci\u00f3n de amplificaci\u00f3n por PCR de la muestra tomada al hombre fue positivo, \u00ablo cual confirma la infecci\u00f3n con Poxvirus pertenecientes al grupo eurasi\u00e1tico-africano del g\u00e9nero Orthopox\u00bb, indic\u00f3 [&hellip;]<\/p>\n","protected":false},"author":2,"featured_media":61570,"comment_status":"closed","ping_status":"closed","sticky":false,"template":"","format":"standard","meta":{"footnotes":""},"categories":[44],"tags":[],"class_list":["post-61557","post","type-post","status-publish","format-standard","has-post-thumbnail","hentry","category-internacional","post--single"],"yoast_head":"<!-- This site is optimized with the Yoast SEO plugin v27.5 - https:\/\/yoast.com\/product\/yoast-seo-wordpress\/ -->\n<title>Detectan en Argentina el primer caso de la Viruela del Mono en Am\u00e9rica Latina - Canal 7 SLP - 2022<\/title>\n<meta name=\"robots\" content=\"index, follow, max-snippet:-1, max-image-preview:large, max-video-preview:-1\" \/>\n<link rel=\"canonical\" href=\"https:\/\/canal7slp.tv\/2022\/detectan-en-argentina-el-primer-caso-de-la-viruela-del-mono-en-america-latina\/\" \/>\n<meta property=\"og:locale\" content=\"es_ES\" \/>\n<meta property=\"og:type\" content=\"article\" \/>\n<meta property=\"og:title\" content=\"Detectan en Argentina el primer caso de la Viruela del Mono en Am\u00e9rica Latina - Canal 7 SLP - 2022\" \/>\n<meta property=\"og:description\" content=\"Buenos Aires.- Un argentino que estuvo de viaje en Espa\u00f1a es el primer caso de viruela del mono confirmado en Am\u00e9rica Latina. El enfermo es oriundo de la provincia de Buenos Aires y estuvo de viaje en Espa\u00f1a hasta el 16 de mayo. Seg\u00fan el Ministerio de Salud, se encuentra en buen estado y bajo aislamiento mientras sus contactos estrechos han sido sometidos a un estricto control epidemiol\u00f3gico. El resultado de la reacci\u00f3n de amplificaci\u00f3n por PCR de la muestra tomada al hombre fue positivo, \u00ablo cual confirma la infecci\u00f3n con Poxvirus pertenecientes al grupo eurasi\u00e1tico-africano del g\u00e9nero Orthopox\u00bb, indic\u00f3 [&hellip;]\" \/>\n<meta property=\"og:url\" content=\"https:\/\/canal7slp.tv\/2022\/detectan-en-argentina-el-primer-caso-de-la-viruela-del-mono-en-america-latina\/\" \/>\n<meta property=\"og:site_name\" content=\"Canal 7 SLP - 2022\" \/>\n<meta property=\"article:publisher\" content=\"https:\/\/www.facebook.com\/noticieroscanalsiete\" \/>\n<meta property=\"article:published_time\" content=\"2022-05-27T20:55:00+00:00\" \/>\n<meta property=\"og:image\" content=\"https:\/\/canal7slp.tv\/2022\/wp-content\/uploads\/2022\/05\/05-7.jpeg\" \/>\n\t<meta property=\"og:image:width\" content=\"1140\" \/>\n\t<meta property=\"og:image:height\" content=\"500\" \/>\n\t<meta property=\"og:image:type\" content=\"image\/jpeg\" \/>\n<meta name=\"author\" content=\"Edici\u00f3n Web\" \/>\n<meta name=\"twitter:card\" content=\"summary_large_image\" \/>\n<meta name=\"twitter:creator\" content=\"@NOTICIEROS7\" \/>\n<meta name=\"twitter:site\" content=\"@NOTICIEROS7\" \/>\n<meta name=\"twitter:label1\" content=\"Escrito por\" \/>\n\t<meta name=\"twitter:data1\" content=\"Edici\u00f3n Web\" \/>\n\t<meta name=\"twitter:label2\" content=\"Tiempo de lectura\" \/>\n\t<meta name=\"twitter:data2\" content=\"1 minuto\" \/>\n<script type=\"application\/ld+json\" class=\"yoast-schema-graph\">{\"@context\":\"https:\\\/\\\/schema.org\",\"@graph\":[{\"@type\":\"Article\",\"@id\":\"https:\\\/\\\/canal7slp.tv\\\/2022\\\/detectan-en-argentina-el-primer-caso-de-la-viruela-del-mono-en-america-latina\\\/#article\",\"isPartOf\":{\"@id\":\"https:\\\/\\\/canal7slp.tv\\\/2022\\\/detectan-en-argentina-el-primer-caso-de-la-viruela-del-mono-en-america-latina\\\/\"},\"author\":{\"name\":\"Edici\u00f3n Web\",\"@id\":\"https:\\\/\\\/canal7slp.tv\\\/2022\\\/#\\\/schema\\\/person\\\/429704152a21f5f856ce29aa69a238da\"},\"headline\":\"Detectan en Argentina el primer caso de la Viruela del Mono en Am\u00e9rica Latina\",\"datePublished\":\"2022-05-27T20:55:00+00:00\",\"mainEntityOfPage\":{\"@id\":\"https:\\\/\\\/canal7slp.tv\\\/2022\\\/detectan-en-argentina-el-primer-caso-de-la-viruela-del-mono-en-america-latina\\\/\"},\"wordCount\":168,\"publisher\":{\"@id\":\"https:\\\/\\\/canal7slp.tv\\\/2022\\\/#organization\"},\"image\":{\"@id\":\"https:\\\/\\\/canal7slp.tv\\\/2022\\\/detectan-en-argentina-el-primer-caso-de-la-viruela-del-mono-en-america-latina\\\/#primaryimage\"},\"thumbnailUrl\":\"https:\\\/\\\/canal7slp.tv\\\/2022\\\/wp-content\\\/uploads\\\/2022\\\/05\\\/05-7.jpeg\",\"articleSection\":[\"INTERNACIONALES\"],\"inLanguage\":\"es\"},{\"@type\":\"WebPage\",\"@id\":\"https:\\\/\\\/canal7slp.tv\\\/2022\\\/detectan-en-argentina-el-primer-caso-de-la-viruela-del-mono-en-america-latina\\\/\",\"url\":\"https:\\\/\\\/canal7slp.tv\\\/2022\\\/detectan-en-argentina-el-primer-caso-de-la-viruela-del-mono-en-america-latina\\\/\",\"name\":\"Detectan en Argentina el primer caso de la Viruela del Mono en Am\u00e9rica Latina - Canal 7 SLP - 2022\",\"isPartOf\":{\"@id\":\"https:\\\/\\\/canal7slp.tv\\\/2022\\\/#website\"},\"primaryImageOfPage\":{\"@id\":\"https:\\\/\\\/canal7slp.tv\\\/2022\\\/detectan-en-argentina-el-primer-caso-de-la-viruela-del-mono-en-america-latina\\\/#primaryimage\"},\"image\":{\"@id\":\"https:\\\/\\\/canal7slp.tv\\\/2022\\\/detectan-en-argentina-el-primer-caso-de-la-viruela-del-mono-en-america-latina\\\/#primaryimage\"},\"thumbnailUrl\":\"https:\\\/\\\/canal7slp.tv\\\/2022\\\/wp-content\\\/uploads\\\/2022\\\/05\\\/05-7.jpeg\",\"datePublished\":\"2022-05-27T20:55:00+00:00\",\"breadcrumb\":{\"@id\":\"https:\\\/\\\/canal7slp.tv\\\/2022\\\/detectan-en-argentina-el-primer-caso-de-la-viruela-del-mono-en-america-latina\\\/#breadcrumb\"},\"inLanguage\":\"es\",\"potentialAction\":[{\"@type\":\"ReadAction\",\"target\":[\"https:\\\/\\\/canal7slp.tv\\\/2022\\\/detectan-en-argentina-el-primer-caso-de-la-viruela-del-mono-en-america-latina\\\/\"]}]},{\"@type\":\"ImageObject\",\"inLanguage\":\"es\",\"@id\":\"https:\\\/\\\/canal7slp.tv\\\/2022\\\/detectan-en-argentina-el-primer-caso-de-la-viruela-del-mono-en-america-latina\\\/#primaryimage\",\"url\":\"https:\\\/\\\/canal7slp.tv\\\/2022\\\/wp-content\\\/uploads\\\/2022\\\/05\\\/05-7.jpeg\",\"contentUrl\":\"https:\\\/\\\/canal7slp.tv\\\/2022\\\/wp-content\\\/uploads\\\/2022\\\/05\\\/05-7.jpeg\",\"width\":1140,\"height\":500},{\"@type\":\"BreadcrumbList\",\"@id\":\"https:\\\/\\\/canal7slp.tv\\\/2022\\\/detectan-en-argentina-el-primer-caso-de-la-viruela-del-mono-en-america-latina\\\/#breadcrumb\",\"itemListElement\":[{\"@type\":\"ListItem\",\"position\":1,\"name\":\"Portada\",\"item\":\"https:\\\/\\\/canal7slp.tv\\\/2022\\\/\"},{\"@type\":\"ListItem\",\"position\":2,\"name\":\"Detectan en Argentina el primer caso de la Viruela del Mono en Am\u00e9rica Latina\"}]},{\"@type\":\"WebSite\",\"@id\":\"https:\\\/\\\/canal7slp.tv\\\/2022\\\/#website\",\"url\":\"https:\\\/\\\/canal7slp.tv\\\/2022\\\/\",\"name\":\"N7 - Noticieros Canal 7\",\"description\":\"Somos Televisi\u00f3n\",\"publisher\":{\"@id\":\"https:\\\/\\\/canal7slp.tv\\\/2022\\\/#organization\"},\"potentialAction\":[{\"@type\":\"SearchAction\",\"target\":{\"@type\":\"EntryPoint\",\"urlTemplate\":\"https:\\\/\\\/canal7slp.tv\\\/2022\\\/?s={search_term_string}\"},\"query-input\":{\"@type\":\"PropertyValueSpecification\",\"valueRequired\":true,\"valueName\":\"search_term_string\"}}],\"inLanguage\":\"es\"},{\"@type\":\"Organization\",\"@id\":\"https:\\\/\\\/canal7slp.tv\\\/2022\\\/#organization\",\"name\":\"Noticieros Canal 7\",\"url\":\"https:\\\/\\\/canal7slp.tv\\\/2022\\\/\",\"logo\":{\"@type\":\"ImageObject\",\"inLanguage\":\"es\",\"@id\":\"https:\\\/\\\/canal7slp.tv\\\/2022\\\/#\\\/schema\\\/logo\\\/image\\\/\",\"url\":\"https:\\\/\\\/canal7slp.tv\\\/2022\\\/wp-content\\\/uploads\\\/2021\\\/01\\\/logo-noticieros@2x.png\",\"contentUrl\":\"https:\\\/\\\/canal7slp.tv\\\/2022\\\/wp-content\\\/uploads\\\/2021\\\/01\\\/logo-noticieros@2x.png\",\"width\":1017,\"height\":268,\"caption\":\"Noticieros Canal 7\"},\"image\":{\"@id\":\"https:\\\/\\\/canal7slp.tv\\\/2022\\\/#\\\/schema\\\/logo\\\/image\\\/\"},\"sameAs\":[\"https:\\\/\\\/www.facebook.com\\\/noticieroscanalsiete\",\"https:\\\/\\\/x.com\\\/NOTICIEROS7\",\"https:\\\/\\\/www.instagram.com\\\/canal7_slp\",\"https:\\\/\\\/www.youtube.com\\\/channel\\\/UCliiYs-gP3JfJeqdPrNdd5A\"]},{\"@type\":\"Person\",\"@id\":\"https:\\\/\\\/canal7slp.tv\\\/2022\\\/#\\\/schema\\\/person\\\/429704152a21f5f856ce29aa69a238da\",\"name\":\"Edici\u00f3n Web\",\"image\":{\"@type\":\"ImageObject\",\"inLanguage\":\"es\",\"@id\":\"https:\\\/\\\/secure.gravatar.com\\\/avatar\\\/eee448fc3f7164808013b816ba91ac7e43bbe82a70bebac296f8bc6f0addaa1a?s=96&d=mm&r=g\",\"url\":\"https:\\\/\\\/secure.gravatar.com\\\/avatar\\\/eee448fc3f7164808013b816ba91ac7e43bbe82a70bebac296f8bc6f0addaa1a?s=96&d=mm&r=g\",\"contentUrl\":\"https:\\\/\\\/secure.gravatar.com\\\/avatar\\\/eee448fc3f7164808013b816ba91ac7e43bbe82a70bebac296f8bc6f0addaa1a?s=96&d=mm&r=g\",\"caption\":\"Edici\u00f3n Web\"},\"url\":\"https:\\\/\\\/canal7slp.tv\\\/2022\\\/author\\\/edicionweb\\\/\"}]}<\/script>\n<!-- \/ Yoast SEO plugin. -->","yoast_head_json":{"title":"Detectan en Argentina el primer caso de la Viruela del Mono en Am\u00e9rica Latina - Canal 7 SLP - 2022","robots":{"index":"index","follow":"follow","max-snippet":"max-snippet:-1","max-image-preview":"max-image-preview:large","max-video-preview":"max-video-preview:-1"},"canonical":"https:\/\/canal7slp.tv\/2022\/detectan-en-argentina-el-primer-caso-de-la-viruela-del-mono-en-america-latina\/","og_locale":"es_ES","og_type":"article","og_title":"Detectan en Argentina el primer caso de la Viruela del Mono en Am\u00e9rica Latina - Canal 7 SLP - 2022","og_description":"Buenos Aires.- Un argentino que estuvo de viaje en Espa\u00f1a es el primer caso de viruela del mono confirmado en Am\u00e9rica Latina. El enfermo es oriundo de la provincia de Buenos Aires y estuvo de viaje en Espa\u00f1a hasta el 16 de mayo. Seg\u00fan el Ministerio de Salud, se encuentra en buen estado y bajo aislamiento mientras sus contactos estrechos han sido sometidos a un estricto control epidemiol\u00f3gico. El resultado de la reacci\u00f3n de amplificaci\u00f3n por PCR de la muestra tomada al hombre fue positivo, \u00ablo cual confirma la infecci\u00f3n con Poxvirus pertenecientes al grupo eurasi\u00e1tico-africano del g\u00e9nero Orthopox\u00bb, indic\u00f3 [&hellip;]","og_url":"https:\/\/canal7slp.tv\/2022\/detectan-en-argentina-el-primer-caso-de-la-viruela-del-mono-en-america-latina\/","og_site_name":"Canal 7 SLP - 2022","article_publisher":"https:\/\/www.facebook.com\/noticieroscanalsiete","article_published_time":"2022-05-27T20:55:00+00:00","og_image":[{"width":1140,"height":500,"url":"https:\/\/canal7slp.tv\/2022\/wp-content\/uploads\/2022\/05\/05-7.jpeg","type":"image\/jpeg"}],"author":"Edici\u00f3n Web","twitter_card":"summary_large_image","twitter_creator":"@NOTICIEROS7","twitter_site":"@NOTICIEROS7","twitter_misc":{"Escrito por":"Edici\u00f3n Web","Tiempo de lectura":"1 minuto"},"schema":{"@context":"https:\/\/schema.org","@graph":[{"@type":"Article","@id":"https:\/\/canal7slp.tv\/2022\/detectan-en-argentina-el-primer-caso-de-la-viruela-del-mono-en-america-latina\/#article","isPartOf":{"@id":"https:\/\/canal7slp.tv\/2022\/detectan-en-argentina-el-primer-caso-de-la-viruela-del-mono-en-america-latina\/"},"author":{"name":"Edici\u00f3n Web","@id":"https:\/\/canal7slp.tv\/2022\/#\/schema\/person\/429704152a21f5f856ce29aa69a238da"},"headline":"Detectan en Argentina el primer caso de la Viruela del Mono en Am\u00e9rica Latina","datePublished":"2022-05-27T20:55:00+00:00","mainEntityOfPage":{"@id":"https:\/\/canal7slp.tv\/2022\/detectan-en-argentina-el-primer-caso-de-la-viruela-del-mono-en-america-latina\/"},"wordCount":168,"publisher":{"@id":"https:\/\/canal7slp.tv\/2022\/#organization"},"image":{"@id":"https:\/\/canal7slp.tv\/2022\/detectan-en-argentina-el-primer-caso-de-la-viruela-del-mono-en-america-latina\/#primaryimage"},"thumbnailUrl":"https:\/\/canal7slp.tv\/2022\/wp-content\/uploads\/2022\/05\/05-7.jpeg","articleSection":["INTERNACIONALES"],"inLanguage":"es"},{"@type":"WebPage","@id":"https:\/\/canal7slp.tv\/2022\/detectan-en-argentina-el-primer-caso-de-la-viruela-del-mono-en-america-latina\/","url":"https:\/\/canal7slp.tv\/2022\/detectan-en-argentina-el-primer-caso-de-la-viruela-del-mono-en-america-latina\/","name":"Detectan en Argentina el primer caso de la Viruela del Mono en Am\u00e9rica Latina - Canal 7 SLP - 2022","isPartOf":{"@id":"https:\/\/canal7slp.tv\/2022\/#website"},"primaryImageOfPage":{"@id":"https:\/\/canal7slp.tv\/2022\/detectan-en-argentina-el-primer-caso-de-la-viruela-del-mono-en-america-latina\/#primaryimage"},"image":{"@id":"https:\/\/canal7slp.tv\/2022\/detectan-en-argentina-el-primer-caso-de-la-viruela-del-mono-en-america-latina\/#primaryimage"},"thumbnailUrl":"https:\/\/canal7slp.tv\/2022\/wp-content\/uploads\/2022\/05\/05-7.jpeg","datePublished":"2022-05-27T20:55:00+00:00","breadcrumb":{"@id":"https:\/\/canal7slp.tv\/2022\/detectan-en-argentina-el-primer-caso-de-la-viruela-del-mono-en-america-latina\/#breadcrumb"},"inLanguage":"es","potentialAction":[{"@type":"ReadAction","target":["https:\/\/canal7slp.tv\/2022\/detectan-en-argentina-el-primer-caso-de-la-viruela-del-mono-en-america-latina\/"]}]},{"@type":"ImageObject","inLanguage":"es","@id":"https:\/\/canal7slp.tv\/2022\/detectan-en-argentina-el-primer-caso-de-la-viruela-del-mono-en-america-latina\/#primaryimage","url":"https:\/\/canal7slp.tv\/2022\/wp-content\/uploads\/2022\/05\/05-7.jpeg","contentUrl":"https:\/\/canal7slp.tv\/2022\/wp-content\/uploads\/2022\/05\/05-7.jpeg","width":1140,"height":500},{"@type":"BreadcrumbList","@id":"https:\/\/canal7slp.tv\/2022\/detectan-en-argentina-el-primer-caso-de-la-viruela-del-mono-en-america-latina\/#breadcrumb","itemListElement":[{"@type":"ListItem","position":1,"name":"Portada","item":"https:\/\/canal7slp.tv\/2022\/"},{"@type":"ListItem","position":2,"name":"Detectan en Argentina el primer caso de la Viruela del Mono en Am\u00e9rica Latina"}]},{"@type":"WebSite","@id":"https:\/\/canal7slp.tv\/2022\/#website","url":"https:\/\/canal7slp.tv\/2022\/","name":"N7 - Noticieros Canal 7","description":"Somos Televisi\u00f3n","publisher":{"@id":"https:\/\/canal7slp.tv\/2022\/#organization"},"potentialAction":[{"@type":"SearchAction","target":{"@type":"EntryPoint","urlTemplate":"https:\/\/canal7slp.tv\/2022\/?s={search_term_string}"},"query-input":{"@type":"PropertyValueSpecification","valueRequired":true,"valueName":"search_term_string"}}],"inLanguage":"es"},{"@type":"Organization","@id":"https:\/\/canal7slp.tv\/2022\/#organization","name":"Noticieros Canal 7","url":"https:\/\/canal7slp.tv\/2022\/","logo":{"@type":"ImageObject","inLanguage":"es","@id":"https:\/\/canal7slp.tv\/2022\/#\/schema\/logo\/image\/","url":"https:\/\/canal7slp.tv\/2022\/wp-content\/uploads\/2021\/01\/logo-noticieros@2x.png","contentUrl":"https:\/\/canal7slp.tv\/2022\/wp-content\/uploads\/2021\/01\/logo-noticieros@2x.png","width":1017,"height":268,"caption":"Noticieros Canal 7"},"image":{"@id":"https:\/\/canal7slp.tv\/2022\/#\/schema\/logo\/image\/"},"sameAs":["https:\/\/www.facebook.com\/noticieroscanalsiete","https:\/\/x.com\/NOTICIEROS7","https:\/\/www.instagram.com\/canal7_slp","https:\/\/www.youtube.com\/channel\/UCliiYs-gP3JfJeqdPrNdd5A"]},{"@type":"Person","@id":"https:\/\/canal7slp.tv\/2022\/#\/schema\/person\/429704152a21f5f856ce29aa69a238da","name":"Edici\u00f3n Web","image":{"@type":"ImageObject","inLanguage":"es","@id":"https:\/\/secure.gravatar.com\/avatar\/eee448fc3f7164808013b816ba91ac7e43bbe82a70bebac296f8bc6f0addaa1a?s=96&d=mm&r=g","url":"https:\/\/secure.gravatar.com\/avatar\/eee448fc3f7164808013b816ba91ac7e43bbe82a70bebac296f8bc6f0addaa1a?s=96&d=mm&r=g","contentUrl":"https:\/\/secure.gravatar.com\/avatar\/eee448fc3f7164808013b816ba91ac7e43bbe82a70bebac296f8bc6f0addaa1a?s=96&d=mm&r=g","caption":"Edici\u00f3n Web"},"url":"https:\/\/canal7slp.tv\/2022\/author\/edicionweb\/"}]}},"amp_enabled":true,"_links":{"self":[{"href":"https:\/\/canal7slp.tv\/2022\/wp-json\/wp\/v2\/posts\/61557","targetHints":{"allow":["GET"]}}],"collection":[{"href":"https:\/\/canal7slp.tv\/2022\/wp-json\/wp\/v2\/posts"}],"about":[{"href":"https:\/\/canal7slp.tv\/2022\/wp-json\/wp\/v2\/types\/post"}],"author":[{"embeddable":true,"href":"https:\/\/canal7slp.tv\/2022\/wp-json\/wp\/v2\/users\/2"}],"replies":[{"embeddable":true,"href":"https:\/\/canal7slp.tv\/2022\/wp-json\/wp\/v2\/comments?post=61557"}],"version-history":[{"count":2,"href":"https:\/\/canal7slp.tv\/2022\/wp-json\/wp\/v2\/posts\/61557\/revisions"}],"predecessor-version":[{"id":61574,"href":"https:\/\/canal7slp.tv\/2022\/wp-json\/wp\/v2\/posts\/61557\/revisions\/61574"}],"wp:featuredmedia":[{"embeddable":true,"href":"https:\/\/canal7slp.tv\/2022\/wp-json\/wp\/v2\/media\/61570"}],"wp:attachment":[{"href":"https:\/\/canal7slp.tv\/2022\/wp-json\/wp\/v2\/media?parent=61557"}],"wp:term":[{"taxonomy":"category","embeddable":true,"href":"https:\/\/canal7slp.tv\/2022\/wp-json\/wp\/v2\/categories?post=61557"},{"taxonomy":"post_tag","embeddable":true,"href":"https:\/\/canal7slp.tv\/2022\/wp-json\/wp\/v2\/tags?post=61557"}],"curies":[{"name":"wp","href":"https:\/\/api.w.org\/{rel}","templated":true}]}}