{"id":61556,"date":"2022-05-27T14:55:25","date_gmt":"2022-05-27T20:55:25","guid":{"rendered":"https:\/\/canal7slp.tv\/2022\/?p=61556"},"modified":"2022-05-27T14:55:25","modified_gmt":"2022-05-27T20:55:25","slug":"juzgado-suspende-corridas-de-toros-en-la-plaza-mexico","status":"publish","type":"post","link":"https:\/\/canal7slp.tv\/2022\/juzgado-suspende-corridas-de-toros-en-la-plaza-mexico\/","title":{"rendered":"Juzgado suspende corridas de toros en la Plaza M\u00e9xico"},"content":{"rendered":"<p style=\"text-align: justify;\">M\u00e9xico.- Jonathan Bass Herrera, titular del Juzgado Primero de Distrito en materia Administrativa, orden\u00f3 suspenden de forma inmediata las corridas de toros que se realizan en la Plaza de M\u00e9xico.<\/p>\n<p style=\"text-align: justify;\">El Juez concedi\u00f3 la suspensi\u00f3n provisional a la asociaci\u00f3n civil \u201cJusticia Justa\u201d, para el efecto de que las autoridades tambi\u00e9n suspendan el otorgamiento de permisos para realizar dichos espect\u00e1culos.<\/p>\n<p style=\"text-align: justify;\">\u201cSe concede la suspensi\u00f3n provisional, para el efecto de que mientras se dicte la resoluci\u00f3n de suspensi\u00f3n definitiva, las autoridades responsables se abstengan de ejecutar los actos impugnados, para lo cual, deber\u00e1n de suspender de inmediato los espect\u00e1culos taurinos en la Alcald\u00eda Benito Ju\u00e1rez en la Ciudad de M\u00e9xico, as\u00ed como el otorgamiento de permisos para realizar dichos espect\u00e1culos\u201d, se\u00f1ala el acuerdo publicado este viernes.<\/p>\n<p style=\"text-align: justify;\">Dicha medida estar\u00e1 vigente hasta el 2 de junio, cuando Bass Herrera determinar\u00e1 si otorga la suspensi\u00f3n definitiva a \u201cJusticia Justa\u201d.<\/p>\n<p style=\"text-align: justify;\">En caso de que se otorgue, las corridas de toros no se podr\u00e1n realizar durante todo el tiempo que tome resolver el juicio de amparo.<\/p>\n<p style=\"text-align: justify;\">No obstante, las autoridades a\u00fan pueden interponer un recurso de queja para impugnar la resoluci\u00f3n ante un tribunal colegiado, mismo que deber\u00e1 resolver si confirma, modifica o revoca la medida cautelar.<\/p>\n","protected":false},"excerpt":{"rendered":"<p>M\u00e9xico.- Jonathan Bass Herrera, titular del Juzgado Primero de Distrito en materia Administrativa, orden\u00f3 suspenden de forma inmediata las corridas de toros que se realizan en la Plaza de M\u00e9xico. El Juez concedi\u00f3 la suspensi\u00f3n provisional a la asociaci\u00f3n civil \u201cJusticia Justa\u201d, para el efecto de que las autoridades tambi\u00e9n suspendan el otorgamiento de permisos para realizar dichos espect\u00e1culos. \u201cSe concede la suspensi\u00f3n provisional, para el efecto de que mientras se dicte la resoluci\u00f3n de suspensi\u00f3n definitiva, las autoridades responsables se abstengan de ejecutar los actos impugnados, para lo cual, deber\u00e1n de suspender de inmediato los espect\u00e1culos taurinos en la [&hellip;]<\/p>\n","protected":false},"author":2,"featured_media":61568,"comment_status":"closed","ping_status":"closed","sticky":false,"template":"","format":"standard","meta":{"footnotes":""},"categories":[46],"tags":[],"class_list":["post-61556","post","type-post","status-publish","format-standard","has-post-thumbnail","hentry","category-nacional","post--single"],"yoast_head":"<!-- This site is optimized with the Yoast SEO plugin v27.5 - https:\/\/yoast.com\/product\/yoast-seo-wordpress\/ -->\n<title>Juzgado suspende corridas de toros en la Plaza M\u00e9xico - Canal 7 SLP - 2022<\/title>\n<meta name=\"robots\" content=\"index, follow, max-snippet:-1, max-image-preview:large, max-video-preview:-1\" \/>\n<link rel=\"canonical\" href=\"https:\/\/canal7slp.tv\/2022\/juzgado-suspende-corridas-de-toros-en-la-plaza-mexico\/\" \/>\n<meta property=\"og:locale\" content=\"es_ES\" \/>\n<meta property=\"og:type\" content=\"article\" \/>\n<meta property=\"og:title\" content=\"Juzgado suspende corridas de toros en la Plaza M\u00e9xico - Canal 7 SLP - 2022\" \/>\n<meta property=\"og:description\" content=\"M\u00e9xico.- Jonathan Bass Herrera, titular del Juzgado Primero de Distrito en materia Administrativa, orden\u00f3 suspenden de forma inmediata las corridas de toros que se realizan en la Plaza de M\u00e9xico. El Juez concedi\u00f3 la suspensi\u00f3n provisional a la asociaci\u00f3n civil \u201cJusticia Justa\u201d, para el efecto de que las autoridades tambi\u00e9n suspendan el otorgamiento de permisos para realizar dichos espect\u00e1culos. \u201cSe concede la suspensi\u00f3n provisional, para el efecto de que mientras se dicte la resoluci\u00f3n de suspensi\u00f3n definitiva, las autoridades responsables se abstengan de ejecutar los actos impugnados, para lo cual, deber\u00e1n de suspender de inmediato los espect\u00e1culos taurinos en la [&hellip;]\" \/>\n<meta property=\"og:url\" content=\"https:\/\/canal7slp.tv\/2022\/juzgado-suspende-corridas-de-toros-en-la-plaza-mexico\/\" \/>\n<meta property=\"og:site_name\" content=\"Canal 7 SLP - 2022\" \/>\n<meta property=\"article:publisher\" content=\"https:\/\/www.facebook.com\/noticieroscanalsiete\" \/>\n<meta property=\"article:published_time\" content=\"2022-05-27T20:55:25+00:00\" \/>\n<meta property=\"og:image\" content=\"https:\/\/canal7slp.tv\/2022\/wp-content\/uploads\/2022\/05\/03-20.jpg\" \/>\n\t<meta property=\"og:image:width\" content=\"1280\" \/>\n\t<meta property=\"og:image:height\" content=\"720\" \/>\n\t<meta property=\"og:image:type\" content=\"image\/jpeg\" \/>\n<meta name=\"author\" content=\"Edici\u00f3n Web\" \/>\n<meta name=\"twitter:card\" content=\"summary_large_image\" \/>\n<meta name=\"twitter:creator\" content=\"@NOTICIEROS7\" \/>\n<meta name=\"twitter:site\" content=\"@NOTICIEROS7\" \/>\n<meta name=\"twitter:label1\" content=\"Escrito por\" \/>\n\t<meta name=\"twitter:data1\" content=\"Edici\u00f3n Web\" \/>\n\t<meta name=\"twitter:label2\" content=\"Tiempo de lectura\" \/>\n\t<meta name=\"twitter:data2\" content=\"1 minuto\" \/>\n<script type=\"application\/ld+json\" class=\"yoast-schema-graph\">{\"@context\":\"https:\\\/\\\/schema.org\",\"@graph\":[{\"@type\":\"Article\",\"@id\":\"https:\\\/\\\/canal7slp.tv\\\/2022\\\/juzgado-suspende-corridas-de-toros-en-la-plaza-mexico\\\/#article\",\"isPartOf\":{\"@id\":\"https:\\\/\\\/canal7slp.tv\\\/2022\\\/juzgado-suspende-corridas-de-toros-en-la-plaza-mexico\\\/\"},\"author\":{\"name\":\"Edici\u00f3n Web\",\"@id\":\"https:\\\/\\\/canal7slp.tv\\\/2022\\\/#\\\/schema\\\/person\\\/429704152a21f5f856ce29aa69a238da\"},\"headline\":\"Juzgado suspende corridas de toros en la Plaza M\u00e9xico\",\"datePublished\":\"2022-05-27T20:55:25+00:00\",\"mainEntityOfPage\":{\"@id\":\"https:\\\/\\\/canal7slp.tv\\\/2022\\\/juzgado-suspende-corridas-de-toros-en-la-plaza-mexico\\\/\"},\"wordCount\":231,\"publisher\":{\"@id\":\"https:\\\/\\\/canal7slp.tv\\\/2022\\\/#organization\"},\"image\":{\"@id\":\"https:\\\/\\\/canal7slp.tv\\\/2022\\\/juzgado-suspende-corridas-de-toros-en-la-plaza-mexico\\\/#primaryimage\"},\"thumbnailUrl\":\"https:\\\/\\\/canal7slp.tv\\\/2022\\\/wp-content\\\/uploads\\\/2022\\\/05\\\/03-20.jpg\",\"articleSection\":[\"NACIONALES\"],\"inLanguage\":\"es\"},{\"@type\":\"WebPage\",\"@id\":\"https:\\\/\\\/canal7slp.tv\\\/2022\\\/juzgado-suspende-corridas-de-toros-en-la-plaza-mexico\\\/\",\"url\":\"https:\\\/\\\/canal7slp.tv\\\/2022\\\/juzgado-suspende-corridas-de-toros-en-la-plaza-mexico\\\/\",\"name\":\"Juzgado suspende corridas de toros en la Plaza M\u00e9xico - Canal 7 SLP - 2022\",\"isPartOf\":{\"@id\":\"https:\\\/\\\/canal7slp.tv\\\/2022\\\/#website\"},\"primaryImageOfPage\":{\"@id\":\"https:\\\/\\\/canal7slp.tv\\\/2022\\\/juzgado-suspende-corridas-de-toros-en-la-plaza-mexico\\\/#primaryimage\"},\"image\":{\"@id\":\"https:\\\/\\\/canal7slp.tv\\\/2022\\\/juzgado-suspende-corridas-de-toros-en-la-plaza-mexico\\\/#primaryimage\"},\"thumbnailUrl\":\"https:\\\/\\\/canal7slp.tv\\\/2022\\\/wp-content\\\/uploads\\\/2022\\\/05\\\/03-20.jpg\",\"datePublished\":\"2022-05-27T20:55:25+00:00\",\"breadcrumb\":{\"@id\":\"https:\\\/\\\/canal7slp.tv\\\/2022\\\/juzgado-suspende-corridas-de-toros-en-la-plaza-mexico\\\/#breadcrumb\"},\"inLanguage\":\"es\",\"potentialAction\":[{\"@type\":\"ReadAction\",\"target\":[\"https:\\\/\\\/canal7slp.tv\\\/2022\\\/juzgado-suspende-corridas-de-toros-en-la-plaza-mexico\\\/\"]}]},{\"@type\":\"ImageObject\",\"inLanguage\":\"es\",\"@id\":\"https:\\\/\\\/canal7slp.tv\\\/2022\\\/juzgado-suspende-corridas-de-toros-en-la-plaza-mexico\\\/#primaryimage\",\"url\":\"https:\\\/\\\/canal7slp.tv\\\/2022\\\/wp-content\\\/uploads\\\/2022\\\/05\\\/03-20.jpg\",\"contentUrl\":\"https:\\\/\\\/canal7slp.tv\\\/2022\\\/wp-content\\\/uploads\\\/2022\\\/05\\\/03-20.jpg\",\"width\":1280,\"height\":720},{\"@type\":\"BreadcrumbList\",\"@id\":\"https:\\\/\\\/canal7slp.tv\\\/2022\\\/juzgado-suspende-corridas-de-toros-en-la-plaza-mexico\\\/#breadcrumb\",\"itemListElement\":[{\"@type\":\"ListItem\",\"position\":1,\"name\":\"Portada\",\"item\":\"https:\\\/\\\/canal7slp.tv\\\/2022\\\/\"},{\"@type\":\"ListItem\",\"position\":2,\"name\":\"Juzgado suspende corridas de toros en la Plaza M\u00e9xico\"}]},{\"@type\":\"WebSite\",\"@id\":\"https:\\\/\\\/canal7slp.tv\\\/2022\\\/#website\",\"url\":\"https:\\\/\\\/canal7slp.tv\\\/2022\\\/\",\"name\":\"N7 - Noticieros Canal 7\",\"description\":\"Somos Televisi\u00f3n\",\"publisher\":{\"@id\":\"https:\\\/\\\/canal7slp.tv\\\/2022\\\/#organization\"},\"potentialAction\":[{\"@type\":\"SearchAction\",\"target\":{\"@type\":\"EntryPoint\",\"urlTemplate\":\"https:\\\/\\\/canal7slp.tv\\\/2022\\\/?s={search_term_string}\"},\"query-input\":{\"@type\":\"PropertyValueSpecification\",\"valueRequired\":true,\"valueName\":\"search_term_string\"}}],\"inLanguage\":\"es\"},{\"@type\":\"Organization\",\"@id\":\"https:\\\/\\\/canal7slp.tv\\\/2022\\\/#organization\",\"name\":\"Noticieros Canal 7\",\"url\":\"https:\\\/\\\/canal7slp.tv\\\/2022\\\/\",\"logo\":{\"@type\":\"ImageObject\",\"inLanguage\":\"es\",\"@id\":\"https:\\\/\\\/canal7slp.tv\\\/2022\\\/#\\\/schema\\\/logo\\\/image\\\/\",\"url\":\"https:\\\/\\\/canal7slp.tv\\\/2022\\\/wp-content\\\/uploads\\\/2021\\\/01\\\/logo-noticieros@2x.png\",\"contentUrl\":\"https:\\\/\\\/canal7slp.tv\\\/2022\\\/wp-content\\\/uploads\\\/2021\\\/01\\\/logo-noticieros@2x.png\",\"width\":1017,\"height\":268,\"caption\":\"Noticieros Canal 7\"},\"image\":{\"@id\":\"https:\\\/\\\/canal7slp.tv\\\/2022\\\/#\\\/schema\\\/logo\\\/image\\\/\"},\"sameAs\":[\"https:\\\/\\\/www.facebook.com\\\/noticieroscanalsiete\",\"https:\\\/\\\/x.com\\\/NOTICIEROS7\",\"https:\\\/\\\/www.instagram.com\\\/canal7_slp\",\"https:\\\/\\\/www.youtube.com\\\/channel\\\/UCliiYs-gP3JfJeqdPrNdd5A\"]},{\"@type\":\"Person\",\"@id\":\"https:\\\/\\\/canal7slp.tv\\\/2022\\\/#\\\/schema\\\/person\\\/429704152a21f5f856ce29aa69a238da\",\"name\":\"Edici\u00f3n Web\",\"image\":{\"@type\":\"ImageObject\",\"inLanguage\":\"es\",\"@id\":\"https:\\\/\\\/secure.gravatar.com\\\/avatar\\\/eee448fc3f7164808013b816ba91ac7e43bbe82a70bebac296f8bc6f0addaa1a?s=96&d=mm&r=g\",\"url\":\"https:\\\/\\\/secure.gravatar.com\\\/avatar\\\/eee448fc3f7164808013b816ba91ac7e43bbe82a70bebac296f8bc6f0addaa1a?s=96&d=mm&r=g\",\"contentUrl\":\"https:\\\/\\\/secure.gravatar.com\\\/avatar\\\/eee448fc3f7164808013b816ba91ac7e43bbe82a70bebac296f8bc6f0addaa1a?s=96&d=mm&r=g\",\"caption\":\"Edici\u00f3n Web\"},\"url\":\"https:\\\/\\\/canal7slp.tv\\\/2022\\\/author\\\/edicionweb\\\/\"}]}<\/script>\n<!-- \/ Yoast SEO plugin. -->","yoast_head_json":{"title":"Juzgado suspende corridas de toros en la Plaza M\u00e9xico - Canal 7 SLP - 2022","robots":{"index":"index","follow":"follow","max-snippet":"max-snippet:-1","max-image-preview":"max-image-preview:large","max-video-preview":"max-video-preview:-1"},"canonical":"https:\/\/canal7slp.tv\/2022\/juzgado-suspende-corridas-de-toros-en-la-plaza-mexico\/","og_locale":"es_ES","og_type":"article","og_title":"Juzgado suspende corridas de toros en la Plaza M\u00e9xico - Canal 7 SLP - 2022","og_description":"M\u00e9xico.- Jonathan Bass Herrera, titular del Juzgado Primero de Distrito en materia Administrativa, orden\u00f3 suspenden de forma inmediata las corridas de toros que se realizan en la Plaza de M\u00e9xico. El Juez concedi\u00f3 la suspensi\u00f3n provisional a la asociaci\u00f3n civil \u201cJusticia Justa\u201d, para el efecto de que las autoridades tambi\u00e9n suspendan el otorgamiento de permisos para realizar dichos espect\u00e1culos. \u201cSe concede la suspensi\u00f3n provisional, para el efecto de que mientras se dicte la resoluci\u00f3n de suspensi\u00f3n definitiva, las autoridades responsables se abstengan de ejecutar los actos impugnados, para lo cual, deber\u00e1n de suspender de inmediato los espect\u00e1culos taurinos en la [&hellip;]","og_url":"https:\/\/canal7slp.tv\/2022\/juzgado-suspende-corridas-de-toros-en-la-plaza-mexico\/","og_site_name":"Canal 7 SLP - 2022","article_publisher":"https:\/\/www.facebook.com\/noticieroscanalsiete","article_published_time":"2022-05-27T20:55:25+00:00","og_image":[{"width":1280,"height":720,"url":"https:\/\/canal7slp.tv\/2022\/wp-content\/uploads\/2022\/05\/03-20.jpg","type":"image\/jpeg"}],"author":"Edici\u00f3n Web","twitter_card":"summary_large_image","twitter_creator":"@NOTICIEROS7","twitter_site":"@NOTICIEROS7","twitter_misc":{"Escrito por":"Edici\u00f3n Web","Tiempo de lectura":"1 minuto"},"schema":{"@context":"https:\/\/schema.org","@graph":[{"@type":"Article","@id":"https:\/\/canal7slp.tv\/2022\/juzgado-suspende-corridas-de-toros-en-la-plaza-mexico\/#article","isPartOf":{"@id":"https:\/\/canal7slp.tv\/2022\/juzgado-suspende-corridas-de-toros-en-la-plaza-mexico\/"},"author":{"name":"Edici\u00f3n Web","@id":"https:\/\/canal7slp.tv\/2022\/#\/schema\/person\/429704152a21f5f856ce29aa69a238da"},"headline":"Juzgado suspende corridas de toros en la Plaza M\u00e9xico","datePublished":"2022-05-27T20:55:25+00:00","mainEntityOfPage":{"@id":"https:\/\/canal7slp.tv\/2022\/juzgado-suspende-corridas-de-toros-en-la-plaza-mexico\/"},"wordCount":231,"publisher":{"@id":"https:\/\/canal7slp.tv\/2022\/#organization"},"image":{"@id":"https:\/\/canal7slp.tv\/2022\/juzgado-suspende-corridas-de-toros-en-la-plaza-mexico\/#primaryimage"},"thumbnailUrl":"https:\/\/canal7slp.tv\/2022\/wp-content\/uploads\/2022\/05\/03-20.jpg","articleSection":["NACIONALES"],"inLanguage":"es"},{"@type":"WebPage","@id":"https:\/\/canal7slp.tv\/2022\/juzgado-suspende-corridas-de-toros-en-la-plaza-mexico\/","url":"https:\/\/canal7slp.tv\/2022\/juzgado-suspende-corridas-de-toros-en-la-plaza-mexico\/","name":"Juzgado suspende corridas de toros en la Plaza M\u00e9xico - Canal 7 SLP - 2022","isPartOf":{"@id":"https:\/\/canal7slp.tv\/2022\/#website"},"primaryImageOfPage":{"@id":"https:\/\/canal7slp.tv\/2022\/juzgado-suspende-corridas-de-toros-en-la-plaza-mexico\/#primaryimage"},"image":{"@id":"https:\/\/canal7slp.tv\/2022\/juzgado-suspende-corridas-de-toros-en-la-plaza-mexico\/#primaryimage"},"thumbnailUrl":"https:\/\/canal7slp.tv\/2022\/wp-content\/uploads\/2022\/05\/03-20.jpg","datePublished":"2022-05-27T20:55:25+00:00","breadcrumb":{"@id":"https:\/\/canal7slp.tv\/2022\/juzgado-suspende-corridas-de-toros-en-la-plaza-mexico\/#breadcrumb"},"inLanguage":"es","potentialAction":[{"@type":"ReadAction","target":["https:\/\/canal7slp.tv\/2022\/juzgado-suspende-corridas-de-toros-en-la-plaza-mexico\/"]}]},{"@type":"ImageObject","inLanguage":"es","@id":"https:\/\/canal7slp.tv\/2022\/juzgado-suspende-corridas-de-toros-en-la-plaza-mexico\/#primaryimage","url":"https:\/\/canal7slp.tv\/2022\/wp-content\/uploads\/2022\/05\/03-20.jpg","contentUrl":"https:\/\/canal7slp.tv\/2022\/wp-content\/uploads\/2022\/05\/03-20.jpg","width":1280,"height":720},{"@type":"BreadcrumbList","@id":"https:\/\/canal7slp.tv\/2022\/juzgado-suspende-corridas-de-toros-en-la-plaza-mexico\/#breadcrumb","itemListElement":[{"@type":"ListItem","position":1,"name":"Portada","item":"https:\/\/canal7slp.tv\/2022\/"},{"@type":"ListItem","position":2,"name":"Juzgado suspende corridas de toros en la Plaza M\u00e9xico"}]},{"@type":"WebSite","@id":"https:\/\/canal7slp.tv\/2022\/#website","url":"https:\/\/canal7slp.tv\/2022\/","name":"N7 - Noticieros Canal 7","description":"Somos Televisi\u00f3n","publisher":{"@id":"https:\/\/canal7slp.tv\/2022\/#organization"},"potentialAction":[{"@type":"SearchAction","target":{"@type":"EntryPoint","urlTemplate":"https:\/\/canal7slp.tv\/2022\/?s={search_term_string}"},"query-input":{"@type":"PropertyValueSpecification","valueRequired":true,"valueName":"search_term_string"}}],"inLanguage":"es"},{"@type":"Organization","@id":"https:\/\/canal7slp.tv\/2022\/#organization","name":"Noticieros Canal 7","url":"https:\/\/canal7slp.tv\/2022\/","logo":{"@type":"ImageObject","inLanguage":"es","@id":"https:\/\/canal7slp.tv\/2022\/#\/schema\/logo\/image\/","url":"https:\/\/canal7slp.tv\/2022\/wp-content\/uploads\/2021\/01\/logo-noticieros@2x.png","contentUrl":"https:\/\/canal7slp.tv\/2022\/wp-content\/uploads\/2021\/01\/logo-noticieros@2x.png","width":1017,"height":268,"caption":"Noticieros Canal 7"},"image":{"@id":"https:\/\/canal7slp.tv\/2022\/#\/schema\/logo\/image\/"},"sameAs":["https:\/\/www.facebook.com\/noticieroscanalsiete","https:\/\/x.com\/NOTICIEROS7","https:\/\/www.instagram.com\/canal7_slp","https:\/\/www.youtube.com\/channel\/UCliiYs-gP3JfJeqdPrNdd5A"]},{"@type":"Person","@id":"https:\/\/canal7slp.tv\/2022\/#\/schema\/person\/429704152a21f5f856ce29aa69a238da","name":"Edici\u00f3n Web","image":{"@type":"ImageObject","inLanguage":"es","@id":"https:\/\/secure.gravatar.com\/avatar\/eee448fc3f7164808013b816ba91ac7e43bbe82a70bebac296f8bc6f0addaa1a?s=96&d=mm&r=g","url":"https:\/\/secure.gravatar.com\/avatar\/eee448fc3f7164808013b816ba91ac7e43bbe82a70bebac296f8bc6f0addaa1a?s=96&d=mm&r=g","contentUrl":"https:\/\/secure.gravatar.com\/avatar\/eee448fc3f7164808013b816ba91ac7e43bbe82a70bebac296f8bc6f0addaa1a?s=96&d=mm&r=g","caption":"Edici\u00f3n Web"},"url":"https:\/\/canal7slp.tv\/2022\/author\/edicionweb\/"}]}},"amp_enabled":true,"_links":{"self":[{"href":"https:\/\/canal7slp.tv\/2022\/wp-json\/wp\/v2\/posts\/61556","targetHints":{"allow":["GET"]}}],"collection":[{"href":"https:\/\/canal7slp.tv\/2022\/wp-json\/wp\/v2\/posts"}],"about":[{"href":"https:\/\/canal7slp.tv\/2022\/wp-json\/wp\/v2\/types\/post"}],"author":[{"embeddable":true,"href":"https:\/\/canal7slp.tv\/2022\/wp-json\/wp\/v2\/users\/2"}],"replies":[{"embeddable":true,"href":"https:\/\/canal7slp.tv\/2022\/wp-json\/wp\/v2\/comments?post=61556"}],"version-history":[{"count":2,"href":"https:\/\/canal7slp.tv\/2022\/wp-json\/wp\/v2\/posts\/61556\/revisions"}],"predecessor-version":[{"id":61576,"href":"https:\/\/canal7slp.tv\/2022\/wp-json\/wp\/v2\/posts\/61556\/revisions\/61576"}],"wp:featuredmedia":[{"embeddable":true,"href":"https:\/\/canal7slp.tv\/2022\/wp-json\/wp\/v2\/media\/61568"}],"wp:attachment":[{"href":"https:\/\/canal7slp.tv\/2022\/wp-json\/wp\/v2\/media?parent=61556"}],"wp:term":[{"taxonomy":"category","embeddable":true,"href":"https:\/\/canal7slp.tv\/2022\/wp-json\/wp\/v2\/categories?post=61556"},{"taxonomy":"post_tag","embeddable":true,"href":"https:\/\/canal7slp.tv\/2022\/wp-json\/wp\/v2\/tags?post=61556"}],"curies":[{"name":"wp","href":"https:\/\/api.w.org\/{rel}","templated":true}]}}