{"id":61554,"date":"2022-05-27T14:55:28","date_gmt":"2022-05-27T20:55:28","guid":{"rendered":"https:\/\/canal7slp.tv\/2022\/?p=61554"},"modified":"2022-05-27T14:55:28","modified_gmt":"2022-05-27T20:55:28","slug":"autoridades-advierten-posible-quinta-ola-de-contagios-covid","status":"publish","type":"post","link":"https:\/\/canal7slp.tv\/2022\/autoridades-advierten-posible-quinta-ola-de-contagios-covid\/","title":{"rendered":"Autoridades advierten posible quinta ola de contagios COVID"},"content":{"rendered":"<p style=\"text-align: justify;\">M\u00e9xico.- Hugo L\u00f3pez-Gatell, subsecretario de Prevenci\u00f3n y Promoci\u00f3n de la Salud, puntualiz\u00f3 que ante el reciente incremento de casos COVID que se observa en el pa\u00eds, es factible que en breve se presente una quinta ola contagios.<\/p>\n<p style=\"text-align: justify;\">Durante su intervenci\u00f3n en la Organizaci\u00f3n Mundial de la Salud (OMS), el funcionario advirti\u00f3 que en M\u00e9xico aun no se puede declarar el fin de la pandemia.<\/p>\n<p style=\"text-align: justify;\">No obstante, las autoridades mexicanas est\u00e1n en alerta por el incremento de casos.<\/p>\n<p style=\"text-align: justify;\">L\u00f3pez-Gatell indic\u00f3 que si el aumento de nuevos casos llega a 20 mil, se estar\u00eda hablando de una Quinta Ola Covid.<\/p>\n<p style=\"text-align: justify;\">\u201cEs temprano para hacer una predicci\u00f3n sobre si estas variaciones que hemos tenido, efectivamente entre 5 mil, 7 mil, 10 mil casos, se van a convertir o no en la quinta ola\u201d, declar\u00f3 el subsecretario.<\/p>\n<p style=\"text-align: justify;\">\u201cAunque hemos tenido un periodo muy largo ya de receso de la epidemia de COVID-19, dado que otros pa\u00edses est\u00e1n en resurgimiento, no ser\u00eda nada sorprendente que en M\u00e9xico tambi\u00e9n empez\u00e1ramos a experimentar un repunte o una quinta ola de la enfermedad\u201d, agreg\u00f3.<\/p>\n<p style=\"text-align: justify;\">No obstante, en caso de que se presente quinta ola, la poblaci\u00f3n va a estar protegida gracias a que la vacuna reduce la enfermedad grave y el riesgo de mortalidad.<\/p>\n","protected":false},"excerpt":{"rendered":"<p>M\u00e9xico.- Hugo L\u00f3pez-Gatell, subsecretario de Prevenci\u00f3n y Promoci\u00f3n de la Salud, puntualiz\u00f3 que ante el reciente incremento de casos COVID que se observa en el pa\u00eds, es factible que en breve se presente una quinta ola contagios. Durante su intervenci\u00f3n en la Organizaci\u00f3n Mundial de la Salud (OMS), el funcionario advirti\u00f3 que en M\u00e9xico aun no se puede declarar el fin de la pandemia. No obstante, las autoridades mexicanas est\u00e1n en alerta por el incremento de casos. L\u00f3pez-Gatell indic\u00f3 que si el aumento de nuevos casos llega a 20 mil, se estar\u00eda hablando de una Quinta Ola Covid. \u201cEs temprano [&hellip;]<\/p>\n","protected":false},"author":2,"featured_media":61566,"comment_status":"closed","ping_status":"closed","sticky":false,"template":"","format":"standard","meta":{"footnotes":""},"categories":[4,46],"tags":[],"class_list":["post-61554","post","type-post","status-publish","format-standard","has-post-thumbnail","hentry","category-covid-19","category-nacional","post--single"],"yoast_head":"<!-- This site is optimized with the Yoast SEO plugin v27.5 - https:\/\/yoast.com\/product\/yoast-seo-wordpress\/ -->\n<title>Autoridades advierten posible quinta ola de contagios COVID - Canal 7 SLP - 2022<\/title>\n<meta name=\"robots\" content=\"index, follow, max-snippet:-1, max-image-preview:large, max-video-preview:-1\" \/>\n<link rel=\"canonical\" href=\"https:\/\/canal7slp.tv\/2022\/autoridades-advierten-posible-quinta-ola-de-contagios-covid\/\" \/>\n<meta property=\"og:locale\" content=\"es_ES\" \/>\n<meta property=\"og:type\" content=\"article\" \/>\n<meta property=\"og:title\" content=\"Autoridades advierten posible quinta ola de contagios COVID - Canal 7 SLP - 2022\" \/>\n<meta property=\"og:description\" content=\"M\u00e9xico.- Hugo L\u00f3pez-Gatell, subsecretario de Prevenci\u00f3n y Promoci\u00f3n de la Salud, puntualiz\u00f3 que ante el reciente incremento de casos COVID que se observa en el pa\u00eds, es factible que en breve se presente una quinta ola contagios. Durante su intervenci\u00f3n en la Organizaci\u00f3n Mundial de la Salud (OMS), el funcionario advirti\u00f3 que en M\u00e9xico aun no se puede declarar el fin de la pandemia. No obstante, las autoridades mexicanas est\u00e1n en alerta por el incremento de casos. L\u00f3pez-Gatell indic\u00f3 que si el aumento de nuevos casos llega a 20 mil, se estar\u00eda hablando de una Quinta Ola Covid. \u201cEs temprano [&hellip;]\" \/>\n<meta property=\"og:url\" content=\"https:\/\/canal7slp.tv\/2022\/autoridades-advierten-posible-quinta-ola-de-contagios-covid\/\" \/>\n<meta property=\"og:site_name\" content=\"Canal 7 SLP - 2022\" \/>\n<meta property=\"article:publisher\" content=\"https:\/\/www.facebook.com\/noticieroscanalsiete\" \/>\n<meta property=\"article:published_time\" content=\"2022-05-27T20:55:28+00:00\" \/>\n<meta property=\"og:image\" content=\"https:\/\/canal7slp.tv\/2022\/wp-content\/uploads\/2022\/05\/01-17.jpg\" \/>\n\t<meta property=\"og:image:width\" content=\"640\" \/>\n\t<meta property=\"og:image:height\" content=\"360\" \/>\n\t<meta property=\"og:image:type\" content=\"image\/jpeg\" \/>\n<meta name=\"author\" content=\"Edici\u00f3n Web\" \/>\n<meta name=\"twitter:card\" content=\"summary_large_image\" \/>\n<meta name=\"twitter:creator\" content=\"@NOTICIEROS7\" \/>\n<meta name=\"twitter:site\" content=\"@NOTICIEROS7\" \/>\n<meta name=\"twitter:label1\" content=\"Escrito por\" \/>\n\t<meta name=\"twitter:data1\" content=\"Edici\u00f3n Web\" \/>\n\t<meta name=\"twitter:label2\" content=\"Tiempo de lectura\" \/>\n\t<meta name=\"twitter:data2\" content=\"1 minuto\" \/>\n<script type=\"application\/ld+json\" class=\"yoast-schema-graph\">{\"@context\":\"https:\\\/\\\/schema.org\",\"@graph\":[{\"@type\":\"Article\",\"@id\":\"https:\\\/\\\/canal7slp.tv\\\/2022\\\/autoridades-advierten-posible-quinta-ola-de-contagios-covid\\\/#article\",\"isPartOf\":{\"@id\":\"https:\\\/\\\/canal7slp.tv\\\/2022\\\/autoridades-advierten-posible-quinta-ola-de-contagios-covid\\\/\"},\"author\":{\"name\":\"Edici\u00f3n Web\",\"@id\":\"https:\\\/\\\/canal7slp.tv\\\/2022\\\/#\\\/schema\\\/person\\\/429704152a21f5f856ce29aa69a238da\"},\"headline\":\"Autoridades advierten posible quinta ola de contagios COVID\",\"datePublished\":\"2022-05-27T20:55:28+00:00\",\"mainEntityOfPage\":{\"@id\":\"https:\\\/\\\/canal7slp.tv\\\/2022\\\/autoridades-advierten-posible-quinta-ola-de-contagios-covid\\\/\"},\"wordCount\":230,\"publisher\":{\"@id\":\"https:\\\/\\\/canal7slp.tv\\\/2022\\\/#organization\"},\"image\":{\"@id\":\"https:\\\/\\\/canal7slp.tv\\\/2022\\\/autoridades-advierten-posible-quinta-ola-de-contagios-covid\\\/#primaryimage\"},\"thumbnailUrl\":\"https:\\\/\\\/canal7slp.tv\\\/2022\\\/wp-content\\\/uploads\\\/2022\\\/05\\\/01-17.jpg\",\"articleSection\":[\"COVID-19\",\"NACIONALES\"],\"inLanguage\":\"es\"},{\"@type\":\"WebPage\",\"@id\":\"https:\\\/\\\/canal7slp.tv\\\/2022\\\/autoridades-advierten-posible-quinta-ola-de-contagios-covid\\\/\",\"url\":\"https:\\\/\\\/canal7slp.tv\\\/2022\\\/autoridades-advierten-posible-quinta-ola-de-contagios-covid\\\/\",\"name\":\"Autoridades advierten posible quinta ola de contagios COVID - Canal 7 SLP - 2022\",\"isPartOf\":{\"@id\":\"https:\\\/\\\/canal7slp.tv\\\/2022\\\/#website\"},\"primaryImageOfPage\":{\"@id\":\"https:\\\/\\\/canal7slp.tv\\\/2022\\\/autoridades-advierten-posible-quinta-ola-de-contagios-covid\\\/#primaryimage\"},\"image\":{\"@id\":\"https:\\\/\\\/canal7slp.tv\\\/2022\\\/autoridades-advierten-posible-quinta-ola-de-contagios-covid\\\/#primaryimage\"},\"thumbnailUrl\":\"https:\\\/\\\/canal7slp.tv\\\/2022\\\/wp-content\\\/uploads\\\/2022\\\/05\\\/01-17.jpg\",\"datePublished\":\"2022-05-27T20:55:28+00:00\",\"breadcrumb\":{\"@id\":\"https:\\\/\\\/canal7slp.tv\\\/2022\\\/autoridades-advierten-posible-quinta-ola-de-contagios-covid\\\/#breadcrumb\"},\"inLanguage\":\"es\",\"potentialAction\":[{\"@type\":\"ReadAction\",\"target\":[\"https:\\\/\\\/canal7slp.tv\\\/2022\\\/autoridades-advierten-posible-quinta-ola-de-contagios-covid\\\/\"]}]},{\"@type\":\"ImageObject\",\"inLanguage\":\"es\",\"@id\":\"https:\\\/\\\/canal7slp.tv\\\/2022\\\/autoridades-advierten-posible-quinta-ola-de-contagios-covid\\\/#primaryimage\",\"url\":\"https:\\\/\\\/canal7slp.tv\\\/2022\\\/wp-content\\\/uploads\\\/2022\\\/05\\\/01-17.jpg\",\"contentUrl\":\"https:\\\/\\\/canal7slp.tv\\\/2022\\\/wp-content\\\/uploads\\\/2022\\\/05\\\/01-17.jpg\",\"width\":640,\"height\":360},{\"@type\":\"BreadcrumbList\",\"@id\":\"https:\\\/\\\/canal7slp.tv\\\/2022\\\/autoridades-advierten-posible-quinta-ola-de-contagios-covid\\\/#breadcrumb\",\"itemListElement\":[{\"@type\":\"ListItem\",\"position\":1,\"name\":\"Portada\",\"item\":\"https:\\\/\\\/canal7slp.tv\\\/2022\\\/\"},{\"@type\":\"ListItem\",\"position\":2,\"name\":\"Autoridades advierten posible quinta ola de contagios COVID\"}]},{\"@type\":\"WebSite\",\"@id\":\"https:\\\/\\\/canal7slp.tv\\\/2022\\\/#website\",\"url\":\"https:\\\/\\\/canal7slp.tv\\\/2022\\\/\",\"name\":\"N7 - Noticieros Canal 7\",\"description\":\"Somos Televisi\u00f3n\",\"publisher\":{\"@id\":\"https:\\\/\\\/canal7slp.tv\\\/2022\\\/#organization\"},\"potentialAction\":[{\"@type\":\"SearchAction\",\"target\":{\"@type\":\"EntryPoint\",\"urlTemplate\":\"https:\\\/\\\/canal7slp.tv\\\/2022\\\/?s={search_term_string}\"},\"query-input\":{\"@type\":\"PropertyValueSpecification\",\"valueRequired\":true,\"valueName\":\"search_term_string\"}}],\"inLanguage\":\"es\"},{\"@type\":\"Organization\",\"@id\":\"https:\\\/\\\/canal7slp.tv\\\/2022\\\/#organization\",\"name\":\"Noticieros Canal 7\",\"url\":\"https:\\\/\\\/canal7slp.tv\\\/2022\\\/\",\"logo\":{\"@type\":\"ImageObject\",\"inLanguage\":\"es\",\"@id\":\"https:\\\/\\\/canal7slp.tv\\\/2022\\\/#\\\/schema\\\/logo\\\/image\\\/\",\"url\":\"https:\\\/\\\/canal7slp.tv\\\/2022\\\/wp-content\\\/uploads\\\/2021\\\/01\\\/logo-noticieros@2x.png\",\"contentUrl\":\"https:\\\/\\\/canal7slp.tv\\\/2022\\\/wp-content\\\/uploads\\\/2021\\\/01\\\/logo-noticieros@2x.png\",\"width\":1017,\"height\":268,\"caption\":\"Noticieros Canal 7\"},\"image\":{\"@id\":\"https:\\\/\\\/canal7slp.tv\\\/2022\\\/#\\\/schema\\\/logo\\\/image\\\/\"},\"sameAs\":[\"https:\\\/\\\/www.facebook.com\\\/noticieroscanalsiete\",\"https:\\\/\\\/x.com\\\/NOTICIEROS7\",\"https:\\\/\\\/www.instagram.com\\\/canal7_slp\",\"https:\\\/\\\/www.youtube.com\\\/channel\\\/UCliiYs-gP3JfJeqdPrNdd5A\"]},{\"@type\":\"Person\",\"@id\":\"https:\\\/\\\/canal7slp.tv\\\/2022\\\/#\\\/schema\\\/person\\\/429704152a21f5f856ce29aa69a238da\",\"name\":\"Edici\u00f3n Web\",\"image\":{\"@type\":\"ImageObject\",\"inLanguage\":\"es\",\"@id\":\"https:\\\/\\\/secure.gravatar.com\\\/avatar\\\/eee448fc3f7164808013b816ba91ac7e43bbe82a70bebac296f8bc6f0addaa1a?s=96&d=mm&r=g\",\"url\":\"https:\\\/\\\/secure.gravatar.com\\\/avatar\\\/eee448fc3f7164808013b816ba91ac7e43bbe82a70bebac296f8bc6f0addaa1a?s=96&d=mm&r=g\",\"contentUrl\":\"https:\\\/\\\/secure.gravatar.com\\\/avatar\\\/eee448fc3f7164808013b816ba91ac7e43bbe82a70bebac296f8bc6f0addaa1a?s=96&d=mm&r=g\",\"caption\":\"Edici\u00f3n Web\"},\"url\":\"https:\\\/\\\/canal7slp.tv\\\/2022\\\/author\\\/edicionweb\\\/\"}]}<\/script>\n<!-- \/ Yoast SEO plugin. -->","yoast_head_json":{"title":"Autoridades advierten posible quinta ola de contagios COVID - Canal 7 SLP - 2022","robots":{"index":"index","follow":"follow","max-snippet":"max-snippet:-1","max-image-preview":"max-image-preview:large","max-video-preview":"max-video-preview:-1"},"canonical":"https:\/\/canal7slp.tv\/2022\/autoridades-advierten-posible-quinta-ola-de-contagios-covid\/","og_locale":"es_ES","og_type":"article","og_title":"Autoridades advierten posible quinta ola de contagios COVID - Canal 7 SLP - 2022","og_description":"M\u00e9xico.- Hugo L\u00f3pez-Gatell, subsecretario de Prevenci\u00f3n y Promoci\u00f3n de la Salud, puntualiz\u00f3 que ante el reciente incremento de casos COVID que se observa en el pa\u00eds, es factible que en breve se presente una quinta ola contagios. Durante su intervenci\u00f3n en la Organizaci\u00f3n Mundial de la Salud (OMS), el funcionario advirti\u00f3 que en M\u00e9xico aun no se puede declarar el fin de la pandemia. No obstante, las autoridades mexicanas est\u00e1n en alerta por el incremento de casos. L\u00f3pez-Gatell indic\u00f3 que si el aumento de nuevos casos llega a 20 mil, se estar\u00eda hablando de una Quinta Ola Covid. \u201cEs temprano [&hellip;]","og_url":"https:\/\/canal7slp.tv\/2022\/autoridades-advierten-posible-quinta-ola-de-contagios-covid\/","og_site_name":"Canal 7 SLP - 2022","article_publisher":"https:\/\/www.facebook.com\/noticieroscanalsiete","article_published_time":"2022-05-27T20:55:28+00:00","og_image":[{"width":640,"height":360,"url":"https:\/\/canal7slp.tv\/2022\/wp-content\/uploads\/2022\/05\/01-17.jpg","type":"image\/jpeg"}],"author":"Edici\u00f3n Web","twitter_card":"summary_large_image","twitter_creator":"@NOTICIEROS7","twitter_site":"@NOTICIEROS7","twitter_misc":{"Escrito por":"Edici\u00f3n Web","Tiempo de lectura":"1 minuto"},"schema":{"@context":"https:\/\/schema.org","@graph":[{"@type":"Article","@id":"https:\/\/canal7slp.tv\/2022\/autoridades-advierten-posible-quinta-ola-de-contagios-covid\/#article","isPartOf":{"@id":"https:\/\/canal7slp.tv\/2022\/autoridades-advierten-posible-quinta-ola-de-contagios-covid\/"},"author":{"name":"Edici\u00f3n Web","@id":"https:\/\/canal7slp.tv\/2022\/#\/schema\/person\/429704152a21f5f856ce29aa69a238da"},"headline":"Autoridades advierten posible quinta ola de contagios COVID","datePublished":"2022-05-27T20:55:28+00:00","mainEntityOfPage":{"@id":"https:\/\/canal7slp.tv\/2022\/autoridades-advierten-posible-quinta-ola-de-contagios-covid\/"},"wordCount":230,"publisher":{"@id":"https:\/\/canal7slp.tv\/2022\/#organization"},"image":{"@id":"https:\/\/canal7slp.tv\/2022\/autoridades-advierten-posible-quinta-ola-de-contagios-covid\/#primaryimage"},"thumbnailUrl":"https:\/\/canal7slp.tv\/2022\/wp-content\/uploads\/2022\/05\/01-17.jpg","articleSection":["COVID-19","NACIONALES"],"inLanguage":"es"},{"@type":"WebPage","@id":"https:\/\/canal7slp.tv\/2022\/autoridades-advierten-posible-quinta-ola-de-contagios-covid\/","url":"https:\/\/canal7slp.tv\/2022\/autoridades-advierten-posible-quinta-ola-de-contagios-covid\/","name":"Autoridades advierten posible quinta ola de contagios COVID - Canal 7 SLP - 2022","isPartOf":{"@id":"https:\/\/canal7slp.tv\/2022\/#website"},"primaryImageOfPage":{"@id":"https:\/\/canal7slp.tv\/2022\/autoridades-advierten-posible-quinta-ola-de-contagios-covid\/#primaryimage"},"image":{"@id":"https:\/\/canal7slp.tv\/2022\/autoridades-advierten-posible-quinta-ola-de-contagios-covid\/#primaryimage"},"thumbnailUrl":"https:\/\/canal7slp.tv\/2022\/wp-content\/uploads\/2022\/05\/01-17.jpg","datePublished":"2022-05-27T20:55:28+00:00","breadcrumb":{"@id":"https:\/\/canal7slp.tv\/2022\/autoridades-advierten-posible-quinta-ola-de-contagios-covid\/#breadcrumb"},"inLanguage":"es","potentialAction":[{"@type":"ReadAction","target":["https:\/\/canal7slp.tv\/2022\/autoridades-advierten-posible-quinta-ola-de-contagios-covid\/"]}]},{"@type":"ImageObject","inLanguage":"es","@id":"https:\/\/canal7slp.tv\/2022\/autoridades-advierten-posible-quinta-ola-de-contagios-covid\/#primaryimage","url":"https:\/\/canal7slp.tv\/2022\/wp-content\/uploads\/2022\/05\/01-17.jpg","contentUrl":"https:\/\/canal7slp.tv\/2022\/wp-content\/uploads\/2022\/05\/01-17.jpg","width":640,"height":360},{"@type":"BreadcrumbList","@id":"https:\/\/canal7slp.tv\/2022\/autoridades-advierten-posible-quinta-ola-de-contagios-covid\/#breadcrumb","itemListElement":[{"@type":"ListItem","position":1,"name":"Portada","item":"https:\/\/canal7slp.tv\/2022\/"},{"@type":"ListItem","position":2,"name":"Autoridades advierten posible quinta ola de contagios COVID"}]},{"@type":"WebSite","@id":"https:\/\/canal7slp.tv\/2022\/#website","url":"https:\/\/canal7slp.tv\/2022\/","name":"N7 - Noticieros Canal 7","description":"Somos Televisi\u00f3n","publisher":{"@id":"https:\/\/canal7slp.tv\/2022\/#organization"},"potentialAction":[{"@type":"SearchAction","target":{"@type":"EntryPoint","urlTemplate":"https:\/\/canal7slp.tv\/2022\/?s={search_term_string}"},"query-input":{"@type":"PropertyValueSpecification","valueRequired":true,"valueName":"search_term_string"}}],"inLanguage":"es"},{"@type":"Organization","@id":"https:\/\/canal7slp.tv\/2022\/#organization","name":"Noticieros Canal 7","url":"https:\/\/canal7slp.tv\/2022\/","logo":{"@type":"ImageObject","inLanguage":"es","@id":"https:\/\/canal7slp.tv\/2022\/#\/schema\/logo\/image\/","url":"https:\/\/canal7slp.tv\/2022\/wp-content\/uploads\/2021\/01\/logo-noticieros@2x.png","contentUrl":"https:\/\/canal7slp.tv\/2022\/wp-content\/uploads\/2021\/01\/logo-noticieros@2x.png","width":1017,"height":268,"caption":"Noticieros Canal 7"},"image":{"@id":"https:\/\/canal7slp.tv\/2022\/#\/schema\/logo\/image\/"},"sameAs":["https:\/\/www.facebook.com\/noticieroscanalsiete","https:\/\/x.com\/NOTICIEROS7","https:\/\/www.instagram.com\/canal7_slp","https:\/\/www.youtube.com\/channel\/UCliiYs-gP3JfJeqdPrNdd5A"]},{"@type":"Person","@id":"https:\/\/canal7slp.tv\/2022\/#\/schema\/person\/429704152a21f5f856ce29aa69a238da","name":"Edici\u00f3n Web","image":{"@type":"ImageObject","inLanguage":"es","@id":"https:\/\/secure.gravatar.com\/avatar\/eee448fc3f7164808013b816ba91ac7e43bbe82a70bebac296f8bc6f0addaa1a?s=96&d=mm&r=g","url":"https:\/\/secure.gravatar.com\/avatar\/eee448fc3f7164808013b816ba91ac7e43bbe82a70bebac296f8bc6f0addaa1a?s=96&d=mm&r=g","contentUrl":"https:\/\/secure.gravatar.com\/avatar\/eee448fc3f7164808013b816ba91ac7e43bbe82a70bebac296f8bc6f0addaa1a?s=96&d=mm&r=g","caption":"Edici\u00f3n Web"},"url":"https:\/\/canal7slp.tv\/2022\/author\/edicionweb\/"}]}},"amp_enabled":true,"_links":{"self":[{"href":"https:\/\/canal7slp.tv\/2022\/wp-json\/wp\/v2\/posts\/61554","targetHints":{"allow":["GET"]}}],"collection":[{"href":"https:\/\/canal7slp.tv\/2022\/wp-json\/wp\/v2\/posts"}],"about":[{"href":"https:\/\/canal7slp.tv\/2022\/wp-json\/wp\/v2\/types\/post"}],"author":[{"embeddable":true,"href":"https:\/\/canal7slp.tv\/2022\/wp-json\/wp\/v2\/users\/2"}],"replies":[{"embeddable":true,"href":"https:\/\/canal7slp.tv\/2022\/wp-json\/wp\/v2\/comments?post=61554"}],"version-history":[{"count":2,"href":"https:\/\/canal7slp.tv\/2022\/wp-json\/wp\/v2\/posts\/61554\/revisions"}],"predecessor-version":[{"id":61577,"href":"https:\/\/canal7slp.tv\/2022\/wp-json\/wp\/v2\/posts\/61554\/revisions\/61577"}],"wp:featuredmedia":[{"embeddable":true,"href":"https:\/\/canal7slp.tv\/2022\/wp-json\/wp\/v2\/media\/61566"}],"wp:attachment":[{"href":"https:\/\/canal7slp.tv\/2022\/wp-json\/wp\/v2\/media?parent=61554"}],"wp:term":[{"taxonomy":"category","embeddable":true,"href":"https:\/\/canal7slp.tv\/2022\/wp-json\/wp\/v2\/categories?post=61554"},{"taxonomy":"post_tag","embeddable":true,"href":"https:\/\/canal7slp.tv\/2022\/wp-json\/wp\/v2\/tags?post=61554"}],"curies":[{"name":"wp","href":"https:\/\/api.w.org\/{rel}","templated":true}]}}