{"id":61536,"date":"2022-05-26T20:04:47","date_gmt":"2022-05-27T02:04:47","guid":{"rendered":"https:\/\/canal7slp.tv\/2022\/?p=61536"},"modified":"2022-05-26T20:04:47","modified_gmt":"2022-05-27T02:04:47","slug":"ivan-estrada-pide-al-gobernador-descuento-del-50-en-capacitacion-a-policias","status":"publish","type":"post","link":"https:\/\/canal7slp.tv\/2022\/ivan-estrada-pide-al-gobernador-descuento-del-50-en-capacitacion-a-policias\/","title":{"rendered":"Iv\u00e1n Estrada pide al gobernador descuento del 50% en capacitaci\u00f3n a polic\u00edas."},"content":{"rendered":"<p style=\"text-align: justify;\">Matehuala.- Luego de que hace unos d\u00edas se llevara a cabo una mesa de seguridad en el cabildo del Ayuntamiento de Matehuala con el Gobernador del Estado, Ricardo Gallardo, donde se les pidi\u00f3 a los municipios que invirtieran en la seguridad y capacitaci\u00f3n de sus polic\u00edas, el Presidente Municipal de Matehuala, Iv\u00e1n Estrada, asegur\u00f3 que se han acordado descuentos ante adiestramientos millonarios.<\/p>\n<p style=\"text-align: justify;\">\u201cVamos a estar mandando paulatinamente a 40 elementos a capacitar para que sean mejores polic\u00edas, \u00e9l nos pide que le invirtamos porque nos toca a nosotros como municipio meterle la lana, simplemente en esos polic\u00edas, en la capacitaci\u00f3n, pruebas de confianza, nos va a costar alrededor de dos millones de pesos, es una cifra fuerte, en la cual, reconozco la voluntad del gobernador de ayudarnos en cuesti\u00f3n de seguridad, en la mesa quedamos que nos iba a hacer un descuento, ojal\u00e1 sea del 50% y con ese dinero nosotros invertirlo al parque vehicular\u201d, dijo.<\/p>\n<p style=\"text-align: justify;\">Para Iv\u00e1n Estrada, la eliminaci\u00f3n del FORTASEG ha golpeado a los ayuntamientos, \u201ccon este son tres a\u00f1os que se quitaron los apoyos directos que ven\u00edan para fortalecer la seguridad en los municipios, se quit\u00f3 y nos hemos visto mermados como presidencias municipales, como seguridad p\u00fablica municipal, pero yo creo que, con este apoyo del Gobierno del Estado, vamos a apuntalar la seguridad\u201d.<\/p>\n<p style=\"text-align: justify;\">Al ser cuestionado sobre el arribo de la Guardia Civil al municipio matehualense, coment\u00f3 al respecto, \u201cviene a apuntalar las acciones de Gobierno en cuesti\u00f3n de seguridad, ahora nos toca a nosotros los ayuntamientos echarles la mano, adquirir unidades, primeramente, Dios al finalizar el a\u00f1o, con los ahorros que tenga el municipio\u201d.<\/p>\n<p style=\"text-align: justify;\">Por: Jes\u00fas Valencia<\/p>\n","protected":false},"excerpt":{"rendered":"<p>Matehuala.- Luego de que hace unos d\u00edas se llevara a cabo una mesa de seguridad en el cabildo del Ayuntamiento de Matehuala con el Gobernador del Estado, Ricardo Gallardo, donde se les pidi\u00f3 a los municipios que invirtieran en la seguridad y capacitaci\u00f3n de sus polic\u00edas, el Presidente Municipal de Matehuala, Iv\u00e1n Estrada, asegur\u00f3 que se han acordado descuentos ante adiestramientos millonarios. \u201cVamos a estar mandando paulatinamente a 40 elementos a capacitar para que sean mejores polic\u00edas, \u00e9l nos pide que le invirtamos porque nos toca a nosotros como municipio meterle la lana, simplemente en esos polic\u00edas, en la capacitaci\u00f3n, [&hellip;]<\/p>\n","protected":false},"author":2,"featured_media":61540,"comment_status":"closed","ping_status":"closed","sticky":false,"template":"","format":"video","meta":{"footnotes":""},"categories":[5,43],"tags":[],"class_list":["post-61536","post","type-post","status-publish","format-video","has-post-thumbnail","hentry","category-destacadas","category-interior","post_format-post-format-video","post--single"],"yoast_head":"<!-- This site is optimized with the Yoast SEO plugin v27.5 - https:\/\/yoast.com\/product\/yoast-seo-wordpress\/ -->\n<title>Iv\u00e1n Estrada pide al gobernador descuento del 50% en capacitaci\u00f3n a polic\u00edas. - Canal 7 SLP - 2022<\/title>\n<meta name=\"robots\" content=\"index, follow, max-snippet:-1, max-image-preview:large, max-video-preview:-1\" \/>\n<link rel=\"canonical\" href=\"https:\/\/canal7slp.tv\/2022\/ivan-estrada-pide-al-gobernador-descuento-del-50-en-capacitacion-a-policias\/\" \/>\n<meta property=\"og:locale\" content=\"es_ES\" \/>\n<meta property=\"og:type\" content=\"article\" \/>\n<meta property=\"og:title\" content=\"Iv\u00e1n Estrada pide al gobernador descuento del 50% en capacitaci\u00f3n a polic\u00edas. - Canal 7 SLP - 2022\" \/>\n<meta property=\"og:description\" content=\"Matehuala.- Luego de que hace unos d\u00edas se llevara a cabo una mesa de seguridad en el cabildo del Ayuntamiento de Matehuala con el Gobernador del Estado, Ricardo Gallardo, donde se les pidi\u00f3 a los municipios que invirtieran en la seguridad y capacitaci\u00f3n de sus polic\u00edas, el Presidente Municipal de Matehuala, Iv\u00e1n Estrada, asegur\u00f3 que se han acordado descuentos ante adiestramientos millonarios. \u201cVamos a estar mandando paulatinamente a 40 elementos a capacitar para que sean mejores polic\u00edas, \u00e9l nos pide que le invirtamos porque nos toca a nosotros como municipio meterle la lana, simplemente en esos polic\u00edas, en la capacitaci\u00f3n, [&hellip;]\" \/>\n<meta property=\"og:url\" content=\"https:\/\/canal7slp.tv\/2022\/ivan-estrada-pide-al-gobernador-descuento-del-50-en-capacitacion-a-policias\/\" \/>\n<meta property=\"og:site_name\" content=\"Canal 7 SLP - 2022\" \/>\n<meta property=\"article:publisher\" content=\"https:\/\/www.facebook.com\/noticieroscanalsiete\" \/>\n<meta property=\"article:published_time\" content=\"2022-05-27T02:04:47+00:00\" \/>\n<meta property=\"og:image\" content=\"https:\/\/canal7slp.tv\/2022\/wp-content\/uploads\/2022\/05\/Valencia02Ivan.jpg\" \/>\n\t<meta property=\"og:image:width\" content=\"888\" \/>\n\t<meta property=\"og:image:height\" content=\"500\" \/>\n\t<meta property=\"og:image:type\" content=\"image\/jpeg\" \/>\n<meta name=\"author\" content=\"Edici\u00f3n Web\" \/>\n<meta name=\"twitter:card\" content=\"summary_large_image\" \/>\n<meta name=\"twitter:creator\" content=\"@NOTICIEROS7\" \/>\n<meta name=\"twitter:site\" content=\"@NOTICIEROS7\" \/>\n<meta name=\"twitter:label1\" content=\"Escrito por\" \/>\n\t<meta name=\"twitter:data1\" content=\"Edici\u00f3n Web\" \/>\n\t<meta name=\"twitter:label2\" content=\"Tiempo de lectura\" \/>\n\t<meta name=\"twitter:data2\" content=\"2 minutos\" \/>\n<script type=\"application\/ld+json\" class=\"yoast-schema-graph\">{\"@context\":\"https:\\\/\\\/schema.org\",\"@graph\":[{\"@type\":\"Article\",\"@id\":\"https:\\\/\\\/canal7slp.tv\\\/2022\\\/ivan-estrada-pide-al-gobernador-descuento-del-50-en-capacitacion-a-policias\\\/#article\",\"isPartOf\":{\"@id\":\"https:\\\/\\\/canal7slp.tv\\\/2022\\\/ivan-estrada-pide-al-gobernador-descuento-del-50-en-capacitacion-a-policias\\\/\"},\"author\":{\"name\":\"Edici\u00f3n Web\",\"@id\":\"https:\\\/\\\/canal7slp.tv\\\/2022\\\/#\\\/schema\\\/person\\\/429704152a21f5f856ce29aa69a238da\"},\"headline\":\"Iv\u00e1n Estrada pide al gobernador descuento del 50% en capacitaci\u00f3n a polic\u00edas.\",\"datePublished\":\"2022-05-27T02:04:47+00:00\",\"mainEntityOfPage\":{\"@id\":\"https:\\\/\\\/canal7slp.tv\\\/2022\\\/ivan-estrada-pide-al-gobernador-descuento-del-50-en-capacitacion-a-policias\\\/\"},\"wordCount\":302,\"publisher\":{\"@id\":\"https:\\\/\\\/canal7slp.tv\\\/2022\\\/#organization\"},\"image\":{\"@id\":\"https:\\\/\\\/canal7slp.tv\\\/2022\\\/ivan-estrada-pide-al-gobernador-descuento-del-50-en-capacitacion-a-policias\\\/#primaryimage\"},\"thumbnailUrl\":\"https:\\\/\\\/canal7slp.tv\\\/2022\\\/wp-content\\\/uploads\\\/2022\\\/05\\\/Valencia02Ivan.jpg\",\"articleSection\":[\"DESTACADAS\",\"INTERIOR DEL ESTADO\"],\"inLanguage\":\"es\"},{\"@type\":\"WebPage\",\"@id\":\"https:\\\/\\\/canal7slp.tv\\\/2022\\\/ivan-estrada-pide-al-gobernador-descuento-del-50-en-capacitacion-a-policias\\\/\",\"url\":\"https:\\\/\\\/canal7slp.tv\\\/2022\\\/ivan-estrada-pide-al-gobernador-descuento-del-50-en-capacitacion-a-policias\\\/\",\"name\":\"Iv\u00e1n Estrada pide al gobernador descuento del 50% en capacitaci\u00f3n a polic\u00edas. - Canal 7 SLP - 2022\",\"isPartOf\":{\"@id\":\"https:\\\/\\\/canal7slp.tv\\\/2022\\\/#website\"},\"primaryImageOfPage\":{\"@id\":\"https:\\\/\\\/canal7slp.tv\\\/2022\\\/ivan-estrada-pide-al-gobernador-descuento-del-50-en-capacitacion-a-policias\\\/#primaryimage\"},\"image\":{\"@id\":\"https:\\\/\\\/canal7slp.tv\\\/2022\\\/ivan-estrada-pide-al-gobernador-descuento-del-50-en-capacitacion-a-policias\\\/#primaryimage\"},\"thumbnailUrl\":\"https:\\\/\\\/canal7slp.tv\\\/2022\\\/wp-content\\\/uploads\\\/2022\\\/05\\\/Valencia02Ivan.jpg\",\"datePublished\":\"2022-05-27T02:04:47+00:00\",\"breadcrumb\":{\"@id\":\"https:\\\/\\\/canal7slp.tv\\\/2022\\\/ivan-estrada-pide-al-gobernador-descuento-del-50-en-capacitacion-a-policias\\\/#breadcrumb\"},\"inLanguage\":\"es\",\"potentialAction\":[{\"@type\":\"ReadAction\",\"target\":[\"https:\\\/\\\/canal7slp.tv\\\/2022\\\/ivan-estrada-pide-al-gobernador-descuento-del-50-en-capacitacion-a-policias\\\/\"]}]},{\"@type\":\"ImageObject\",\"inLanguage\":\"es\",\"@id\":\"https:\\\/\\\/canal7slp.tv\\\/2022\\\/ivan-estrada-pide-al-gobernador-descuento-del-50-en-capacitacion-a-policias\\\/#primaryimage\",\"url\":\"https:\\\/\\\/canal7slp.tv\\\/2022\\\/wp-content\\\/uploads\\\/2022\\\/05\\\/Valencia02Ivan.jpg\",\"contentUrl\":\"https:\\\/\\\/canal7slp.tv\\\/2022\\\/wp-content\\\/uploads\\\/2022\\\/05\\\/Valencia02Ivan.jpg\",\"width\":888,\"height\":500},{\"@type\":\"BreadcrumbList\",\"@id\":\"https:\\\/\\\/canal7slp.tv\\\/2022\\\/ivan-estrada-pide-al-gobernador-descuento-del-50-en-capacitacion-a-policias\\\/#breadcrumb\",\"itemListElement\":[{\"@type\":\"ListItem\",\"position\":1,\"name\":\"Portada\",\"item\":\"https:\\\/\\\/canal7slp.tv\\\/2022\\\/\"},{\"@type\":\"ListItem\",\"position\":2,\"name\":\"Iv\u00e1n Estrada pide al gobernador descuento del 50% en capacitaci\u00f3n a polic\u00edas.\"}]},{\"@type\":\"WebSite\",\"@id\":\"https:\\\/\\\/canal7slp.tv\\\/2022\\\/#website\",\"url\":\"https:\\\/\\\/canal7slp.tv\\\/2022\\\/\",\"name\":\"N7 - Noticieros Canal 7\",\"description\":\"Somos Televisi\u00f3n\",\"publisher\":{\"@id\":\"https:\\\/\\\/canal7slp.tv\\\/2022\\\/#organization\"},\"potentialAction\":[{\"@type\":\"SearchAction\",\"target\":{\"@type\":\"EntryPoint\",\"urlTemplate\":\"https:\\\/\\\/canal7slp.tv\\\/2022\\\/?s={search_term_string}\"},\"query-input\":{\"@type\":\"PropertyValueSpecification\",\"valueRequired\":true,\"valueName\":\"search_term_string\"}}],\"inLanguage\":\"es\"},{\"@type\":\"Organization\",\"@id\":\"https:\\\/\\\/canal7slp.tv\\\/2022\\\/#organization\",\"name\":\"Noticieros Canal 7\",\"url\":\"https:\\\/\\\/canal7slp.tv\\\/2022\\\/\",\"logo\":{\"@type\":\"ImageObject\",\"inLanguage\":\"es\",\"@id\":\"https:\\\/\\\/canal7slp.tv\\\/2022\\\/#\\\/schema\\\/logo\\\/image\\\/\",\"url\":\"https:\\\/\\\/canal7slp.tv\\\/2022\\\/wp-content\\\/uploads\\\/2021\\\/01\\\/logo-noticieros@2x.png\",\"contentUrl\":\"https:\\\/\\\/canal7slp.tv\\\/2022\\\/wp-content\\\/uploads\\\/2021\\\/01\\\/logo-noticieros@2x.png\",\"width\":1017,\"height\":268,\"caption\":\"Noticieros Canal 7\"},\"image\":{\"@id\":\"https:\\\/\\\/canal7slp.tv\\\/2022\\\/#\\\/schema\\\/logo\\\/image\\\/\"},\"sameAs\":[\"https:\\\/\\\/www.facebook.com\\\/noticieroscanalsiete\",\"https:\\\/\\\/x.com\\\/NOTICIEROS7\",\"https:\\\/\\\/www.instagram.com\\\/canal7_slp\",\"https:\\\/\\\/www.youtube.com\\\/channel\\\/UCliiYs-gP3JfJeqdPrNdd5A\"]},{\"@type\":\"Person\",\"@id\":\"https:\\\/\\\/canal7slp.tv\\\/2022\\\/#\\\/schema\\\/person\\\/429704152a21f5f856ce29aa69a238da\",\"name\":\"Edici\u00f3n Web\",\"image\":{\"@type\":\"ImageObject\",\"inLanguage\":\"es\",\"@id\":\"https:\\\/\\\/secure.gravatar.com\\\/avatar\\\/eee448fc3f7164808013b816ba91ac7e43bbe82a70bebac296f8bc6f0addaa1a?s=96&d=mm&r=g\",\"url\":\"https:\\\/\\\/secure.gravatar.com\\\/avatar\\\/eee448fc3f7164808013b816ba91ac7e43bbe82a70bebac296f8bc6f0addaa1a?s=96&d=mm&r=g\",\"contentUrl\":\"https:\\\/\\\/secure.gravatar.com\\\/avatar\\\/eee448fc3f7164808013b816ba91ac7e43bbe82a70bebac296f8bc6f0addaa1a?s=96&d=mm&r=g\",\"caption\":\"Edici\u00f3n Web\"},\"url\":\"https:\\\/\\\/canal7slp.tv\\\/2022\\\/author\\\/edicionweb\\\/\"}]}<\/script>\n<!-- \/ Yoast SEO plugin. -->","yoast_head_json":{"title":"Iv\u00e1n Estrada pide al gobernador descuento del 50% en capacitaci\u00f3n a polic\u00edas. - Canal 7 SLP - 2022","robots":{"index":"index","follow":"follow","max-snippet":"max-snippet:-1","max-image-preview":"max-image-preview:large","max-video-preview":"max-video-preview:-1"},"canonical":"https:\/\/canal7slp.tv\/2022\/ivan-estrada-pide-al-gobernador-descuento-del-50-en-capacitacion-a-policias\/","og_locale":"es_ES","og_type":"article","og_title":"Iv\u00e1n Estrada pide al gobernador descuento del 50% en capacitaci\u00f3n a polic\u00edas. - Canal 7 SLP - 2022","og_description":"Matehuala.- Luego de que hace unos d\u00edas se llevara a cabo una mesa de seguridad en el cabildo del Ayuntamiento de Matehuala con el Gobernador del Estado, Ricardo Gallardo, donde se les pidi\u00f3 a los municipios que invirtieran en la seguridad y capacitaci\u00f3n de sus polic\u00edas, el Presidente Municipal de Matehuala, Iv\u00e1n Estrada, asegur\u00f3 que se han acordado descuentos ante adiestramientos millonarios. \u201cVamos a estar mandando paulatinamente a 40 elementos a capacitar para que sean mejores polic\u00edas, \u00e9l nos pide que le invirtamos porque nos toca a nosotros como municipio meterle la lana, simplemente en esos polic\u00edas, en la capacitaci\u00f3n, [&hellip;]","og_url":"https:\/\/canal7slp.tv\/2022\/ivan-estrada-pide-al-gobernador-descuento-del-50-en-capacitacion-a-policias\/","og_site_name":"Canal 7 SLP - 2022","article_publisher":"https:\/\/www.facebook.com\/noticieroscanalsiete","article_published_time":"2022-05-27T02:04:47+00:00","og_image":[{"width":888,"height":500,"url":"https:\/\/canal7slp.tv\/2022\/wp-content\/uploads\/2022\/05\/Valencia02Ivan.jpg","type":"image\/jpeg"}],"author":"Edici\u00f3n Web","twitter_card":"summary_large_image","twitter_creator":"@NOTICIEROS7","twitter_site":"@NOTICIEROS7","twitter_misc":{"Escrito por":"Edici\u00f3n Web","Tiempo de lectura":"2 minutos"},"schema":{"@context":"https:\/\/schema.org","@graph":[{"@type":"Article","@id":"https:\/\/canal7slp.tv\/2022\/ivan-estrada-pide-al-gobernador-descuento-del-50-en-capacitacion-a-policias\/#article","isPartOf":{"@id":"https:\/\/canal7slp.tv\/2022\/ivan-estrada-pide-al-gobernador-descuento-del-50-en-capacitacion-a-policias\/"},"author":{"name":"Edici\u00f3n Web","@id":"https:\/\/canal7slp.tv\/2022\/#\/schema\/person\/429704152a21f5f856ce29aa69a238da"},"headline":"Iv\u00e1n Estrada pide al gobernador descuento del 50% en capacitaci\u00f3n a polic\u00edas.","datePublished":"2022-05-27T02:04:47+00:00","mainEntityOfPage":{"@id":"https:\/\/canal7slp.tv\/2022\/ivan-estrada-pide-al-gobernador-descuento-del-50-en-capacitacion-a-policias\/"},"wordCount":302,"publisher":{"@id":"https:\/\/canal7slp.tv\/2022\/#organization"},"image":{"@id":"https:\/\/canal7slp.tv\/2022\/ivan-estrada-pide-al-gobernador-descuento-del-50-en-capacitacion-a-policias\/#primaryimage"},"thumbnailUrl":"https:\/\/canal7slp.tv\/2022\/wp-content\/uploads\/2022\/05\/Valencia02Ivan.jpg","articleSection":["DESTACADAS","INTERIOR DEL ESTADO"],"inLanguage":"es"},{"@type":"WebPage","@id":"https:\/\/canal7slp.tv\/2022\/ivan-estrada-pide-al-gobernador-descuento-del-50-en-capacitacion-a-policias\/","url":"https:\/\/canal7slp.tv\/2022\/ivan-estrada-pide-al-gobernador-descuento-del-50-en-capacitacion-a-policias\/","name":"Iv\u00e1n Estrada pide al gobernador descuento del 50% en capacitaci\u00f3n a polic\u00edas. - Canal 7 SLP - 2022","isPartOf":{"@id":"https:\/\/canal7slp.tv\/2022\/#website"},"primaryImageOfPage":{"@id":"https:\/\/canal7slp.tv\/2022\/ivan-estrada-pide-al-gobernador-descuento-del-50-en-capacitacion-a-policias\/#primaryimage"},"image":{"@id":"https:\/\/canal7slp.tv\/2022\/ivan-estrada-pide-al-gobernador-descuento-del-50-en-capacitacion-a-policias\/#primaryimage"},"thumbnailUrl":"https:\/\/canal7slp.tv\/2022\/wp-content\/uploads\/2022\/05\/Valencia02Ivan.jpg","datePublished":"2022-05-27T02:04:47+00:00","breadcrumb":{"@id":"https:\/\/canal7slp.tv\/2022\/ivan-estrada-pide-al-gobernador-descuento-del-50-en-capacitacion-a-policias\/#breadcrumb"},"inLanguage":"es","potentialAction":[{"@type":"ReadAction","target":["https:\/\/canal7slp.tv\/2022\/ivan-estrada-pide-al-gobernador-descuento-del-50-en-capacitacion-a-policias\/"]}]},{"@type":"ImageObject","inLanguage":"es","@id":"https:\/\/canal7slp.tv\/2022\/ivan-estrada-pide-al-gobernador-descuento-del-50-en-capacitacion-a-policias\/#primaryimage","url":"https:\/\/canal7slp.tv\/2022\/wp-content\/uploads\/2022\/05\/Valencia02Ivan.jpg","contentUrl":"https:\/\/canal7slp.tv\/2022\/wp-content\/uploads\/2022\/05\/Valencia02Ivan.jpg","width":888,"height":500},{"@type":"BreadcrumbList","@id":"https:\/\/canal7slp.tv\/2022\/ivan-estrada-pide-al-gobernador-descuento-del-50-en-capacitacion-a-policias\/#breadcrumb","itemListElement":[{"@type":"ListItem","position":1,"name":"Portada","item":"https:\/\/canal7slp.tv\/2022\/"},{"@type":"ListItem","position":2,"name":"Iv\u00e1n Estrada pide al gobernador descuento del 50% en capacitaci\u00f3n a polic\u00edas."}]},{"@type":"WebSite","@id":"https:\/\/canal7slp.tv\/2022\/#website","url":"https:\/\/canal7slp.tv\/2022\/","name":"N7 - Noticieros Canal 7","description":"Somos Televisi\u00f3n","publisher":{"@id":"https:\/\/canal7slp.tv\/2022\/#organization"},"potentialAction":[{"@type":"SearchAction","target":{"@type":"EntryPoint","urlTemplate":"https:\/\/canal7slp.tv\/2022\/?s={search_term_string}"},"query-input":{"@type":"PropertyValueSpecification","valueRequired":true,"valueName":"search_term_string"}}],"inLanguage":"es"},{"@type":"Organization","@id":"https:\/\/canal7slp.tv\/2022\/#organization","name":"Noticieros Canal 7","url":"https:\/\/canal7slp.tv\/2022\/","logo":{"@type":"ImageObject","inLanguage":"es","@id":"https:\/\/canal7slp.tv\/2022\/#\/schema\/logo\/image\/","url":"https:\/\/canal7slp.tv\/2022\/wp-content\/uploads\/2021\/01\/logo-noticieros@2x.png","contentUrl":"https:\/\/canal7slp.tv\/2022\/wp-content\/uploads\/2021\/01\/logo-noticieros@2x.png","width":1017,"height":268,"caption":"Noticieros Canal 7"},"image":{"@id":"https:\/\/canal7slp.tv\/2022\/#\/schema\/logo\/image\/"},"sameAs":["https:\/\/www.facebook.com\/noticieroscanalsiete","https:\/\/x.com\/NOTICIEROS7","https:\/\/www.instagram.com\/canal7_slp","https:\/\/www.youtube.com\/channel\/UCliiYs-gP3JfJeqdPrNdd5A"]},{"@type":"Person","@id":"https:\/\/canal7slp.tv\/2022\/#\/schema\/person\/429704152a21f5f856ce29aa69a238da","name":"Edici\u00f3n Web","image":{"@type":"ImageObject","inLanguage":"es","@id":"https:\/\/secure.gravatar.com\/avatar\/eee448fc3f7164808013b816ba91ac7e43bbe82a70bebac296f8bc6f0addaa1a?s=96&d=mm&r=g","url":"https:\/\/secure.gravatar.com\/avatar\/eee448fc3f7164808013b816ba91ac7e43bbe82a70bebac296f8bc6f0addaa1a?s=96&d=mm&r=g","contentUrl":"https:\/\/secure.gravatar.com\/avatar\/eee448fc3f7164808013b816ba91ac7e43bbe82a70bebac296f8bc6f0addaa1a?s=96&d=mm&r=g","caption":"Edici\u00f3n Web"},"url":"https:\/\/canal7slp.tv\/2022\/author\/edicionweb\/"}]}},"amp_enabled":true,"_links":{"self":[{"href":"https:\/\/canal7slp.tv\/2022\/wp-json\/wp\/v2\/posts\/61536","targetHints":{"allow":["GET"]}}],"collection":[{"href":"https:\/\/canal7slp.tv\/2022\/wp-json\/wp\/v2\/posts"}],"about":[{"href":"https:\/\/canal7slp.tv\/2022\/wp-json\/wp\/v2\/types\/post"}],"author":[{"embeddable":true,"href":"https:\/\/canal7slp.tv\/2022\/wp-json\/wp\/v2\/users\/2"}],"replies":[{"embeddable":true,"href":"https:\/\/canal7slp.tv\/2022\/wp-json\/wp\/v2\/comments?post=61536"}],"version-history":[{"count":1,"href":"https:\/\/canal7slp.tv\/2022\/wp-json\/wp\/v2\/posts\/61536\/revisions"}],"predecessor-version":[{"id":61538,"href":"https:\/\/canal7slp.tv\/2022\/wp-json\/wp\/v2\/posts\/61536\/revisions\/61538"}],"wp:featuredmedia":[{"embeddable":true,"href":"https:\/\/canal7slp.tv\/2022\/wp-json\/wp\/v2\/media\/61540"}],"wp:attachment":[{"href":"https:\/\/canal7slp.tv\/2022\/wp-json\/wp\/v2\/media?parent=61536"}],"wp:term":[{"taxonomy":"category","embeddable":true,"href":"https:\/\/canal7slp.tv\/2022\/wp-json\/wp\/v2\/categories?post=61536"},{"taxonomy":"post_tag","embeddable":true,"href":"https:\/\/canal7slp.tv\/2022\/wp-json\/wp\/v2\/tags?post=61536"}],"curies":[{"name":"wp","href":"https:\/\/api.w.org\/{rel}","templated":true}]}}