{"id":61526,"date":"2022-05-27T09:52:05","date_gmt":"2022-05-27T15:52:05","guid":{"rendered":"https:\/\/canal7slp.tv\/2022\/?p=61526"},"modified":"2022-05-27T09:52:05","modified_gmt":"2022-05-27T15:52:05","slug":"viable-intencion-de-que-villa-de-pozos-se-convierta-en-municipio-ipac","status":"publish","type":"post","link":"https:\/\/canal7slp.tv\/2022\/viable-intencion-de-que-villa-de-pozos-se-convierta-en-municipio-ipac\/","title":{"rendered":"Viable intenci\u00f3n de que Villa de Pozos se convierta en municipio: IPAC."},"content":{"rendered":"<p style=\"text-align: justify;\">SLP.- Para el presidente de Industriales Potosinos (IPAC), Guillermo Castro Castillo la intenci\u00f3n de que la Delegaci\u00f3n Villa de Pozos se convierta en municipio, es viable.<\/p>\n<p style=\"text-align: justify;\">D\u00edas atr\u00e1s, desde Gobierno del Estado fue anunciado que se promover\u00eda una iniciativa para que la demarcaci\u00f3n se transforme en el municipio 59.<\/p>\n<p style=\"text-align: justify;\">El l\u00edder empresarial afirm\u00f3 v\u00eda telef\u00f3nica que el territorio cuenta con cifras y condiciones para efectuar dicho cambio.<\/p>\n<p style=\"text-align: justify;\">Record\u00f3 que d\u00e9cadas atr\u00e1s, Villa de Pozos era municipio; pero por intereses econ\u00f3micos y para no restar recursos fue degradado a delegaci\u00f3n.<\/p>\n<p style=\"text-align: justify;\">Enfatiz\u00f3 que la ciudadan\u00eda ha pugnado porque se retribuya todo lo recaudado por medio de la carga fiscal.<\/p>\n<p style=\"text-align: justify;\">Agreg\u00f3 que los habitantes son cumplidos en cuanto a pagos dirigidos al gobierno municipal. Sin embargo, no se sienten correspondidos en necesidades de infraestructura b\u00e1sica y servicios.<\/p>\n<p style=\"text-align: justify;\">Por: Maximiliano V\u00e1zquez<\/p>\n","protected":false},"excerpt":{"rendered":"<p>SLP.- Para el presidente de Industriales Potosinos (IPAC), Guillermo Castro Castillo la intenci\u00f3n de que la Delegaci\u00f3n Villa de Pozos se convierta en municipio, es viable. D\u00edas atr\u00e1s, desde Gobierno del Estado fue anunciado que se promover\u00eda una iniciativa para que la demarcaci\u00f3n se transforme en el municipio 59. El l\u00edder empresarial afirm\u00f3 v\u00eda telef\u00f3nica que el territorio cuenta con cifras y condiciones para efectuar dicho cambio. Record\u00f3 que d\u00e9cadas atr\u00e1s, Villa de Pozos era municipio; pero por intereses econ\u00f3micos y para no restar recursos fue degradado a delegaci\u00f3n. Enfatiz\u00f3 que la ciudadan\u00eda ha pugnado porque se retribuya todo lo [&hellip;]<\/p>\n","protected":false},"author":2,"featured_media":61530,"comment_status":"closed","ping_status":"closed","sticky":false,"template":"","format":"video","meta":{"footnotes":""},"categories":[5,45],"tags":[],"class_list":["post-61526","post","type-post","status-publish","format-video","has-post-thumbnail","hentry","category-destacadas","category-localesyregionales","post_format-post-format-video","post--single"],"yoast_head":"<!-- This site is optimized with the Yoast SEO plugin v27.5 - https:\/\/yoast.com\/product\/yoast-seo-wordpress\/ -->\n<title>Viable intenci\u00f3n de que Villa de Pozos se convierta en municipio: IPAC. - Canal 7 SLP - 2022<\/title>\n<meta name=\"robots\" content=\"index, follow, max-snippet:-1, max-image-preview:large, max-video-preview:-1\" \/>\n<link rel=\"canonical\" href=\"https:\/\/canal7slp.tv\/2022\/viable-intencion-de-que-villa-de-pozos-se-convierta-en-municipio-ipac\/\" \/>\n<meta property=\"og:locale\" content=\"es_ES\" \/>\n<meta property=\"og:type\" content=\"article\" \/>\n<meta property=\"og:title\" content=\"Viable intenci\u00f3n de que Villa de Pozos se convierta en municipio: IPAC. - Canal 7 SLP - 2022\" \/>\n<meta property=\"og:description\" content=\"SLP.- Para el presidente de Industriales Potosinos (IPAC), Guillermo Castro Castillo la intenci\u00f3n de que la Delegaci\u00f3n Villa de Pozos se convierta en municipio, es viable. D\u00edas atr\u00e1s, desde Gobierno del Estado fue anunciado que se promover\u00eda una iniciativa para que la demarcaci\u00f3n se transforme en el municipio 59. El l\u00edder empresarial afirm\u00f3 v\u00eda telef\u00f3nica que el territorio cuenta con cifras y condiciones para efectuar dicho cambio. Record\u00f3 que d\u00e9cadas atr\u00e1s, Villa de Pozos era municipio; pero por intereses econ\u00f3micos y para no restar recursos fue degradado a delegaci\u00f3n. Enfatiz\u00f3 que la ciudadan\u00eda ha pugnado porque se retribuya todo lo [&hellip;]\" \/>\n<meta property=\"og:url\" content=\"https:\/\/canal7slp.tv\/2022\/viable-intencion-de-que-villa-de-pozos-se-convierta-en-municipio-ipac\/\" \/>\n<meta property=\"og:site_name\" content=\"Canal 7 SLP - 2022\" \/>\n<meta property=\"article:publisher\" content=\"https:\/\/www.facebook.com\/noticieroscanalsiete\" \/>\n<meta property=\"article:published_time\" content=\"2022-05-27T15:52:05+00:00\" \/>\n<meta property=\"og:image\" content=\"https:\/\/canal7slp.tv\/2022\/wp-content\/uploads\/2022\/05\/Max01Pozos.jpg\" \/>\n\t<meta property=\"og:image:width\" content=\"888\" \/>\n\t<meta property=\"og:image:height\" content=\"500\" \/>\n\t<meta property=\"og:image:type\" content=\"image\/jpeg\" \/>\n<meta name=\"author\" content=\"Edici\u00f3n Web\" \/>\n<meta name=\"twitter:card\" content=\"summary_large_image\" \/>\n<meta name=\"twitter:creator\" content=\"@NOTICIEROS7\" \/>\n<meta name=\"twitter:site\" content=\"@NOTICIEROS7\" \/>\n<meta name=\"twitter:label1\" content=\"Escrito por\" \/>\n\t<meta name=\"twitter:data1\" content=\"Edici\u00f3n Web\" \/>\n\t<meta name=\"twitter:label2\" content=\"Tiempo de lectura\" \/>\n\t<meta name=\"twitter:data2\" content=\"1 minuto\" \/>\n<script type=\"application\/ld+json\" class=\"yoast-schema-graph\">{\"@context\":\"https:\\\/\\\/schema.org\",\"@graph\":[{\"@type\":\"Article\",\"@id\":\"https:\\\/\\\/canal7slp.tv\\\/2022\\\/viable-intencion-de-que-villa-de-pozos-se-convierta-en-municipio-ipac\\\/#article\",\"isPartOf\":{\"@id\":\"https:\\\/\\\/canal7slp.tv\\\/2022\\\/viable-intencion-de-que-villa-de-pozos-se-convierta-en-municipio-ipac\\\/\"},\"author\":{\"name\":\"Edici\u00f3n Web\",\"@id\":\"https:\\\/\\\/canal7slp.tv\\\/2022\\\/#\\\/schema\\\/person\\\/429704152a21f5f856ce29aa69a238da\"},\"headline\":\"Viable intenci\u00f3n de que Villa de Pozos se convierta en municipio: IPAC.\",\"datePublished\":\"2022-05-27T15:52:05+00:00\",\"mainEntityOfPage\":{\"@id\":\"https:\\\/\\\/canal7slp.tv\\\/2022\\\/viable-intencion-de-que-villa-de-pozos-se-convierta-en-municipio-ipac\\\/\"},\"wordCount\":166,\"publisher\":{\"@id\":\"https:\\\/\\\/canal7slp.tv\\\/2022\\\/#organization\"},\"image\":{\"@id\":\"https:\\\/\\\/canal7slp.tv\\\/2022\\\/viable-intencion-de-que-villa-de-pozos-se-convierta-en-municipio-ipac\\\/#primaryimage\"},\"thumbnailUrl\":\"https:\\\/\\\/canal7slp.tv\\\/2022\\\/wp-content\\\/uploads\\\/2022\\\/05\\\/Max01Pozos.jpg\",\"articleSection\":[\"DESTACADAS\",\"LOCALES Y REGIONALES\"],\"inLanguage\":\"es\"},{\"@type\":\"WebPage\",\"@id\":\"https:\\\/\\\/canal7slp.tv\\\/2022\\\/viable-intencion-de-que-villa-de-pozos-se-convierta-en-municipio-ipac\\\/\",\"url\":\"https:\\\/\\\/canal7slp.tv\\\/2022\\\/viable-intencion-de-que-villa-de-pozos-se-convierta-en-municipio-ipac\\\/\",\"name\":\"Viable intenci\u00f3n de que Villa de Pozos se convierta en municipio: IPAC. - Canal 7 SLP - 2022\",\"isPartOf\":{\"@id\":\"https:\\\/\\\/canal7slp.tv\\\/2022\\\/#website\"},\"primaryImageOfPage\":{\"@id\":\"https:\\\/\\\/canal7slp.tv\\\/2022\\\/viable-intencion-de-que-villa-de-pozos-se-convierta-en-municipio-ipac\\\/#primaryimage\"},\"image\":{\"@id\":\"https:\\\/\\\/canal7slp.tv\\\/2022\\\/viable-intencion-de-que-villa-de-pozos-se-convierta-en-municipio-ipac\\\/#primaryimage\"},\"thumbnailUrl\":\"https:\\\/\\\/canal7slp.tv\\\/2022\\\/wp-content\\\/uploads\\\/2022\\\/05\\\/Max01Pozos.jpg\",\"datePublished\":\"2022-05-27T15:52:05+00:00\",\"breadcrumb\":{\"@id\":\"https:\\\/\\\/canal7slp.tv\\\/2022\\\/viable-intencion-de-que-villa-de-pozos-se-convierta-en-municipio-ipac\\\/#breadcrumb\"},\"inLanguage\":\"es\",\"potentialAction\":[{\"@type\":\"ReadAction\",\"target\":[\"https:\\\/\\\/canal7slp.tv\\\/2022\\\/viable-intencion-de-que-villa-de-pozos-se-convierta-en-municipio-ipac\\\/\"]}]},{\"@type\":\"ImageObject\",\"inLanguage\":\"es\",\"@id\":\"https:\\\/\\\/canal7slp.tv\\\/2022\\\/viable-intencion-de-que-villa-de-pozos-se-convierta-en-municipio-ipac\\\/#primaryimage\",\"url\":\"https:\\\/\\\/canal7slp.tv\\\/2022\\\/wp-content\\\/uploads\\\/2022\\\/05\\\/Max01Pozos.jpg\",\"contentUrl\":\"https:\\\/\\\/canal7slp.tv\\\/2022\\\/wp-content\\\/uploads\\\/2022\\\/05\\\/Max01Pozos.jpg\",\"width\":888,\"height\":500},{\"@type\":\"BreadcrumbList\",\"@id\":\"https:\\\/\\\/canal7slp.tv\\\/2022\\\/viable-intencion-de-que-villa-de-pozos-se-convierta-en-municipio-ipac\\\/#breadcrumb\",\"itemListElement\":[{\"@type\":\"ListItem\",\"position\":1,\"name\":\"Portada\",\"item\":\"https:\\\/\\\/canal7slp.tv\\\/2022\\\/\"},{\"@type\":\"ListItem\",\"position\":2,\"name\":\"Viable intenci\u00f3n de que Villa de Pozos se convierta en municipio: IPAC.\"}]},{\"@type\":\"WebSite\",\"@id\":\"https:\\\/\\\/canal7slp.tv\\\/2022\\\/#website\",\"url\":\"https:\\\/\\\/canal7slp.tv\\\/2022\\\/\",\"name\":\"N7 - Noticieros Canal 7\",\"description\":\"Somos Televisi\u00f3n\",\"publisher\":{\"@id\":\"https:\\\/\\\/canal7slp.tv\\\/2022\\\/#organization\"},\"potentialAction\":[{\"@type\":\"SearchAction\",\"target\":{\"@type\":\"EntryPoint\",\"urlTemplate\":\"https:\\\/\\\/canal7slp.tv\\\/2022\\\/?s={search_term_string}\"},\"query-input\":{\"@type\":\"PropertyValueSpecification\",\"valueRequired\":true,\"valueName\":\"search_term_string\"}}],\"inLanguage\":\"es\"},{\"@type\":\"Organization\",\"@id\":\"https:\\\/\\\/canal7slp.tv\\\/2022\\\/#organization\",\"name\":\"Noticieros Canal 7\",\"url\":\"https:\\\/\\\/canal7slp.tv\\\/2022\\\/\",\"logo\":{\"@type\":\"ImageObject\",\"inLanguage\":\"es\",\"@id\":\"https:\\\/\\\/canal7slp.tv\\\/2022\\\/#\\\/schema\\\/logo\\\/image\\\/\",\"url\":\"https:\\\/\\\/canal7slp.tv\\\/2022\\\/wp-content\\\/uploads\\\/2021\\\/01\\\/logo-noticieros@2x.png\",\"contentUrl\":\"https:\\\/\\\/canal7slp.tv\\\/2022\\\/wp-content\\\/uploads\\\/2021\\\/01\\\/logo-noticieros@2x.png\",\"width\":1017,\"height\":268,\"caption\":\"Noticieros Canal 7\"},\"image\":{\"@id\":\"https:\\\/\\\/canal7slp.tv\\\/2022\\\/#\\\/schema\\\/logo\\\/image\\\/\"},\"sameAs\":[\"https:\\\/\\\/www.facebook.com\\\/noticieroscanalsiete\",\"https:\\\/\\\/x.com\\\/NOTICIEROS7\",\"https:\\\/\\\/www.instagram.com\\\/canal7_slp\",\"https:\\\/\\\/www.youtube.com\\\/channel\\\/UCliiYs-gP3JfJeqdPrNdd5A\"]},{\"@type\":\"Person\",\"@id\":\"https:\\\/\\\/canal7slp.tv\\\/2022\\\/#\\\/schema\\\/person\\\/429704152a21f5f856ce29aa69a238da\",\"name\":\"Edici\u00f3n Web\",\"image\":{\"@type\":\"ImageObject\",\"inLanguage\":\"es\",\"@id\":\"https:\\\/\\\/secure.gravatar.com\\\/avatar\\\/eee448fc3f7164808013b816ba91ac7e43bbe82a70bebac296f8bc6f0addaa1a?s=96&d=mm&r=g\",\"url\":\"https:\\\/\\\/secure.gravatar.com\\\/avatar\\\/eee448fc3f7164808013b816ba91ac7e43bbe82a70bebac296f8bc6f0addaa1a?s=96&d=mm&r=g\",\"contentUrl\":\"https:\\\/\\\/secure.gravatar.com\\\/avatar\\\/eee448fc3f7164808013b816ba91ac7e43bbe82a70bebac296f8bc6f0addaa1a?s=96&d=mm&r=g\",\"caption\":\"Edici\u00f3n Web\"},\"url\":\"https:\\\/\\\/canal7slp.tv\\\/2022\\\/author\\\/edicionweb\\\/\"}]}<\/script>\n<!-- \/ Yoast SEO plugin. -->","yoast_head_json":{"title":"Viable intenci\u00f3n de que Villa de Pozos se convierta en municipio: IPAC. - Canal 7 SLP - 2022","robots":{"index":"index","follow":"follow","max-snippet":"max-snippet:-1","max-image-preview":"max-image-preview:large","max-video-preview":"max-video-preview:-1"},"canonical":"https:\/\/canal7slp.tv\/2022\/viable-intencion-de-que-villa-de-pozos-se-convierta-en-municipio-ipac\/","og_locale":"es_ES","og_type":"article","og_title":"Viable intenci\u00f3n de que Villa de Pozos se convierta en municipio: IPAC. - Canal 7 SLP - 2022","og_description":"SLP.- Para el presidente de Industriales Potosinos (IPAC), Guillermo Castro Castillo la intenci\u00f3n de que la Delegaci\u00f3n Villa de Pozos se convierta en municipio, es viable. D\u00edas atr\u00e1s, desde Gobierno del Estado fue anunciado que se promover\u00eda una iniciativa para que la demarcaci\u00f3n se transforme en el municipio 59. El l\u00edder empresarial afirm\u00f3 v\u00eda telef\u00f3nica que el territorio cuenta con cifras y condiciones para efectuar dicho cambio. Record\u00f3 que d\u00e9cadas atr\u00e1s, Villa de Pozos era municipio; pero por intereses econ\u00f3micos y para no restar recursos fue degradado a delegaci\u00f3n. Enfatiz\u00f3 que la ciudadan\u00eda ha pugnado porque se retribuya todo lo [&hellip;]","og_url":"https:\/\/canal7slp.tv\/2022\/viable-intencion-de-que-villa-de-pozos-se-convierta-en-municipio-ipac\/","og_site_name":"Canal 7 SLP - 2022","article_publisher":"https:\/\/www.facebook.com\/noticieroscanalsiete","article_published_time":"2022-05-27T15:52:05+00:00","og_image":[{"width":888,"height":500,"url":"https:\/\/canal7slp.tv\/2022\/wp-content\/uploads\/2022\/05\/Max01Pozos.jpg","type":"image\/jpeg"}],"author":"Edici\u00f3n Web","twitter_card":"summary_large_image","twitter_creator":"@NOTICIEROS7","twitter_site":"@NOTICIEROS7","twitter_misc":{"Escrito por":"Edici\u00f3n Web","Tiempo de lectura":"1 minuto"},"schema":{"@context":"https:\/\/schema.org","@graph":[{"@type":"Article","@id":"https:\/\/canal7slp.tv\/2022\/viable-intencion-de-que-villa-de-pozos-se-convierta-en-municipio-ipac\/#article","isPartOf":{"@id":"https:\/\/canal7slp.tv\/2022\/viable-intencion-de-que-villa-de-pozos-se-convierta-en-municipio-ipac\/"},"author":{"name":"Edici\u00f3n Web","@id":"https:\/\/canal7slp.tv\/2022\/#\/schema\/person\/429704152a21f5f856ce29aa69a238da"},"headline":"Viable intenci\u00f3n de que Villa de Pozos se convierta en municipio: IPAC.","datePublished":"2022-05-27T15:52:05+00:00","mainEntityOfPage":{"@id":"https:\/\/canal7slp.tv\/2022\/viable-intencion-de-que-villa-de-pozos-se-convierta-en-municipio-ipac\/"},"wordCount":166,"publisher":{"@id":"https:\/\/canal7slp.tv\/2022\/#organization"},"image":{"@id":"https:\/\/canal7slp.tv\/2022\/viable-intencion-de-que-villa-de-pozos-se-convierta-en-municipio-ipac\/#primaryimage"},"thumbnailUrl":"https:\/\/canal7slp.tv\/2022\/wp-content\/uploads\/2022\/05\/Max01Pozos.jpg","articleSection":["DESTACADAS","LOCALES Y REGIONALES"],"inLanguage":"es"},{"@type":"WebPage","@id":"https:\/\/canal7slp.tv\/2022\/viable-intencion-de-que-villa-de-pozos-se-convierta-en-municipio-ipac\/","url":"https:\/\/canal7slp.tv\/2022\/viable-intencion-de-que-villa-de-pozos-se-convierta-en-municipio-ipac\/","name":"Viable intenci\u00f3n de que Villa de Pozos se convierta en municipio: IPAC. - Canal 7 SLP - 2022","isPartOf":{"@id":"https:\/\/canal7slp.tv\/2022\/#website"},"primaryImageOfPage":{"@id":"https:\/\/canal7slp.tv\/2022\/viable-intencion-de-que-villa-de-pozos-se-convierta-en-municipio-ipac\/#primaryimage"},"image":{"@id":"https:\/\/canal7slp.tv\/2022\/viable-intencion-de-que-villa-de-pozos-se-convierta-en-municipio-ipac\/#primaryimage"},"thumbnailUrl":"https:\/\/canal7slp.tv\/2022\/wp-content\/uploads\/2022\/05\/Max01Pozos.jpg","datePublished":"2022-05-27T15:52:05+00:00","breadcrumb":{"@id":"https:\/\/canal7slp.tv\/2022\/viable-intencion-de-que-villa-de-pozos-se-convierta-en-municipio-ipac\/#breadcrumb"},"inLanguage":"es","potentialAction":[{"@type":"ReadAction","target":["https:\/\/canal7slp.tv\/2022\/viable-intencion-de-que-villa-de-pozos-se-convierta-en-municipio-ipac\/"]}]},{"@type":"ImageObject","inLanguage":"es","@id":"https:\/\/canal7slp.tv\/2022\/viable-intencion-de-que-villa-de-pozos-se-convierta-en-municipio-ipac\/#primaryimage","url":"https:\/\/canal7slp.tv\/2022\/wp-content\/uploads\/2022\/05\/Max01Pozos.jpg","contentUrl":"https:\/\/canal7slp.tv\/2022\/wp-content\/uploads\/2022\/05\/Max01Pozos.jpg","width":888,"height":500},{"@type":"BreadcrumbList","@id":"https:\/\/canal7slp.tv\/2022\/viable-intencion-de-que-villa-de-pozos-se-convierta-en-municipio-ipac\/#breadcrumb","itemListElement":[{"@type":"ListItem","position":1,"name":"Portada","item":"https:\/\/canal7slp.tv\/2022\/"},{"@type":"ListItem","position":2,"name":"Viable intenci\u00f3n de que Villa de Pozos se convierta en municipio: IPAC."}]},{"@type":"WebSite","@id":"https:\/\/canal7slp.tv\/2022\/#website","url":"https:\/\/canal7slp.tv\/2022\/","name":"N7 - Noticieros Canal 7","description":"Somos Televisi\u00f3n","publisher":{"@id":"https:\/\/canal7slp.tv\/2022\/#organization"},"potentialAction":[{"@type":"SearchAction","target":{"@type":"EntryPoint","urlTemplate":"https:\/\/canal7slp.tv\/2022\/?s={search_term_string}"},"query-input":{"@type":"PropertyValueSpecification","valueRequired":true,"valueName":"search_term_string"}}],"inLanguage":"es"},{"@type":"Organization","@id":"https:\/\/canal7slp.tv\/2022\/#organization","name":"Noticieros Canal 7","url":"https:\/\/canal7slp.tv\/2022\/","logo":{"@type":"ImageObject","inLanguage":"es","@id":"https:\/\/canal7slp.tv\/2022\/#\/schema\/logo\/image\/","url":"https:\/\/canal7slp.tv\/2022\/wp-content\/uploads\/2021\/01\/logo-noticieros@2x.png","contentUrl":"https:\/\/canal7slp.tv\/2022\/wp-content\/uploads\/2021\/01\/logo-noticieros@2x.png","width":1017,"height":268,"caption":"Noticieros Canal 7"},"image":{"@id":"https:\/\/canal7slp.tv\/2022\/#\/schema\/logo\/image\/"},"sameAs":["https:\/\/www.facebook.com\/noticieroscanalsiete","https:\/\/x.com\/NOTICIEROS7","https:\/\/www.instagram.com\/canal7_slp","https:\/\/www.youtube.com\/channel\/UCliiYs-gP3JfJeqdPrNdd5A"]},{"@type":"Person","@id":"https:\/\/canal7slp.tv\/2022\/#\/schema\/person\/429704152a21f5f856ce29aa69a238da","name":"Edici\u00f3n Web","image":{"@type":"ImageObject","inLanguage":"es","@id":"https:\/\/secure.gravatar.com\/avatar\/eee448fc3f7164808013b816ba91ac7e43bbe82a70bebac296f8bc6f0addaa1a?s=96&d=mm&r=g","url":"https:\/\/secure.gravatar.com\/avatar\/eee448fc3f7164808013b816ba91ac7e43bbe82a70bebac296f8bc6f0addaa1a?s=96&d=mm&r=g","contentUrl":"https:\/\/secure.gravatar.com\/avatar\/eee448fc3f7164808013b816ba91ac7e43bbe82a70bebac296f8bc6f0addaa1a?s=96&d=mm&r=g","caption":"Edici\u00f3n Web"},"url":"https:\/\/canal7slp.tv\/2022\/author\/edicionweb\/"}]}},"amp_enabled":true,"_links":{"self":[{"href":"https:\/\/canal7slp.tv\/2022\/wp-json\/wp\/v2\/posts\/61526","targetHints":{"allow":["GET"]}}],"collection":[{"href":"https:\/\/canal7slp.tv\/2022\/wp-json\/wp\/v2\/posts"}],"about":[{"href":"https:\/\/canal7slp.tv\/2022\/wp-json\/wp\/v2\/types\/post"}],"author":[{"embeddable":true,"href":"https:\/\/canal7slp.tv\/2022\/wp-json\/wp\/v2\/users\/2"}],"replies":[{"embeddable":true,"href":"https:\/\/canal7slp.tv\/2022\/wp-json\/wp\/v2\/comments?post=61526"}],"version-history":[{"count":2,"href":"https:\/\/canal7slp.tv\/2022\/wp-json\/wp\/v2\/posts\/61526\/revisions"}],"predecessor-version":[{"id":61549,"href":"https:\/\/canal7slp.tv\/2022\/wp-json\/wp\/v2\/posts\/61526\/revisions\/61549"}],"wp:featuredmedia":[{"embeddable":true,"href":"https:\/\/canal7slp.tv\/2022\/wp-json\/wp\/v2\/media\/61530"}],"wp:attachment":[{"href":"https:\/\/canal7slp.tv\/2022\/wp-json\/wp\/v2\/media?parent=61526"}],"wp:term":[{"taxonomy":"category","embeddable":true,"href":"https:\/\/canal7slp.tv\/2022\/wp-json\/wp\/v2\/categories?post=61526"},{"taxonomy":"post_tag","embeddable":true,"href":"https:\/\/canal7slp.tv\/2022\/wp-json\/wp\/v2\/tags?post=61526"}],"curies":[{"name":"wp","href":"https:\/\/api.w.org\/{rel}","templated":true}]}}