{"id":61418,"date":"2022-05-26T15:06:15","date_gmt":"2022-05-26T21:06:15","guid":{"rendered":"https:\/\/canal7slp.tv\/2022\/?p=61418"},"modified":"2022-05-26T15:06:15","modified_gmt":"2022-05-26T21:06:15","slug":"31-de-mayo-fecha-limite-para-reparto-de-utilidades","status":"publish","type":"post","link":"https:\/\/canal7slp.tv\/2022\/31-de-mayo-fecha-limite-para-reparto-de-utilidades\/","title":{"rendered":"31 de mayo, fecha l\u00edmite para reparto de utilidades"},"content":{"rendered":"<p style=\"text-align: justify;\">M\u00e9xico.- De acuerdo con la Procuradur\u00eda Federal de la Defensa del Trabajo (PROFEDET), el reparto de utilidades es un derecho de los empleados para recibir parte de las ganancias de una compa\u00f1\u00eda o patr\u00f3n por los servicios que ofrece.<\/p>\n<p style=\"text-align: justify;\">Cabe se\u00f1alar que el 31 de mayo es la fecha l\u00edmite para el reparto de utilidades.<\/p>\n<p style=\"text-align: justify;\">Es importante se\u00f1alar que el pago de utilidades es un incentivo que las empresas deben proporcionar a sus empleados por obligaci\u00f3n en caso de haber obtenido ganancias netas mayores a los 300 mil pesos durante 2021.<\/p>\n<p style=\"text-align: justify;\">En caso de que los trabajadores no hayan recibido este beneficio, tienen dos opciones:<\/p>\n<ul>\n<li style=\"text-align: justify;\">Acudir ante la PROFEDET para levantar una queja. Dicha instancia tiene la obligaci\u00f3n de atender esas quejas y resolverlas en un plazo relativamente corto.<\/li>\n<li style=\"text-align: justify;\">Demandar ante la Junta de Conciliaci\u00f3n y Arbitraje para efecto de hacer ese reclamo y que se resuelva el caso para que le puedan hacer el pago correspondiente, ya que es una obligaci\u00f3n de todos los patrones que hayan generado utilidad hacer ese reparto.<\/li>\n<\/ul>\n","protected":false},"excerpt":{"rendered":"<p>M\u00e9xico.- De acuerdo con la Procuradur\u00eda Federal de la Defensa del Trabajo (PROFEDET), el reparto de utilidades es un derecho de los empleados para recibir parte de las ganancias de una compa\u00f1\u00eda o patr\u00f3n por los servicios que ofrece. Cabe se\u00f1alar que el 31 de mayo es la fecha l\u00edmite para el reparto de utilidades. Es importante se\u00f1alar que el pago de utilidades es un incentivo que las empresas deben proporcionar a sus empleados por obligaci\u00f3n en caso de haber obtenido ganancias netas mayores a los 300 mil pesos durante 2021. En caso de que los trabajadores no hayan recibido [&hellip;]<\/p>\n","protected":false},"author":2,"featured_media":61430,"comment_status":"closed","ping_status":"closed","sticky":false,"template":"","format":"standard","meta":{"footnotes":""},"categories":[40,46],"tags":[],"class_list":["post-61418","post","type-post","status-publish","format-standard","has-post-thumbnail","hentry","category-economia","category-nacional","post--single"],"yoast_head":"<!-- This site is optimized with the Yoast SEO plugin v27.5 - https:\/\/yoast.com\/product\/yoast-seo-wordpress\/ -->\n<title>31 de mayo, fecha l\u00edmite para reparto de utilidades - Canal 7 SLP - 2022<\/title>\n<meta name=\"robots\" content=\"index, follow, max-snippet:-1, max-image-preview:large, max-video-preview:-1\" \/>\n<link rel=\"canonical\" href=\"https:\/\/canal7slp.tv\/2022\/31-de-mayo-fecha-limite-para-reparto-de-utilidades\/\" \/>\n<meta property=\"og:locale\" content=\"es_ES\" \/>\n<meta property=\"og:type\" content=\"article\" \/>\n<meta property=\"og:title\" content=\"31 de mayo, fecha l\u00edmite para reparto de utilidades - Canal 7 SLP - 2022\" \/>\n<meta property=\"og:description\" content=\"M\u00e9xico.- De acuerdo con la Procuradur\u00eda Federal de la Defensa del Trabajo (PROFEDET), el reparto de utilidades es un derecho de los empleados para recibir parte de las ganancias de una compa\u00f1\u00eda o patr\u00f3n por los servicios que ofrece. Cabe se\u00f1alar que el 31 de mayo es la fecha l\u00edmite para el reparto de utilidades. Es importante se\u00f1alar que el pago de utilidades es un incentivo que las empresas deben proporcionar a sus empleados por obligaci\u00f3n en caso de haber obtenido ganancias netas mayores a los 300 mil pesos durante 2021. En caso de que los trabajadores no hayan recibido [&hellip;]\" \/>\n<meta property=\"og:url\" content=\"https:\/\/canal7slp.tv\/2022\/31-de-mayo-fecha-limite-para-reparto-de-utilidades\/\" \/>\n<meta property=\"og:site_name\" content=\"Canal 7 SLP - 2022\" \/>\n<meta property=\"article:publisher\" content=\"https:\/\/www.facebook.com\/noticieroscanalsiete\" \/>\n<meta property=\"article:published_time\" content=\"2022-05-26T21:06:15+00:00\" \/>\n<meta property=\"og:image\" content=\"https:\/\/canal7slp.tv\/2022\/wp-content\/uploads\/2022\/05\/01-6.jpeg\" \/>\n\t<meta property=\"og:image:width\" content=\"1280\" \/>\n\t<meta property=\"og:image:height\" content=\"853\" \/>\n\t<meta property=\"og:image:type\" content=\"image\/jpeg\" \/>\n<meta name=\"author\" content=\"Edici\u00f3n Web\" \/>\n<meta name=\"twitter:card\" content=\"summary_large_image\" \/>\n<meta name=\"twitter:creator\" content=\"@NOTICIEROS7\" \/>\n<meta name=\"twitter:site\" content=\"@NOTICIEROS7\" \/>\n<meta name=\"twitter:label1\" content=\"Escrito por\" \/>\n\t<meta name=\"twitter:data1\" content=\"Edici\u00f3n Web\" \/>\n\t<meta name=\"twitter:label2\" content=\"Tiempo de lectura\" \/>\n\t<meta name=\"twitter:data2\" content=\"1 minuto\" \/>\n<script type=\"application\/ld+json\" class=\"yoast-schema-graph\">{\"@context\":\"https:\\\/\\\/schema.org\",\"@graph\":[{\"@type\":\"Article\",\"@id\":\"https:\\\/\\\/canal7slp.tv\\\/2022\\\/31-de-mayo-fecha-limite-para-reparto-de-utilidades\\\/#article\",\"isPartOf\":{\"@id\":\"https:\\\/\\\/canal7slp.tv\\\/2022\\\/31-de-mayo-fecha-limite-para-reparto-de-utilidades\\\/\"},\"author\":{\"name\":\"Edici\u00f3n Web\",\"@id\":\"https:\\\/\\\/canal7slp.tv\\\/2022\\\/#\\\/schema\\\/person\\\/429704152a21f5f856ce29aa69a238da\"},\"headline\":\"31 de mayo, fecha l\u00edmite para reparto de utilidades\",\"datePublished\":\"2022-05-26T21:06:15+00:00\",\"mainEntityOfPage\":{\"@id\":\"https:\\\/\\\/canal7slp.tv\\\/2022\\\/31-de-mayo-fecha-limite-para-reparto-de-utilidades\\\/\"},\"wordCount\":191,\"publisher\":{\"@id\":\"https:\\\/\\\/canal7slp.tv\\\/2022\\\/#organization\"},\"image\":{\"@id\":\"https:\\\/\\\/canal7slp.tv\\\/2022\\\/31-de-mayo-fecha-limite-para-reparto-de-utilidades\\\/#primaryimage\"},\"thumbnailUrl\":\"https:\\\/\\\/canal7slp.tv\\\/2022\\\/wp-content\\\/uploads\\\/2022\\\/05\\\/01-6.jpeg\",\"articleSection\":[\"ECONOM\u00cdA\",\"NACIONALES\"],\"inLanguage\":\"es\"},{\"@type\":\"WebPage\",\"@id\":\"https:\\\/\\\/canal7slp.tv\\\/2022\\\/31-de-mayo-fecha-limite-para-reparto-de-utilidades\\\/\",\"url\":\"https:\\\/\\\/canal7slp.tv\\\/2022\\\/31-de-mayo-fecha-limite-para-reparto-de-utilidades\\\/\",\"name\":\"31 de mayo, fecha l\u00edmite para reparto de utilidades - Canal 7 SLP - 2022\",\"isPartOf\":{\"@id\":\"https:\\\/\\\/canal7slp.tv\\\/2022\\\/#website\"},\"primaryImageOfPage\":{\"@id\":\"https:\\\/\\\/canal7slp.tv\\\/2022\\\/31-de-mayo-fecha-limite-para-reparto-de-utilidades\\\/#primaryimage\"},\"image\":{\"@id\":\"https:\\\/\\\/canal7slp.tv\\\/2022\\\/31-de-mayo-fecha-limite-para-reparto-de-utilidades\\\/#primaryimage\"},\"thumbnailUrl\":\"https:\\\/\\\/canal7slp.tv\\\/2022\\\/wp-content\\\/uploads\\\/2022\\\/05\\\/01-6.jpeg\",\"datePublished\":\"2022-05-26T21:06:15+00:00\",\"breadcrumb\":{\"@id\":\"https:\\\/\\\/canal7slp.tv\\\/2022\\\/31-de-mayo-fecha-limite-para-reparto-de-utilidades\\\/#breadcrumb\"},\"inLanguage\":\"es\",\"potentialAction\":[{\"@type\":\"ReadAction\",\"target\":[\"https:\\\/\\\/canal7slp.tv\\\/2022\\\/31-de-mayo-fecha-limite-para-reparto-de-utilidades\\\/\"]}]},{\"@type\":\"ImageObject\",\"inLanguage\":\"es\",\"@id\":\"https:\\\/\\\/canal7slp.tv\\\/2022\\\/31-de-mayo-fecha-limite-para-reparto-de-utilidades\\\/#primaryimage\",\"url\":\"https:\\\/\\\/canal7slp.tv\\\/2022\\\/wp-content\\\/uploads\\\/2022\\\/05\\\/01-6.jpeg\",\"contentUrl\":\"https:\\\/\\\/canal7slp.tv\\\/2022\\\/wp-content\\\/uploads\\\/2022\\\/05\\\/01-6.jpeg\",\"width\":1280,\"height\":853},{\"@type\":\"BreadcrumbList\",\"@id\":\"https:\\\/\\\/canal7slp.tv\\\/2022\\\/31-de-mayo-fecha-limite-para-reparto-de-utilidades\\\/#breadcrumb\",\"itemListElement\":[{\"@type\":\"ListItem\",\"position\":1,\"name\":\"Portada\",\"item\":\"https:\\\/\\\/canal7slp.tv\\\/2022\\\/\"},{\"@type\":\"ListItem\",\"position\":2,\"name\":\"31 de mayo, fecha l\u00edmite para reparto de utilidades\"}]},{\"@type\":\"WebSite\",\"@id\":\"https:\\\/\\\/canal7slp.tv\\\/2022\\\/#website\",\"url\":\"https:\\\/\\\/canal7slp.tv\\\/2022\\\/\",\"name\":\"N7 - Noticieros Canal 7\",\"description\":\"Somos Televisi\u00f3n\",\"publisher\":{\"@id\":\"https:\\\/\\\/canal7slp.tv\\\/2022\\\/#organization\"},\"potentialAction\":[{\"@type\":\"SearchAction\",\"target\":{\"@type\":\"EntryPoint\",\"urlTemplate\":\"https:\\\/\\\/canal7slp.tv\\\/2022\\\/?s={search_term_string}\"},\"query-input\":{\"@type\":\"PropertyValueSpecification\",\"valueRequired\":true,\"valueName\":\"search_term_string\"}}],\"inLanguage\":\"es\"},{\"@type\":\"Organization\",\"@id\":\"https:\\\/\\\/canal7slp.tv\\\/2022\\\/#organization\",\"name\":\"Noticieros Canal 7\",\"url\":\"https:\\\/\\\/canal7slp.tv\\\/2022\\\/\",\"logo\":{\"@type\":\"ImageObject\",\"inLanguage\":\"es\",\"@id\":\"https:\\\/\\\/canal7slp.tv\\\/2022\\\/#\\\/schema\\\/logo\\\/image\\\/\",\"url\":\"https:\\\/\\\/canal7slp.tv\\\/2022\\\/wp-content\\\/uploads\\\/2021\\\/01\\\/logo-noticieros@2x.png\",\"contentUrl\":\"https:\\\/\\\/canal7slp.tv\\\/2022\\\/wp-content\\\/uploads\\\/2021\\\/01\\\/logo-noticieros@2x.png\",\"width\":1017,\"height\":268,\"caption\":\"Noticieros Canal 7\"},\"image\":{\"@id\":\"https:\\\/\\\/canal7slp.tv\\\/2022\\\/#\\\/schema\\\/logo\\\/image\\\/\"},\"sameAs\":[\"https:\\\/\\\/www.facebook.com\\\/noticieroscanalsiete\",\"https:\\\/\\\/x.com\\\/NOTICIEROS7\",\"https:\\\/\\\/www.instagram.com\\\/canal7_slp\",\"https:\\\/\\\/www.youtube.com\\\/channel\\\/UCliiYs-gP3JfJeqdPrNdd5A\"]},{\"@type\":\"Person\",\"@id\":\"https:\\\/\\\/canal7slp.tv\\\/2022\\\/#\\\/schema\\\/person\\\/429704152a21f5f856ce29aa69a238da\",\"name\":\"Edici\u00f3n Web\",\"image\":{\"@type\":\"ImageObject\",\"inLanguage\":\"es\",\"@id\":\"https:\\\/\\\/secure.gravatar.com\\\/avatar\\\/eee448fc3f7164808013b816ba91ac7e43bbe82a70bebac296f8bc6f0addaa1a?s=96&d=mm&r=g\",\"url\":\"https:\\\/\\\/secure.gravatar.com\\\/avatar\\\/eee448fc3f7164808013b816ba91ac7e43bbe82a70bebac296f8bc6f0addaa1a?s=96&d=mm&r=g\",\"contentUrl\":\"https:\\\/\\\/secure.gravatar.com\\\/avatar\\\/eee448fc3f7164808013b816ba91ac7e43bbe82a70bebac296f8bc6f0addaa1a?s=96&d=mm&r=g\",\"caption\":\"Edici\u00f3n Web\"},\"url\":\"https:\\\/\\\/canal7slp.tv\\\/2022\\\/author\\\/edicionweb\\\/\"}]}<\/script>\n<!-- \/ Yoast SEO plugin. -->","yoast_head_json":{"title":"31 de mayo, fecha l\u00edmite para reparto de utilidades - Canal 7 SLP - 2022","robots":{"index":"index","follow":"follow","max-snippet":"max-snippet:-1","max-image-preview":"max-image-preview:large","max-video-preview":"max-video-preview:-1"},"canonical":"https:\/\/canal7slp.tv\/2022\/31-de-mayo-fecha-limite-para-reparto-de-utilidades\/","og_locale":"es_ES","og_type":"article","og_title":"31 de mayo, fecha l\u00edmite para reparto de utilidades - Canal 7 SLP - 2022","og_description":"M\u00e9xico.- De acuerdo con la Procuradur\u00eda Federal de la Defensa del Trabajo (PROFEDET), el reparto de utilidades es un derecho de los empleados para recibir parte de las ganancias de una compa\u00f1\u00eda o patr\u00f3n por los servicios que ofrece. Cabe se\u00f1alar que el 31 de mayo es la fecha l\u00edmite para el reparto de utilidades. Es importante se\u00f1alar que el pago de utilidades es un incentivo que las empresas deben proporcionar a sus empleados por obligaci\u00f3n en caso de haber obtenido ganancias netas mayores a los 300 mil pesos durante 2021. En caso de que los trabajadores no hayan recibido [&hellip;]","og_url":"https:\/\/canal7slp.tv\/2022\/31-de-mayo-fecha-limite-para-reparto-de-utilidades\/","og_site_name":"Canal 7 SLP - 2022","article_publisher":"https:\/\/www.facebook.com\/noticieroscanalsiete","article_published_time":"2022-05-26T21:06:15+00:00","og_image":[{"width":1280,"height":853,"url":"https:\/\/canal7slp.tv\/2022\/wp-content\/uploads\/2022\/05\/01-6.jpeg","type":"image\/jpeg"}],"author":"Edici\u00f3n Web","twitter_card":"summary_large_image","twitter_creator":"@NOTICIEROS7","twitter_site":"@NOTICIEROS7","twitter_misc":{"Escrito por":"Edici\u00f3n Web","Tiempo de lectura":"1 minuto"},"schema":{"@context":"https:\/\/schema.org","@graph":[{"@type":"Article","@id":"https:\/\/canal7slp.tv\/2022\/31-de-mayo-fecha-limite-para-reparto-de-utilidades\/#article","isPartOf":{"@id":"https:\/\/canal7slp.tv\/2022\/31-de-mayo-fecha-limite-para-reparto-de-utilidades\/"},"author":{"name":"Edici\u00f3n Web","@id":"https:\/\/canal7slp.tv\/2022\/#\/schema\/person\/429704152a21f5f856ce29aa69a238da"},"headline":"31 de mayo, fecha l\u00edmite para reparto de utilidades","datePublished":"2022-05-26T21:06:15+00:00","mainEntityOfPage":{"@id":"https:\/\/canal7slp.tv\/2022\/31-de-mayo-fecha-limite-para-reparto-de-utilidades\/"},"wordCount":191,"publisher":{"@id":"https:\/\/canal7slp.tv\/2022\/#organization"},"image":{"@id":"https:\/\/canal7slp.tv\/2022\/31-de-mayo-fecha-limite-para-reparto-de-utilidades\/#primaryimage"},"thumbnailUrl":"https:\/\/canal7slp.tv\/2022\/wp-content\/uploads\/2022\/05\/01-6.jpeg","articleSection":["ECONOM\u00cdA","NACIONALES"],"inLanguage":"es"},{"@type":"WebPage","@id":"https:\/\/canal7slp.tv\/2022\/31-de-mayo-fecha-limite-para-reparto-de-utilidades\/","url":"https:\/\/canal7slp.tv\/2022\/31-de-mayo-fecha-limite-para-reparto-de-utilidades\/","name":"31 de mayo, fecha l\u00edmite para reparto de utilidades - Canal 7 SLP - 2022","isPartOf":{"@id":"https:\/\/canal7slp.tv\/2022\/#website"},"primaryImageOfPage":{"@id":"https:\/\/canal7slp.tv\/2022\/31-de-mayo-fecha-limite-para-reparto-de-utilidades\/#primaryimage"},"image":{"@id":"https:\/\/canal7slp.tv\/2022\/31-de-mayo-fecha-limite-para-reparto-de-utilidades\/#primaryimage"},"thumbnailUrl":"https:\/\/canal7slp.tv\/2022\/wp-content\/uploads\/2022\/05\/01-6.jpeg","datePublished":"2022-05-26T21:06:15+00:00","breadcrumb":{"@id":"https:\/\/canal7slp.tv\/2022\/31-de-mayo-fecha-limite-para-reparto-de-utilidades\/#breadcrumb"},"inLanguage":"es","potentialAction":[{"@type":"ReadAction","target":["https:\/\/canal7slp.tv\/2022\/31-de-mayo-fecha-limite-para-reparto-de-utilidades\/"]}]},{"@type":"ImageObject","inLanguage":"es","@id":"https:\/\/canal7slp.tv\/2022\/31-de-mayo-fecha-limite-para-reparto-de-utilidades\/#primaryimage","url":"https:\/\/canal7slp.tv\/2022\/wp-content\/uploads\/2022\/05\/01-6.jpeg","contentUrl":"https:\/\/canal7slp.tv\/2022\/wp-content\/uploads\/2022\/05\/01-6.jpeg","width":1280,"height":853},{"@type":"BreadcrumbList","@id":"https:\/\/canal7slp.tv\/2022\/31-de-mayo-fecha-limite-para-reparto-de-utilidades\/#breadcrumb","itemListElement":[{"@type":"ListItem","position":1,"name":"Portada","item":"https:\/\/canal7slp.tv\/2022\/"},{"@type":"ListItem","position":2,"name":"31 de mayo, fecha l\u00edmite para reparto de utilidades"}]},{"@type":"WebSite","@id":"https:\/\/canal7slp.tv\/2022\/#website","url":"https:\/\/canal7slp.tv\/2022\/","name":"N7 - Noticieros Canal 7","description":"Somos Televisi\u00f3n","publisher":{"@id":"https:\/\/canal7slp.tv\/2022\/#organization"},"potentialAction":[{"@type":"SearchAction","target":{"@type":"EntryPoint","urlTemplate":"https:\/\/canal7slp.tv\/2022\/?s={search_term_string}"},"query-input":{"@type":"PropertyValueSpecification","valueRequired":true,"valueName":"search_term_string"}}],"inLanguage":"es"},{"@type":"Organization","@id":"https:\/\/canal7slp.tv\/2022\/#organization","name":"Noticieros Canal 7","url":"https:\/\/canal7slp.tv\/2022\/","logo":{"@type":"ImageObject","inLanguage":"es","@id":"https:\/\/canal7slp.tv\/2022\/#\/schema\/logo\/image\/","url":"https:\/\/canal7slp.tv\/2022\/wp-content\/uploads\/2021\/01\/logo-noticieros@2x.png","contentUrl":"https:\/\/canal7slp.tv\/2022\/wp-content\/uploads\/2021\/01\/logo-noticieros@2x.png","width":1017,"height":268,"caption":"Noticieros Canal 7"},"image":{"@id":"https:\/\/canal7slp.tv\/2022\/#\/schema\/logo\/image\/"},"sameAs":["https:\/\/www.facebook.com\/noticieroscanalsiete","https:\/\/x.com\/NOTICIEROS7","https:\/\/www.instagram.com\/canal7_slp","https:\/\/www.youtube.com\/channel\/UCliiYs-gP3JfJeqdPrNdd5A"]},{"@type":"Person","@id":"https:\/\/canal7slp.tv\/2022\/#\/schema\/person\/429704152a21f5f856ce29aa69a238da","name":"Edici\u00f3n Web","image":{"@type":"ImageObject","inLanguage":"es","@id":"https:\/\/secure.gravatar.com\/avatar\/eee448fc3f7164808013b816ba91ac7e43bbe82a70bebac296f8bc6f0addaa1a?s=96&d=mm&r=g","url":"https:\/\/secure.gravatar.com\/avatar\/eee448fc3f7164808013b816ba91ac7e43bbe82a70bebac296f8bc6f0addaa1a?s=96&d=mm&r=g","contentUrl":"https:\/\/secure.gravatar.com\/avatar\/eee448fc3f7164808013b816ba91ac7e43bbe82a70bebac296f8bc6f0addaa1a?s=96&d=mm&r=g","caption":"Edici\u00f3n Web"},"url":"https:\/\/canal7slp.tv\/2022\/author\/edicionweb\/"}]}},"amp_enabled":true,"_links":{"self":[{"href":"https:\/\/canal7slp.tv\/2022\/wp-json\/wp\/v2\/posts\/61418","targetHints":{"allow":["GET"]}}],"collection":[{"href":"https:\/\/canal7slp.tv\/2022\/wp-json\/wp\/v2\/posts"}],"about":[{"href":"https:\/\/canal7slp.tv\/2022\/wp-json\/wp\/v2\/types\/post"}],"author":[{"embeddable":true,"href":"https:\/\/canal7slp.tv\/2022\/wp-json\/wp\/v2\/users\/2"}],"replies":[{"embeddable":true,"href":"https:\/\/canal7slp.tv\/2022\/wp-json\/wp\/v2\/comments?post=61418"}],"version-history":[{"count":3,"href":"https:\/\/canal7slp.tv\/2022\/wp-json\/wp\/v2\/posts\/61418\/revisions"}],"predecessor-version":[{"id":61442,"href":"https:\/\/canal7slp.tv\/2022\/wp-json\/wp\/v2\/posts\/61418\/revisions\/61442"}],"wp:featuredmedia":[{"embeddable":true,"href":"https:\/\/canal7slp.tv\/2022\/wp-json\/wp\/v2\/media\/61430"}],"wp:attachment":[{"href":"https:\/\/canal7slp.tv\/2022\/wp-json\/wp\/v2\/media?parent=61418"}],"wp:term":[{"taxonomy":"category","embeddable":true,"href":"https:\/\/canal7slp.tv\/2022\/wp-json\/wp\/v2\/categories?post=61418"},{"taxonomy":"post_tag","embeddable":true,"href":"https:\/\/canal7slp.tv\/2022\/wp-json\/wp\/v2\/tags?post=61418"}],"curies":[{"name":"wp","href":"https:\/\/api.w.org\/{rel}","templated":true}]}}