{"id":61389,"date":"2022-05-25T20:32:41","date_gmt":"2022-05-26T02:32:41","guid":{"rendered":"https:\/\/canal7slp.tv\/2022\/?p=61389"},"modified":"2022-05-25T20:32:41","modified_gmt":"2022-05-26T02:32:41","slug":"mineros-entran-en-paro-tras-desacuerdos-por-pago-de-utilidades","status":"publish","type":"post","link":"https:\/\/canal7slp.tv\/2022\/mineros-entran-en-paro-tras-desacuerdos-por-pago-de-utilidades\/","title":{"rendered":"Mineros entran en paro tras desacuerdos por pago de utilidades."},"content":{"rendered":"<p style=\"text-align: justify;\">Villa de la Paz.- Cerca de 900 trabajadores de la empresa NEMISA, ubicada en Villa de La Paz, han entrado en paro, esto luego de tener desacuerdos por el reparto de utilidades que se gener\u00f3 desde la minera, C\u00e9sar Obreg\u00f3n Coronado, operador de la Mina de Dolores, coment\u00f3 al respecto.<\/p>\n<p style=\"text-align: justify;\">\u201cEs poco para la producci\u00f3n que hace la empresa y en realidad no nos est\u00e1n dando nada, porque nos van a quitar unas compensaciones que nos daban en julio y diciembre, entonces solamente le est\u00e1n cambiando el nombre de la gratificaci\u00f3n especial a utilidades, pero a partir de esta vez ya no se va a dar la gratificaci\u00f3n\u201d, dijo.<\/p>\n<p style=\"text-align: justify;\">Luego de que una comisi\u00f3n ingresara a platicar con el due\u00f1o de la empresa, las negociaciones no prosperaron, \u201cno va a haber m\u00e1s billetes, o sea, \u00e9l dice que es conforme lo que nos toca a la ley y nada m\u00e1s es lo que nos va a dar, que nos informemos, que primero cobremos lo que nos est\u00e1 dando y ya luego seguimos platicando, eso es lo que nos dice \u00e9l, igual que si no estamos de acuerdo, no nos presentemos a trabajar, \u00e9l hace recisi\u00f3n de contrato y se acab\u00f3\u201d.<\/p>\n<p style=\"text-align: justify;\">Otros mineros aseguraron que fueron advertidos de problemas a futuro si continuaban las inconformidades, \u201cla ley fue la que hicieron los legisladores en M\u00e9xico y lo que establecieron, seg\u00fan el Presidente, eso fue lo que nos explic\u00f3, entonces ya depende de nosotros, porque nos dijo que nos fu\u00e9ramos a trabajar y que \u00edbamos a tener problemas por estar haciendo el paro\u201d.<\/p>\n<p style=\"text-align: justify;\">De acuerdo a informaci\u00f3n extra oficial, una comitiva de mineros viajar\u00e1 a la capital del estado para reunirse con las autoridades de la Secretar\u00eda del Trabajo para que sean mediadores del problema.<\/p>\n<p style=\"text-align: justify;\">Por: Jes\u00fas Valencia<\/p>\n","protected":false},"excerpt":{"rendered":"<p>Villa de la Paz.- Cerca de 900 trabajadores de la empresa NEMISA, ubicada en Villa de La Paz, han entrado en paro, esto luego de tener desacuerdos por el reparto de utilidades que se gener\u00f3 desde la minera, C\u00e9sar Obreg\u00f3n Coronado, operador de la Mina de Dolores, coment\u00f3 al respecto. \u201cEs poco para la producci\u00f3n que hace la empresa y en realidad no nos est\u00e1n dando nada, porque nos van a quitar unas compensaciones que nos daban en julio y diciembre, entonces solamente le est\u00e1n cambiando el nombre de la gratificaci\u00f3n especial a utilidades, pero a partir de esta vez [&hellip;]<\/p>\n","protected":false},"author":2,"featured_media":61393,"comment_status":"closed","ping_status":"closed","sticky":false,"template":"","format":"video","meta":{"footnotes":""},"categories":[5,43],"tags":[],"class_list":["post-61389","post","type-post","status-publish","format-video","has-post-thumbnail","hentry","category-destacadas","category-interior","post_format-post-format-video","post--single"],"yoast_head":"<!-- This site is optimized with the Yoast SEO plugin v27.5 - https:\/\/yoast.com\/product\/yoast-seo-wordpress\/ -->\n<title>Mineros entran en paro tras desacuerdos por pago de utilidades. - Canal 7 SLP - 2022<\/title>\n<meta name=\"robots\" content=\"index, follow, max-snippet:-1, max-image-preview:large, max-video-preview:-1\" \/>\n<link rel=\"canonical\" href=\"https:\/\/canal7slp.tv\/2022\/mineros-entran-en-paro-tras-desacuerdos-por-pago-de-utilidades\/\" \/>\n<meta property=\"og:locale\" content=\"es_ES\" \/>\n<meta property=\"og:type\" content=\"article\" \/>\n<meta property=\"og:title\" content=\"Mineros entran en paro tras desacuerdos por pago de utilidades. - Canal 7 SLP - 2022\" \/>\n<meta property=\"og:description\" content=\"Villa de la Paz.- Cerca de 900 trabajadores de la empresa NEMISA, ubicada en Villa de La Paz, han entrado en paro, esto luego de tener desacuerdos por el reparto de utilidades que se gener\u00f3 desde la minera, C\u00e9sar Obreg\u00f3n Coronado, operador de la Mina de Dolores, coment\u00f3 al respecto. \u201cEs poco para la producci\u00f3n que hace la empresa y en realidad no nos est\u00e1n dando nada, porque nos van a quitar unas compensaciones que nos daban en julio y diciembre, entonces solamente le est\u00e1n cambiando el nombre de la gratificaci\u00f3n especial a utilidades, pero a partir de esta vez [&hellip;]\" \/>\n<meta property=\"og:url\" content=\"https:\/\/canal7slp.tv\/2022\/mineros-entran-en-paro-tras-desacuerdos-por-pago-de-utilidades\/\" \/>\n<meta property=\"og:site_name\" content=\"Canal 7 SLP - 2022\" \/>\n<meta property=\"article:publisher\" content=\"https:\/\/www.facebook.com\/noticieroscanalsiete\" \/>\n<meta property=\"article:published_time\" content=\"2022-05-26T02:32:41+00:00\" \/>\n<meta property=\"og:image\" content=\"https:\/\/canal7slp.tv\/2022\/wp-content\/uploads\/2022\/05\/Valencia02Mineros.jpg\" \/>\n\t<meta property=\"og:image:width\" content=\"888\" \/>\n\t<meta property=\"og:image:height\" content=\"500\" \/>\n\t<meta property=\"og:image:type\" content=\"image\/jpeg\" \/>\n<meta name=\"author\" content=\"Edici\u00f3n Web\" \/>\n<meta name=\"twitter:card\" content=\"summary_large_image\" \/>\n<meta name=\"twitter:creator\" content=\"@NOTICIEROS7\" \/>\n<meta name=\"twitter:site\" content=\"@NOTICIEROS7\" \/>\n<meta name=\"twitter:label1\" content=\"Escrito por\" \/>\n\t<meta name=\"twitter:data1\" content=\"Edici\u00f3n Web\" \/>\n\t<meta name=\"twitter:label2\" content=\"Tiempo de lectura\" \/>\n\t<meta name=\"twitter:data2\" content=\"2 minutos\" \/>\n<script type=\"application\/ld+json\" class=\"yoast-schema-graph\">{\"@context\":\"https:\\\/\\\/schema.org\",\"@graph\":[{\"@type\":\"Article\",\"@id\":\"https:\\\/\\\/canal7slp.tv\\\/2022\\\/mineros-entran-en-paro-tras-desacuerdos-por-pago-de-utilidades\\\/#article\",\"isPartOf\":{\"@id\":\"https:\\\/\\\/canal7slp.tv\\\/2022\\\/mineros-entran-en-paro-tras-desacuerdos-por-pago-de-utilidades\\\/\"},\"author\":{\"name\":\"Edici\u00f3n Web\",\"@id\":\"https:\\\/\\\/canal7slp.tv\\\/2022\\\/#\\\/schema\\\/person\\\/429704152a21f5f856ce29aa69a238da\"},\"headline\":\"Mineros entran en paro tras desacuerdos por pago de utilidades.\",\"datePublished\":\"2022-05-26T02:32:41+00:00\",\"mainEntityOfPage\":{\"@id\":\"https:\\\/\\\/canal7slp.tv\\\/2022\\\/mineros-entran-en-paro-tras-desacuerdos-por-pago-de-utilidades\\\/\"},\"wordCount\":324,\"publisher\":{\"@id\":\"https:\\\/\\\/canal7slp.tv\\\/2022\\\/#organization\"},\"image\":{\"@id\":\"https:\\\/\\\/canal7slp.tv\\\/2022\\\/mineros-entran-en-paro-tras-desacuerdos-por-pago-de-utilidades\\\/#primaryimage\"},\"thumbnailUrl\":\"https:\\\/\\\/canal7slp.tv\\\/2022\\\/wp-content\\\/uploads\\\/2022\\\/05\\\/Valencia02Mineros.jpg\",\"articleSection\":[\"DESTACADAS\",\"INTERIOR DEL ESTADO\"],\"inLanguage\":\"es\"},{\"@type\":\"WebPage\",\"@id\":\"https:\\\/\\\/canal7slp.tv\\\/2022\\\/mineros-entran-en-paro-tras-desacuerdos-por-pago-de-utilidades\\\/\",\"url\":\"https:\\\/\\\/canal7slp.tv\\\/2022\\\/mineros-entran-en-paro-tras-desacuerdos-por-pago-de-utilidades\\\/\",\"name\":\"Mineros entran en paro tras desacuerdos por pago de utilidades. - Canal 7 SLP - 2022\",\"isPartOf\":{\"@id\":\"https:\\\/\\\/canal7slp.tv\\\/2022\\\/#website\"},\"primaryImageOfPage\":{\"@id\":\"https:\\\/\\\/canal7slp.tv\\\/2022\\\/mineros-entran-en-paro-tras-desacuerdos-por-pago-de-utilidades\\\/#primaryimage\"},\"image\":{\"@id\":\"https:\\\/\\\/canal7slp.tv\\\/2022\\\/mineros-entran-en-paro-tras-desacuerdos-por-pago-de-utilidades\\\/#primaryimage\"},\"thumbnailUrl\":\"https:\\\/\\\/canal7slp.tv\\\/2022\\\/wp-content\\\/uploads\\\/2022\\\/05\\\/Valencia02Mineros.jpg\",\"datePublished\":\"2022-05-26T02:32:41+00:00\",\"breadcrumb\":{\"@id\":\"https:\\\/\\\/canal7slp.tv\\\/2022\\\/mineros-entran-en-paro-tras-desacuerdos-por-pago-de-utilidades\\\/#breadcrumb\"},\"inLanguage\":\"es\",\"potentialAction\":[{\"@type\":\"ReadAction\",\"target\":[\"https:\\\/\\\/canal7slp.tv\\\/2022\\\/mineros-entran-en-paro-tras-desacuerdos-por-pago-de-utilidades\\\/\"]}]},{\"@type\":\"ImageObject\",\"inLanguage\":\"es\",\"@id\":\"https:\\\/\\\/canal7slp.tv\\\/2022\\\/mineros-entran-en-paro-tras-desacuerdos-por-pago-de-utilidades\\\/#primaryimage\",\"url\":\"https:\\\/\\\/canal7slp.tv\\\/2022\\\/wp-content\\\/uploads\\\/2022\\\/05\\\/Valencia02Mineros.jpg\",\"contentUrl\":\"https:\\\/\\\/canal7slp.tv\\\/2022\\\/wp-content\\\/uploads\\\/2022\\\/05\\\/Valencia02Mineros.jpg\",\"width\":888,\"height\":500},{\"@type\":\"BreadcrumbList\",\"@id\":\"https:\\\/\\\/canal7slp.tv\\\/2022\\\/mineros-entran-en-paro-tras-desacuerdos-por-pago-de-utilidades\\\/#breadcrumb\",\"itemListElement\":[{\"@type\":\"ListItem\",\"position\":1,\"name\":\"Portada\",\"item\":\"https:\\\/\\\/canal7slp.tv\\\/2022\\\/\"},{\"@type\":\"ListItem\",\"position\":2,\"name\":\"Mineros entran en paro tras desacuerdos por pago de utilidades.\"}]},{\"@type\":\"WebSite\",\"@id\":\"https:\\\/\\\/canal7slp.tv\\\/2022\\\/#website\",\"url\":\"https:\\\/\\\/canal7slp.tv\\\/2022\\\/\",\"name\":\"N7 - Noticieros Canal 7\",\"description\":\"Somos Televisi\u00f3n\",\"publisher\":{\"@id\":\"https:\\\/\\\/canal7slp.tv\\\/2022\\\/#organization\"},\"potentialAction\":[{\"@type\":\"SearchAction\",\"target\":{\"@type\":\"EntryPoint\",\"urlTemplate\":\"https:\\\/\\\/canal7slp.tv\\\/2022\\\/?s={search_term_string}\"},\"query-input\":{\"@type\":\"PropertyValueSpecification\",\"valueRequired\":true,\"valueName\":\"search_term_string\"}}],\"inLanguage\":\"es\"},{\"@type\":\"Organization\",\"@id\":\"https:\\\/\\\/canal7slp.tv\\\/2022\\\/#organization\",\"name\":\"Noticieros Canal 7\",\"url\":\"https:\\\/\\\/canal7slp.tv\\\/2022\\\/\",\"logo\":{\"@type\":\"ImageObject\",\"inLanguage\":\"es\",\"@id\":\"https:\\\/\\\/canal7slp.tv\\\/2022\\\/#\\\/schema\\\/logo\\\/image\\\/\",\"url\":\"https:\\\/\\\/canal7slp.tv\\\/2022\\\/wp-content\\\/uploads\\\/2021\\\/01\\\/logo-noticieros@2x.png\",\"contentUrl\":\"https:\\\/\\\/canal7slp.tv\\\/2022\\\/wp-content\\\/uploads\\\/2021\\\/01\\\/logo-noticieros@2x.png\",\"width\":1017,\"height\":268,\"caption\":\"Noticieros Canal 7\"},\"image\":{\"@id\":\"https:\\\/\\\/canal7slp.tv\\\/2022\\\/#\\\/schema\\\/logo\\\/image\\\/\"},\"sameAs\":[\"https:\\\/\\\/www.facebook.com\\\/noticieroscanalsiete\",\"https:\\\/\\\/x.com\\\/NOTICIEROS7\",\"https:\\\/\\\/www.instagram.com\\\/canal7_slp\",\"https:\\\/\\\/www.youtube.com\\\/channel\\\/UCliiYs-gP3JfJeqdPrNdd5A\"]},{\"@type\":\"Person\",\"@id\":\"https:\\\/\\\/canal7slp.tv\\\/2022\\\/#\\\/schema\\\/person\\\/429704152a21f5f856ce29aa69a238da\",\"name\":\"Edici\u00f3n Web\",\"image\":{\"@type\":\"ImageObject\",\"inLanguage\":\"es\",\"@id\":\"https:\\\/\\\/secure.gravatar.com\\\/avatar\\\/eee448fc3f7164808013b816ba91ac7e43bbe82a70bebac296f8bc6f0addaa1a?s=96&d=mm&r=g\",\"url\":\"https:\\\/\\\/secure.gravatar.com\\\/avatar\\\/eee448fc3f7164808013b816ba91ac7e43bbe82a70bebac296f8bc6f0addaa1a?s=96&d=mm&r=g\",\"contentUrl\":\"https:\\\/\\\/secure.gravatar.com\\\/avatar\\\/eee448fc3f7164808013b816ba91ac7e43bbe82a70bebac296f8bc6f0addaa1a?s=96&d=mm&r=g\",\"caption\":\"Edici\u00f3n Web\"},\"url\":\"https:\\\/\\\/canal7slp.tv\\\/2022\\\/author\\\/edicionweb\\\/\"}]}<\/script>\n<!-- \/ Yoast SEO plugin. -->","yoast_head_json":{"title":"Mineros entran en paro tras desacuerdos por pago de utilidades. - Canal 7 SLP - 2022","robots":{"index":"index","follow":"follow","max-snippet":"max-snippet:-1","max-image-preview":"max-image-preview:large","max-video-preview":"max-video-preview:-1"},"canonical":"https:\/\/canal7slp.tv\/2022\/mineros-entran-en-paro-tras-desacuerdos-por-pago-de-utilidades\/","og_locale":"es_ES","og_type":"article","og_title":"Mineros entran en paro tras desacuerdos por pago de utilidades. - Canal 7 SLP - 2022","og_description":"Villa de la Paz.- Cerca de 900 trabajadores de la empresa NEMISA, ubicada en Villa de La Paz, han entrado en paro, esto luego de tener desacuerdos por el reparto de utilidades que se gener\u00f3 desde la minera, C\u00e9sar Obreg\u00f3n Coronado, operador de la Mina de Dolores, coment\u00f3 al respecto. \u201cEs poco para la producci\u00f3n que hace la empresa y en realidad no nos est\u00e1n dando nada, porque nos van a quitar unas compensaciones que nos daban en julio y diciembre, entonces solamente le est\u00e1n cambiando el nombre de la gratificaci\u00f3n especial a utilidades, pero a partir de esta vez [&hellip;]","og_url":"https:\/\/canal7slp.tv\/2022\/mineros-entran-en-paro-tras-desacuerdos-por-pago-de-utilidades\/","og_site_name":"Canal 7 SLP - 2022","article_publisher":"https:\/\/www.facebook.com\/noticieroscanalsiete","article_published_time":"2022-05-26T02:32:41+00:00","og_image":[{"width":888,"height":500,"url":"https:\/\/canal7slp.tv\/2022\/wp-content\/uploads\/2022\/05\/Valencia02Mineros.jpg","type":"image\/jpeg"}],"author":"Edici\u00f3n Web","twitter_card":"summary_large_image","twitter_creator":"@NOTICIEROS7","twitter_site":"@NOTICIEROS7","twitter_misc":{"Escrito por":"Edici\u00f3n Web","Tiempo de lectura":"2 minutos"},"schema":{"@context":"https:\/\/schema.org","@graph":[{"@type":"Article","@id":"https:\/\/canal7slp.tv\/2022\/mineros-entran-en-paro-tras-desacuerdos-por-pago-de-utilidades\/#article","isPartOf":{"@id":"https:\/\/canal7slp.tv\/2022\/mineros-entran-en-paro-tras-desacuerdos-por-pago-de-utilidades\/"},"author":{"name":"Edici\u00f3n Web","@id":"https:\/\/canal7slp.tv\/2022\/#\/schema\/person\/429704152a21f5f856ce29aa69a238da"},"headline":"Mineros entran en paro tras desacuerdos por pago de utilidades.","datePublished":"2022-05-26T02:32:41+00:00","mainEntityOfPage":{"@id":"https:\/\/canal7slp.tv\/2022\/mineros-entran-en-paro-tras-desacuerdos-por-pago-de-utilidades\/"},"wordCount":324,"publisher":{"@id":"https:\/\/canal7slp.tv\/2022\/#organization"},"image":{"@id":"https:\/\/canal7slp.tv\/2022\/mineros-entran-en-paro-tras-desacuerdos-por-pago-de-utilidades\/#primaryimage"},"thumbnailUrl":"https:\/\/canal7slp.tv\/2022\/wp-content\/uploads\/2022\/05\/Valencia02Mineros.jpg","articleSection":["DESTACADAS","INTERIOR DEL ESTADO"],"inLanguage":"es"},{"@type":"WebPage","@id":"https:\/\/canal7slp.tv\/2022\/mineros-entran-en-paro-tras-desacuerdos-por-pago-de-utilidades\/","url":"https:\/\/canal7slp.tv\/2022\/mineros-entran-en-paro-tras-desacuerdos-por-pago-de-utilidades\/","name":"Mineros entran en paro tras desacuerdos por pago de utilidades. - Canal 7 SLP - 2022","isPartOf":{"@id":"https:\/\/canal7slp.tv\/2022\/#website"},"primaryImageOfPage":{"@id":"https:\/\/canal7slp.tv\/2022\/mineros-entran-en-paro-tras-desacuerdos-por-pago-de-utilidades\/#primaryimage"},"image":{"@id":"https:\/\/canal7slp.tv\/2022\/mineros-entran-en-paro-tras-desacuerdos-por-pago-de-utilidades\/#primaryimage"},"thumbnailUrl":"https:\/\/canal7slp.tv\/2022\/wp-content\/uploads\/2022\/05\/Valencia02Mineros.jpg","datePublished":"2022-05-26T02:32:41+00:00","breadcrumb":{"@id":"https:\/\/canal7slp.tv\/2022\/mineros-entran-en-paro-tras-desacuerdos-por-pago-de-utilidades\/#breadcrumb"},"inLanguage":"es","potentialAction":[{"@type":"ReadAction","target":["https:\/\/canal7slp.tv\/2022\/mineros-entran-en-paro-tras-desacuerdos-por-pago-de-utilidades\/"]}]},{"@type":"ImageObject","inLanguage":"es","@id":"https:\/\/canal7slp.tv\/2022\/mineros-entran-en-paro-tras-desacuerdos-por-pago-de-utilidades\/#primaryimage","url":"https:\/\/canal7slp.tv\/2022\/wp-content\/uploads\/2022\/05\/Valencia02Mineros.jpg","contentUrl":"https:\/\/canal7slp.tv\/2022\/wp-content\/uploads\/2022\/05\/Valencia02Mineros.jpg","width":888,"height":500},{"@type":"BreadcrumbList","@id":"https:\/\/canal7slp.tv\/2022\/mineros-entran-en-paro-tras-desacuerdos-por-pago-de-utilidades\/#breadcrumb","itemListElement":[{"@type":"ListItem","position":1,"name":"Portada","item":"https:\/\/canal7slp.tv\/2022\/"},{"@type":"ListItem","position":2,"name":"Mineros entran en paro tras desacuerdos por pago de utilidades."}]},{"@type":"WebSite","@id":"https:\/\/canal7slp.tv\/2022\/#website","url":"https:\/\/canal7slp.tv\/2022\/","name":"N7 - Noticieros Canal 7","description":"Somos Televisi\u00f3n","publisher":{"@id":"https:\/\/canal7slp.tv\/2022\/#organization"},"potentialAction":[{"@type":"SearchAction","target":{"@type":"EntryPoint","urlTemplate":"https:\/\/canal7slp.tv\/2022\/?s={search_term_string}"},"query-input":{"@type":"PropertyValueSpecification","valueRequired":true,"valueName":"search_term_string"}}],"inLanguage":"es"},{"@type":"Organization","@id":"https:\/\/canal7slp.tv\/2022\/#organization","name":"Noticieros Canal 7","url":"https:\/\/canal7slp.tv\/2022\/","logo":{"@type":"ImageObject","inLanguage":"es","@id":"https:\/\/canal7slp.tv\/2022\/#\/schema\/logo\/image\/","url":"https:\/\/canal7slp.tv\/2022\/wp-content\/uploads\/2021\/01\/logo-noticieros@2x.png","contentUrl":"https:\/\/canal7slp.tv\/2022\/wp-content\/uploads\/2021\/01\/logo-noticieros@2x.png","width":1017,"height":268,"caption":"Noticieros Canal 7"},"image":{"@id":"https:\/\/canal7slp.tv\/2022\/#\/schema\/logo\/image\/"},"sameAs":["https:\/\/www.facebook.com\/noticieroscanalsiete","https:\/\/x.com\/NOTICIEROS7","https:\/\/www.instagram.com\/canal7_slp","https:\/\/www.youtube.com\/channel\/UCliiYs-gP3JfJeqdPrNdd5A"]},{"@type":"Person","@id":"https:\/\/canal7slp.tv\/2022\/#\/schema\/person\/429704152a21f5f856ce29aa69a238da","name":"Edici\u00f3n Web","image":{"@type":"ImageObject","inLanguage":"es","@id":"https:\/\/secure.gravatar.com\/avatar\/eee448fc3f7164808013b816ba91ac7e43bbe82a70bebac296f8bc6f0addaa1a?s=96&d=mm&r=g","url":"https:\/\/secure.gravatar.com\/avatar\/eee448fc3f7164808013b816ba91ac7e43bbe82a70bebac296f8bc6f0addaa1a?s=96&d=mm&r=g","contentUrl":"https:\/\/secure.gravatar.com\/avatar\/eee448fc3f7164808013b816ba91ac7e43bbe82a70bebac296f8bc6f0addaa1a?s=96&d=mm&r=g","caption":"Edici\u00f3n Web"},"url":"https:\/\/canal7slp.tv\/2022\/author\/edicionweb\/"}]}},"amp_enabled":true,"_links":{"self":[{"href":"https:\/\/canal7slp.tv\/2022\/wp-json\/wp\/v2\/posts\/61389","targetHints":{"allow":["GET"]}}],"collection":[{"href":"https:\/\/canal7slp.tv\/2022\/wp-json\/wp\/v2\/posts"}],"about":[{"href":"https:\/\/canal7slp.tv\/2022\/wp-json\/wp\/v2\/types\/post"}],"author":[{"embeddable":true,"href":"https:\/\/canal7slp.tv\/2022\/wp-json\/wp\/v2\/users\/2"}],"replies":[{"embeddable":true,"href":"https:\/\/canal7slp.tv\/2022\/wp-json\/wp\/v2\/comments?post=61389"}],"version-history":[{"count":1,"href":"https:\/\/canal7slp.tv\/2022\/wp-json\/wp\/v2\/posts\/61389\/revisions"}],"predecessor-version":[{"id":61391,"href":"https:\/\/canal7slp.tv\/2022\/wp-json\/wp\/v2\/posts\/61389\/revisions\/61391"}],"wp:featuredmedia":[{"embeddable":true,"href":"https:\/\/canal7slp.tv\/2022\/wp-json\/wp\/v2\/media\/61393"}],"wp:attachment":[{"href":"https:\/\/canal7slp.tv\/2022\/wp-json\/wp\/v2\/media?parent=61389"}],"wp:term":[{"taxonomy":"category","embeddable":true,"href":"https:\/\/canal7slp.tv\/2022\/wp-json\/wp\/v2\/categories?post=61389"},{"taxonomy":"post_tag","embeddable":true,"href":"https:\/\/canal7slp.tv\/2022\/wp-json\/wp\/v2\/tags?post=61389"}],"curies":[{"name":"wp","href":"https:\/\/api.w.org\/{rel}","templated":true}]}}