{"id":61388,"date":"2022-05-25T20:30:20","date_gmt":"2022-05-26T02:30:20","guid":{"rendered":"https:\/\/canal7slp.tv\/2022\/?p=61388"},"modified":"2022-05-25T20:30:20","modified_gmt":"2022-05-26T02:30:20","slug":"inea-senala-rezago-educativo-y-analfabetismo-en-el-altiplano","status":"publish","type":"post","link":"https:\/\/canal7slp.tv\/2022\/inea-senala-rezago-educativo-y-analfabetismo-en-el-altiplano\/","title":{"rendered":"INEA se\u00f1ala rezago educativo y analfabetismo en el Altiplano."},"content":{"rendered":"<p style=\"text-align: justify;\">SLP.- Luego de la presentaci\u00f3n del programa \u201cAprende INEA\u201d, con el cual se pretende llevar la educaci\u00f3n de manera virtual a toda la poblaci\u00f3n adulta del estado potosino, Juan Francisco Rangel, Coordinador de la Zona 03 en Matehuala, se\u00f1al\u00f3 el rezago educativo que se mantiene en diversos municipios del Altiplano.<\/p>\n<p style=\"text-align: justify;\">\u201cEl rezago es en tres niveles, analfabetismo, nivel primaria y nivel secundaria, los dos municipios que m\u00e1s rezago educativo tienen en cuanto a analfabetismo, son los municipios de Villa de Guadalupe y Catorce\u201d, dijo.<\/p>\n<p style=\"text-align: justify;\">El municipio que mantiene el mayor rezago educativo a nivel primaria y secundaria es Matehuala, con un 31% de personas que no han concluido sus niveles b\u00e1sicos educativos, destacando a la migraci\u00f3n y la falta de educaci\u00f3n familiar las principales causas.<\/p>\n<p style=\"text-align: justify;\">\u201cEstad\u00edsticamente, se sabe que las familias que tienen padres que no tienen la primaria y la secundaria, esto se reproduce con los hijos o que muy apenas llegan a la primaria\u201d, coment\u00f3.<\/p>\n<p style=\"text-align: justify;\">Por \u00faltimo, asegur\u00f3 que la educaci\u00f3n es una responsabilidad integral, \u201cel esfuerzo es de todos, autoridades municipales, las personas mismas que se responsabilicen de tomar decisiones para estudiar, de nuestros asesores, de nuestros t\u00e9cnicos\u201d.<\/p>\n<p style=\"text-align: justify;\">Por: Jes\u00fas Valencia<\/p>\n","protected":false},"excerpt":{"rendered":"<p>SLP.- Luego de la presentaci\u00f3n del programa \u201cAprende INEA\u201d, con el cual se pretende llevar la educaci\u00f3n de manera virtual a toda la poblaci\u00f3n adulta del estado potosino, Juan Francisco Rangel, Coordinador de la Zona 03 en Matehuala, se\u00f1al\u00f3 el rezago educativo que se mantiene en diversos municipios del Altiplano. \u201cEl rezago es en tres niveles, analfabetismo, nivel primaria y nivel secundaria, los dos municipios que m\u00e1s rezago educativo tienen en cuanto a analfabetismo, son los municipios de Villa de Guadalupe y Catorce\u201d, dijo. El municipio que mantiene el mayor rezago educativo a nivel primaria y secundaria es Matehuala, con [&hellip;]<\/p>\n","protected":false},"author":2,"featured_media":61392,"comment_status":"closed","ping_status":"closed","sticky":false,"template":"","format":"video","meta":{"footnotes":""},"categories":[5,43],"tags":[],"class_list":["post-61388","post","type-post","status-publish","format-video","has-post-thumbnail","hentry","category-destacadas","category-interior","post_format-post-format-video","post--single"],"yoast_head":"<!-- This site is optimized with the Yoast SEO plugin v27.5 - https:\/\/yoast.com\/product\/yoast-seo-wordpress\/ -->\n<title>INEA se\u00f1ala rezago educativo y analfabetismo en el Altiplano. - Canal 7 SLP - 2022<\/title>\n<meta name=\"robots\" content=\"index, follow, max-snippet:-1, max-image-preview:large, max-video-preview:-1\" \/>\n<link rel=\"canonical\" href=\"https:\/\/canal7slp.tv\/2022\/inea-senala-rezago-educativo-y-analfabetismo-en-el-altiplano\/\" \/>\n<meta property=\"og:locale\" content=\"es_ES\" \/>\n<meta property=\"og:type\" content=\"article\" \/>\n<meta property=\"og:title\" content=\"INEA se\u00f1ala rezago educativo y analfabetismo en el Altiplano. - Canal 7 SLP - 2022\" \/>\n<meta property=\"og:description\" content=\"SLP.- Luego de la presentaci\u00f3n del programa \u201cAprende INEA\u201d, con el cual se pretende llevar la educaci\u00f3n de manera virtual a toda la poblaci\u00f3n adulta del estado potosino, Juan Francisco Rangel, Coordinador de la Zona 03 en Matehuala, se\u00f1al\u00f3 el rezago educativo que se mantiene en diversos municipios del Altiplano. \u201cEl rezago es en tres niveles, analfabetismo, nivel primaria y nivel secundaria, los dos municipios que m\u00e1s rezago educativo tienen en cuanto a analfabetismo, son los municipios de Villa de Guadalupe y Catorce\u201d, dijo. El municipio que mantiene el mayor rezago educativo a nivel primaria y secundaria es Matehuala, con [&hellip;]\" \/>\n<meta property=\"og:url\" content=\"https:\/\/canal7slp.tv\/2022\/inea-senala-rezago-educativo-y-analfabetismo-en-el-altiplano\/\" \/>\n<meta property=\"og:site_name\" content=\"Canal 7 SLP - 2022\" \/>\n<meta property=\"article:publisher\" content=\"https:\/\/www.facebook.com\/noticieroscanalsiete\" \/>\n<meta property=\"article:published_time\" content=\"2022-05-26T02:30:20+00:00\" \/>\n<meta property=\"og:image\" content=\"https:\/\/canal7slp.tv\/2022\/wp-content\/uploads\/2022\/05\/Valencia01INEA.jpg\" \/>\n\t<meta property=\"og:image:width\" content=\"888\" \/>\n\t<meta property=\"og:image:height\" content=\"500\" \/>\n\t<meta property=\"og:image:type\" content=\"image\/jpeg\" \/>\n<meta name=\"author\" content=\"Edici\u00f3n Web\" \/>\n<meta name=\"twitter:card\" content=\"summary_large_image\" \/>\n<meta name=\"twitter:creator\" content=\"@NOTICIEROS7\" \/>\n<meta name=\"twitter:site\" content=\"@NOTICIEROS7\" \/>\n<meta name=\"twitter:label1\" content=\"Escrito por\" \/>\n\t<meta name=\"twitter:data1\" content=\"Edici\u00f3n Web\" \/>\n\t<meta name=\"twitter:label2\" content=\"Tiempo de lectura\" \/>\n\t<meta name=\"twitter:data2\" content=\"1 minuto\" \/>\n<script type=\"application\/ld+json\" class=\"yoast-schema-graph\">{\"@context\":\"https:\\\/\\\/schema.org\",\"@graph\":[{\"@type\":\"Article\",\"@id\":\"https:\\\/\\\/canal7slp.tv\\\/2022\\\/inea-senala-rezago-educativo-y-analfabetismo-en-el-altiplano\\\/#article\",\"isPartOf\":{\"@id\":\"https:\\\/\\\/canal7slp.tv\\\/2022\\\/inea-senala-rezago-educativo-y-analfabetismo-en-el-altiplano\\\/\"},\"author\":{\"name\":\"Edici\u00f3n Web\",\"@id\":\"https:\\\/\\\/canal7slp.tv\\\/2022\\\/#\\\/schema\\\/person\\\/429704152a21f5f856ce29aa69a238da\"},\"headline\":\"INEA se\u00f1ala rezago educativo y analfabetismo en el Altiplano.\",\"datePublished\":\"2022-05-26T02:30:20+00:00\",\"mainEntityOfPage\":{\"@id\":\"https:\\\/\\\/canal7slp.tv\\\/2022\\\/inea-senala-rezago-educativo-y-analfabetismo-en-el-altiplano\\\/\"},\"wordCount\":215,\"publisher\":{\"@id\":\"https:\\\/\\\/canal7slp.tv\\\/2022\\\/#organization\"},\"image\":{\"@id\":\"https:\\\/\\\/canal7slp.tv\\\/2022\\\/inea-senala-rezago-educativo-y-analfabetismo-en-el-altiplano\\\/#primaryimage\"},\"thumbnailUrl\":\"https:\\\/\\\/canal7slp.tv\\\/2022\\\/wp-content\\\/uploads\\\/2022\\\/05\\\/Valencia01INEA.jpg\",\"articleSection\":[\"DESTACADAS\",\"INTERIOR DEL ESTADO\"],\"inLanguage\":\"es\"},{\"@type\":\"WebPage\",\"@id\":\"https:\\\/\\\/canal7slp.tv\\\/2022\\\/inea-senala-rezago-educativo-y-analfabetismo-en-el-altiplano\\\/\",\"url\":\"https:\\\/\\\/canal7slp.tv\\\/2022\\\/inea-senala-rezago-educativo-y-analfabetismo-en-el-altiplano\\\/\",\"name\":\"INEA se\u00f1ala rezago educativo y analfabetismo en el Altiplano. - Canal 7 SLP - 2022\",\"isPartOf\":{\"@id\":\"https:\\\/\\\/canal7slp.tv\\\/2022\\\/#website\"},\"primaryImageOfPage\":{\"@id\":\"https:\\\/\\\/canal7slp.tv\\\/2022\\\/inea-senala-rezago-educativo-y-analfabetismo-en-el-altiplano\\\/#primaryimage\"},\"image\":{\"@id\":\"https:\\\/\\\/canal7slp.tv\\\/2022\\\/inea-senala-rezago-educativo-y-analfabetismo-en-el-altiplano\\\/#primaryimage\"},\"thumbnailUrl\":\"https:\\\/\\\/canal7slp.tv\\\/2022\\\/wp-content\\\/uploads\\\/2022\\\/05\\\/Valencia01INEA.jpg\",\"datePublished\":\"2022-05-26T02:30:20+00:00\",\"breadcrumb\":{\"@id\":\"https:\\\/\\\/canal7slp.tv\\\/2022\\\/inea-senala-rezago-educativo-y-analfabetismo-en-el-altiplano\\\/#breadcrumb\"},\"inLanguage\":\"es\",\"potentialAction\":[{\"@type\":\"ReadAction\",\"target\":[\"https:\\\/\\\/canal7slp.tv\\\/2022\\\/inea-senala-rezago-educativo-y-analfabetismo-en-el-altiplano\\\/\"]}]},{\"@type\":\"ImageObject\",\"inLanguage\":\"es\",\"@id\":\"https:\\\/\\\/canal7slp.tv\\\/2022\\\/inea-senala-rezago-educativo-y-analfabetismo-en-el-altiplano\\\/#primaryimage\",\"url\":\"https:\\\/\\\/canal7slp.tv\\\/2022\\\/wp-content\\\/uploads\\\/2022\\\/05\\\/Valencia01INEA.jpg\",\"contentUrl\":\"https:\\\/\\\/canal7slp.tv\\\/2022\\\/wp-content\\\/uploads\\\/2022\\\/05\\\/Valencia01INEA.jpg\",\"width\":888,\"height\":500},{\"@type\":\"BreadcrumbList\",\"@id\":\"https:\\\/\\\/canal7slp.tv\\\/2022\\\/inea-senala-rezago-educativo-y-analfabetismo-en-el-altiplano\\\/#breadcrumb\",\"itemListElement\":[{\"@type\":\"ListItem\",\"position\":1,\"name\":\"Portada\",\"item\":\"https:\\\/\\\/canal7slp.tv\\\/2022\\\/\"},{\"@type\":\"ListItem\",\"position\":2,\"name\":\"INEA se\u00f1ala rezago educativo y analfabetismo en el Altiplano.\"}]},{\"@type\":\"WebSite\",\"@id\":\"https:\\\/\\\/canal7slp.tv\\\/2022\\\/#website\",\"url\":\"https:\\\/\\\/canal7slp.tv\\\/2022\\\/\",\"name\":\"N7 - Noticieros Canal 7\",\"description\":\"Somos Televisi\u00f3n\",\"publisher\":{\"@id\":\"https:\\\/\\\/canal7slp.tv\\\/2022\\\/#organization\"},\"potentialAction\":[{\"@type\":\"SearchAction\",\"target\":{\"@type\":\"EntryPoint\",\"urlTemplate\":\"https:\\\/\\\/canal7slp.tv\\\/2022\\\/?s={search_term_string}\"},\"query-input\":{\"@type\":\"PropertyValueSpecification\",\"valueRequired\":true,\"valueName\":\"search_term_string\"}}],\"inLanguage\":\"es\"},{\"@type\":\"Organization\",\"@id\":\"https:\\\/\\\/canal7slp.tv\\\/2022\\\/#organization\",\"name\":\"Noticieros Canal 7\",\"url\":\"https:\\\/\\\/canal7slp.tv\\\/2022\\\/\",\"logo\":{\"@type\":\"ImageObject\",\"inLanguage\":\"es\",\"@id\":\"https:\\\/\\\/canal7slp.tv\\\/2022\\\/#\\\/schema\\\/logo\\\/image\\\/\",\"url\":\"https:\\\/\\\/canal7slp.tv\\\/2022\\\/wp-content\\\/uploads\\\/2021\\\/01\\\/logo-noticieros@2x.png\",\"contentUrl\":\"https:\\\/\\\/canal7slp.tv\\\/2022\\\/wp-content\\\/uploads\\\/2021\\\/01\\\/logo-noticieros@2x.png\",\"width\":1017,\"height\":268,\"caption\":\"Noticieros Canal 7\"},\"image\":{\"@id\":\"https:\\\/\\\/canal7slp.tv\\\/2022\\\/#\\\/schema\\\/logo\\\/image\\\/\"},\"sameAs\":[\"https:\\\/\\\/www.facebook.com\\\/noticieroscanalsiete\",\"https:\\\/\\\/x.com\\\/NOTICIEROS7\",\"https:\\\/\\\/www.instagram.com\\\/canal7_slp\",\"https:\\\/\\\/www.youtube.com\\\/channel\\\/UCliiYs-gP3JfJeqdPrNdd5A\"]},{\"@type\":\"Person\",\"@id\":\"https:\\\/\\\/canal7slp.tv\\\/2022\\\/#\\\/schema\\\/person\\\/429704152a21f5f856ce29aa69a238da\",\"name\":\"Edici\u00f3n Web\",\"image\":{\"@type\":\"ImageObject\",\"inLanguage\":\"es\",\"@id\":\"https:\\\/\\\/secure.gravatar.com\\\/avatar\\\/eee448fc3f7164808013b816ba91ac7e43bbe82a70bebac296f8bc6f0addaa1a?s=96&d=mm&r=g\",\"url\":\"https:\\\/\\\/secure.gravatar.com\\\/avatar\\\/eee448fc3f7164808013b816ba91ac7e43bbe82a70bebac296f8bc6f0addaa1a?s=96&d=mm&r=g\",\"contentUrl\":\"https:\\\/\\\/secure.gravatar.com\\\/avatar\\\/eee448fc3f7164808013b816ba91ac7e43bbe82a70bebac296f8bc6f0addaa1a?s=96&d=mm&r=g\",\"caption\":\"Edici\u00f3n Web\"},\"url\":\"https:\\\/\\\/canal7slp.tv\\\/2022\\\/author\\\/edicionweb\\\/\"}]}<\/script>\n<!-- \/ Yoast SEO plugin. -->","yoast_head_json":{"title":"INEA se\u00f1ala rezago educativo y analfabetismo en el Altiplano. - Canal 7 SLP - 2022","robots":{"index":"index","follow":"follow","max-snippet":"max-snippet:-1","max-image-preview":"max-image-preview:large","max-video-preview":"max-video-preview:-1"},"canonical":"https:\/\/canal7slp.tv\/2022\/inea-senala-rezago-educativo-y-analfabetismo-en-el-altiplano\/","og_locale":"es_ES","og_type":"article","og_title":"INEA se\u00f1ala rezago educativo y analfabetismo en el Altiplano. - Canal 7 SLP - 2022","og_description":"SLP.- Luego de la presentaci\u00f3n del programa \u201cAprende INEA\u201d, con el cual se pretende llevar la educaci\u00f3n de manera virtual a toda la poblaci\u00f3n adulta del estado potosino, Juan Francisco Rangel, Coordinador de la Zona 03 en Matehuala, se\u00f1al\u00f3 el rezago educativo que se mantiene en diversos municipios del Altiplano. \u201cEl rezago es en tres niveles, analfabetismo, nivel primaria y nivel secundaria, los dos municipios que m\u00e1s rezago educativo tienen en cuanto a analfabetismo, son los municipios de Villa de Guadalupe y Catorce\u201d, dijo. El municipio que mantiene el mayor rezago educativo a nivel primaria y secundaria es Matehuala, con [&hellip;]","og_url":"https:\/\/canal7slp.tv\/2022\/inea-senala-rezago-educativo-y-analfabetismo-en-el-altiplano\/","og_site_name":"Canal 7 SLP - 2022","article_publisher":"https:\/\/www.facebook.com\/noticieroscanalsiete","article_published_time":"2022-05-26T02:30:20+00:00","og_image":[{"width":888,"height":500,"url":"https:\/\/canal7slp.tv\/2022\/wp-content\/uploads\/2022\/05\/Valencia01INEA.jpg","type":"image\/jpeg"}],"author":"Edici\u00f3n Web","twitter_card":"summary_large_image","twitter_creator":"@NOTICIEROS7","twitter_site":"@NOTICIEROS7","twitter_misc":{"Escrito por":"Edici\u00f3n Web","Tiempo de lectura":"1 minuto"},"schema":{"@context":"https:\/\/schema.org","@graph":[{"@type":"Article","@id":"https:\/\/canal7slp.tv\/2022\/inea-senala-rezago-educativo-y-analfabetismo-en-el-altiplano\/#article","isPartOf":{"@id":"https:\/\/canal7slp.tv\/2022\/inea-senala-rezago-educativo-y-analfabetismo-en-el-altiplano\/"},"author":{"name":"Edici\u00f3n Web","@id":"https:\/\/canal7slp.tv\/2022\/#\/schema\/person\/429704152a21f5f856ce29aa69a238da"},"headline":"INEA se\u00f1ala rezago educativo y analfabetismo en el Altiplano.","datePublished":"2022-05-26T02:30:20+00:00","mainEntityOfPage":{"@id":"https:\/\/canal7slp.tv\/2022\/inea-senala-rezago-educativo-y-analfabetismo-en-el-altiplano\/"},"wordCount":215,"publisher":{"@id":"https:\/\/canal7slp.tv\/2022\/#organization"},"image":{"@id":"https:\/\/canal7slp.tv\/2022\/inea-senala-rezago-educativo-y-analfabetismo-en-el-altiplano\/#primaryimage"},"thumbnailUrl":"https:\/\/canal7slp.tv\/2022\/wp-content\/uploads\/2022\/05\/Valencia01INEA.jpg","articleSection":["DESTACADAS","INTERIOR DEL ESTADO"],"inLanguage":"es"},{"@type":"WebPage","@id":"https:\/\/canal7slp.tv\/2022\/inea-senala-rezago-educativo-y-analfabetismo-en-el-altiplano\/","url":"https:\/\/canal7slp.tv\/2022\/inea-senala-rezago-educativo-y-analfabetismo-en-el-altiplano\/","name":"INEA se\u00f1ala rezago educativo y analfabetismo en el Altiplano. - Canal 7 SLP - 2022","isPartOf":{"@id":"https:\/\/canal7slp.tv\/2022\/#website"},"primaryImageOfPage":{"@id":"https:\/\/canal7slp.tv\/2022\/inea-senala-rezago-educativo-y-analfabetismo-en-el-altiplano\/#primaryimage"},"image":{"@id":"https:\/\/canal7slp.tv\/2022\/inea-senala-rezago-educativo-y-analfabetismo-en-el-altiplano\/#primaryimage"},"thumbnailUrl":"https:\/\/canal7slp.tv\/2022\/wp-content\/uploads\/2022\/05\/Valencia01INEA.jpg","datePublished":"2022-05-26T02:30:20+00:00","breadcrumb":{"@id":"https:\/\/canal7slp.tv\/2022\/inea-senala-rezago-educativo-y-analfabetismo-en-el-altiplano\/#breadcrumb"},"inLanguage":"es","potentialAction":[{"@type":"ReadAction","target":["https:\/\/canal7slp.tv\/2022\/inea-senala-rezago-educativo-y-analfabetismo-en-el-altiplano\/"]}]},{"@type":"ImageObject","inLanguage":"es","@id":"https:\/\/canal7slp.tv\/2022\/inea-senala-rezago-educativo-y-analfabetismo-en-el-altiplano\/#primaryimage","url":"https:\/\/canal7slp.tv\/2022\/wp-content\/uploads\/2022\/05\/Valencia01INEA.jpg","contentUrl":"https:\/\/canal7slp.tv\/2022\/wp-content\/uploads\/2022\/05\/Valencia01INEA.jpg","width":888,"height":500},{"@type":"BreadcrumbList","@id":"https:\/\/canal7slp.tv\/2022\/inea-senala-rezago-educativo-y-analfabetismo-en-el-altiplano\/#breadcrumb","itemListElement":[{"@type":"ListItem","position":1,"name":"Portada","item":"https:\/\/canal7slp.tv\/2022\/"},{"@type":"ListItem","position":2,"name":"INEA se\u00f1ala rezago educativo y analfabetismo en el Altiplano."}]},{"@type":"WebSite","@id":"https:\/\/canal7slp.tv\/2022\/#website","url":"https:\/\/canal7slp.tv\/2022\/","name":"N7 - Noticieros Canal 7","description":"Somos Televisi\u00f3n","publisher":{"@id":"https:\/\/canal7slp.tv\/2022\/#organization"},"potentialAction":[{"@type":"SearchAction","target":{"@type":"EntryPoint","urlTemplate":"https:\/\/canal7slp.tv\/2022\/?s={search_term_string}"},"query-input":{"@type":"PropertyValueSpecification","valueRequired":true,"valueName":"search_term_string"}}],"inLanguage":"es"},{"@type":"Organization","@id":"https:\/\/canal7slp.tv\/2022\/#organization","name":"Noticieros Canal 7","url":"https:\/\/canal7slp.tv\/2022\/","logo":{"@type":"ImageObject","inLanguage":"es","@id":"https:\/\/canal7slp.tv\/2022\/#\/schema\/logo\/image\/","url":"https:\/\/canal7slp.tv\/2022\/wp-content\/uploads\/2021\/01\/logo-noticieros@2x.png","contentUrl":"https:\/\/canal7slp.tv\/2022\/wp-content\/uploads\/2021\/01\/logo-noticieros@2x.png","width":1017,"height":268,"caption":"Noticieros Canal 7"},"image":{"@id":"https:\/\/canal7slp.tv\/2022\/#\/schema\/logo\/image\/"},"sameAs":["https:\/\/www.facebook.com\/noticieroscanalsiete","https:\/\/x.com\/NOTICIEROS7","https:\/\/www.instagram.com\/canal7_slp","https:\/\/www.youtube.com\/channel\/UCliiYs-gP3JfJeqdPrNdd5A"]},{"@type":"Person","@id":"https:\/\/canal7slp.tv\/2022\/#\/schema\/person\/429704152a21f5f856ce29aa69a238da","name":"Edici\u00f3n Web","image":{"@type":"ImageObject","inLanguage":"es","@id":"https:\/\/secure.gravatar.com\/avatar\/eee448fc3f7164808013b816ba91ac7e43bbe82a70bebac296f8bc6f0addaa1a?s=96&d=mm&r=g","url":"https:\/\/secure.gravatar.com\/avatar\/eee448fc3f7164808013b816ba91ac7e43bbe82a70bebac296f8bc6f0addaa1a?s=96&d=mm&r=g","contentUrl":"https:\/\/secure.gravatar.com\/avatar\/eee448fc3f7164808013b816ba91ac7e43bbe82a70bebac296f8bc6f0addaa1a?s=96&d=mm&r=g","caption":"Edici\u00f3n Web"},"url":"https:\/\/canal7slp.tv\/2022\/author\/edicionweb\/"}]}},"amp_enabled":true,"_links":{"self":[{"href":"https:\/\/canal7slp.tv\/2022\/wp-json\/wp\/v2\/posts\/61388","targetHints":{"allow":["GET"]}}],"collection":[{"href":"https:\/\/canal7slp.tv\/2022\/wp-json\/wp\/v2\/posts"}],"about":[{"href":"https:\/\/canal7slp.tv\/2022\/wp-json\/wp\/v2\/types\/post"}],"author":[{"embeddable":true,"href":"https:\/\/canal7slp.tv\/2022\/wp-json\/wp\/v2\/users\/2"}],"replies":[{"embeddable":true,"href":"https:\/\/canal7slp.tv\/2022\/wp-json\/wp\/v2\/comments?post=61388"}],"version-history":[{"count":1,"href":"https:\/\/canal7slp.tv\/2022\/wp-json\/wp\/v2\/posts\/61388\/revisions"}],"predecessor-version":[{"id":61390,"href":"https:\/\/canal7slp.tv\/2022\/wp-json\/wp\/v2\/posts\/61388\/revisions\/61390"}],"wp:featuredmedia":[{"embeddable":true,"href":"https:\/\/canal7slp.tv\/2022\/wp-json\/wp\/v2\/media\/61392"}],"wp:attachment":[{"href":"https:\/\/canal7slp.tv\/2022\/wp-json\/wp\/v2\/media?parent=61388"}],"wp:term":[{"taxonomy":"category","embeddable":true,"href":"https:\/\/canal7slp.tv\/2022\/wp-json\/wp\/v2\/categories?post=61388"},{"taxonomy":"post_tag","embeddable":true,"href":"https:\/\/canal7slp.tv\/2022\/wp-json\/wp\/v2\/tags?post=61388"}],"curies":[{"name":"wp","href":"https:\/\/api.w.org\/{rel}","templated":true}]}}