{"id":61363,"date":"2022-05-25T16:10:29","date_gmt":"2022-05-25T22:10:29","guid":{"rendered":"https:\/\/canal7slp.tv\/2022\/?p=61363"},"modified":"2022-05-25T16:10:29","modified_gmt":"2022-05-25T22:10:29","slug":"autobus-con-indocumentados-vuelca-en-carretera-a-zacatecas-hay-decenas-de-heridos-y-seis-personas-perdieron-la-vida","status":"publish","type":"post","link":"https:\/\/canal7slp.tv\/2022\/autobus-con-indocumentados-vuelca-en-carretera-a-zacatecas-hay-decenas-de-heridos-y-seis-personas-perdieron-la-vida\/","title":{"rendered":"Autob\u00fas con indocumentados vuelca en carretera a Zacatecas\u2026 hay decenas de heridos y seis personas perdieron la vida."},"content":{"rendered":"<ul>\n<li style=\"text-align: justify;\">Chofer se dio a la fuga.<\/li>\n<\/ul>\n<p style=\"text-align: justify;\">SLP.- Pierde el control autob\u00fas y vuelca tras caer en un barranco en la carretera a Zacatecas -a la altura de Mexquitic de Carmona- con saldo de alrededor de 35 heridos y seis fallecidos.<\/p>\n<p style=\"text-align: justify;\">La mayor\u00eda de las personas que abordaban la unidad eran indocumentadas y el chofer se dio a la fuga.<\/p>\n<p>De los 35 lesionados, al parecer hab\u00eda cinco o seis infantes. Se les traslad\u00f3 al Hospital Central \u201cDr. Ignacio Morones Prieto\u201d.<\/p>\n<p style=\"text-align: justify;\">De quienes perdieron la vida, cuatro eran de sexo femenino y dos masculino \u2013 entre ellos supuestamente un menor de 15 o 16 a\u00f1os-.<\/p>\n<p style=\"text-align: justify;\">Como versi\u00f3n extraoficial se coment\u00f3 que el conductor pudo haberse quedado dormido, lo que ocasion\u00f3 que saliera de la carretera.<\/p>\n<p style=\"text-align: justify;\">Trascendi\u00f3 de igual forma que despu\u00e9s del accidente, \u00e9ste se dirigi\u00f3 a la carretera, hizo la parada a un tr\u00e1iler, subi\u00f3 y de esa forma escap\u00f3.<\/p>\n<p style=\"text-align: justify;\">Los hechos ya relatados derivaron en intensa movilizaci\u00f3n polic\u00edaca de personal de Mexquitic de Carmona, Guardia Civil Estatal, Guardia Nacional, Cruz Roja Mexicana, Bomberos, Protecci\u00f3n Civil Estatal, entre otros cuerpos de rescate.<\/p>\n<p style=\"text-align: justify;\">Y periciales, as\u00ed como miembros del Instituto Nacional de Migraci\u00f3n (INM) y del Instituto de Migraci\u00f3n y Enlace Internacional (IMEI).<\/p>\n<p style=\"text-align: justify;\">Funcionariado arrib\u00f3 tanto v\u00eda terrestre como a\u00e9rea.<\/p>\n<p style=\"text-align: justify;\">Es importante precisar que aunque los datos estatales arrojaban el rescate de 15 personas -\u00e9stas con vida- a nivel municipal la cifra dist\u00f3. Por ello a trav\u00e9s de este espacio se menciona que fueron 35 aparentemente los lesionados.<\/p>\n<p style=\"text-align: justify;\">En la zona quedaron se\u00f1as o rastro del trayecto de la unidad al descender; as\u00ed como la barrera de contenci\u00f3n destrozada.<\/p>\n<p style=\"text-align: justify;\">Las personas heridas fueron trasladas en ambulancia, al tiempo que se procedi\u00f3 al rescate de los cuerpos.<\/p>\n<p style=\"text-align: justify;\">El autob\u00fas impactado en cada \u00e1ngulo, qued\u00f3 recargado en el costado derecho.<\/p>\n<p style=\"text-align: justify;\">Posteriormente lleg\u00f3 una gr\u00faa y los presentes se organizaron para asegurar la unidad y poder enderezarla.<\/p>\n<p style=\"text-align: justify;\">As\u00ed desplegaron diversas labores para sacarle del sitio.<\/p>\n<p style=\"text-align: justify;\">La coordinaci\u00f3n se mantuvo a lo largo de la intervenci\u00f3n en la zona.<\/p>\n<p style=\"text-align: justify;\">Por: Paulina Rodr\u00edguez<\/p>\n","protected":false},"excerpt":{"rendered":"<p>Chofer se dio a la fuga. SLP.- Pierde el control autob\u00fas y vuelca tras caer en un barranco en la carretera a Zacatecas -a la altura de Mexquitic de Carmona- con saldo de alrededor de 35 heridos y seis fallecidos. La mayor\u00eda de las personas que abordaban la unidad eran indocumentadas y el chofer se dio a la fuga. De los 35 lesionados, al parecer hab\u00eda cinco o seis infantes. Se les traslad\u00f3 al Hospital Central \u201cDr. Ignacio Morones Prieto\u201d. De quienes perdieron la vida, cuatro eran de sexo femenino y dos masculino \u2013 entre ellos supuestamente un menor de [&hellip;]<\/p>\n","protected":false},"author":2,"featured_media":61364,"comment_status":"closed","ping_status":"closed","sticky":false,"template":"","format":"standard","meta":{"footnotes":""},"categories":[1],"tags":[],"class_list":["post-61363","post","type-post","status-publish","format-standard","has-post-thumbnail","hentry","category-uncategorized","post--single"],"yoast_head":"<!-- This site is optimized with the Yoast SEO plugin v27.5 - https:\/\/yoast.com\/product\/yoast-seo-wordpress\/ -->\n<title>Autob\u00fas con indocumentados vuelca en carretera a Zacatecas\u2026 hay decenas de heridos y seis personas perdieron la vida. - Canal 7 SLP - 2022<\/title>\n<meta name=\"robots\" content=\"index, follow, max-snippet:-1, max-image-preview:large, max-video-preview:-1\" \/>\n<link rel=\"canonical\" href=\"https:\/\/canal7slp.tv\/2022\/autobus-con-indocumentados-vuelca-en-carretera-a-zacatecas-hay-decenas-de-heridos-y-seis-personas-perdieron-la-vida\/\" \/>\n<meta property=\"og:locale\" content=\"es_ES\" \/>\n<meta property=\"og:type\" content=\"article\" \/>\n<meta property=\"og:title\" content=\"Autob\u00fas con indocumentados vuelca en carretera a Zacatecas\u2026 hay decenas de heridos y seis personas perdieron la vida. - Canal 7 SLP - 2022\" \/>\n<meta property=\"og:description\" content=\"Chofer se dio a la fuga. SLP.- Pierde el control autob\u00fas y vuelca tras caer en un barranco en la carretera a Zacatecas -a la altura de Mexquitic de Carmona- con saldo de alrededor de 35 heridos y seis fallecidos. La mayor\u00eda de las personas que abordaban la unidad eran indocumentadas y el chofer se dio a la fuga. De los 35 lesionados, al parecer hab\u00eda cinco o seis infantes. Se les traslad\u00f3 al Hospital Central \u201cDr. Ignacio Morones Prieto\u201d. De quienes perdieron la vida, cuatro eran de sexo femenino y dos masculino \u2013 entre ellos supuestamente un menor de [&hellip;]\" \/>\n<meta property=\"og:url\" content=\"https:\/\/canal7slp.tv\/2022\/autobus-con-indocumentados-vuelca-en-carretera-a-zacatecas-hay-decenas-de-heridos-y-seis-personas-perdieron-la-vida\/\" \/>\n<meta property=\"og:site_name\" content=\"Canal 7 SLP - 2022\" \/>\n<meta property=\"article:publisher\" content=\"https:\/\/www.facebook.com\/noticieroscanalsiete\" \/>\n<meta property=\"article:published_time\" content=\"2022-05-25T22:10:29+00:00\" \/>\n<meta property=\"og:image\" content=\"https:\/\/canal7slp.tv\/2022\/wp-content\/uploads\/2022\/05\/Pau01Accidente.jpg\" \/>\n\t<meta property=\"og:image:width\" content=\"888\" \/>\n\t<meta property=\"og:image:height\" content=\"500\" \/>\n\t<meta property=\"og:image:type\" content=\"image\/jpeg\" \/>\n<meta name=\"author\" content=\"Edici\u00f3n Web\" \/>\n<meta name=\"twitter:card\" content=\"summary_large_image\" \/>\n<meta name=\"twitter:creator\" content=\"@NOTICIEROS7\" \/>\n<meta name=\"twitter:site\" content=\"@NOTICIEROS7\" \/>\n<meta name=\"twitter:label1\" content=\"Escrito por\" \/>\n\t<meta name=\"twitter:data1\" content=\"Edici\u00f3n Web\" \/>\n\t<meta name=\"twitter:label2\" content=\"Tiempo de lectura\" \/>\n\t<meta name=\"twitter:data2\" content=\"2 minutos\" \/>\n<script type=\"application\/ld+json\" class=\"yoast-schema-graph\">{\"@context\":\"https:\\\/\\\/schema.org\",\"@graph\":[{\"@type\":\"Article\",\"@id\":\"https:\\\/\\\/canal7slp.tv\\\/2022\\\/autobus-con-indocumentados-vuelca-en-carretera-a-zacatecas-hay-decenas-de-heridos-y-seis-personas-perdieron-la-vida\\\/#article\",\"isPartOf\":{\"@id\":\"https:\\\/\\\/canal7slp.tv\\\/2022\\\/autobus-con-indocumentados-vuelca-en-carretera-a-zacatecas-hay-decenas-de-heridos-y-seis-personas-perdieron-la-vida\\\/\"},\"author\":{\"name\":\"Edici\u00f3n Web\",\"@id\":\"https:\\\/\\\/canal7slp.tv\\\/2022\\\/#\\\/schema\\\/person\\\/429704152a21f5f856ce29aa69a238da\"},\"headline\":\"Autob\u00fas con indocumentados vuelca en carretera a Zacatecas\u2026 hay decenas de heridos y seis personas perdieron la vida.\",\"datePublished\":\"2022-05-25T22:10:29+00:00\",\"mainEntityOfPage\":{\"@id\":\"https:\\\/\\\/canal7slp.tv\\\/2022\\\/autobus-con-indocumentados-vuelca-en-carretera-a-zacatecas-hay-decenas-de-heridos-y-seis-personas-perdieron-la-vida\\\/\"},\"wordCount\":373,\"publisher\":{\"@id\":\"https:\\\/\\\/canal7slp.tv\\\/2022\\\/#organization\"},\"image\":{\"@id\":\"https:\\\/\\\/canal7slp.tv\\\/2022\\\/autobus-con-indocumentados-vuelca-en-carretera-a-zacatecas-hay-decenas-de-heridos-y-seis-personas-perdieron-la-vida\\\/#primaryimage\"},\"thumbnailUrl\":\"https:\\\/\\\/canal7slp.tv\\\/2022\\\/wp-content\\\/uploads\\\/2022\\\/05\\\/Pau01Accidente.jpg\",\"articleSection\":[\"Uncategorized\"],\"inLanguage\":\"es\"},{\"@type\":\"WebPage\",\"@id\":\"https:\\\/\\\/canal7slp.tv\\\/2022\\\/autobus-con-indocumentados-vuelca-en-carretera-a-zacatecas-hay-decenas-de-heridos-y-seis-personas-perdieron-la-vida\\\/\",\"url\":\"https:\\\/\\\/canal7slp.tv\\\/2022\\\/autobus-con-indocumentados-vuelca-en-carretera-a-zacatecas-hay-decenas-de-heridos-y-seis-personas-perdieron-la-vida\\\/\",\"name\":\"Autob\u00fas con indocumentados vuelca en carretera a Zacatecas\u2026 hay decenas de heridos y seis personas perdieron la vida. - Canal 7 SLP - 2022\",\"isPartOf\":{\"@id\":\"https:\\\/\\\/canal7slp.tv\\\/2022\\\/#website\"},\"primaryImageOfPage\":{\"@id\":\"https:\\\/\\\/canal7slp.tv\\\/2022\\\/autobus-con-indocumentados-vuelca-en-carretera-a-zacatecas-hay-decenas-de-heridos-y-seis-personas-perdieron-la-vida\\\/#primaryimage\"},\"image\":{\"@id\":\"https:\\\/\\\/canal7slp.tv\\\/2022\\\/autobus-con-indocumentados-vuelca-en-carretera-a-zacatecas-hay-decenas-de-heridos-y-seis-personas-perdieron-la-vida\\\/#primaryimage\"},\"thumbnailUrl\":\"https:\\\/\\\/canal7slp.tv\\\/2022\\\/wp-content\\\/uploads\\\/2022\\\/05\\\/Pau01Accidente.jpg\",\"datePublished\":\"2022-05-25T22:10:29+00:00\",\"breadcrumb\":{\"@id\":\"https:\\\/\\\/canal7slp.tv\\\/2022\\\/autobus-con-indocumentados-vuelca-en-carretera-a-zacatecas-hay-decenas-de-heridos-y-seis-personas-perdieron-la-vida\\\/#breadcrumb\"},\"inLanguage\":\"es\",\"potentialAction\":[{\"@type\":\"ReadAction\",\"target\":[\"https:\\\/\\\/canal7slp.tv\\\/2022\\\/autobus-con-indocumentados-vuelca-en-carretera-a-zacatecas-hay-decenas-de-heridos-y-seis-personas-perdieron-la-vida\\\/\"]}]},{\"@type\":\"ImageObject\",\"inLanguage\":\"es\",\"@id\":\"https:\\\/\\\/canal7slp.tv\\\/2022\\\/autobus-con-indocumentados-vuelca-en-carretera-a-zacatecas-hay-decenas-de-heridos-y-seis-personas-perdieron-la-vida\\\/#primaryimage\",\"url\":\"https:\\\/\\\/canal7slp.tv\\\/2022\\\/wp-content\\\/uploads\\\/2022\\\/05\\\/Pau01Accidente.jpg\",\"contentUrl\":\"https:\\\/\\\/canal7slp.tv\\\/2022\\\/wp-content\\\/uploads\\\/2022\\\/05\\\/Pau01Accidente.jpg\",\"width\":888,\"height\":500},{\"@type\":\"BreadcrumbList\",\"@id\":\"https:\\\/\\\/canal7slp.tv\\\/2022\\\/autobus-con-indocumentados-vuelca-en-carretera-a-zacatecas-hay-decenas-de-heridos-y-seis-personas-perdieron-la-vida\\\/#breadcrumb\",\"itemListElement\":[{\"@type\":\"ListItem\",\"position\":1,\"name\":\"Portada\",\"item\":\"https:\\\/\\\/canal7slp.tv\\\/2022\\\/\"},{\"@type\":\"ListItem\",\"position\":2,\"name\":\"Autob\u00fas con indocumentados vuelca en carretera a Zacatecas\u2026 hay decenas de heridos y seis personas perdieron la vida.\"}]},{\"@type\":\"WebSite\",\"@id\":\"https:\\\/\\\/canal7slp.tv\\\/2022\\\/#website\",\"url\":\"https:\\\/\\\/canal7slp.tv\\\/2022\\\/\",\"name\":\"N7 - Noticieros Canal 7\",\"description\":\"Somos Televisi\u00f3n\",\"publisher\":{\"@id\":\"https:\\\/\\\/canal7slp.tv\\\/2022\\\/#organization\"},\"potentialAction\":[{\"@type\":\"SearchAction\",\"target\":{\"@type\":\"EntryPoint\",\"urlTemplate\":\"https:\\\/\\\/canal7slp.tv\\\/2022\\\/?s={search_term_string}\"},\"query-input\":{\"@type\":\"PropertyValueSpecification\",\"valueRequired\":true,\"valueName\":\"search_term_string\"}}],\"inLanguage\":\"es\"},{\"@type\":\"Organization\",\"@id\":\"https:\\\/\\\/canal7slp.tv\\\/2022\\\/#organization\",\"name\":\"Noticieros Canal 7\",\"url\":\"https:\\\/\\\/canal7slp.tv\\\/2022\\\/\",\"logo\":{\"@type\":\"ImageObject\",\"inLanguage\":\"es\",\"@id\":\"https:\\\/\\\/canal7slp.tv\\\/2022\\\/#\\\/schema\\\/logo\\\/image\\\/\",\"url\":\"https:\\\/\\\/canal7slp.tv\\\/2022\\\/wp-content\\\/uploads\\\/2021\\\/01\\\/logo-noticieros@2x.png\",\"contentUrl\":\"https:\\\/\\\/canal7slp.tv\\\/2022\\\/wp-content\\\/uploads\\\/2021\\\/01\\\/logo-noticieros@2x.png\",\"width\":1017,\"height\":268,\"caption\":\"Noticieros Canal 7\"},\"image\":{\"@id\":\"https:\\\/\\\/canal7slp.tv\\\/2022\\\/#\\\/schema\\\/logo\\\/image\\\/\"},\"sameAs\":[\"https:\\\/\\\/www.facebook.com\\\/noticieroscanalsiete\",\"https:\\\/\\\/x.com\\\/NOTICIEROS7\",\"https:\\\/\\\/www.instagram.com\\\/canal7_slp\",\"https:\\\/\\\/www.youtube.com\\\/channel\\\/UCliiYs-gP3JfJeqdPrNdd5A\"]},{\"@type\":\"Person\",\"@id\":\"https:\\\/\\\/canal7slp.tv\\\/2022\\\/#\\\/schema\\\/person\\\/429704152a21f5f856ce29aa69a238da\",\"name\":\"Edici\u00f3n Web\",\"image\":{\"@type\":\"ImageObject\",\"inLanguage\":\"es\",\"@id\":\"https:\\\/\\\/secure.gravatar.com\\\/avatar\\\/eee448fc3f7164808013b816ba91ac7e43bbe82a70bebac296f8bc6f0addaa1a?s=96&d=mm&r=g\",\"url\":\"https:\\\/\\\/secure.gravatar.com\\\/avatar\\\/eee448fc3f7164808013b816ba91ac7e43bbe82a70bebac296f8bc6f0addaa1a?s=96&d=mm&r=g\",\"contentUrl\":\"https:\\\/\\\/secure.gravatar.com\\\/avatar\\\/eee448fc3f7164808013b816ba91ac7e43bbe82a70bebac296f8bc6f0addaa1a?s=96&d=mm&r=g\",\"caption\":\"Edici\u00f3n Web\"},\"url\":\"https:\\\/\\\/canal7slp.tv\\\/2022\\\/author\\\/edicionweb\\\/\"}]}<\/script>\n<!-- \/ Yoast SEO plugin. -->","yoast_head_json":{"title":"Autob\u00fas con indocumentados vuelca en carretera a Zacatecas\u2026 hay decenas de heridos y seis personas perdieron la vida. - Canal 7 SLP - 2022","robots":{"index":"index","follow":"follow","max-snippet":"max-snippet:-1","max-image-preview":"max-image-preview:large","max-video-preview":"max-video-preview:-1"},"canonical":"https:\/\/canal7slp.tv\/2022\/autobus-con-indocumentados-vuelca-en-carretera-a-zacatecas-hay-decenas-de-heridos-y-seis-personas-perdieron-la-vida\/","og_locale":"es_ES","og_type":"article","og_title":"Autob\u00fas con indocumentados vuelca en carretera a Zacatecas\u2026 hay decenas de heridos y seis personas perdieron la vida. - Canal 7 SLP - 2022","og_description":"Chofer se dio a la fuga. SLP.- Pierde el control autob\u00fas y vuelca tras caer en un barranco en la carretera a Zacatecas -a la altura de Mexquitic de Carmona- con saldo de alrededor de 35 heridos y seis fallecidos. La mayor\u00eda de las personas que abordaban la unidad eran indocumentadas y el chofer se dio a la fuga. De los 35 lesionados, al parecer hab\u00eda cinco o seis infantes. Se les traslad\u00f3 al Hospital Central \u201cDr. Ignacio Morones Prieto\u201d. De quienes perdieron la vida, cuatro eran de sexo femenino y dos masculino \u2013 entre ellos supuestamente un menor de [&hellip;]","og_url":"https:\/\/canal7slp.tv\/2022\/autobus-con-indocumentados-vuelca-en-carretera-a-zacatecas-hay-decenas-de-heridos-y-seis-personas-perdieron-la-vida\/","og_site_name":"Canal 7 SLP - 2022","article_publisher":"https:\/\/www.facebook.com\/noticieroscanalsiete","article_published_time":"2022-05-25T22:10:29+00:00","og_image":[{"width":888,"height":500,"url":"https:\/\/canal7slp.tv\/2022\/wp-content\/uploads\/2022\/05\/Pau01Accidente.jpg","type":"image\/jpeg"}],"author":"Edici\u00f3n Web","twitter_card":"summary_large_image","twitter_creator":"@NOTICIEROS7","twitter_site":"@NOTICIEROS7","twitter_misc":{"Escrito por":"Edici\u00f3n Web","Tiempo de lectura":"2 minutos"},"schema":{"@context":"https:\/\/schema.org","@graph":[{"@type":"Article","@id":"https:\/\/canal7slp.tv\/2022\/autobus-con-indocumentados-vuelca-en-carretera-a-zacatecas-hay-decenas-de-heridos-y-seis-personas-perdieron-la-vida\/#article","isPartOf":{"@id":"https:\/\/canal7slp.tv\/2022\/autobus-con-indocumentados-vuelca-en-carretera-a-zacatecas-hay-decenas-de-heridos-y-seis-personas-perdieron-la-vida\/"},"author":{"name":"Edici\u00f3n Web","@id":"https:\/\/canal7slp.tv\/2022\/#\/schema\/person\/429704152a21f5f856ce29aa69a238da"},"headline":"Autob\u00fas con indocumentados vuelca en carretera a Zacatecas\u2026 hay decenas de heridos y seis personas perdieron la vida.","datePublished":"2022-05-25T22:10:29+00:00","mainEntityOfPage":{"@id":"https:\/\/canal7slp.tv\/2022\/autobus-con-indocumentados-vuelca-en-carretera-a-zacatecas-hay-decenas-de-heridos-y-seis-personas-perdieron-la-vida\/"},"wordCount":373,"publisher":{"@id":"https:\/\/canal7slp.tv\/2022\/#organization"},"image":{"@id":"https:\/\/canal7slp.tv\/2022\/autobus-con-indocumentados-vuelca-en-carretera-a-zacatecas-hay-decenas-de-heridos-y-seis-personas-perdieron-la-vida\/#primaryimage"},"thumbnailUrl":"https:\/\/canal7slp.tv\/2022\/wp-content\/uploads\/2022\/05\/Pau01Accidente.jpg","articleSection":["Uncategorized"],"inLanguage":"es"},{"@type":"WebPage","@id":"https:\/\/canal7slp.tv\/2022\/autobus-con-indocumentados-vuelca-en-carretera-a-zacatecas-hay-decenas-de-heridos-y-seis-personas-perdieron-la-vida\/","url":"https:\/\/canal7slp.tv\/2022\/autobus-con-indocumentados-vuelca-en-carretera-a-zacatecas-hay-decenas-de-heridos-y-seis-personas-perdieron-la-vida\/","name":"Autob\u00fas con indocumentados vuelca en carretera a Zacatecas\u2026 hay decenas de heridos y seis personas perdieron la vida. - Canal 7 SLP - 2022","isPartOf":{"@id":"https:\/\/canal7slp.tv\/2022\/#website"},"primaryImageOfPage":{"@id":"https:\/\/canal7slp.tv\/2022\/autobus-con-indocumentados-vuelca-en-carretera-a-zacatecas-hay-decenas-de-heridos-y-seis-personas-perdieron-la-vida\/#primaryimage"},"image":{"@id":"https:\/\/canal7slp.tv\/2022\/autobus-con-indocumentados-vuelca-en-carretera-a-zacatecas-hay-decenas-de-heridos-y-seis-personas-perdieron-la-vida\/#primaryimage"},"thumbnailUrl":"https:\/\/canal7slp.tv\/2022\/wp-content\/uploads\/2022\/05\/Pau01Accidente.jpg","datePublished":"2022-05-25T22:10:29+00:00","breadcrumb":{"@id":"https:\/\/canal7slp.tv\/2022\/autobus-con-indocumentados-vuelca-en-carretera-a-zacatecas-hay-decenas-de-heridos-y-seis-personas-perdieron-la-vida\/#breadcrumb"},"inLanguage":"es","potentialAction":[{"@type":"ReadAction","target":["https:\/\/canal7slp.tv\/2022\/autobus-con-indocumentados-vuelca-en-carretera-a-zacatecas-hay-decenas-de-heridos-y-seis-personas-perdieron-la-vida\/"]}]},{"@type":"ImageObject","inLanguage":"es","@id":"https:\/\/canal7slp.tv\/2022\/autobus-con-indocumentados-vuelca-en-carretera-a-zacatecas-hay-decenas-de-heridos-y-seis-personas-perdieron-la-vida\/#primaryimage","url":"https:\/\/canal7slp.tv\/2022\/wp-content\/uploads\/2022\/05\/Pau01Accidente.jpg","contentUrl":"https:\/\/canal7slp.tv\/2022\/wp-content\/uploads\/2022\/05\/Pau01Accidente.jpg","width":888,"height":500},{"@type":"BreadcrumbList","@id":"https:\/\/canal7slp.tv\/2022\/autobus-con-indocumentados-vuelca-en-carretera-a-zacatecas-hay-decenas-de-heridos-y-seis-personas-perdieron-la-vida\/#breadcrumb","itemListElement":[{"@type":"ListItem","position":1,"name":"Portada","item":"https:\/\/canal7slp.tv\/2022\/"},{"@type":"ListItem","position":2,"name":"Autob\u00fas con indocumentados vuelca en carretera a Zacatecas\u2026 hay decenas de heridos y seis personas perdieron la vida."}]},{"@type":"WebSite","@id":"https:\/\/canal7slp.tv\/2022\/#website","url":"https:\/\/canal7slp.tv\/2022\/","name":"N7 - Noticieros Canal 7","description":"Somos Televisi\u00f3n","publisher":{"@id":"https:\/\/canal7slp.tv\/2022\/#organization"},"potentialAction":[{"@type":"SearchAction","target":{"@type":"EntryPoint","urlTemplate":"https:\/\/canal7slp.tv\/2022\/?s={search_term_string}"},"query-input":{"@type":"PropertyValueSpecification","valueRequired":true,"valueName":"search_term_string"}}],"inLanguage":"es"},{"@type":"Organization","@id":"https:\/\/canal7slp.tv\/2022\/#organization","name":"Noticieros Canal 7","url":"https:\/\/canal7slp.tv\/2022\/","logo":{"@type":"ImageObject","inLanguage":"es","@id":"https:\/\/canal7slp.tv\/2022\/#\/schema\/logo\/image\/","url":"https:\/\/canal7slp.tv\/2022\/wp-content\/uploads\/2021\/01\/logo-noticieros@2x.png","contentUrl":"https:\/\/canal7slp.tv\/2022\/wp-content\/uploads\/2021\/01\/logo-noticieros@2x.png","width":1017,"height":268,"caption":"Noticieros Canal 7"},"image":{"@id":"https:\/\/canal7slp.tv\/2022\/#\/schema\/logo\/image\/"},"sameAs":["https:\/\/www.facebook.com\/noticieroscanalsiete","https:\/\/x.com\/NOTICIEROS7","https:\/\/www.instagram.com\/canal7_slp","https:\/\/www.youtube.com\/channel\/UCliiYs-gP3JfJeqdPrNdd5A"]},{"@type":"Person","@id":"https:\/\/canal7slp.tv\/2022\/#\/schema\/person\/429704152a21f5f856ce29aa69a238da","name":"Edici\u00f3n Web","image":{"@type":"ImageObject","inLanguage":"es","@id":"https:\/\/secure.gravatar.com\/avatar\/eee448fc3f7164808013b816ba91ac7e43bbe82a70bebac296f8bc6f0addaa1a?s=96&d=mm&r=g","url":"https:\/\/secure.gravatar.com\/avatar\/eee448fc3f7164808013b816ba91ac7e43bbe82a70bebac296f8bc6f0addaa1a?s=96&d=mm&r=g","contentUrl":"https:\/\/secure.gravatar.com\/avatar\/eee448fc3f7164808013b816ba91ac7e43bbe82a70bebac296f8bc6f0addaa1a?s=96&d=mm&r=g","caption":"Edici\u00f3n Web"},"url":"https:\/\/canal7slp.tv\/2022\/author\/edicionweb\/"}]}},"amp_enabled":true,"_links":{"self":[{"href":"https:\/\/canal7slp.tv\/2022\/wp-json\/wp\/v2\/posts\/61363","targetHints":{"allow":["GET"]}}],"collection":[{"href":"https:\/\/canal7slp.tv\/2022\/wp-json\/wp\/v2\/posts"}],"about":[{"href":"https:\/\/canal7slp.tv\/2022\/wp-json\/wp\/v2\/types\/post"}],"author":[{"embeddable":true,"href":"https:\/\/canal7slp.tv\/2022\/wp-json\/wp\/v2\/users\/2"}],"replies":[{"embeddable":true,"href":"https:\/\/canal7slp.tv\/2022\/wp-json\/wp\/v2\/comments?post=61363"}],"version-history":[{"count":1,"href":"https:\/\/canal7slp.tv\/2022\/wp-json\/wp\/v2\/posts\/61363\/revisions"}],"predecessor-version":[{"id":61365,"href":"https:\/\/canal7slp.tv\/2022\/wp-json\/wp\/v2\/posts\/61363\/revisions\/61365"}],"wp:featuredmedia":[{"embeddable":true,"href":"https:\/\/canal7slp.tv\/2022\/wp-json\/wp\/v2\/media\/61364"}],"wp:attachment":[{"href":"https:\/\/canal7slp.tv\/2022\/wp-json\/wp\/v2\/media?parent=61363"}],"wp:term":[{"taxonomy":"category","embeddable":true,"href":"https:\/\/canal7slp.tv\/2022\/wp-json\/wp\/v2\/categories?post=61363"},{"taxonomy":"post_tag","embeddable":true,"href":"https:\/\/canal7slp.tv\/2022\/wp-json\/wp\/v2\/tags?post=61363"}],"curies":[{"name":"wp","href":"https:\/\/api.w.org\/{rel}","templated":true}]}}