{"id":61348,"date":"2022-05-25T17:24:15","date_gmt":"2022-05-25T23:24:15","guid":{"rendered":"https:\/\/canal7slp.tv\/2022\/?p=61348"},"modified":"2022-05-25T17:24:15","modified_gmt":"2022-05-25T23:24:15","slug":"san-luis-potosi-sera-sede-de-la-tercera-edicion-del-congreso-internacional-subasta-del-payaso","status":"publish","type":"post","link":"https:\/\/canal7slp.tv\/2022\/san-luis-potosi-sera-sede-de-la-tercera-edicion-del-congreso-internacional-subasta-del-payaso\/","title":{"rendered":"San Luis Potos\u00ed ser\u00e1 sede de la tercera edici\u00f3n del congreso internacional \u201cSubasta del Payaso\u201d."},"content":{"rendered":"<p style=\"text-align: justify;\">SLP.- En rueda de prensa, la Secretar\u00eda de Cultura a trav\u00e9s de la encargada de la Procuraci\u00f3n de Fondos, Roxana Govea, inform\u00f3 que el estado de San Luis Potos\u00ed ser\u00e1 la sede de la tercera edici\u00f3n del congreso internacional \u201cSubasta del Payaso\u201d.<\/p>\n<p style=\"text-align: justify;\">\u201cLa Secretar\u00eda de Cultura agradece el entusiasmo del gremio de las payasitas y payasos del estado de San Luis Potos\u00ed, para celebrar el congreso, la subasta del payaso en su tercera emisi\u00f3n y que tendr\u00e1 lugar como sede este emblem\u00e1tico y bello edificio de la Cineteca Alameda, lo cual nos llena de orgullo para la realizaci\u00f3n de tan importante evento nacional e internacional\u201d, dijo.<\/p>\n<p style=\"text-align: justify;\">Fue Mario S\u00e1nchez Mart\u00ednez, mejor conocido como el Payaso Relojito, quien detall\u00f3 un poco sobre las actividades que se tienen agendadas para este evento.<\/p>\n<p style=\"text-align: justify;\">\u201cVamos a estar en San Luis Potos\u00ed el 25, 26 y 27 de julio haciendo exposiciones, talleres, competencias y pues claro mucha diversi\u00f3n y convivencia para llevar al payaso a otro extremo, hacer una evoluci\u00f3n y cada vez ser mejores para nuestro publico\u201d, agreg\u00f3.<\/p>\n<p style=\"text-align: justify;\">En ese sentido, se destac\u00f3 la realizaci\u00f3n de un desfile de comparsas que se tiene preparado para el \u00faltimo d\u00eda del congreso, as\u00ed como la organizaci\u00f3n de un show de gala en el que los principales invitados ser\u00e1n las peque\u00f1as y peque\u00f1os del DIF estatal.<\/p>\n<p style=\"text-align: justify;\">Por su parte, Brenda Le\u00f3n, quien personaliza a la payasita Bonny Bomb\u00f3n, mencion\u00f3 la importancia de que el gremio de payasos se prepare constantemente como cualquier otra profesi\u00f3n.<\/p>\n<p style=\"text-align: justify;\">\u201cVan a venir grandes expositores, talleristas, conferencistas para el gremio del payaso porque tenemos que evolucionar, para todos los trabajos existe la preparaci\u00f3n y universidades, esta es la universidad del payaso, los congresos donde a trav\u00e9s de los talleres y compartir podemos aprender para mejorar\u201d, termin\u00f3.<\/p>\n<p style=\"text-align: justify;\">Por: Jos\u00e9 Luis V\u00e1zquez<\/p>\n","protected":false},"excerpt":{"rendered":"<p>SLP.- En rueda de prensa, la Secretar\u00eda de Cultura a trav\u00e9s de la encargada de la Procuraci\u00f3n de Fondos, Roxana Govea, inform\u00f3 que el estado de San Luis Potos\u00ed ser\u00e1 la sede de la tercera edici\u00f3n del congreso internacional \u201cSubasta del Payaso\u201d. \u201cLa Secretar\u00eda de Cultura agradece el entusiasmo del gremio de las payasitas y payasos del estado de San Luis Potos\u00ed, para celebrar el congreso, la subasta del payaso en su tercera emisi\u00f3n y que tendr\u00e1 lugar como sede este emblem\u00e1tico y bello edificio de la Cineteca Alameda, lo cual nos llena de orgullo para la realizaci\u00f3n de tan [&hellip;]<\/p>\n","protected":false},"author":2,"featured_media":61375,"comment_status":"closed","ping_status":"closed","sticky":false,"template":"","format":"video","meta":{"footnotes":""},"categories":[5,45],"tags":[],"class_list":["post-61348","post","type-post","status-publish","format-video","has-post-thumbnail","hentry","category-destacadas","category-localesyregionales","post_format-post-format-video","post--single"],"yoast_head":"<!-- This site is optimized with the Yoast SEO plugin v27.5 - https:\/\/yoast.com\/product\/yoast-seo-wordpress\/ -->\n<title>San Luis Potos\u00ed ser\u00e1 sede de la tercera edici\u00f3n del congreso internacional \u201cSubasta del Payaso\u201d. - Canal 7 SLP - 2022<\/title>\n<meta name=\"robots\" content=\"index, follow, max-snippet:-1, max-image-preview:large, max-video-preview:-1\" \/>\n<link rel=\"canonical\" href=\"https:\/\/canal7slp.tv\/2022\/san-luis-potosi-sera-sede-de-la-tercera-edicion-del-congreso-internacional-subasta-del-payaso\/\" \/>\n<meta property=\"og:locale\" content=\"es_ES\" \/>\n<meta property=\"og:type\" content=\"article\" \/>\n<meta property=\"og:title\" content=\"San Luis Potos\u00ed ser\u00e1 sede de la tercera edici\u00f3n del congreso internacional \u201cSubasta del Payaso\u201d. - Canal 7 SLP - 2022\" \/>\n<meta property=\"og:description\" content=\"SLP.- En rueda de prensa, la Secretar\u00eda de Cultura a trav\u00e9s de la encargada de la Procuraci\u00f3n de Fondos, Roxana Govea, inform\u00f3 que el estado de San Luis Potos\u00ed ser\u00e1 la sede de la tercera edici\u00f3n del congreso internacional \u201cSubasta del Payaso\u201d. \u201cLa Secretar\u00eda de Cultura agradece el entusiasmo del gremio de las payasitas y payasos del estado de San Luis Potos\u00ed, para celebrar el congreso, la subasta del payaso en su tercera emisi\u00f3n y que tendr\u00e1 lugar como sede este emblem\u00e1tico y bello edificio de la Cineteca Alameda, lo cual nos llena de orgullo para la realizaci\u00f3n de tan [&hellip;]\" \/>\n<meta property=\"og:url\" content=\"https:\/\/canal7slp.tv\/2022\/san-luis-potosi-sera-sede-de-la-tercera-edicion-del-congreso-internacional-subasta-del-payaso\/\" \/>\n<meta property=\"og:site_name\" content=\"Canal 7 SLP - 2022\" \/>\n<meta property=\"article:publisher\" content=\"https:\/\/www.facebook.com\/noticieroscanalsiete\" \/>\n<meta property=\"article:published_time\" content=\"2022-05-25T23:24:15+00:00\" \/>\n<meta property=\"og:image\" content=\"https:\/\/canal7slp.tv\/2022\/wp-content\/uploads\/2022\/05\/Vazquez05Payasos.jpg\" \/>\n\t<meta property=\"og:image:width\" content=\"888\" \/>\n\t<meta property=\"og:image:height\" content=\"500\" \/>\n\t<meta property=\"og:image:type\" content=\"image\/jpeg\" \/>\n<meta name=\"author\" content=\"Edici\u00f3n Web\" \/>\n<meta name=\"twitter:card\" content=\"summary_large_image\" \/>\n<meta name=\"twitter:creator\" content=\"@NOTICIEROS7\" \/>\n<meta name=\"twitter:site\" content=\"@NOTICIEROS7\" \/>\n<meta name=\"twitter:label1\" content=\"Escrito por\" \/>\n\t<meta name=\"twitter:data1\" content=\"Edici\u00f3n Web\" \/>\n\t<meta name=\"twitter:label2\" content=\"Tiempo de lectura\" \/>\n\t<meta name=\"twitter:data2\" content=\"2 minutos\" \/>\n<script type=\"application\/ld+json\" class=\"yoast-schema-graph\">{\"@context\":\"https:\\\/\\\/schema.org\",\"@graph\":[{\"@type\":\"Article\",\"@id\":\"https:\\\/\\\/canal7slp.tv\\\/2022\\\/san-luis-potosi-sera-sede-de-la-tercera-edicion-del-congreso-internacional-subasta-del-payaso\\\/#article\",\"isPartOf\":{\"@id\":\"https:\\\/\\\/canal7slp.tv\\\/2022\\\/san-luis-potosi-sera-sede-de-la-tercera-edicion-del-congreso-internacional-subasta-del-payaso\\\/\"},\"author\":{\"name\":\"Edici\u00f3n Web\",\"@id\":\"https:\\\/\\\/canal7slp.tv\\\/2022\\\/#\\\/schema\\\/person\\\/429704152a21f5f856ce29aa69a238da\"},\"headline\":\"San Luis Potos\u00ed ser\u00e1 sede de la tercera edici\u00f3n del congreso internacional \u201cSubasta del Payaso\u201d.\",\"datePublished\":\"2022-05-25T23:24:15+00:00\",\"mainEntityOfPage\":{\"@id\":\"https:\\\/\\\/canal7slp.tv\\\/2022\\\/san-luis-potosi-sera-sede-de-la-tercera-edicion-del-congreso-internacional-subasta-del-payaso\\\/\"},\"wordCount\":335,\"publisher\":{\"@id\":\"https:\\\/\\\/canal7slp.tv\\\/2022\\\/#organization\"},\"image\":{\"@id\":\"https:\\\/\\\/canal7slp.tv\\\/2022\\\/san-luis-potosi-sera-sede-de-la-tercera-edicion-del-congreso-internacional-subasta-del-payaso\\\/#primaryimage\"},\"thumbnailUrl\":\"https:\\\/\\\/canal7slp.tv\\\/2022\\\/wp-content\\\/uploads\\\/2022\\\/05\\\/Vazquez05Payasos.jpg\",\"articleSection\":[\"DESTACADAS\",\"LOCALES Y REGIONALES\"],\"inLanguage\":\"es\"},{\"@type\":\"WebPage\",\"@id\":\"https:\\\/\\\/canal7slp.tv\\\/2022\\\/san-luis-potosi-sera-sede-de-la-tercera-edicion-del-congreso-internacional-subasta-del-payaso\\\/\",\"url\":\"https:\\\/\\\/canal7slp.tv\\\/2022\\\/san-luis-potosi-sera-sede-de-la-tercera-edicion-del-congreso-internacional-subasta-del-payaso\\\/\",\"name\":\"San Luis Potos\u00ed ser\u00e1 sede de la tercera edici\u00f3n del congreso internacional \u201cSubasta del Payaso\u201d. - Canal 7 SLP - 2022\",\"isPartOf\":{\"@id\":\"https:\\\/\\\/canal7slp.tv\\\/2022\\\/#website\"},\"primaryImageOfPage\":{\"@id\":\"https:\\\/\\\/canal7slp.tv\\\/2022\\\/san-luis-potosi-sera-sede-de-la-tercera-edicion-del-congreso-internacional-subasta-del-payaso\\\/#primaryimage\"},\"image\":{\"@id\":\"https:\\\/\\\/canal7slp.tv\\\/2022\\\/san-luis-potosi-sera-sede-de-la-tercera-edicion-del-congreso-internacional-subasta-del-payaso\\\/#primaryimage\"},\"thumbnailUrl\":\"https:\\\/\\\/canal7slp.tv\\\/2022\\\/wp-content\\\/uploads\\\/2022\\\/05\\\/Vazquez05Payasos.jpg\",\"datePublished\":\"2022-05-25T23:24:15+00:00\",\"breadcrumb\":{\"@id\":\"https:\\\/\\\/canal7slp.tv\\\/2022\\\/san-luis-potosi-sera-sede-de-la-tercera-edicion-del-congreso-internacional-subasta-del-payaso\\\/#breadcrumb\"},\"inLanguage\":\"es\",\"potentialAction\":[{\"@type\":\"ReadAction\",\"target\":[\"https:\\\/\\\/canal7slp.tv\\\/2022\\\/san-luis-potosi-sera-sede-de-la-tercera-edicion-del-congreso-internacional-subasta-del-payaso\\\/\"]}]},{\"@type\":\"ImageObject\",\"inLanguage\":\"es\",\"@id\":\"https:\\\/\\\/canal7slp.tv\\\/2022\\\/san-luis-potosi-sera-sede-de-la-tercera-edicion-del-congreso-internacional-subasta-del-payaso\\\/#primaryimage\",\"url\":\"https:\\\/\\\/canal7slp.tv\\\/2022\\\/wp-content\\\/uploads\\\/2022\\\/05\\\/Vazquez05Payasos.jpg\",\"contentUrl\":\"https:\\\/\\\/canal7slp.tv\\\/2022\\\/wp-content\\\/uploads\\\/2022\\\/05\\\/Vazquez05Payasos.jpg\",\"width\":888,\"height\":500},{\"@type\":\"BreadcrumbList\",\"@id\":\"https:\\\/\\\/canal7slp.tv\\\/2022\\\/san-luis-potosi-sera-sede-de-la-tercera-edicion-del-congreso-internacional-subasta-del-payaso\\\/#breadcrumb\",\"itemListElement\":[{\"@type\":\"ListItem\",\"position\":1,\"name\":\"Portada\",\"item\":\"https:\\\/\\\/canal7slp.tv\\\/2022\\\/\"},{\"@type\":\"ListItem\",\"position\":2,\"name\":\"San Luis Potos\u00ed ser\u00e1 sede de la tercera edici\u00f3n del congreso internacional \u201cSubasta del Payaso\u201d.\"}]},{\"@type\":\"WebSite\",\"@id\":\"https:\\\/\\\/canal7slp.tv\\\/2022\\\/#website\",\"url\":\"https:\\\/\\\/canal7slp.tv\\\/2022\\\/\",\"name\":\"N7 - Noticieros Canal 7\",\"description\":\"Somos Televisi\u00f3n\",\"publisher\":{\"@id\":\"https:\\\/\\\/canal7slp.tv\\\/2022\\\/#organization\"},\"potentialAction\":[{\"@type\":\"SearchAction\",\"target\":{\"@type\":\"EntryPoint\",\"urlTemplate\":\"https:\\\/\\\/canal7slp.tv\\\/2022\\\/?s={search_term_string}\"},\"query-input\":{\"@type\":\"PropertyValueSpecification\",\"valueRequired\":true,\"valueName\":\"search_term_string\"}}],\"inLanguage\":\"es\"},{\"@type\":\"Organization\",\"@id\":\"https:\\\/\\\/canal7slp.tv\\\/2022\\\/#organization\",\"name\":\"Noticieros Canal 7\",\"url\":\"https:\\\/\\\/canal7slp.tv\\\/2022\\\/\",\"logo\":{\"@type\":\"ImageObject\",\"inLanguage\":\"es\",\"@id\":\"https:\\\/\\\/canal7slp.tv\\\/2022\\\/#\\\/schema\\\/logo\\\/image\\\/\",\"url\":\"https:\\\/\\\/canal7slp.tv\\\/2022\\\/wp-content\\\/uploads\\\/2021\\\/01\\\/logo-noticieros@2x.png\",\"contentUrl\":\"https:\\\/\\\/canal7slp.tv\\\/2022\\\/wp-content\\\/uploads\\\/2021\\\/01\\\/logo-noticieros@2x.png\",\"width\":1017,\"height\":268,\"caption\":\"Noticieros Canal 7\"},\"image\":{\"@id\":\"https:\\\/\\\/canal7slp.tv\\\/2022\\\/#\\\/schema\\\/logo\\\/image\\\/\"},\"sameAs\":[\"https:\\\/\\\/www.facebook.com\\\/noticieroscanalsiete\",\"https:\\\/\\\/x.com\\\/NOTICIEROS7\",\"https:\\\/\\\/www.instagram.com\\\/canal7_slp\",\"https:\\\/\\\/www.youtube.com\\\/channel\\\/UCliiYs-gP3JfJeqdPrNdd5A\"]},{\"@type\":\"Person\",\"@id\":\"https:\\\/\\\/canal7slp.tv\\\/2022\\\/#\\\/schema\\\/person\\\/429704152a21f5f856ce29aa69a238da\",\"name\":\"Edici\u00f3n Web\",\"image\":{\"@type\":\"ImageObject\",\"inLanguage\":\"es\",\"@id\":\"https:\\\/\\\/secure.gravatar.com\\\/avatar\\\/eee448fc3f7164808013b816ba91ac7e43bbe82a70bebac296f8bc6f0addaa1a?s=96&d=mm&r=g\",\"url\":\"https:\\\/\\\/secure.gravatar.com\\\/avatar\\\/eee448fc3f7164808013b816ba91ac7e43bbe82a70bebac296f8bc6f0addaa1a?s=96&d=mm&r=g\",\"contentUrl\":\"https:\\\/\\\/secure.gravatar.com\\\/avatar\\\/eee448fc3f7164808013b816ba91ac7e43bbe82a70bebac296f8bc6f0addaa1a?s=96&d=mm&r=g\",\"caption\":\"Edici\u00f3n Web\"},\"url\":\"https:\\\/\\\/canal7slp.tv\\\/2022\\\/author\\\/edicionweb\\\/\"}]}<\/script>\n<!-- \/ Yoast SEO plugin. -->","yoast_head_json":{"title":"San Luis Potos\u00ed ser\u00e1 sede de la tercera edici\u00f3n del congreso internacional \u201cSubasta del Payaso\u201d. - Canal 7 SLP - 2022","robots":{"index":"index","follow":"follow","max-snippet":"max-snippet:-1","max-image-preview":"max-image-preview:large","max-video-preview":"max-video-preview:-1"},"canonical":"https:\/\/canal7slp.tv\/2022\/san-luis-potosi-sera-sede-de-la-tercera-edicion-del-congreso-internacional-subasta-del-payaso\/","og_locale":"es_ES","og_type":"article","og_title":"San Luis Potos\u00ed ser\u00e1 sede de la tercera edici\u00f3n del congreso internacional \u201cSubasta del Payaso\u201d. - Canal 7 SLP - 2022","og_description":"SLP.- En rueda de prensa, la Secretar\u00eda de Cultura a trav\u00e9s de la encargada de la Procuraci\u00f3n de Fondos, Roxana Govea, inform\u00f3 que el estado de San Luis Potos\u00ed ser\u00e1 la sede de la tercera edici\u00f3n del congreso internacional \u201cSubasta del Payaso\u201d. \u201cLa Secretar\u00eda de Cultura agradece el entusiasmo del gremio de las payasitas y payasos del estado de San Luis Potos\u00ed, para celebrar el congreso, la subasta del payaso en su tercera emisi\u00f3n y que tendr\u00e1 lugar como sede este emblem\u00e1tico y bello edificio de la Cineteca Alameda, lo cual nos llena de orgullo para la realizaci\u00f3n de tan [&hellip;]","og_url":"https:\/\/canal7slp.tv\/2022\/san-luis-potosi-sera-sede-de-la-tercera-edicion-del-congreso-internacional-subasta-del-payaso\/","og_site_name":"Canal 7 SLP - 2022","article_publisher":"https:\/\/www.facebook.com\/noticieroscanalsiete","article_published_time":"2022-05-25T23:24:15+00:00","og_image":[{"width":888,"height":500,"url":"https:\/\/canal7slp.tv\/2022\/wp-content\/uploads\/2022\/05\/Vazquez05Payasos.jpg","type":"image\/jpeg"}],"author":"Edici\u00f3n Web","twitter_card":"summary_large_image","twitter_creator":"@NOTICIEROS7","twitter_site":"@NOTICIEROS7","twitter_misc":{"Escrito por":"Edici\u00f3n Web","Tiempo de lectura":"2 minutos"},"schema":{"@context":"https:\/\/schema.org","@graph":[{"@type":"Article","@id":"https:\/\/canal7slp.tv\/2022\/san-luis-potosi-sera-sede-de-la-tercera-edicion-del-congreso-internacional-subasta-del-payaso\/#article","isPartOf":{"@id":"https:\/\/canal7slp.tv\/2022\/san-luis-potosi-sera-sede-de-la-tercera-edicion-del-congreso-internacional-subasta-del-payaso\/"},"author":{"name":"Edici\u00f3n Web","@id":"https:\/\/canal7slp.tv\/2022\/#\/schema\/person\/429704152a21f5f856ce29aa69a238da"},"headline":"San Luis Potos\u00ed ser\u00e1 sede de la tercera edici\u00f3n del congreso internacional \u201cSubasta del Payaso\u201d.","datePublished":"2022-05-25T23:24:15+00:00","mainEntityOfPage":{"@id":"https:\/\/canal7slp.tv\/2022\/san-luis-potosi-sera-sede-de-la-tercera-edicion-del-congreso-internacional-subasta-del-payaso\/"},"wordCount":335,"publisher":{"@id":"https:\/\/canal7slp.tv\/2022\/#organization"},"image":{"@id":"https:\/\/canal7slp.tv\/2022\/san-luis-potosi-sera-sede-de-la-tercera-edicion-del-congreso-internacional-subasta-del-payaso\/#primaryimage"},"thumbnailUrl":"https:\/\/canal7slp.tv\/2022\/wp-content\/uploads\/2022\/05\/Vazquez05Payasos.jpg","articleSection":["DESTACADAS","LOCALES Y REGIONALES"],"inLanguage":"es"},{"@type":"WebPage","@id":"https:\/\/canal7slp.tv\/2022\/san-luis-potosi-sera-sede-de-la-tercera-edicion-del-congreso-internacional-subasta-del-payaso\/","url":"https:\/\/canal7slp.tv\/2022\/san-luis-potosi-sera-sede-de-la-tercera-edicion-del-congreso-internacional-subasta-del-payaso\/","name":"San Luis Potos\u00ed ser\u00e1 sede de la tercera edici\u00f3n del congreso internacional \u201cSubasta del Payaso\u201d. - Canal 7 SLP - 2022","isPartOf":{"@id":"https:\/\/canal7slp.tv\/2022\/#website"},"primaryImageOfPage":{"@id":"https:\/\/canal7slp.tv\/2022\/san-luis-potosi-sera-sede-de-la-tercera-edicion-del-congreso-internacional-subasta-del-payaso\/#primaryimage"},"image":{"@id":"https:\/\/canal7slp.tv\/2022\/san-luis-potosi-sera-sede-de-la-tercera-edicion-del-congreso-internacional-subasta-del-payaso\/#primaryimage"},"thumbnailUrl":"https:\/\/canal7slp.tv\/2022\/wp-content\/uploads\/2022\/05\/Vazquez05Payasos.jpg","datePublished":"2022-05-25T23:24:15+00:00","breadcrumb":{"@id":"https:\/\/canal7slp.tv\/2022\/san-luis-potosi-sera-sede-de-la-tercera-edicion-del-congreso-internacional-subasta-del-payaso\/#breadcrumb"},"inLanguage":"es","potentialAction":[{"@type":"ReadAction","target":["https:\/\/canal7slp.tv\/2022\/san-luis-potosi-sera-sede-de-la-tercera-edicion-del-congreso-internacional-subasta-del-payaso\/"]}]},{"@type":"ImageObject","inLanguage":"es","@id":"https:\/\/canal7slp.tv\/2022\/san-luis-potosi-sera-sede-de-la-tercera-edicion-del-congreso-internacional-subasta-del-payaso\/#primaryimage","url":"https:\/\/canal7slp.tv\/2022\/wp-content\/uploads\/2022\/05\/Vazquez05Payasos.jpg","contentUrl":"https:\/\/canal7slp.tv\/2022\/wp-content\/uploads\/2022\/05\/Vazquez05Payasos.jpg","width":888,"height":500},{"@type":"BreadcrumbList","@id":"https:\/\/canal7slp.tv\/2022\/san-luis-potosi-sera-sede-de-la-tercera-edicion-del-congreso-internacional-subasta-del-payaso\/#breadcrumb","itemListElement":[{"@type":"ListItem","position":1,"name":"Portada","item":"https:\/\/canal7slp.tv\/2022\/"},{"@type":"ListItem","position":2,"name":"San Luis Potos\u00ed ser\u00e1 sede de la tercera edici\u00f3n del congreso internacional \u201cSubasta del Payaso\u201d."}]},{"@type":"WebSite","@id":"https:\/\/canal7slp.tv\/2022\/#website","url":"https:\/\/canal7slp.tv\/2022\/","name":"N7 - Noticieros Canal 7","description":"Somos Televisi\u00f3n","publisher":{"@id":"https:\/\/canal7slp.tv\/2022\/#organization"},"potentialAction":[{"@type":"SearchAction","target":{"@type":"EntryPoint","urlTemplate":"https:\/\/canal7slp.tv\/2022\/?s={search_term_string}"},"query-input":{"@type":"PropertyValueSpecification","valueRequired":true,"valueName":"search_term_string"}}],"inLanguage":"es"},{"@type":"Organization","@id":"https:\/\/canal7slp.tv\/2022\/#organization","name":"Noticieros Canal 7","url":"https:\/\/canal7slp.tv\/2022\/","logo":{"@type":"ImageObject","inLanguage":"es","@id":"https:\/\/canal7slp.tv\/2022\/#\/schema\/logo\/image\/","url":"https:\/\/canal7slp.tv\/2022\/wp-content\/uploads\/2021\/01\/logo-noticieros@2x.png","contentUrl":"https:\/\/canal7slp.tv\/2022\/wp-content\/uploads\/2021\/01\/logo-noticieros@2x.png","width":1017,"height":268,"caption":"Noticieros Canal 7"},"image":{"@id":"https:\/\/canal7slp.tv\/2022\/#\/schema\/logo\/image\/"},"sameAs":["https:\/\/www.facebook.com\/noticieroscanalsiete","https:\/\/x.com\/NOTICIEROS7","https:\/\/www.instagram.com\/canal7_slp","https:\/\/www.youtube.com\/channel\/UCliiYs-gP3JfJeqdPrNdd5A"]},{"@type":"Person","@id":"https:\/\/canal7slp.tv\/2022\/#\/schema\/person\/429704152a21f5f856ce29aa69a238da","name":"Edici\u00f3n Web","image":{"@type":"ImageObject","inLanguage":"es","@id":"https:\/\/secure.gravatar.com\/avatar\/eee448fc3f7164808013b816ba91ac7e43bbe82a70bebac296f8bc6f0addaa1a?s=96&d=mm&r=g","url":"https:\/\/secure.gravatar.com\/avatar\/eee448fc3f7164808013b816ba91ac7e43bbe82a70bebac296f8bc6f0addaa1a?s=96&d=mm&r=g","contentUrl":"https:\/\/secure.gravatar.com\/avatar\/eee448fc3f7164808013b816ba91ac7e43bbe82a70bebac296f8bc6f0addaa1a?s=96&d=mm&r=g","caption":"Edici\u00f3n Web"},"url":"https:\/\/canal7slp.tv\/2022\/author\/edicionweb\/"}]}},"amp_enabled":true,"_links":{"self":[{"href":"https:\/\/canal7slp.tv\/2022\/wp-json\/wp\/v2\/posts\/61348","targetHints":{"allow":["GET"]}}],"collection":[{"href":"https:\/\/canal7slp.tv\/2022\/wp-json\/wp\/v2\/posts"}],"about":[{"href":"https:\/\/canal7slp.tv\/2022\/wp-json\/wp\/v2\/types\/post"}],"author":[{"embeddable":true,"href":"https:\/\/canal7slp.tv\/2022\/wp-json\/wp\/v2\/users\/2"}],"replies":[{"embeddable":true,"href":"https:\/\/canal7slp.tv\/2022\/wp-json\/wp\/v2\/comments?post=61348"}],"version-history":[{"count":3,"href":"https:\/\/canal7slp.tv\/2022\/wp-json\/wp\/v2\/posts\/61348\/revisions"}],"predecessor-version":[{"id":61376,"href":"https:\/\/canal7slp.tv\/2022\/wp-json\/wp\/v2\/posts\/61348\/revisions\/61376"}],"wp:featuredmedia":[{"embeddable":true,"href":"https:\/\/canal7slp.tv\/2022\/wp-json\/wp\/v2\/media\/61375"}],"wp:attachment":[{"href":"https:\/\/canal7slp.tv\/2022\/wp-json\/wp\/v2\/media?parent=61348"}],"wp:term":[{"taxonomy":"category","embeddable":true,"href":"https:\/\/canal7slp.tv\/2022\/wp-json\/wp\/v2\/categories?post=61348"},{"taxonomy":"post_tag","embeddable":true,"href":"https:\/\/canal7slp.tv\/2022\/wp-json\/wp\/v2\/tags?post=61348"}],"curies":[{"name":"wp","href":"https:\/\/api.w.org\/{rel}","templated":true}]}}