{"id":61346,"date":"2022-05-25T16:55:12","date_gmt":"2022-05-25T22:55:12","guid":{"rendered":"https:\/\/canal7slp.tv\/2022\/?p=61346"},"modified":"2022-05-25T16:55:12","modified_gmt":"2022-05-25T22:55:12","slug":"considera-rgc-que-la-administracion-de-fernando-toranzo-fue-en-la-que-se-hizo-mayor-saqueo","status":"publish","type":"post","link":"https:\/\/canal7slp.tv\/2022\/considera-rgc-que-la-administracion-de-fernando-toranzo-fue-en-la-que-se-hizo-mayor-saqueo\/","title":{"rendered":"Considera RGC que la administraci\u00f3n de Fernando Toranzo fue en la que se hizo mayor saqueo."},"content":{"rendered":"<p style=\"text-align: justify;\">SLP.- El gobernador, Jos\u00e9 Ricardo Gallardo Cardona, declar\u00f3 que el ex gobernador Fernando Toranzo y su gabinete tendr\u00e1n repercusiones legales por robos y saqueos al estado de San Luis Potos\u00ed.<\/p>\n<p style=\"text-align: justify;\">\u201cSon 30 a\u00f1os de impunidad, y son 30 a\u00f1os que hubo malversaci\u00f3n de recursos en San Luis Potos\u00ed, no es un tema nada m\u00e1s del sexenio pasado, los ex funcionarios de Toranzo, y el mismo Toranzo va a tener repercusiones legales muy pronto, porque son los que m\u00e1s saquearon, y son los que quedaron en plena impunidad, literal, cuando lleg\u00f3 Carreras fue quien encubri\u00f3 a ese sexenio\u201d, sentenci\u00f3.<\/p>\n<p style=\"text-align: justify;\">El funcionario continu\u00f3 con sus declaraciones al mencionar que el peor sexenio que ha tenido la entidad potosina corresponde al del priista, Fernando Toranzo.<\/p>\n<p style=\"text-align: justify;\">\u201cDigo s\u00ed con Carreras vieron cosas, nombre con Toranzo nada m\u00e1s porque no las vieron porque se las taparon, pero hay cosas horribles, peores que las de Carreras, peores, el peor sexenio que ha tenido San Luis Potos\u00ed sin lugar a dudas ha sido el de Toranzo, los peores fraudes y robos fueron en la \u00e9poca de Toranzo\u201d, apunt\u00f3.<\/p>\n<p style=\"text-align: justify;\">En ese sentido, detall\u00f3 que ya suman 25 querellas interpuestas en contra de ex funcionarios de la pasada admiraci\u00f3n estatal.<\/p>\n<p style=\"text-align: justify;\">\u201cAhorita ya sumamos otras 25 denuncias, va junto con las otras 4 del Cobach que metieron, entonces si ustedes recuerdan habl\u00e1bamos de 11 o 12 denuncias, ahorita ya van 25, entonces, y esto va a seguir saliendo, porque donde le levanta sale pus\u201d, culmin\u00f3.<\/p>\n<p style=\"text-align: justify;\">Por: Jos\u00e9 Luis V\u00e1zquez<\/p>\n","protected":false},"excerpt":{"rendered":"<p>SLP.- El gobernador, Jos\u00e9 Ricardo Gallardo Cardona, declar\u00f3 que el ex gobernador Fernando Toranzo y su gabinete tendr\u00e1n repercusiones legales por robos y saqueos al estado de San Luis Potos\u00ed. \u201cSon 30 a\u00f1os de impunidad, y son 30 a\u00f1os que hubo malversaci\u00f3n de recursos en San Luis Potos\u00ed, no es un tema nada m\u00e1s del sexenio pasado, los ex funcionarios de Toranzo, y el mismo Toranzo va a tener repercusiones legales muy pronto, porque son los que m\u00e1s saquearon, y son los que quedaron en plena impunidad, literal, cuando lleg\u00f3 Carreras fue quien encubri\u00f3 a ese sexenio\u201d, sentenci\u00f3. El funcionario [&hellip;]<\/p>\n","protected":false},"author":2,"featured_media":61370,"comment_status":"closed","ping_status":"closed","sticky":false,"template":"","format":"video","meta":{"footnotes":""},"categories":[5,510,45],"tags":[],"class_list":["post-61346","post","type-post","status-publish","format-video","has-post-thumbnail","hentry","category-destacadas","category-gobedoslp","category-localesyregionales","post_format-post-format-video","post--single"],"yoast_head":"<!-- This site is optimized with the Yoast SEO plugin v27.5 - https:\/\/yoast.com\/product\/yoast-seo-wordpress\/ -->\n<title>Considera RGC que la administraci\u00f3n de Fernando Toranzo fue en la que se hizo mayor saqueo. - Canal 7 SLP - 2022<\/title>\n<meta name=\"robots\" content=\"index, follow, max-snippet:-1, max-image-preview:large, max-video-preview:-1\" \/>\n<link rel=\"canonical\" href=\"https:\/\/canal7slp.tv\/2022\/considera-rgc-que-la-administracion-de-fernando-toranzo-fue-en-la-que-se-hizo-mayor-saqueo\/\" \/>\n<meta property=\"og:locale\" content=\"es_ES\" \/>\n<meta property=\"og:type\" content=\"article\" \/>\n<meta property=\"og:title\" content=\"Considera RGC que la administraci\u00f3n de Fernando Toranzo fue en la que se hizo mayor saqueo. - Canal 7 SLP - 2022\" \/>\n<meta property=\"og:description\" content=\"SLP.- El gobernador, Jos\u00e9 Ricardo Gallardo Cardona, declar\u00f3 que el ex gobernador Fernando Toranzo y su gabinete tendr\u00e1n repercusiones legales por robos y saqueos al estado de San Luis Potos\u00ed. \u201cSon 30 a\u00f1os de impunidad, y son 30 a\u00f1os que hubo malversaci\u00f3n de recursos en San Luis Potos\u00ed, no es un tema nada m\u00e1s del sexenio pasado, los ex funcionarios de Toranzo, y el mismo Toranzo va a tener repercusiones legales muy pronto, porque son los que m\u00e1s saquearon, y son los que quedaron en plena impunidad, literal, cuando lleg\u00f3 Carreras fue quien encubri\u00f3 a ese sexenio\u201d, sentenci\u00f3. El funcionario [&hellip;]\" \/>\n<meta property=\"og:url\" content=\"https:\/\/canal7slp.tv\/2022\/considera-rgc-que-la-administracion-de-fernando-toranzo-fue-en-la-que-se-hizo-mayor-saqueo\/\" \/>\n<meta property=\"og:site_name\" content=\"Canal 7 SLP - 2022\" \/>\n<meta property=\"article:publisher\" content=\"https:\/\/www.facebook.com\/noticieroscanalsiete\" \/>\n<meta property=\"article:published_time\" content=\"2022-05-25T22:55:12+00:00\" \/>\n<meta property=\"og:image\" content=\"https:\/\/canal7slp.tv\/2022\/wp-content\/uploads\/2022\/05\/Vazquez03RGCToranzo.jpg\" \/>\n\t<meta property=\"og:image:width\" content=\"888\" \/>\n\t<meta property=\"og:image:height\" content=\"500\" \/>\n\t<meta property=\"og:image:type\" content=\"image\/jpeg\" \/>\n<meta name=\"author\" content=\"Edici\u00f3n Web\" \/>\n<meta name=\"twitter:card\" content=\"summary_large_image\" \/>\n<meta name=\"twitter:creator\" content=\"@NOTICIEROS7\" \/>\n<meta name=\"twitter:site\" content=\"@NOTICIEROS7\" \/>\n<meta name=\"twitter:label1\" content=\"Escrito por\" \/>\n\t<meta name=\"twitter:data1\" content=\"Edici\u00f3n Web\" \/>\n\t<meta name=\"twitter:label2\" content=\"Tiempo de lectura\" \/>\n\t<meta name=\"twitter:data2\" content=\"2 minutos\" \/>\n<script type=\"application\/ld+json\" class=\"yoast-schema-graph\">{\"@context\":\"https:\\\/\\\/schema.org\",\"@graph\":[{\"@type\":\"Article\",\"@id\":\"https:\\\/\\\/canal7slp.tv\\\/2022\\\/considera-rgc-que-la-administracion-de-fernando-toranzo-fue-en-la-que-se-hizo-mayor-saqueo\\\/#article\",\"isPartOf\":{\"@id\":\"https:\\\/\\\/canal7slp.tv\\\/2022\\\/considera-rgc-que-la-administracion-de-fernando-toranzo-fue-en-la-que-se-hizo-mayor-saqueo\\\/\"},\"author\":{\"name\":\"Edici\u00f3n Web\",\"@id\":\"https:\\\/\\\/canal7slp.tv\\\/2022\\\/#\\\/schema\\\/person\\\/429704152a21f5f856ce29aa69a238da\"},\"headline\":\"Considera RGC que la administraci\u00f3n de Fernando Toranzo fue en la que se hizo mayor saqueo.\",\"datePublished\":\"2022-05-25T22:55:12+00:00\",\"mainEntityOfPage\":{\"@id\":\"https:\\\/\\\/canal7slp.tv\\\/2022\\\/considera-rgc-que-la-administracion-de-fernando-toranzo-fue-en-la-que-se-hizo-mayor-saqueo\\\/\"},\"wordCount\":269,\"publisher\":{\"@id\":\"https:\\\/\\\/canal7slp.tv\\\/2022\\\/#organization\"},\"image\":{\"@id\":\"https:\\\/\\\/canal7slp.tv\\\/2022\\\/considera-rgc-que-la-administracion-de-fernando-toranzo-fue-en-la-que-se-hizo-mayor-saqueo\\\/#primaryimage\"},\"thumbnailUrl\":\"https:\\\/\\\/canal7slp.tv\\\/2022\\\/wp-content\\\/uploads\\\/2022\\\/05\\\/Vazquez03RGCToranzo.jpg\",\"articleSection\":[\"DESTACADAS\",\"GOBEDOSLP\",\"LOCALES Y REGIONALES\"],\"inLanguage\":\"es\"},{\"@type\":\"WebPage\",\"@id\":\"https:\\\/\\\/canal7slp.tv\\\/2022\\\/considera-rgc-que-la-administracion-de-fernando-toranzo-fue-en-la-que-se-hizo-mayor-saqueo\\\/\",\"url\":\"https:\\\/\\\/canal7slp.tv\\\/2022\\\/considera-rgc-que-la-administracion-de-fernando-toranzo-fue-en-la-que-se-hizo-mayor-saqueo\\\/\",\"name\":\"Considera RGC que la administraci\u00f3n de Fernando Toranzo fue en la que se hizo mayor saqueo. - Canal 7 SLP - 2022\",\"isPartOf\":{\"@id\":\"https:\\\/\\\/canal7slp.tv\\\/2022\\\/#website\"},\"primaryImageOfPage\":{\"@id\":\"https:\\\/\\\/canal7slp.tv\\\/2022\\\/considera-rgc-que-la-administracion-de-fernando-toranzo-fue-en-la-que-se-hizo-mayor-saqueo\\\/#primaryimage\"},\"image\":{\"@id\":\"https:\\\/\\\/canal7slp.tv\\\/2022\\\/considera-rgc-que-la-administracion-de-fernando-toranzo-fue-en-la-que-se-hizo-mayor-saqueo\\\/#primaryimage\"},\"thumbnailUrl\":\"https:\\\/\\\/canal7slp.tv\\\/2022\\\/wp-content\\\/uploads\\\/2022\\\/05\\\/Vazquez03RGCToranzo.jpg\",\"datePublished\":\"2022-05-25T22:55:12+00:00\",\"breadcrumb\":{\"@id\":\"https:\\\/\\\/canal7slp.tv\\\/2022\\\/considera-rgc-que-la-administracion-de-fernando-toranzo-fue-en-la-que-se-hizo-mayor-saqueo\\\/#breadcrumb\"},\"inLanguage\":\"es\",\"potentialAction\":[{\"@type\":\"ReadAction\",\"target\":[\"https:\\\/\\\/canal7slp.tv\\\/2022\\\/considera-rgc-que-la-administracion-de-fernando-toranzo-fue-en-la-que-se-hizo-mayor-saqueo\\\/\"]}]},{\"@type\":\"ImageObject\",\"inLanguage\":\"es\",\"@id\":\"https:\\\/\\\/canal7slp.tv\\\/2022\\\/considera-rgc-que-la-administracion-de-fernando-toranzo-fue-en-la-que-se-hizo-mayor-saqueo\\\/#primaryimage\",\"url\":\"https:\\\/\\\/canal7slp.tv\\\/2022\\\/wp-content\\\/uploads\\\/2022\\\/05\\\/Vazquez03RGCToranzo.jpg\",\"contentUrl\":\"https:\\\/\\\/canal7slp.tv\\\/2022\\\/wp-content\\\/uploads\\\/2022\\\/05\\\/Vazquez03RGCToranzo.jpg\",\"width\":888,\"height\":500},{\"@type\":\"BreadcrumbList\",\"@id\":\"https:\\\/\\\/canal7slp.tv\\\/2022\\\/considera-rgc-que-la-administracion-de-fernando-toranzo-fue-en-la-que-se-hizo-mayor-saqueo\\\/#breadcrumb\",\"itemListElement\":[{\"@type\":\"ListItem\",\"position\":1,\"name\":\"Portada\",\"item\":\"https:\\\/\\\/canal7slp.tv\\\/2022\\\/\"},{\"@type\":\"ListItem\",\"position\":2,\"name\":\"Considera RGC que la administraci\u00f3n de Fernando Toranzo fue en la que se hizo mayor saqueo.\"}]},{\"@type\":\"WebSite\",\"@id\":\"https:\\\/\\\/canal7slp.tv\\\/2022\\\/#website\",\"url\":\"https:\\\/\\\/canal7slp.tv\\\/2022\\\/\",\"name\":\"N7 - Noticieros Canal 7\",\"description\":\"Somos Televisi\u00f3n\",\"publisher\":{\"@id\":\"https:\\\/\\\/canal7slp.tv\\\/2022\\\/#organization\"},\"potentialAction\":[{\"@type\":\"SearchAction\",\"target\":{\"@type\":\"EntryPoint\",\"urlTemplate\":\"https:\\\/\\\/canal7slp.tv\\\/2022\\\/?s={search_term_string}\"},\"query-input\":{\"@type\":\"PropertyValueSpecification\",\"valueRequired\":true,\"valueName\":\"search_term_string\"}}],\"inLanguage\":\"es\"},{\"@type\":\"Organization\",\"@id\":\"https:\\\/\\\/canal7slp.tv\\\/2022\\\/#organization\",\"name\":\"Noticieros Canal 7\",\"url\":\"https:\\\/\\\/canal7slp.tv\\\/2022\\\/\",\"logo\":{\"@type\":\"ImageObject\",\"inLanguage\":\"es\",\"@id\":\"https:\\\/\\\/canal7slp.tv\\\/2022\\\/#\\\/schema\\\/logo\\\/image\\\/\",\"url\":\"https:\\\/\\\/canal7slp.tv\\\/2022\\\/wp-content\\\/uploads\\\/2021\\\/01\\\/logo-noticieros@2x.png\",\"contentUrl\":\"https:\\\/\\\/canal7slp.tv\\\/2022\\\/wp-content\\\/uploads\\\/2021\\\/01\\\/logo-noticieros@2x.png\",\"width\":1017,\"height\":268,\"caption\":\"Noticieros Canal 7\"},\"image\":{\"@id\":\"https:\\\/\\\/canal7slp.tv\\\/2022\\\/#\\\/schema\\\/logo\\\/image\\\/\"},\"sameAs\":[\"https:\\\/\\\/www.facebook.com\\\/noticieroscanalsiete\",\"https:\\\/\\\/x.com\\\/NOTICIEROS7\",\"https:\\\/\\\/www.instagram.com\\\/canal7_slp\",\"https:\\\/\\\/www.youtube.com\\\/channel\\\/UCliiYs-gP3JfJeqdPrNdd5A\"]},{\"@type\":\"Person\",\"@id\":\"https:\\\/\\\/canal7slp.tv\\\/2022\\\/#\\\/schema\\\/person\\\/429704152a21f5f856ce29aa69a238da\",\"name\":\"Edici\u00f3n Web\",\"image\":{\"@type\":\"ImageObject\",\"inLanguage\":\"es\",\"@id\":\"https:\\\/\\\/secure.gravatar.com\\\/avatar\\\/eee448fc3f7164808013b816ba91ac7e43bbe82a70bebac296f8bc6f0addaa1a?s=96&d=mm&r=g\",\"url\":\"https:\\\/\\\/secure.gravatar.com\\\/avatar\\\/eee448fc3f7164808013b816ba91ac7e43bbe82a70bebac296f8bc6f0addaa1a?s=96&d=mm&r=g\",\"contentUrl\":\"https:\\\/\\\/secure.gravatar.com\\\/avatar\\\/eee448fc3f7164808013b816ba91ac7e43bbe82a70bebac296f8bc6f0addaa1a?s=96&d=mm&r=g\",\"caption\":\"Edici\u00f3n Web\"},\"url\":\"https:\\\/\\\/canal7slp.tv\\\/2022\\\/author\\\/edicionweb\\\/\"}]}<\/script>\n<!-- \/ Yoast SEO plugin. -->","yoast_head_json":{"title":"Considera RGC que la administraci\u00f3n de Fernando Toranzo fue en la que se hizo mayor saqueo. - Canal 7 SLP - 2022","robots":{"index":"index","follow":"follow","max-snippet":"max-snippet:-1","max-image-preview":"max-image-preview:large","max-video-preview":"max-video-preview:-1"},"canonical":"https:\/\/canal7slp.tv\/2022\/considera-rgc-que-la-administracion-de-fernando-toranzo-fue-en-la-que-se-hizo-mayor-saqueo\/","og_locale":"es_ES","og_type":"article","og_title":"Considera RGC que la administraci\u00f3n de Fernando Toranzo fue en la que se hizo mayor saqueo. - Canal 7 SLP - 2022","og_description":"SLP.- El gobernador, Jos\u00e9 Ricardo Gallardo Cardona, declar\u00f3 que el ex gobernador Fernando Toranzo y su gabinete tendr\u00e1n repercusiones legales por robos y saqueos al estado de San Luis Potos\u00ed. \u201cSon 30 a\u00f1os de impunidad, y son 30 a\u00f1os que hubo malversaci\u00f3n de recursos en San Luis Potos\u00ed, no es un tema nada m\u00e1s del sexenio pasado, los ex funcionarios de Toranzo, y el mismo Toranzo va a tener repercusiones legales muy pronto, porque son los que m\u00e1s saquearon, y son los que quedaron en plena impunidad, literal, cuando lleg\u00f3 Carreras fue quien encubri\u00f3 a ese sexenio\u201d, sentenci\u00f3. El funcionario [&hellip;]","og_url":"https:\/\/canal7slp.tv\/2022\/considera-rgc-que-la-administracion-de-fernando-toranzo-fue-en-la-que-se-hizo-mayor-saqueo\/","og_site_name":"Canal 7 SLP - 2022","article_publisher":"https:\/\/www.facebook.com\/noticieroscanalsiete","article_published_time":"2022-05-25T22:55:12+00:00","og_image":[{"width":888,"height":500,"url":"https:\/\/canal7slp.tv\/2022\/wp-content\/uploads\/2022\/05\/Vazquez03RGCToranzo.jpg","type":"image\/jpeg"}],"author":"Edici\u00f3n Web","twitter_card":"summary_large_image","twitter_creator":"@NOTICIEROS7","twitter_site":"@NOTICIEROS7","twitter_misc":{"Escrito por":"Edici\u00f3n Web","Tiempo de lectura":"2 minutos"},"schema":{"@context":"https:\/\/schema.org","@graph":[{"@type":"Article","@id":"https:\/\/canal7slp.tv\/2022\/considera-rgc-que-la-administracion-de-fernando-toranzo-fue-en-la-que-se-hizo-mayor-saqueo\/#article","isPartOf":{"@id":"https:\/\/canal7slp.tv\/2022\/considera-rgc-que-la-administracion-de-fernando-toranzo-fue-en-la-que-se-hizo-mayor-saqueo\/"},"author":{"name":"Edici\u00f3n Web","@id":"https:\/\/canal7slp.tv\/2022\/#\/schema\/person\/429704152a21f5f856ce29aa69a238da"},"headline":"Considera RGC que la administraci\u00f3n de Fernando Toranzo fue en la que se hizo mayor saqueo.","datePublished":"2022-05-25T22:55:12+00:00","mainEntityOfPage":{"@id":"https:\/\/canal7slp.tv\/2022\/considera-rgc-que-la-administracion-de-fernando-toranzo-fue-en-la-que-se-hizo-mayor-saqueo\/"},"wordCount":269,"publisher":{"@id":"https:\/\/canal7slp.tv\/2022\/#organization"},"image":{"@id":"https:\/\/canal7slp.tv\/2022\/considera-rgc-que-la-administracion-de-fernando-toranzo-fue-en-la-que-se-hizo-mayor-saqueo\/#primaryimage"},"thumbnailUrl":"https:\/\/canal7slp.tv\/2022\/wp-content\/uploads\/2022\/05\/Vazquez03RGCToranzo.jpg","articleSection":["DESTACADAS","GOBEDOSLP","LOCALES Y REGIONALES"],"inLanguage":"es"},{"@type":"WebPage","@id":"https:\/\/canal7slp.tv\/2022\/considera-rgc-que-la-administracion-de-fernando-toranzo-fue-en-la-que-se-hizo-mayor-saqueo\/","url":"https:\/\/canal7slp.tv\/2022\/considera-rgc-que-la-administracion-de-fernando-toranzo-fue-en-la-que-se-hizo-mayor-saqueo\/","name":"Considera RGC que la administraci\u00f3n de Fernando Toranzo fue en la que se hizo mayor saqueo. - Canal 7 SLP - 2022","isPartOf":{"@id":"https:\/\/canal7slp.tv\/2022\/#website"},"primaryImageOfPage":{"@id":"https:\/\/canal7slp.tv\/2022\/considera-rgc-que-la-administracion-de-fernando-toranzo-fue-en-la-que-se-hizo-mayor-saqueo\/#primaryimage"},"image":{"@id":"https:\/\/canal7slp.tv\/2022\/considera-rgc-que-la-administracion-de-fernando-toranzo-fue-en-la-que-se-hizo-mayor-saqueo\/#primaryimage"},"thumbnailUrl":"https:\/\/canal7slp.tv\/2022\/wp-content\/uploads\/2022\/05\/Vazquez03RGCToranzo.jpg","datePublished":"2022-05-25T22:55:12+00:00","breadcrumb":{"@id":"https:\/\/canal7slp.tv\/2022\/considera-rgc-que-la-administracion-de-fernando-toranzo-fue-en-la-que-se-hizo-mayor-saqueo\/#breadcrumb"},"inLanguage":"es","potentialAction":[{"@type":"ReadAction","target":["https:\/\/canal7slp.tv\/2022\/considera-rgc-que-la-administracion-de-fernando-toranzo-fue-en-la-que-se-hizo-mayor-saqueo\/"]}]},{"@type":"ImageObject","inLanguage":"es","@id":"https:\/\/canal7slp.tv\/2022\/considera-rgc-que-la-administracion-de-fernando-toranzo-fue-en-la-que-se-hizo-mayor-saqueo\/#primaryimage","url":"https:\/\/canal7slp.tv\/2022\/wp-content\/uploads\/2022\/05\/Vazquez03RGCToranzo.jpg","contentUrl":"https:\/\/canal7slp.tv\/2022\/wp-content\/uploads\/2022\/05\/Vazquez03RGCToranzo.jpg","width":888,"height":500},{"@type":"BreadcrumbList","@id":"https:\/\/canal7slp.tv\/2022\/considera-rgc-que-la-administracion-de-fernando-toranzo-fue-en-la-que-se-hizo-mayor-saqueo\/#breadcrumb","itemListElement":[{"@type":"ListItem","position":1,"name":"Portada","item":"https:\/\/canal7slp.tv\/2022\/"},{"@type":"ListItem","position":2,"name":"Considera RGC que la administraci\u00f3n de Fernando Toranzo fue en la que se hizo mayor saqueo."}]},{"@type":"WebSite","@id":"https:\/\/canal7slp.tv\/2022\/#website","url":"https:\/\/canal7slp.tv\/2022\/","name":"N7 - Noticieros Canal 7","description":"Somos Televisi\u00f3n","publisher":{"@id":"https:\/\/canal7slp.tv\/2022\/#organization"},"potentialAction":[{"@type":"SearchAction","target":{"@type":"EntryPoint","urlTemplate":"https:\/\/canal7slp.tv\/2022\/?s={search_term_string}"},"query-input":{"@type":"PropertyValueSpecification","valueRequired":true,"valueName":"search_term_string"}}],"inLanguage":"es"},{"@type":"Organization","@id":"https:\/\/canal7slp.tv\/2022\/#organization","name":"Noticieros Canal 7","url":"https:\/\/canal7slp.tv\/2022\/","logo":{"@type":"ImageObject","inLanguage":"es","@id":"https:\/\/canal7slp.tv\/2022\/#\/schema\/logo\/image\/","url":"https:\/\/canal7slp.tv\/2022\/wp-content\/uploads\/2021\/01\/logo-noticieros@2x.png","contentUrl":"https:\/\/canal7slp.tv\/2022\/wp-content\/uploads\/2021\/01\/logo-noticieros@2x.png","width":1017,"height":268,"caption":"Noticieros Canal 7"},"image":{"@id":"https:\/\/canal7slp.tv\/2022\/#\/schema\/logo\/image\/"},"sameAs":["https:\/\/www.facebook.com\/noticieroscanalsiete","https:\/\/x.com\/NOTICIEROS7","https:\/\/www.instagram.com\/canal7_slp","https:\/\/www.youtube.com\/channel\/UCliiYs-gP3JfJeqdPrNdd5A"]},{"@type":"Person","@id":"https:\/\/canal7slp.tv\/2022\/#\/schema\/person\/429704152a21f5f856ce29aa69a238da","name":"Edici\u00f3n Web","image":{"@type":"ImageObject","inLanguage":"es","@id":"https:\/\/secure.gravatar.com\/avatar\/eee448fc3f7164808013b816ba91ac7e43bbe82a70bebac296f8bc6f0addaa1a?s=96&d=mm&r=g","url":"https:\/\/secure.gravatar.com\/avatar\/eee448fc3f7164808013b816ba91ac7e43bbe82a70bebac296f8bc6f0addaa1a?s=96&d=mm&r=g","contentUrl":"https:\/\/secure.gravatar.com\/avatar\/eee448fc3f7164808013b816ba91ac7e43bbe82a70bebac296f8bc6f0addaa1a?s=96&d=mm&r=g","caption":"Edici\u00f3n Web"},"url":"https:\/\/canal7slp.tv\/2022\/author\/edicionweb\/"}]}},"amp_enabled":true,"_links":{"self":[{"href":"https:\/\/canal7slp.tv\/2022\/wp-json\/wp\/v2\/posts\/61346","targetHints":{"allow":["GET"]}}],"collection":[{"href":"https:\/\/canal7slp.tv\/2022\/wp-json\/wp\/v2\/posts"}],"about":[{"href":"https:\/\/canal7slp.tv\/2022\/wp-json\/wp\/v2\/types\/post"}],"author":[{"embeddable":true,"href":"https:\/\/canal7slp.tv\/2022\/wp-json\/wp\/v2\/users\/2"}],"replies":[{"embeddable":true,"href":"https:\/\/canal7slp.tv\/2022\/wp-json\/wp\/v2\/comments?post=61346"}],"version-history":[{"count":3,"href":"https:\/\/canal7slp.tv\/2022\/wp-json\/wp\/v2\/posts\/61346\/revisions"}],"predecessor-version":[{"id":61371,"href":"https:\/\/canal7slp.tv\/2022\/wp-json\/wp\/v2\/posts\/61346\/revisions\/61371"}],"wp:featuredmedia":[{"embeddable":true,"href":"https:\/\/canal7slp.tv\/2022\/wp-json\/wp\/v2\/media\/61370"}],"wp:attachment":[{"href":"https:\/\/canal7slp.tv\/2022\/wp-json\/wp\/v2\/media?parent=61346"}],"wp:term":[{"taxonomy":"category","embeddable":true,"href":"https:\/\/canal7slp.tv\/2022\/wp-json\/wp\/v2\/categories?post=61346"},{"taxonomy":"post_tag","embeddable":true,"href":"https:\/\/canal7slp.tv\/2022\/wp-json\/wp\/v2\/tags?post=61346"}],"curies":[{"name":"wp","href":"https:\/\/api.w.org\/{rel}","templated":true}]}}