{"id":61332,"date":"2022-05-25T14:55:59","date_gmt":"2022-05-25T20:55:59","guid":{"rendered":"https:\/\/canal7slp.tv\/2022\/?p=61332"},"modified":"2022-05-25T14:55:59","modified_gmt":"2022-05-25T20:55:59","slug":"califican-gimnastas-potosinos-al-nacional-conade-2022","status":"publish","type":"post","link":"https:\/\/canal7slp.tv\/2022\/califican-gimnastas-potosinos-al-nacional-conade-2022\/","title":{"rendered":"Califican gimnastas potosinos al Nacional CONADE 2022."},"content":{"rendered":"<p style=\"text-align: justify;\">SLP.- Los gimnastas potosinos Ythan Calder\u00f3n Beltr\u00e1n y Arturo Mart\u00ednez Melgoza, culminaron su participaci\u00f3n en el Campeonato Nacional de Gimnasia Art\u00edstica, en la ciudad de Guadalajara, en donde ambos competidores lograron su pase a los Juegos Nacionales CONADE 2022.<\/p>\n<p style=\"text-align: justify;\">Los dos representantes Potosinos, participaron dentro del nivel 9, En el caso de Ythan Calder\u00f3n Beltr\u00e1n, el obtuvo las siguientes calificaciones, en piso fue sexto lugar, en caballo con arz\u00f3n fue quinto lugar, en el aparato de anillos fue segundo, en barras paralelas fue quinto lugar y en el All Around termin\u00f3 en el cuarto lugar.<\/p>\n<p style=\"text-align: justify;\">Por su parte, Arturo Mart\u00ednez Melgoza el particip\u00f3 en el aparato de barra fija, en donde logr\u00f3 un tercer lugar y con eso fue suficiente para clasificarse a los Juegos Nacionales CONADE 2022.<\/p>\n","protected":false},"excerpt":{"rendered":"<p>SLP.- Los gimnastas potosinos Ythan Calder\u00f3n Beltr\u00e1n y Arturo Mart\u00ednez Melgoza, culminaron su participaci\u00f3n en el Campeonato Nacional de Gimnasia Art\u00edstica, en la ciudad de Guadalajara, en donde ambos competidores lograron su pase a los Juegos Nacionales CONADE 2022. Los dos representantes Potosinos, participaron dentro del nivel 9, En el caso de Ythan Calder\u00f3n Beltr\u00e1n, el obtuvo las siguientes calificaciones, en piso fue sexto lugar, en caballo con arz\u00f3n fue quinto lugar, en el aparato de anillos fue segundo, en barras paralelas fue quinto lugar y en el All Around termin\u00f3 en el cuarto lugar. Por su parte, Arturo Mart\u00ednez [&hellip;]<\/p>\n","protected":false},"author":2,"featured_media":61342,"comment_status":"closed","ping_status":"closed","sticky":false,"template":"","format":"video","meta":{"footnotes":""},"categories":[7,5],"tags":[],"class_list":["post-61332","post","type-post","status-publish","format-video","has-post-thumbnail","hentry","category-deportes","category-destacadas","post_format-post-format-video","post--single"],"yoast_head":"<!-- This site is optimized with the Yoast SEO plugin v27.5 - https:\/\/yoast.com\/product\/yoast-seo-wordpress\/ -->\n<title>Califican gimnastas potosinos al Nacional CONADE 2022. - Canal 7 SLP - 2022<\/title>\n<meta name=\"robots\" content=\"index, follow, max-snippet:-1, max-image-preview:large, max-video-preview:-1\" \/>\n<link rel=\"canonical\" href=\"https:\/\/canal7slp.tv\/2022\/califican-gimnastas-potosinos-al-nacional-conade-2022\/\" \/>\n<meta property=\"og:locale\" content=\"es_ES\" \/>\n<meta property=\"og:type\" content=\"article\" \/>\n<meta property=\"og:title\" content=\"Califican gimnastas potosinos al Nacional CONADE 2022. - Canal 7 SLP - 2022\" \/>\n<meta property=\"og:description\" content=\"SLP.- Los gimnastas potosinos Ythan Calder\u00f3n Beltr\u00e1n y Arturo Mart\u00ednez Melgoza, culminaron su participaci\u00f3n en el Campeonato Nacional de Gimnasia Art\u00edstica, en la ciudad de Guadalajara, en donde ambos competidores lograron su pase a los Juegos Nacionales CONADE 2022. Los dos representantes Potosinos, participaron dentro del nivel 9, En el caso de Ythan Calder\u00f3n Beltr\u00e1n, el obtuvo las siguientes calificaciones, en piso fue sexto lugar, en caballo con arz\u00f3n fue quinto lugar, en el aparato de anillos fue segundo, en barras paralelas fue quinto lugar y en el All Around termin\u00f3 en el cuarto lugar. Por su parte, Arturo Mart\u00ednez [&hellip;]\" \/>\n<meta property=\"og:url\" content=\"https:\/\/canal7slp.tv\/2022\/califican-gimnastas-potosinos-al-nacional-conade-2022\/\" \/>\n<meta property=\"og:site_name\" content=\"Canal 7 SLP - 2022\" \/>\n<meta property=\"article:publisher\" content=\"https:\/\/www.facebook.com\/noticieroscanalsiete\" \/>\n<meta property=\"article:published_time\" content=\"2022-05-25T20:55:59+00:00\" \/>\n<meta property=\"og:image\" content=\"https:\/\/canal7slp.tv\/2022\/wp-content\/uploads\/2022\/05\/03Gimnasia.jpg\" \/>\n\t<meta property=\"og:image:width\" content=\"888\" \/>\n\t<meta property=\"og:image:height\" content=\"500\" \/>\n\t<meta property=\"og:image:type\" content=\"image\/jpeg\" \/>\n<meta name=\"author\" content=\"Edici\u00f3n Web\" \/>\n<meta name=\"twitter:card\" content=\"summary_large_image\" \/>\n<meta name=\"twitter:creator\" content=\"@NOTICIEROS7\" \/>\n<meta name=\"twitter:site\" content=\"@NOTICIEROS7\" \/>\n<meta name=\"twitter:label1\" content=\"Escrito por\" \/>\n\t<meta name=\"twitter:data1\" content=\"Edici\u00f3n Web\" \/>\n\t<meta name=\"twitter:label2\" content=\"Tiempo de lectura\" \/>\n\t<meta name=\"twitter:data2\" content=\"1 minuto\" \/>\n<script type=\"application\/ld+json\" class=\"yoast-schema-graph\">{\"@context\":\"https:\\\/\\\/schema.org\",\"@graph\":[{\"@type\":\"Article\",\"@id\":\"https:\\\/\\\/canal7slp.tv\\\/2022\\\/califican-gimnastas-potosinos-al-nacional-conade-2022\\\/#article\",\"isPartOf\":{\"@id\":\"https:\\\/\\\/canal7slp.tv\\\/2022\\\/califican-gimnastas-potosinos-al-nacional-conade-2022\\\/\"},\"author\":{\"name\":\"Edici\u00f3n Web\",\"@id\":\"https:\\\/\\\/canal7slp.tv\\\/2022\\\/#\\\/schema\\\/person\\\/429704152a21f5f856ce29aa69a238da\"},\"headline\":\"Califican gimnastas potosinos al Nacional CONADE 2022.\",\"datePublished\":\"2022-05-25T20:55:59+00:00\",\"mainEntityOfPage\":{\"@id\":\"https:\\\/\\\/canal7slp.tv\\\/2022\\\/califican-gimnastas-potosinos-al-nacional-conade-2022\\\/\"},\"wordCount\":141,\"publisher\":{\"@id\":\"https:\\\/\\\/canal7slp.tv\\\/2022\\\/#organization\"},\"image\":{\"@id\":\"https:\\\/\\\/canal7slp.tv\\\/2022\\\/califican-gimnastas-potosinos-al-nacional-conade-2022\\\/#primaryimage\"},\"thumbnailUrl\":\"https:\\\/\\\/canal7slp.tv\\\/2022\\\/wp-content\\\/uploads\\\/2022\\\/05\\\/03Gimnasia.jpg\",\"articleSection\":[\"DEPORTES\",\"DESTACADAS\"],\"inLanguage\":\"es\"},{\"@type\":\"WebPage\",\"@id\":\"https:\\\/\\\/canal7slp.tv\\\/2022\\\/califican-gimnastas-potosinos-al-nacional-conade-2022\\\/\",\"url\":\"https:\\\/\\\/canal7slp.tv\\\/2022\\\/califican-gimnastas-potosinos-al-nacional-conade-2022\\\/\",\"name\":\"Califican gimnastas potosinos al Nacional CONADE 2022. - Canal 7 SLP - 2022\",\"isPartOf\":{\"@id\":\"https:\\\/\\\/canal7slp.tv\\\/2022\\\/#website\"},\"primaryImageOfPage\":{\"@id\":\"https:\\\/\\\/canal7slp.tv\\\/2022\\\/califican-gimnastas-potosinos-al-nacional-conade-2022\\\/#primaryimage\"},\"image\":{\"@id\":\"https:\\\/\\\/canal7slp.tv\\\/2022\\\/califican-gimnastas-potosinos-al-nacional-conade-2022\\\/#primaryimage\"},\"thumbnailUrl\":\"https:\\\/\\\/canal7slp.tv\\\/2022\\\/wp-content\\\/uploads\\\/2022\\\/05\\\/03Gimnasia.jpg\",\"datePublished\":\"2022-05-25T20:55:59+00:00\",\"breadcrumb\":{\"@id\":\"https:\\\/\\\/canal7slp.tv\\\/2022\\\/califican-gimnastas-potosinos-al-nacional-conade-2022\\\/#breadcrumb\"},\"inLanguage\":\"es\",\"potentialAction\":[{\"@type\":\"ReadAction\",\"target\":[\"https:\\\/\\\/canal7slp.tv\\\/2022\\\/califican-gimnastas-potosinos-al-nacional-conade-2022\\\/\"]}]},{\"@type\":\"ImageObject\",\"inLanguage\":\"es\",\"@id\":\"https:\\\/\\\/canal7slp.tv\\\/2022\\\/califican-gimnastas-potosinos-al-nacional-conade-2022\\\/#primaryimage\",\"url\":\"https:\\\/\\\/canal7slp.tv\\\/2022\\\/wp-content\\\/uploads\\\/2022\\\/05\\\/03Gimnasia.jpg\",\"contentUrl\":\"https:\\\/\\\/canal7slp.tv\\\/2022\\\/wp-content\\\/uploads\\\/2022\\\/05\\\/03Gimnasia.jpg\",\"width\":888,\"height\":500},{\"@type\":\"BreadcrumbList\",\"@id\":\"https:\\\/\\\/canal7slp.tv\\\/2022\\\/califican-gimnastas-potosinos-al-nacional-conade-2022\\\/#breadcrumb\",\"itemListElement\":[{\"@type\":\"ListItem\",\"position\":1,\"name\":\"Portada\",\"item\":\"https:\\\/\\\/canal7slp.tv\\\/2022\\\/\"},{\"@type\":\"ListItem\",\"position\":2,\"name\":\"Califican gimnastas potosinos al Nacional CONADE 2022.\"}]},{\"@type\":\"WebSite\",\"@id\":\"https:\\\/\\\/canal7slp.tv\\\/2022\\\/#website\",\"url\":\"https:\\\/\\\/canal7slp.tv\\\/2022\\\/\",\"name\":\"N7 - Noticieros Canal 7\",\"description\":\"Somos Televisi\u00f3n\",\"publisher\":{\"@id\":\"https:\\\/\\\/canal7slp.tv\\\/2022\\\/#organization\"},\"potentialAction\":[{\"@type\":\"SearchAction\",\"target\":{\"@type\":\"EntryPoint\",\"urlTemplate\":\"https:\\\/\\\/canal7slp.tv\\\/2022\\\/?s={search_term_string}\"},\"query-input\":{\"@type\":\"PropertyValueSpecification\",\"valueRequired\":true,\"valueName\":\"search_term_string\"}}],\"inLanguage\":\"es\"},{\"@type\":\"Organization\",\"@id\":\"https:\\\/\\\/canal7slp.tv\\\/2022\\\/#organization\",\"name\":\"Noticieros Canal 7\",\"url\":\"https:\\\/\\\/canal7slp.tv\\\/2022\\\/\",\"logo\":{\"@type\":\"ImageObject\",\"inLanguage\":\"es\",\"@id\":\"https:\\\/\\\/canal7slp.tv\\\/2022\\\/#\\\/schema\\\/logo\\\/image\\\/\",\"url\":\"https:\\\/\\\/canal7slp.tv\\\/2022\\\/wp-content\\\/uploads\\\/2021\\\/01\\\/logo-noticieros@2x.png\",\"contentUrl\":\"https:\\\/\\\/canal7slp.tv\\\/2022\\\/wp-content\\\/uploads\\\/2021\\\/01\\\/logo-noticieros@2x.png\",\"width\":1017,\"height\":268,\"caption\":\"Noticieros Canal 7\"},\"image\":{\"@id\":\"https:\\\/\\\/canal7slp.tv\\\/2022\\\/#\\\/schema\\\/logo\\\/image\\\/\"},\"sameAs\":[\"https:\\\/\\\/www.facebook.com\\\/noticieroscanalsiete\",\"https:\\\/\\\/x.com\\\/NOTICIEROS7\",\"https:\\\/\\\/www.instagram.com\\\/canal7_slp\",\"https:\\\/\\\/www.youtube.com\\\/channel\\\/UCliiYs-gP3JfJeqdPrNdd5A\"]},{\"@type\":\"Person\",\"@id\":\"https:\\\/\\\/canal7slp.tv\\\/2022\\\/#\\\/schema\\\/person\\\/429704152a21f5f856ce29aa69a238da\",\"name\":\"Edici\u00f3n Web\",\"image\":{\"@type\":\"ImageObject\",\"inLanguage\":\"es\",\"@id\":\"https:\\\/\\\/secure.gravatar.com\\\/avatar\\\/eee448fc3f7164808013b816ba91ac7e43bbe82a70bebac296f8bc6f0addaa1a?s=96&d=mm&r=g\",\"url\":\"https:\\\/\\\/secure.gravatar.com\\\/avatar\\\/eee448fc3f7164808013b816ba91ac7e43bbe82a70bebac296f8bc6f0addaa1a?s=96&d=mm&r=g\",\"contentUrl\":\"https:\\\/\\\/secure.gravatar.com\\\/avatar\\\/eee448fc3f7164808013b816ba91ac7e43bbe82a70bebac296f8bc6f0addaa1a?s=96&d=mm&r=g\",\"caption\":\"Edici\u00f3n Web\"},\"url\":\"https:\\\/\\\/canal7slp.tv\\\/2022\\\/author\\\/edicionweb\\\/\"}]}<\/script>\n<!-- \/ Yoast SEO plugin. -->","yoast_head_json":{"title":"Califican gimnastas potosinos al Nacional CONADE 2022. - Canal 7 SLP - 2022","robots":{"index":"index","follow":"follow","max-snippet":"max-snippet:-1","max-image-preview":"max-image-preview:large","max-video-preview":"max-video-preview:-1"},"canonical":"https:\/\/canal7slp.tv\/2022\/califican-gimnastas-potosinos-al-nacional-conade-2022\/","og_locale":"es_ES","og_type":"article","og_title":"Califican gimnastas potosinos al Nacional CONADE 2022. - Canal 7 SLP - 2022","og_description":"SLP.- Los gimnastas potosinos Ythan Calder\u00f3n Beltr\u00e1n y Arturo Mart\u00ednez Melgoza, culminaron su participaci\u00f3n en el Campeonato Nacional de Gimnasia Art\u00edstica, en la ciudad de Guadalajara, en donde ambos competidores lograron su pase a los Juegos Nacionales CONADE 2022. Los dos representantes Potosinos, participaron dentro del nivel 9, En el caso de Ythan Calder\u00f3n Beltr\u00e1n, el obtuvo las siguientes calificaciones, en piso fue sexto lugar, en caballo con arz\u00f3n fue quinto lugar, en el aparato de anillos fue segundo, en barras paralelas fue quinto lugar y en el All Around termin\u00f3 en el cuarto lugar. Por su parte, Arturo Mart\u00ednez [&hellip;]","og_url":"https:\/\/canal7slp.tv\/2022\/califican-gimnastas-potosinos-al-nacional-conade-2022\/","og_site_name":"Canal 7 SLP - 2022","article_publisher":"https:\/\/www.facebook.com\/noticieroscanalsiete","article_published_time":"2022-05-25T20:55:59+00:00","og_image":[{"width":888,"height":500,"url":"https:\/\/canal7slp.tv\/2022\/wp-content\/uploads\/2022\/05\/03Gimnasia.jpg","type":"image\/jpeg"}],"author":"Edici\u00f3n Web","twitter_card":"summary_large_image","twitter_creator":"@NOTICIEROS7","twitter_site":"@NOTICIEROS7","twitter_misc":{"Escrito por":"Edici\u00f3n Web","Tiempo de lectura":"1 minuto"},"schema":{"@context":"https:\/\/schema.org","@graph":[{"@type":"Article","@id":"https:\/\/canal7slp.tv\/2022\/califican-gimnastas-potosinos-al-nacional-conade-2022\/#article","isPartOf":{"@id":"https:\/\/canal7slp.tv\/2022\/califican-gimnastas-potosinos-al-nacional-conade-2022\/"},"author":{"name":"Edici\u00f3n Web","@id":"https:\/\/canal7slp.tv\/2022\/#\/schema\/person\/429704152a21f5f856ce29aa69a238da"},"headline":"Califican gimnastas potosinos al Nacional CONADE 2022.","datePublished":"2022-05-25T20:55:59+00:00","mainEntityOfPage":{"@id":"https:\/\/canal7slp.tv\/2022\/califican-gimnastas-potosinos-al-nacional-conade-2022\/"},"wordCount":141,"publisher":{"@id":"https:\/\/canal7slp.tv\/2022\/#organization"},"image":{"@id":"https:\/\/canal7slp.tv\/2022\/califican-gimnastas-potosinos-al-nacional-conade-2022\/#primaryimage"},"thumbnailUrl":"https:\/\/canal7slp.tv\/2022\/wp-content\/uploads\/2022\/05\/03Gimnasia.jpg","articleSection":["DEPORTES","DESTACADAS"],"inLanguage":"es"},{"@type":"WebPage","@id":"https:\/\/canal7slp.tv\/2022\/califican-gimnastas-potosinos-al-nacional-conade-2022\/","url":"https:\/\/canal7slp.tv\/2022\/califican-gimnastas-potosinos-al-nacional-conade-2022\/","name":"Califican gimnastas potosinos al Nacional CONADE 2022. - Canal 7 SLP - 2022","isPartOf":{"@id":"https:\/\/canal7slp.tv\/2022\/#website"},"primaryImageOfPage":{"@id":"https:\/\/canal7slp.tv\/2022\/califican-gimnastas-potosinos-al-nacional-conade-2022\/#primaryimage"},"image":{"@id":"https:\/\/canal7slp.tv\/2022\/califican-gimnastas-potosinos-al-nacional-conade-2022\/#primaryimage"},"thumbnailUrl":"https:\/\/canal7slp.tv\/2022\/wp-content\/uploads\/2022\/05\/03Gimnasia.jpg","datePublished":"2022-05-25T20:55:59+00:00","breadcrumb":{"@id":"https:\/\/canal7slp.tv\/2022\/califican-gimnastas-potosinos-al-nacional-conade-2022\/#breadcrumb"},"inLanguage":"es","potentialAction":[{"@type":"ReadAction","target":["https:\/\/canal7slp.tv\/2022\/califican-gimnastas-potosinos-al-nacional-conade-2022\/"]}]},{"@type":"ImageObject","inLanguage":"es","@id":"https:\/\/canal7slp.tv\/2022\/califican-gimnastas-potosinos-al-nacional-conade-2022\/#primaryimage","url":"https:\/\/canal7slp.tv\/2022\/wp-content\/uploads\/2022\/05\/03Gimnasia.jpg","contentUrl":"https:\/\/canal7slp.tv\/2022\/wp-content\/uploads\/2022\/05\/03Gimnasia.jpg","width":888,"height":500},{"@type":"BreadcrumbList","@id":"https:\/\/canal7slp.tv\/2022\/califican-gimnastas-potosinos-al-nacional-conade-2022\/#breadcrumb","itemListElement":[{"@type":"ListItem","position":1,"name":"Portada","item":"https:\/\/canal7slp.tv\/2022\/"},{"@type":"ListItem","position":2,"name":"Califican gimnastas potosinos al Nacional CONADE 2022."}]},{"@type":"WebSite","@id":"https:\/\/canal7slp.tv\/2022\/#website","url":"https:\/\/canal7slp.tv\/2022\/","name":"N7 - Noticieros Canal 7","description":"Somos Televisi\u00f3n","publisher":{"@id":"https:\/\/canal7slp.tv\/2022\/#organization"},"potentialAction":[{"@type":"SearchAction","target":{"@type":"EntryPoint","urlTemplate":"https:\/\/canal7slp.tv\/2022\/?s={search_term_string}"},"query-input":{"@type":"PropertyValueSpecification","valueRequired":true,"valueName":"search_term_string"}}],"inLanguage":"es"},{"@type":"Organization","@id":"https:\/\/canal7slp.tv\/2022\/#organization","name":"Noticieros Canal 7","url":"https:\/\/canal7slp.tv\/2022\/","logo":{"@type":"ImageObject","inLanguage":"es","@id":"https:\/\/canal7slp.tv\/2022\/#\/schema\/logo\/image\/","url":"https:\/\/canal7slp.tv\/2022\/wp-content\/uploads\/2021\/01\/logo-noticieros@2x.png","contentUrl":"https:\/\/canal7slp.tv\/2022\/wp-content\/uploads\/2021\/01\/logo-noticieros@2x.png","width":1017,"height":268,"caption":"Noticieros Canal 7"},"image":{"@id":"https:\/\/canal7slp.tv\/2022\/#\/schema\/logo\/image\/"},"sameAs":["https:\/\/www.facebook.com\/noticieroscanalsiete","https:\/\/x.com\/NOTICIEROS7","https:\/\/www.instagram.com\/canal7_slp","https:\/\/www.youtube.com\/channel\/UCliiYs-gP3JfJeqdPrNdd5A"]},{"@type":"Person","@id":"https:\/\/canal7slp.tv\/2022\/#\/schema\/person\/429704152a21f5f856ce29aa69a238da","name":"Edici\u00f3n Web","image":{"@type":"ImageObject","inLanguage":"es","@id":"https:\/\/secure.gravatar.com\/avatar\/eee448fc3f7164808013b816ba91ac7e43bbe82a70bebac296f8bc6f0addaa1a?s=96&d=mm&r=g","url":"https:\/\/secure.gravatar.com\/avatar\/eee448fc3f7164808013b816ba91ac7e43bbe82a70bebac296f8bc6f0addaa1a?s=96&d=mm&r=g","contentUrl":"https:\/\/secure.gravatar.com\/avatar\/eee448fc3f7164808013b816ba91ac7e43bbe82a70bebac296f8bc6f0addaa1a?s=96&d=mm&r=g","caption":"Edici\u00f3n Web"},"url":"https:\/\/canal7slp.tv\/2022\/author\/edicionweb\/"}]}},"amp_enabled":true,"_links":{"self":[{"href":"https:\/\/canal7slp.tv\/2022\/wp-json\/wp\/v2\/posts\/61332","targetHints":{"allow":["GET"]}}],"collection":[{"href":"https:\/\/canal7slp.tv\/2022\/wp-json\/wp\/v2\/posts"}],"about":[{"href":"https:\/\/canal7slp.tv\/2022\/wp-json\/wp\/v2\/types\/post"}],"author":[{"embeddable":true,"href":"https:\/\/canal7slp.tv\/2022\/wp-json\/wp\/v2\/users\/2"}],"replies":[{"embeddable":true,"href":"https:\/\/canal7slp.tv\/2022\/wp-json\/wp\/v2\/comments?post=61332"}],"version-history":[{"count":2,"href":"https:\/\/canal7slp.tv\/2022\/wp-json\/wp\/v2\/posts\/61332\/revisions"}],"predecessor-version":[{"id":61343,"href":"https:\/\/canal7slp.tv\/2022\/wp-json\/wp\/v2\/posts\/61332\/revisions\/61343"}],"wp:featuredmedia":[{"embeddable":true,"href":"https:\/\/canal7slp.tv\/2022\/wp-json\/wp\/v2\/media\/61342"}],"wp:attachment":[{"href":"https:\/\/canal7slp.tv\/2022\/wp-json\/wp\/v2\/media?parent=61332"}],"wp:term":[{"taxonomy":"category","embeddable":true,"href":"https:\/\/canal7slp.tv\/2022\/wp-json\/wp\/v2\/categories?post=61332"},{"taxonomy":"post_tag","embeddable":true,"href":"https:\/\/canal7slp.tv\/2022\/wp-json\/wp\/v2\/tags?post=61332"}],"curies":[{"name":"wp","href":"https:\/\/api.w.org\/{rel}","templated":true}]}}