{"id":61306,"date":"2022-05-25T14:22:41","date_gmt":"2022-05-25T20:22:41","guid":{"rendered":"https:\/\/canal7slp.tv\/2022\/?p=61306"},"modified":"2022-05-25T14:22:41","modified_gmt":"2022-05-25T20:22:41","slug":"a-la-baja-poblacion-en-pobreza-laboral-coneval","status":"publish","type":"post","link":"https:\/\/canal7slp.tv\/2022\/a-la-baja-poblacion-en-pobreza-laboral-coneval\/","title":{"rendered":"A la baja poblaci\u00f3n en pobreza laboral: CONEVAL"},"content":{"rendered":"<p style=\"text-align: justify;\">M\u00e9xico.- El Consejo Nacional de Evaluaci\u00f3n de la pol\u00edtica de Desarrollo Social (CONEVAL), inform\u00f3 que el porcentaje de la poblaci\u00f3n con ingreso laboral inferior al valor monetario de la canasta alimentaria (pobreza laboral) a nivel nacional disminuy\u00f3 al pasar de 40.3% en el cuarto trimestre de 2021 a 38.8% en el primer trimestre de 2022.<\/p>\n<p style=\"text-align: justify;\">Esto, pese a la la inflaci\u00f3n general anual promedio del primer trimestre de 2022 se ubic\u00f3 en 7.3%, siendo superior en 0.3 puntos porcentuales a la presentada en el cuarto trimestre de 2021 (7.0%) y en 3.3 puntos porcentuales respecto al primer trimestre de 2021 (4.0%).<\/p>\n<p style=\"text-align: justify;\">Cabe se\u00f1alar que la disminuci\u00f3n en la pobreza laboral se debi\u00f3 principalmente al aumento del ingreso laboral real de la poblaci\u00f3n ocupada.<\/p>\n<p style=\"text-align: justify;\">El poder adquisitivo del ingreso laboral real promedio per c\u00e1pita del primer trimestre de 2022 present\u00f3 un incremento de 3.8% respecto al cuarto trimestre de 2021.<\/p>\n<p style=\"text-align: justify;\">Este aumento pudo se apreciado en todos los sectores poblacionales de ingreso, principalmente en el primer grupo, el cual corresponde al 0% de la poblaci\u00f3n de menores ingresos, cuyo ingreso laboral real per c\u00e1pita promedio aument\u00f3 6.9% en el primer trimestre.<\/p>\n<p style=\"text-align: justify;\">Entre el cuarto trimestre del 2021 y el primer trimestre del 2022, la pobreza laboral en el \u00e1mbito rural present\u00f3 una mayor disminuci\u00f3n al pasar de 54.8% a 51.9% (2.8 puntos porcentuales), respecto al \u00e1mbito urbano que pas\u00f3 de 35.7% a 34.7% (1.0 punto porcentual).<\/p>\n<p style=\"text-align: justify;\">La disminuci\u00f3n de la pobreza laboral en este periodo se observ\u00f3 en 21 de las 32 entidades federativas.<\/p>\n<p style=\"text-align: justify;\">Los estados que ocuparon los tres primeros lugares por su disminuci\u00f3n en el porcentaje de pobreza laboral fueron Baja California con 4.6 puntos porcentuales; Chiapas con 4.0 y Nayarit con 3.8.<\/p>\n<p style=\"text-align: justify;\">En contraste, las entidades con mayor aumento durante el mismo periodo fueron Zacatecas con 5.6 puntos porcentuales; Hidalgo con 3.9 y Tamaulipas con 2.5 unidades.<\/p>\n<p style=\"text-align: justify;\">Pese a la mejora de la tasa de pobreza laboral a nivel nacional del primer trimestre de 2022 a\u00fan es mayor 2.2 puntos porcentuales al 36.6% observado antes del inicio de la pandemia en el primer trimestre de 2020.<\/p>\n","protected":false},"excerpt":{"rendered":"<p>M\u00e9xico.- El Consejo Nacional de Evaluaci\u00f3n de la pol\u00edtica de Desarrollo Social (CONEVAL), inform\u00f3 que el porcentaje de la poblaci\u00f3n con ingreso laboral inferior al valor monetario de la canasta alimentaria (pobreza laboral) a nivel nacional disminuy\u00f3 al pasar de 40.3% en el cuarto trimestre de 2021 a 38.8% en el primer trimestre de 2022. Esto, pese a la la inflaci\u00f3n general anual promedio del primer trimestre de 2022 se ubic\u00f3 en 7.3%, siendo superior en 0.3 puntos porcentuales a la presentada en el cuarto trimestre de 2021 (7.0%) y en 3.3 puntos porcentuales respecto al primer trimestre de 2021 [&hellip;]<\/p>\n","protected":false},"author":2,"featured_media":61318,"comment_status":"closed","ping_status":"closed","sticky":false,"template":"","format":"standard","meta":{"footnotes":""},"categories":[40,46],"tags":[],"class_list":["post-61306","post","type-post","status-publish","format-standard","has-post-thumbnail","hentry","category-economia","category-nacional","post--single"],"yoast_head":"<!-- This site is optimized with the Yoast SEO plugin v27.5 - https:\/\/yoast.com\/product\/yoast-seo-wordpress\/ -->\n<title>A la baja poblaci\u00f3n en pobreza laboral: CONEVAL - Canal 7 SLP - 2022<\/title>\n<meta name=\"robots\" content=\"index, follow, max-snippet:-1, max-image-preview:large, max-video-preview:-1\" \/>\n<link rel=\"canonical\" href=\"https:\/\/canal7slp.tv\/2022\/a-la-baja-poblacion-en-pobreza-laboral-coneval\/\" \/>\n<meta property=\"og:locale\" content=\"es_ES\" \/>\n<meta property=\"og:type\" content=\"article\" \/>\n<meta property=\"og:title\" content=\"A la baja poblaci\u00f3n en pobreza laboral: CONEVAL - Canal 7 SLP - 2022\" \/>\n<meta property=\"og:description\" content=\"M\u00e9xico.- El Consejo Nacional de Evaluaci\u00f3n de la pol\u00edtica de Desarrollo Social (CONEVAL), inform\u00f3 que el porcentaje de la poblaci\u00f3n con ingreso laboral inferior al valor monetario de la canasta alimentaria (pobreza laboral) a nivel nacional disminuy\u00f3 al pasar de 40.3% en el cuarto trimestre de 2021 a 38.8% en el primer trimestre de 2022. Esto, pese a la la inflaci\u00f3n general anual promedio del primer trimestre de 2022 se ubic\u00f3 en 7.3%, siendo superior en 0.3 puntos porcentuales a la presentada en el cuarto trimestre de 2021 (7.0%) y en 3.3 puntos porcentuales respecto al primer trimestre de 2021 [&hellip;]\" \/>\n<meta property=\"og:url\" content=\"https:\/\/canal7slp.tv\/2022\/a-la-baja-poblacion-en-pobreza-laboral-coneval\/\" \/>\n<meta property=\"og:site_name\" content=\"Canal 7 SLP - 2022\" \/>\n<meta property=\"article:publisher\" content=\"https:\/\/www.facebook.com\/noticieroscanalsiete\" \/>\n<meta property=\"article:published_time\" content=\"2022-05-25T20:22:41+00:00\" \/>\n<meta property=\"og:image\" content=\"https:\/\/canal7slp.tv\/2022\/wp-content\/uploads\/2022\/05\/02-8.jpeg\" \/>\n\t<meta property=\"og:image:width\" content=\"1280\" \/>\n\t<meta property=\"og:image:height\" content=\"720\" \/>\n\t<meta property=\"og:image:type\" content=\"image\/jpeg\" \/>\n<meta name=\"author\" content=\"Edici\u00f3n Web\" \/>\n<meta name=\"twitter:card\" content=\"summary_large_image\" \/>\n<meta name=\"twitter:creator\" content=\"@NOTICIEROS7\" \/>\n<meta name=\"twitter:site\" content=\"@NOTICIEROS7\" \/>\n<meta name=\"twitter:label1\" content=\"Escrito por\" \/>\n\t<meta name=\"twitter:data1\" content=\"Edici\u00f3n Web\" \/>\n\t<meta name=\"twitter:label2\" content=\"Tiempo de lectura\" \/>\n\t<meta name=\"twitter:data2\" content=\"2 minutos\" \/>\n<script type=\"application\/ld+json\" class=\"yoast-schema-graph\">{\"@context\":\"https:\\\/\\\/schema.org\",\"@graph\":[{\"@type\":\"Article\",\"@id\":\"https:\\\/\\\/canal7slp.tv\\\/2022\\\/a-la-baja-poblacion-en-pobreza-laboral-coneval\\\/#article\",\"isPartOf\":{\"@id\":\"https:\\\/\\\/canal7slp.tv\\\/2022\\\/a-la-baja-poblacion-en-pobreza-laboral-coneval\\\/\"},\"author\":{\"name\":\"Edici\u00f3n Web\",\"@id\":\"https:\\\/\\\/canal7slp.tv\\\/2022\\\/#\\\/schema\\\/person\\\/429704152a21f5f856ce29aa69a238da\"},\"headline\":\"A la baja poblaci\u00f3n en pobreza laboral: CONEVAL\",\"datePublished\":\"2022-05-25T20:22:41+00:00\",\"mainEntityOfPage\":{\"@id\":\"https:\\\/\\\/canal7slp.tv\\\/2022\\\/a-la-baja-poblacion-en-pobreza-laboral-coneval\\\/\"},\"wordCount\":336,\"publisher\":{\"@id\":\"https:\\\/\\\/canal7slp.tv\\\/2022\\\/#organization\"},\"image\":{\"@id\":\"https:\\\/\\\/canal7slp.tv\\\/2022\\\/a-la-baja-poblacion-en-pobreza-laboral-coneval\\\/#primaryimage\"},\"thumbnailUrl\":\"https:\\\/\\\/canal7slp.tv\\\/2022\\\/wp-content\\\/uploads\\\/2022\\\/05\\\/02-8.jpeg\",\"articleSection\":[\"ECONOM\u00cdA\",\"NACIONALES\"],\"inLanguage\":\"es\"},{\"@type\":\"WebPage\",\"@id\":\"https:\\\/\\\/canal7slp.tv\\\/2022\\\/a-la-baja-poblacion-en-pobreza-laboral-coneval\\\/\",\"url\":\"https:\\\/\\\/canal7slp.tv\\\/2022\\\/a-la-baja-poblacion-en-pobreza-laboral-coneval\\\/\",\"name\":\"A la baja poblaci\u00f3n en pobreza laboral: CONEVAL - Canal 7 SLP - 2022\",\"isPartOf\":{\"@id\":\"https:\\\/\\\/canal7slp.tv\\\/2022\\\/#website\"},\"primaryImageOfPage\":{\"@id\":\"https:\\\/\\\/canal7slp.tv\\\/2022\\\/a-la-baja-poblacion-en-pobreza-laboral-coneval\\\/#primaryimage\"},\"image\":{\"@id\":\"https:\\\/\\\/canal7slp.tv\\\/2022\\\/a-la-baja-poblacion-en-pobreza-laboral-coneval\\\/#primaryimage\"},\"thumbnailUrl\":\"https:\\\/\\\/canal7slp.tv\\\/2022\\\/wp-content\\\/uploads\\\/2022\\\/05\\\/02-8.jpeg\",\"datePublished\":\"2022-05-25T20:22:41+00:00\",\"breadcrumb\":{\"@id\":\"https:\\\/\\\/canal7slp.tv\\\/2022\\\/a-la-baja-poblacion-en-pobreza-laboral-coneval\\\/#breadcrumb\"},\"inLanguage\":\"es\",\"potentialAction\":[{\"@type\":\"ReadAction\",\"target\":[\"https:\\\/\\\/canal7slp.tv\\\/2022\\\/a-la-baja-poblacion-en-pobreza-laboral-coneval\\\/\"]}]},{\"@type\":\"ImageObject\",\"inLanguage\":\"es\",\"@id\":\"https:\\\/\\\/canal7slp.tv\\\/2022\\\/a-la-baja-poblacion-en-pobreza-laboral-coneval\\\/#primaryimage\",\"url\":\"https:\\\/\\\/canal7slp.tv\\\/2022\\\/wp-content\\\/uploads\\\/2022\\\/05\\\/02-8.jpeg\",\"contentUrl\":\"https:\\\/\\\/canal7slp.tv\\\/2022\\\/wp-content\\\/uploads\\\/2022\\\/05\\\/02-8.jpeg\",\"width\":1280,\"height\":720},{\"@type\":\"BreadcrumbList\",\"@id\":\"https:\\\/\\\/canal7slp.tv\\\/2022\\\/a-la-baja-poblacion-en-pobreza-laboral-coneval\\\/#breadcrumb\",\"itemListElement\":[{\"@type\":\"ListItem\",\"position\":1,\"name\":\"Portada\",\"item\":\"https:\\\/\\\/canal7slp.tv\\\/2022\\\/\"},{\"@type\":\"ListItem\",\"position\":2,\"name\":\"A la baja poblaci\u00f3n en pobreza laboral: CONEVAL\"}]},{\"@type\":\"WebSite\",\"@id\":\"https:\\\/\\\/canal7slp.tv\\\/2022\\\/#website\",\"url\":\"https:\\\/\\\/canal7slp.tv\\\/2022\\\/\",\"name\":\"N7 - Noticieros Canal 7\",\"description\":\"Somos Televisi\u00f3n\",\"publisher\":{\"@id\":\"https:\\\/\\\/canal7slp.tv\\\/2022\\\/#organization\"},\"potentialAction\":[{\"@type\":\"SearchAction\",\"target\":{\"@type\":\"EntryPoint\",\"urlTemplate\":\"https:\\\/\\\/canal7slp.tv\\\/2022\\\/?s={search_term_string}\"},\"query-input\":{\"@type\":\"PropertyValueSpecification\",\"valueRequired\":true,\"valueName\":\"search_term_string\"}}],\"inLanguage\":\"es\"},{\"@type\":\"Organization\",\"@id\":\"https:\\\/\\\/canal7slp.tv\\\/2022\\\/#organization\",\"name\":\"Noticieros Canal 7\",\"url\":\"https:\\\/\\\/canal7slp.tv\\\/2022\\\/\",\"logo\":{\"@type\":\"ImageObject\",\"inLanguage\":\"es\",\"@id\":\"https:\\\/\\\/canal7slp.tv\\\/2022\\\/#\\\/schema\\\/logo\\\/image\\\/\",\"url\":\"https:\\\/\\\/canal7slp.tv\\\/2022\\\/wp-content\\\/uploads\\\/2021\\\/01\\\/logo-noticieros@2x.png\",\"contentUrl\":\"https:\\\/\\\/canal7slp.tv\\\/2022\\\/wp-content\\\/uploads\\\/2021\\\/01\\\/logo-noticieros@2x.png\",\"width\":1017,\"height\":268,\"caption\":\"Noticieros Canal 7\"},\"image\":{\"@id\":\"https:\\\/\\\/canal7slp.tv\\\/2022\\\/#\\\/schema\\\/logo\\\/image\\\/\"},\"sameAs\":[\"https:\\\/\\\/www.facebook.com\\\/noticieroscanalsiete\",\"https:\\\/\\\/x.com\\\/NOTICIEROS7\",\"https:\\\/\\\/www.instagram.com\\\/canal7_slp\",\"https:\\\/\\\/www.youtube.com\\\/channel\\\/UCliiYs-gP3JfJeqdPrNdd5A\"]},{\"@type\":\"Person\",\"@id\":\"https:\\\/\\\/canal7slp.tv\\\/2022\\\/#\\\/schema\\\/person\\\/429704152a21f5f856ce29aa69a238da\",\"name\":\"Edici\u00f3n Web\",\"image\":{\"@type\":\"ImageObject\",\"inLanguage\":\"es\",\"@id\":\"https:\\\/\\\/secure.gravatar.com\\\/avatar\\\/eee448fc3f7164808013b816ba91ac7e43bbe82a70bebac296f8bc6f0addaa1a?s=96&d=mm&r=g\",\"url\":\"https:\\\/\\\/secure.gravatar.com\\\/avatar\\\/eee448fc3f7164808013b816ba91ac7e43bbe82a70bebac296f8bc6f0addaa1a?s=96&d=mm&r=g\",\"contentUrl\":\"https:\\\/\\\/secure.gravatar.com\\\/avatar\\\/eee448fc3f7164808013b816ba91ac7e43bbe82a70bebac296f8bc6f0addaa1a?s=96&d=mm&r=g\",\"caption\":\"Edici\u00f3n Web\"},\"url\":\"https:\\\/\\\/canal7slp.tv\\\/2022\\\/author\\\/edicionweb\\\/\"}]}<\/script>\n<!-- \/ Yoast SEO plugin. -->","yoast_head_json":{"title":"A la baja poblaci\u00f3n en pobreza laboral: CONEVAL - Canal 7 SLP - 2022","robots":{"index":"index","follow":"follow","max-snippet":"max-snippet:-1","max-image-preview":"max-image-preview:large","max-video-preview":"max-video-preview:-1"},"canonical":"https:\/\/canal7slp.tv\/2022\/a-la-baja-poblacion-en-pobreza-laboral-coneval\/","og_locale":"es_ES","og_type":"article","og_title":"A la baja poblaci\u00f3n en pobreza laboral: CONEVAL - Canal 7 SLP - 2022","og_description":"M\u00e9xico.- El Consejo Nacional de Evaluaci\u00f3n de la pol\u00edtica de Desarrollo Social (CONEVAL), inform\u00f3 que el porcentaje de la poblaci\u00f3n con ingreso laboral inferior al valor monetario de la canasta alimentaria (pobreza laboral) a nivel nacional disminuy\u00f3 al pasar de 40.3% en el cuarto trimestre de 2021 a 38.8% en el primer trimestre de 2022. Esto, pese a la la inflaci\u00f3n general anual promedio del primer trimestre de 2022 se ubic\u00f3 en 7.3%, siendo superior en 0.3 puntos porcentuales a la presentada en el cuarto trimestre de 2021 (7.0%) y en 3.3 puntos porcentuales respecto al primer trimestre de 2021 [&hellip;]","og_url":"https:\/\/canal7slp.tv\/2022\/a-la-baja-poblacion-en-pobreza-laboral-coneval\/","og_site_name":"Canal 7 SLP - 2022","article_publisher":"https:\/\/www.facebook.com\/noticieroscanalsiete","article_published_time":"2022-05-25T20:22:41+00:00","og_image":[{"width":1280,"height":720,"url":"https:\/\/canal7slp.tv\/2022\/wp-content\/uploads\/2022\/05\/02-8.jpeg","type":"image\/jpeg"}],"author":"Edici\u00f3n Web","twitter_card":"summary_large_image","twitter_creator":"@NOTICIEROS7","twitter_site":"@NOTICIEROS7","twitter_misc":{"Escrito por":"Edici\u00f3n Web","Tiempo de lectura":"2 minutos"},"schema":{"@context":"https:\/\/schema.org","@graph":[{"@type":"Article","@id":"https:\/\/canal7slp.tv\/2022\/a-la-baja-poblacion-en-pobreza-laboral-coneval\/#article","isPartOf":{"@id":"https:\/\/canal7slp.tv\/2022\/a-la-baja-poblacion-en-pobreza-laboral-coneval\/"},"author":{"name":"Edici\u00f3n Web","@id":"https:\/\/canal7slp.tv\/2022\/#\/schema\/person\/429704152a21f5f856ce29aa69a238da"},"headline":"A la baja poblaci\u00f3n en pobreza laboral: CONEVAL","datePublished":"2022-05-25T20:22:41+00:00","mainEntityOfPage":{"@id":"https:\/\/canal7slp.tv\/2022\/a-la-baja-poblacion-en-pobreza-laboral-coneval\/"},"wordCount":336,"publisher":{"@id":"https:\/\/canal7slp.tv\/2022\/#organization"},"image":{"@id":"https:\/\/canal7slp.tv\/2022\/a-la-baja-poblacion-en-pobreza-laboral-coneval\/#primaryimage"},"thumbnailUrl":"https:\/\/canal7slp.tv\/2022\/wp-content\/uploads\/2022\/05\/02-8.jpeg","articleSection":["ECONOM\u00cdA","NACIONALES"],"inLanguage":"es"},{"@type":"WebPage","@id":"https:\/\/canal7slp.tv\/2022\/a-la-baja-poblacion-en-pobreza-laboral-coneval\/","url":"https:\/\/canal7slp.tv\/2022\/a-la-baja-poblacion-en-pobreza-laboral-coneval\/","name":"A la baja poblaci\u00f3n en pobreza laboral: CONEVAL - Canal 7 SLP - 2022","isPartOf":{"@id":"https:\/\/canal7slp.tv\/2022\/#website"},"primaryImageOfPage":{"@id":"https:\/\/canal7slp.tv\/2022\/a-la-baja-poblacion-en-pobreza-laboral-coneval\/#primaryimage"},"image":{"@id":"https:\/\/canal7slp.tv\/2022\/a-la-baja-poblacion-en-pobreza-laboral-coneval\/#primaryimage"},"thumbnailUrl":"https:\/\/canal7slp.tv\/2022\/wp-content\/uploads\/2022\/05\/02-8.jpeg","datePublished":"2022-05-25T20:22:41+00:00","breadcrumb":{"@id":"https:\/\/canal7slp.tv\/2022\/a-la-baja-poblacion-en-pobreza-laboral-coneval\/#breadcrumb"},"inLanguage":"es","potentialAction":[{"@type":"ReadAction","target":["https:\/\/canal7slp.tv\/2022\/a-la-baja-poblacion-en-pobreza-laboral-coneval\/"]}]},{"@type":"ImageObject","inLanguage":"es","@id":"https:\/\/canal7slp.tv\/2022\/a-la-baja-poblacion-en-pobreza-laboral-coneval\/#primaryimage","url":"https:\/\/canal7slp.tv\/2022\/wp-content\/uploads\/2022\/05\/02-8.jpeg","contentUrl":"https:\/\/canal7slp.tv\/2022\/wp-content\/uploads\/2022\/05\/02-8.jpeg","width":1280,"height":720},{"@type":"BreadcrumbList","@id":"https:\/\/canal7slp.tv\/2022\/a-la-baja-poblacion-en-pobreza-laboral-coneval\/#breadcrumb","itemListElement":[{"@type":"ListItem","position":1,"name":"Portada","item":"https:\/\/canal7slp.tv\/2022\/"},{"@type":"ListItem","position":2,"name":"A la baja poblaci\u00f3n en pobreza laboral: CONEVAL"}]},{"@type":"WebSite","@id":"https:\/\/canal7slp.tv\/2022\/#website","url":"https:\/\/canal7slp.tv\/2022\/","name":"N7 - Noticieros Canal 7","description":"Somos Televisi\u00f3n","publisher":{"@id":"https:\/\/canal7slp.tv\/2022\/#organization"},"potentialAction":[{"@type":"SearchAction","target":{"@type":"EntryPoint","urlTemplate":"https:\/\/canal7slp.tv\/2022\/?s={search_term_string}"},"query-input":{"@type":"PropertyValueSpecification","valueRequired":true,"valueName":"search_term_string"}}],"inLanguage":"es"},{"@type":"Organization","@id":"https:\/\/canal7slp.tv\/2022\/#organization","name":"Noticieros Canal 7","url":"https:\/\/canal7slp.tv\/2022\/","logo":{"@type":"ImageObject","inLanguage":"es","@id":"https:\/\/canal7slp.tv\/2022\/#\/schema\/logo\/image\/","url":"https:\/\/canal7slp.tv\/2022\/wp-content\/uploads\/2021\/01\/logo-noticieros@2x.png","contentUrl":"https:\/\/canal7slp.tv\/2022\/wp-content\/uploads\/2021\/01\/logo-noticieros@2x.png","width":1017,"height":268,"caption":"Noticieros Canal 7"},"image":{"@id":"https:\/\/canal7slp.tv\/2022\/#\/schema\/logo\/image\/"},"sameAs":["https:\/\/www.facebook.com\/noticieroscanalsiete","https:\/\/x.com\/NOTICIEROS7","https:\/\/www.instagram.com\/canal7_slp","https:\/\/www.youtube.com\/channel\/UCliiYs-gP3JfJeqdPrNdd5A"]},{"@type":"Person","@id":"https:\/\/canal7slp.tv\/2022\/#\/schema\/person\/429704152a21f5f856ce29aa69a238da","name":"Edici\u00f3n Web","image":{"@type":"ImageObject","inLanguage":"es","@id":"https:\/\/secure.gravatar.com\/avatar\/eee448fc3f7164808013b816ba91ac7e43bbe82a70bebac296f8bc6f0addaa1a?s=96&d=mm&r=g","url":"https:\/\/secure.gravatar.com\/avatar\/eee448fc3f7164808013b816ba91ac7e43bbe82a70bebac296f8bc6f0addaa1a?s=96&d=mm&r=g","contentUrl":"https:\/\/secure.gravatar.com\/avatar\/eee448fc3f7164808013b816ba91ac7e43bbe82a70bebac296f8bc6f0addaa1a?s=96&d=mm&r=g","caption":"Edici\u00f3n Web"},"url":"https:\/\/canal7slp.tv\/2022\/author\/edicionweb\/"}]}},"amp_enabled":true,"_links":{"self":[{"href":"https:\/\/canal7slp.tv\/2022\/wp-json\/wp\/v2\/posts\/61306","targetHints":{"allow":["GET"]}}],"collection":[{"href":"https:\/\/canal7slp.tv\/2022\/wp-json\/wp\/v2\/posts"}],"about":[{"href":"https:\/\/canal7slp.tv\/2022\/wp-json\/wp\/v2\/types\/post"}],"author":[{"embeddable":true,"href":"https:\/\/canal7slp.tv\/2022\/wp-json\/wp\/v2\/users\/2"}],"replies":[{"embeddable":true,"href":"https:\/\/canal7slp.tv\/2022\/wp-json\/wp\/v2\/comments?post=61306"}],"version-history":[{"count":2,"href":"https:\/\/canal7slp.tv\/2022\/wp-json\/wp\/v2\/posts\/61306\/revisions"}],"predecessor-version":[{"id":61327,"href":"https:\/\/canal7slp.tv\/2022\/wp-json\/wp\/v2\/posts\/61306\/revisions\/61327"}],"wp:featuredmedia":[{"embeddable":true,"href":"https:\/\/canal7slp.tv\/2022\/wp-json\/wp\/v2\/media\/61318"}],"wp:attachment":[{"href":"https:\/\/canal7slp.tv\/2022\/wp-json\/wp\/v2\/media?parent=61306"}],"wp:term":[{"taxonomy":"category","embeddable":true,"href":"https:\/\/canal7slp.tv\/2022\/wp-json\/wp\/v2\/categories?post=61306"},{"taxonomy":"post_tag","embeddable":true,"href":"https:\/\/canal7slp.tv\/2022\/wp-json\/wp\/v2\/tags?post=61306"}],"curies":[{"name":"wp","href":"https:\/\/api.w.org\/{rel}","templated":true}]}}