{"id":60371,"date":"2022-05-16T17:29:23","date_gmt":"2022-05-16T23:29:23","guid":{"rendered":"https:\/\/canal7slp.tv\/2022\/?p=60371"},"modified":"2022-05-16T17:29:23","modified_gmt":"2022-05-16T23:29:23","slug":"alcaldesa-soledense-celebra-puesta-en-marcha-de-guardia-civil-estatal","status":"publish","type":"post","link":"https:\/\/canal7slp.tv\/2022\/alcaldesa-soledense-celebra-puesta-en-marcha-de-guardia-civil-estatal\/","title":{"rendered":"Alcaldesa soledense celebra puesta en marcha de Guardia Civil Estatal."},"content":{"rendered":"<ul>\n<li>Proyecta que la coordinaci\u00f3n con la polic\u00eda municipal derive en la reducci\u00f3n del \u00edndice delictivo.<\/li>\n<\/ul>\n<p style=\"text-align: justify;\">SLP.- Luego de ser presentada de manera oficial la puesta en marcha de la nueva Guardia Civil Estatal a la que se sumaron los 58 municipios del estado, la presidenta municipal de Soledad de Graciano S\u00e1nchez, celebr\u00f3 esta medida al decir que coadyuvar\u00e1 a reforzar la seguridad en este municipio conurbado.<\/p>\n<p style=\"text-align: justify;\">La edil soledense afirm\u00f3 que en esta demarcaci\u00f3n se tiene registradas por lo menos 25 colonias consideradas conflictivas y que en coordinaci\u00f3n con la polic\u00eda de su municipio, se espera que se reduzcan los \u00edndices delictivos.<\/p>\n<p style=\"text-align: justify;\">La presidenta municipal opin\u00f3 que en la creaci\u00f3n de esta Guardia Civil Estatal jugaron un papel importante el Congreso del Estado y los cabildos de cada uno de los municipios.<\/p>\n<p style=\"text-align: justify;\">Dijo tambi\u00e9n que hay garant\u00eda de que el personal que conforma esta nueva corporaci\u00f3n de seguridad est\u00e1 debidamente capacitado, al decir tambi\u00e9n que los municipios del estado trabajar\u00e1n de la mano con el gobierno estatal, para garantizar la seguridad y confianza de los ciudadanos.<\/p>\n<p style=\"text-align: justify;\">Por: Claudio Ibarra<\/p>\n","protected":false},"excerpt":{"rendered":"<p>Proyecta que la coordinaci\u00f3n con la polic\u00eda municipal derive en la reducci\u00f3n del \u00edndice delictivo. SLP.- Luego de ser presentada de manera oficial la puesta en marcha de la nueva Guardia Civil Estatal a la que se sumaron los 58 municipios del estado, la presidenta municipal de Soledad de Graciano S\u00e1nchez, celebr\u00f3 esta medida al decir que coadyuvar\u00e1 a reforzar la seguridad en este municipio conurbado. La edil soledense afirm\u00f3 que en esta demarcaci\u00f3n se tiene registradas por lo menos 25 colonias consideradas conflictivas y que en coordinaci\u00f3n con la polic\u00eda de su municipio, se espera que se reduzcan los [&hellip;]<\/p>\n","protected":false},"author":2,"featured_media":60403,"comment_status":"closed","ping_status":"closed","sticky":false,"template":"","format":"video","meta":{"footnotes":""},"categories":[512,5,45],"tags":[],"class_list":["post-60371","post","type-post","status-publish","format-video","has-post-thumbnail","hentry","category-ayosgs","category-destacadas","category-localesyregionales","post_format-post-format-video","post--single"],"yoast_head":"<!-- This site is optimized with the Yoast SEO plugin v27.4 - https:\/\/yoast.com\/product\/yoast-seo-wordpress\/ -->\n<title>Alcaldesa soledense celebra puesta en marcha de Guardia Civil Estatal. - Canal 7 SLP - 2022<\/title>\n<meta name=\"robots\" content=\"index, follow, max-snippet:-1, max-image-preview:large, max-video-preview:-1\" \/>\n<link rel=\"canonical\" href=\"https:\/\/canal7slp.tv\/2022\/alcaldesa-soledense-celebra-puesta-en-marcha-de-guardia-civil-estatal\/\" \/>\n<meta property=\"og:locale\" content=\"es_ES\" \/>\n<meta property=\"og:type\" content=\"article\" \/>\n<meta property=\"og:title\" content=\"Alcaldesa soledense celebra puesta en marcha de Guardia Civil Estatal. - Canal 7 SLP - 2022\" \/>\n<meta property=\"og:description\" content=\"Proyecta que la coordinaci\u00f3n con la polic\u00eda municipal derive en la reducci\u00f3n del \u00edndice delictivo. SLP.- Luego de ser presentada de manera oficial la puesta en marcha de la nueva Guardia Civil Estatal a la que se sumaron los 58 municipios del estado, la presidenta municipal de Soledad de Graciano S\u00e1nchez, celebr\u00f3 esta medida al decir que coadyuvar\u00e1 a reforzar la seguridad en este municipio conurbado. La edil soledense afirm\u00f3 que en esta demarcaci\u00f3n se tiene registradas por lo menos 25 colonias consideradas conflictivas y que en coordinaci\u00f3n con la polic\u00eda de su municipio, se espera que se reduzcan los [&hellip;]\" \/>\n<meta property=\"og:url\" content=\"https:\/\/canal7slp.tv\/2022\/alcaldesa-soledense-celebra-puesta-en-marcha-de-guardia-civil-estatal\/\" \/>\n<meta property=\"og:site_name\" content=\"Canal 7 SLP - 2022\" \/>\n<meta property=\"article:publisher\" content=\"https:\/\/www.facebook.com\/noticieroscanalsiete\" \/>\n<meta property=\"article:published_time\" content=\"2022-05-16T23:29:23+00:00\" \/>\n<meta property=\"og:image\" content=\"https:\/\/canal7slp.tv\/2022\/wp-content\/uploads\/2022\/05\/Claudio02Alcaldesa.jpg\" \/>\n\t<meta property=\"og:image:width\" content=\"888\" \/>\n\t<meta property=\"og:image:height\" content=\"500\" \/>\n\t<meta property=\"og:image:type\" content=\"image\/jpeg\" \/>\n<meta name=\"author\" content=\"Edici\u00f3n Web\" \/>\n<meta name=\"twitter:card\" content=\"summary_large_image\" \/>\n<meta name=\"twitter:creator\" content=\"@NOTICIEROS7\" \/>\n<meta name=\"twitter:site\" content=\"@NOTICIEROS7\" \/>\n<meta name=\"twitter:label1\" content=\"Escrito por\" \/>\n\t<meta name=\"twitter:data1\" content=\"Edici\u00f3n Web\" \/>\n\t<meta name=\"twitter:label2\" content=\"Tiempo de lectura\" \/>\n\t<meta name=\"twitter:data2\" content=\"1 minuto\" \/>\n<script type=\"application\/ld+json\" class=\"yoast-schema-graph\">{\"@context\":\"https:\\\/\\\/schema.org\",\"@graph\":[{\"@type\":\"Article\",\"@id\":\"https:\\\/\\\/canal7slp.tv\\\/2022\\\/alcaldesa-soledense-celebra-puesta-en-marcha-de-guardia-civil-estatal\\\/#article\",\"isPartOf\":{\"@id\":\"https:\\\/\\\/canal7slp.tv\\\/2022\\\/alcaldesa-soledense-celebra-puesta-en-marcha-de-guardia-civil-estatal\\\/\"},\"author\":{\"name\":\"Edici\u00f3n Web\",\"@id\":\"https:\\\/\\\/canal7slp.tv\\\/2022\\\/#\\\/schema\\\/person\\\/429704152a21f5f856ce29aa69a238da\"},\"headline\":\"Alcaldesa soledense celebra puesta en marcha de Guardia Civil Estatal.\",\"datePublished\":\"2022-05-16T23:29:23+00:00\",\"mainEntityOfPage\":{\"@id\":\"https:\\\/\\\/canal7slp.tv\\\/2022\\\/alcaldesa-soledense-celebra-puesta-en-marcha-de-guardia-civil-estatal\\\/\"},\"wordCount\":201,\"publisher\":{\"@id\":\"https:\\\/\\\/canal7slp.tv\\\/2022\\\/#organization\"},\"image\":{\"@id\":\"https:\\\/\\\/canal7slp.tv\\\/2022\\\/alcaldesa-soledense-celebra-puesta-en-marcha-de-guardia-civil-estatal\\\/#primaryimage\"},\"thumbnailUrl\":\"https:\\\/\\\/canal7slp.tv\\\/2022\\\/wp-content\\\/uploads\\\/2022\\\/05\\\/Claudio02Alcaldesa.jpg\",\"articleSection\":[\"AYOSGS\",\"DESTACADAS\",\"LOCALES Y REGIONALES\"],\"inLanguage\":\"es\"},{\"@type\":\"WebPage\",\"@id\":\"https:\\\/\\\/canal7slp.tv\\\/2022\\\/alcaldesa-soledense-celebra-puesta-en-marcha-de-guardia-civil-estatal\\\/\",\"url\":\"https:\\\/\\\/canal7slp.tv\\\/2022\\\/alcaldesa-soledense-celebra-puesta-en-marcha-de-guardia-civil-estatal\\\/\",\"name\":\"Alcaldesa soledense celebra puesta en marcha de Guardia Civil Estatal. - Canal 7 SLP - 2022\",\"isPartOf\":{\"@id\":\"https:\\\/\\\/canal7slp.tv\\\/2022\\\/#website\"},\"primaryImageOfPage\":{\"@id\":\"https:\\\/\\\/canal7slp.tv\\\/2022\\\/alcaldesa-soledense-celebra-puesta-en-marcha-de-guardia-civil-estatal\\\/#primaryimage\"},\"image\":{\"@id\":\"https:\\\/\\\/canal7slp.tv\\\/2022\\\/alcaldesa-soledense-celebra-puesta-en-marcha-de-guardia-civil-estatal\\\/#primaryimage\"},\"thumbnailUrl\":\"https:\\\/\\\/canal7slp.tv\\\/2022\\\/wp-content\\\/uploads\\\/2022\\\/05\\\/Claudio02Alcaldesa.jpg\",\"datePublished\":\"2022-05-16T23:29:23+00:00\",\"breadcrumb\":{\"@id\":\"https:\\\/\\\/canal7slp.tv\\\/2022\\\/alcaldesa-soledense-celebra-puesta-en-marcha-de-guardia-civil-estatal\\\/#breadcrumb\"},\"inLanguage\":\"es\",\"potentialAction\":[{\"@type\":\"ReadAction\",\"target\":[\"https:\\\/\\\/canal7slp.tv\\\/2022\\\/alcaldesa-soledense-celebra-puesta-en-marcha-de-guardia-civil-estatal\\\/\"]}]},{\"@type\":\"ImageObject\",\"inLanguage\":\"es\",\"@id\":\"https:\\\/\\\/canal7slp.tv\\\/2022\\\/alcaldesa-soledense-celebra-puesta-en-marcha-de-guardia-civil-estatal\\\/#primaryimage\",\"url\":\"https:\\\/\\\/canal7slp.tv\\\/2022\\\/wp-content\\\/uploads\\\/2022\\\/05\\\/Claudio02Alcaldesa.jpg\",\"contentUrl\":\"https:\\\/\\\/canal7slp.tv\\\/2022\\\/wp-content\\\/uploads\\\/2022\\\/05\\\/Claudio02Alcaldesa.jpg\",\"width\":888,\"height\":500},{\"@type\":\"BreadcrumbList\",\"@id\":\"https:\\\/\\\/canal7slp.tv\\\/2022\\\/alcaldesa-soledense-celebra-puesta-en-marcha-de-guardia-civil-estatal\\\/#breadcrumb\",\"itemListElement\":[{\"@type\":\"ListItem\",\"position\":1,\"name\":\"Portada\",\"item\":\"https:\\\/\\\/canal7slp.tv\\\/2022\\\/\"},{\"@type\":\"ListItem\",\"position\":2,\"name\":\"Alcaldesa soledense celebra puesta en marcha de Guardia Civil Estatal.\"}]},{\"@type\":\"WebSite\",\"@id\":\"https:\\\/\\\/canal7slp.tv\\\/2022\\\/#website\",\"url\":\"https:\\\/\\\/canal7slp.tv\\\/2022\\\/\",\"name\":\"N7 - Noticieros Canal 7\",\"description\":\"Somos Televisi\u00f3n\",\"publisher\":{\"@id\":\"https:\\\/\\\/canal7slp.tv\\\/2022\\\/#organization\"},\"potentialAction\":[{\"@type\":\"SearchAction\",\"target\":{\"@type\":\"EntryPoint\",\"urlTemplate\":\"https:\\\/\\\/canal7slp.tv\\\/2022\\\/?s={search_term_string}\"},\"query-input\":{\"@type\":\"PropertyValueSpecification\",\"valueRequired\":true,\"valueName\":\"search_term_string\"}}],\"inLanguage\":\"es\"},{\"@type\":\"Organization\",\"@id\":\"https:\\\/\\\/canal7slp.tv\\\/2022\\\/#organization\",\"name\":\"Noticieros Canal 7\",\"url\":\"https:\\\/\\\/canal7slp.tv\\\/2022\\\/\",\"logo\":{\"@type\":\"ImageObject\",\"inLanguage\":\"es\",\"@id\":\"https:\\\/\\\/canal7slp.tv\\\/2022\\\/#\\\/schema\\\/logo\\\/image\\\/\",\"url\":\"https:\\\/\\\/canal7slp.tv\\\/2022\\\/wp-content\\\/uploads\\\/2021\\\/01\\\/logo-noticieros@2x.png\",\"contentUrl\":\"https:\\\/\\\/canal7slp.tv\\\/2022\\\/wp-content\\\/uploads\\\/2021\\\/01\\\/logo-noticieros@2x.png\",\"width\":1017,\"height\":268,\"caption\":\"Noticieros Canal 7\"},\"image\":{\"@id\":\"https:\\\/\\\/canal7slp.tv\\\/2022\\\/#\\\/schema\\\/logo\\\/image\\\/\"},\"sameAs\":[\"https:\\\/\\\/www.facebook.com\\\/noticieroscanalsiete\",\"https:\\\/\\\/x.com\\\/NOTICIEROS7\",\"https:\\\/\\\/www.instagram.com\\\/canal7_slp\",\"https:\\\/\\\/www.youtube.com\\\/channel\\\/UCliiYs-gP3JfJeqdPrNdd5A\"]},{\"@type\":\"Person\",\"@id\":\"https:\\\/\\\/canal7slp.tv\\\/2022\\\/#\\\/schema\\\/person\\\/429704152a21f5f856ce29aa69a238da\",\"name\":\"Edici\u00f3n Web\",\"image\":{\"@type\":\"ImageObject\",\"inLanguage\":\"es\",\"@id\":\"https:\\\/\\\/secure.gravatar.com\\\/avatar\\\/eee448fc3f7164808013b816ba91ac7e43bbe82a70bebac296f8bc6f0addaa1a?s=96&d=mm&r=g\",\"url\":\"https:\\\/\\\/secure.gravatar.com\\\/avatar\\\/eee448fc3f7164808013b816ba91ac7e43bbe82a70bebac296f8bc6f0addaa1a?s=96&d=mm&r=g\",\"contentUrl\":\"https:\\\/\\\/secure.gravatar.com\\\/avatar\\\/eee448fc3f7164808013b816ba91ac7e43bbe82a70bebac296f8bc6f0addaa1a?s=96&d=mm&r=g\",\"caption\":\"Edici\u00f3n Web\"},\"url\":\"https:\\\/\\\/canal7slp.tv\\\/2022\\\/author\\\/edicionweb\\\/\"}]}<\/script>\n<!-- \/ Yoast SEO plugin. -->","yoast_head_json":{"title":"Alcaldesa soledense celebra puesta en marcha de Guardia Civil Estatal. - Canal 7 SLP - 2022","robots":{"index":"index","follow":"follow","max-snippet":"max-snippet:-1","max-image-preview":"max-image-preview:large","max-video-preview":"max-video-preview:-1"},"canonical":"https:\/\/canal7slp.tv\/2022\/alcaldesa-soledense-celebra-puesta-en-marcha-de-guardia-civil-estatal\/","og_locale":"es_ES","og_type":"article","og_title":"Alcaldesa soledense celebra puesta en marcha de Guardia Civil Estatal. - Canal 7 SLP - 2022","og_description":"Proyecta que la coordinaci\u00f3n con la polic\u00eda municipal derive en la reducci\u00f3n del \u00edndice delictivo. SLP.- Luego de ser presentada de manera oficial la puesta en marcha de la nueva Guardia Civil Estatal a la que se sumaron los 58 municipios del estado, la presidenta municipal de Soledad de Graciano S\u00e1nchez, celebr\u00f3 esta medida al decir que coadyuvar\u00e1 a reforzar la seguridad en este municipio conurbado. La edil soledense afirm\u00f3 que en esta demarcaci\u00f3n se tiene registradas por lo menos 25 colonias consideradas conflictivas y que en coordinaci\u00f3n con la polic\u00eda de su municipio, se espera que se reduzcan los [&hellip;]","og_url":"https:\/\/canal7slp.tv\/2022\/alcaldesa-soledense-celebra-puesta-en-marcha-de-guardia-civil-estatal\/","og_site_name":"Canal 7 SLP - 2022","article_publisher":"https:\/\/www.facebook.com\/noticieroscanalsiete","article_published_time":"2022-05-16T23:29:23+00:00","og_image":[{"width":888,"height":500,"url":"https:\/\/canal7slp.tv\/2022\/wp-content\/uploads\/2022\/05\/Claudio02Alcaldesa.jpg","type":"image\/jpeg"}],"author":"Edici\u00f3n Web","twitter_card":"summary_large_image","twitter_creator":"@NOTICIEROS7","twitter_site":"@NOTICIEROS7","twitter_misc":{"Escrito por":"Edici\u00f3n Web","Tiempo de lectura":"1 minuto"},"schema":{"@context":"https:\/\/schema.org","@graph":[{"@type":"Article","@id":"https:\/\/canal7slp.tv\/2022\/alcaldesa-soledense-celebra-puesta-en-marcha-de-guardia-civil-estatal\/#article","isPartOf":{"@id":"https:\/\/canal7slp.tv\/2022\/alcaldesa-soledense-celebra-puesta-en-marcha-de-guardia-civil-estatal\/"},"author":{"name":"Edici\u00f3n Web","@id":"https:\/\/canal7slp.tv\/2022\/#\/schema\/person\/429704152a21f5f856ce29aa69a238da"},"headline":"Alcaldesa soledense celebra puesta en marcha de Guardia Civil Estatal.","datePublished":"2022-05-16T23:29:23+00:00","mainEntityOfPage":{"@id":"https:\/\/canal7slp.tv\/2022\/alcaldesa-soledense-celebra-puesta-en-marcha-de-guardia-civil-estatal\/"},"wordCount":201,"publisher":{"@id":"https:\/\/canal7slp.tv\/2022\/#organization"},"image":{"@id":"https:\/\/canal7slp.tv\/2022\/alcaldesa-soledense-celebra-puesta-en-marcha-de-guardia-civil-estatal\/#primaryimage"},"thumbnailUrl":"https:\/\/canal7slp.tv\/2022\/wp-content\/uploads\/2022\/05\/Claudio02Alcaldesa.jpg","articleSection":["AYOSGS","DESTACADAS","LOCALES Y REGIONALES"],"inLanguage":"es"},{"@type":"WebPage","@id":"https:\/\/canal7slp.tv\/2022\/alcaldesa-soledense-celebra-puesta-en-marcha-de-guardia-civil-estatal\/","url":"https:\/\/canal7slp.tv\/2022\/alcaldesa-soledense-celebra-puesta-en-marcha-de-guardia-civil-estatal\/","name":"Alcaldesa soledense celebra puesta en marcha de Guardia Civil Estatal. - Canal 7 SLP - 2022","isPartOf":{"@id":"https:\/\/canal7slp.tv\/2022\/#website"},"primaryImageOfPage":{"@id":"https:\/\/canal7slp.tv\/2022\/alcaldesa-soledense-celebra-puesta-en-marcha-de-guardia-civil-estatal\/#primaryimage"},"image":{"@id":"https:\/\/canal7slp.tv\/2022\/alcaldesa-soledense-celebra-puesta-en-marcha-de-guardia-civil-estatal\/#primaryimage"},"thumbnailUrl":"https:\/\/canal7slp.tv\/2022\/wp-content\/uploads\/2022\/05\/Claudio02Alcaldesa.jpg","datePublished":"2022-05-16T23:29:23+00:00","breadcrumb":{"@id":"https:\/\/canal7slp.tv\/2022\/alcaldesa-soledense-celebra-puesta-en-marcha-de-guardia-civil-estatal\/#breadcrumb"},"inLanguage":"es","potentialAction":[{"@type":"ReadAction","target":["https:\/\/canal7slp.tv\/2022\/alcaldesa-soledense-celebra-puesta-en-marcha-de-guardia-civil-estatal\/"]}]},{"@type":"ImageObject","inLanguage":"es","@id":"https:\/\/canal7slp.tv\/2022\/alcaldesa-soledense-celebra-puesta-en-marcha-de-guardia-civil-estatal\/#primaryimage","url":"https:\/\/canal7slp.tv\/2022\/wp-content\/uploads\/2022\/05\/Claudio02Alcaldesa.jpg","contentUrl":"https:\/\/canal7slp.tv\/2022\/wp-content\/uploads\/2022\/05\/Claudio02Alcaldesa.jpg","width":888,"height":500},{"@type":"BreadcrumbList","@id":"https:\/\/canal7slp.tv\/2022\/alcaldesa-soledense-celebra-puesta-en-marcha-de-guardia-civil-estatal\/#breadcrumb","itemListElement":[{"@type":"ListItem","position":1,"name":"Portada","item":"https:\/\/canal7slp.tv\/2022\/"},{"@type":"ListItem","position":2,"name":"Alcaldesa soledense celebra puesta en marcha de Guardia Civil Estatal."}]},{"@type":"WebSite","@id":"https:\/\/canal7slp.tv\/2022\/#website","url":"https:\/\/canal7slp.tv\/2022\/","name":"N7 - Noticieros Canal 7","description":"Somos Televisi\u00f3n","publisher":{"@id":"https:\/\/canal7slp.tv\/2022\/#organization"},"potentialAction":[{"@type":"SearchAction","target":{"@type":"EntryPoint","urlTemplate":"https:\/\/canal7slp.tv\/2022\/?s={search_term_string}"},"query-input":{"@type":"PropertyValueSpecification","valueRequired":true,"valueName":"search_term_string"}}],"inLanguage":"es"},{"@type":"Organization","@id":"https:\/\/canal7slp.tv\/2022\/#organization","name":"Noticieros Canal 7","url":"https:\/\/canal7slp.tv\/2022\/","logo":{"@type":"ImageObject","inLanguage":"es","@id":"https:\/\/canal7slp.tv\/2022\/#\/schema\/logo\/image\/","url":"https:\/\/canal7slp.tv\/2022\/wp-content\/uploads\/2021\/01\/logo-noticieros@2x.png","contentUrl":"https:\/\/canal7slp.tv\/2022\/wp-content\/uploads\/2021\/01\/logo-noticieros@2x.png","width":1017,"height":268,"caption":"Noticieros Canal 7"},"image":{"@id":"https:\/\/canal7slp.tv\/2022\/#\/schema\/logo\/image\/"},"sameAs":["https:\/\/www.facebook.com\/noticieroscanalsiete","https:\/\/x.com\/NOTICIEROS7","https:\/\/www.instagram.com\/canal7_slp","https:\/\/www.youtube.com\/channel\/UCliiYs-gP3JfJeqdPrNdd5A"]},{"@type":"Person","@id":"https:\/\/canal7slp.tv\/2022\/#\/schema\/person\/429704152a21f5f856ce29aa69a238da","name":"Edici\u00f3n Web","image":{"@type":"ImageObject","inLanguage":"es","@id":"https:\/\/secure.gravatar.com\/avatar\/eee448fc3f7164808013b816ba91ac7e43bbe82a70bebac296f8bc6f0addaa1a?s=96&d=mm&r=g","url":"https:\/\/secure.gravatar.com\/avatar\/eee448fc3f7164808013b816ba91ac7e43bbe82a70bebac296f8bc6f0addaa1a?s=96&d=mm&r=g","contentUrl":"https:\/\/secure.gravatar.com\/avatar\/eee448fc3f7164808013b816ba91ac7e43bbe82a70bebac296f8bc6f0addaa1a?s=96&d=mm&r=g","caption":"Edici\u00f3n Web"},"url":"https:\/\/canal7slp.tv\/2022\/author\/edicionweb\/"}]}},"amp_enabled":true,"_links":{"self":[{"href":"https:\/\/canal7slp.tv\/2022\/wp-json\/wp\/v2\/posts\/60371","targetHints":{"allow":["GET"]}}],"collection":[{"href":"https:\/\/canal7slp.tv\/2022\/wp-json\/wp\/v2\/posts"}],"about":[{"href":"https:\/\/canal7slp.tv\/2022\/wp-json\/wp\/v2\/types\/post"}],"author":[{"embeddable":true,"href":"https:\/\/canal7slp.tv\/2022\/wp-json\/wp\/v2\/users\/2"}],"replies":[{"embeddable":true,"href":"https:\/\/canal7slp.tv\/2022\/wp-json\/wp\/v2\/comments?post=60371"}],"version-history":[{"count":3,"href":"https:\/\/canal7slp.tv\/2022\/wp-json\/wp\/v2\/posts\/60371\/revisions"}],"predecessor-version":[{"id":60404,"href":"https:\/\/canal7slp.tv\/2022\/wp-json\/wp\/v2\/posts\/60371\/revisions\/60404"}],"wp:featuredmedia":[{"embeddable":true,"href":"https:\/\/canal7slp.tv\/2022\/wp-json\/wp\/v2\/media\/60403"}],"wp:attachment":[{"href":"https:\/\/canal7slp.tv\/2022\/wp-json\/wp\/v2\/media?parent=60371"}],"wp:term":[{"taxonomy":"category","embeddable":true,"href":"https:\/\/canal7slp.tv\/2022\/wp-json\/wp\/v2\/categories?post=60371"},{"taxonomy":"post_tag","embeddable":true,"href":"https:\/\/canal7slp.tv\/2022\/wp-json\/wp\/v2\/tags?post=60371"}],"curies":[{"name":"wp","href":"https:\/\/api.w.org\/{rel}","templated":true}]}}