{"id":60337,"date":"2022-05-16T14:18:59","date_gmt":"2022-05-16T20:18:59","guid":{"rendered":"https:\/\/canal7slp.tv\/2022\/?p=60337"},"modified":"2022-05-16T14:18:59","modified_gmt":"2022-05-16T20:18:59","slug":"sinaloa-confirma-su-primer-caso-de-hepatitis-infantil","status":"publish","type":"post","link":"https:\/\/canal7slp.tv\/2022\/sinaloa-confirma-su-primer-caso-de-hepatitis-infantil\/","title":{"rendered":"Sinaloa confirma su primer caso de hepatitis infantil"},"content":{"rendered":"<p style=\"text-align: justify;\">Culiac\u00e1n.- Cuitl\u00e1huac Gonz\u00e1lez Galindo, secretario de Salud de Sinaloa, inform\u00f3 que se tiene la confirmaci\u00f3n del primer caso de hepatitis aguada grave en Sinaloa, el cual fue detectado en el municipio de Culiac\u00e1n.<\/p>\n<p style=\"text-align: justify;\">Se trata de un menor de 15 a\u00f1os, mismo que se encuentra hospitalizado y asilado desde el pasado fin de semana en el Hospital Pedi\u00e1trico de Sinaloa.<\/p>\n<p style=\"text-align: justify;\">Gonz\u00e1lez Galindo detall\u00f3 que el menor se encuentra estable y que ya se le est\u00e1n practicando todos los estudios diagn\u00f3sticos para determinar si es una Hepatitis com\u00fan o si en realidad es la Hepatitis infantil aguda.<\/p>\n<p style=\"text-align: justify;\">El funcionario agreg\u00f3 que de momento la mayor\u00eda de los casos de hepatitis infantil no llegan a la legalidad.<\/p>\n<p style=\"text-align: justify;\">No obstante, exhort\u00f3 a las familias sinaloenses a prevenir contagios a trav\u00e9s de cuidado de higiene y alimentos.<\/p>\n<p style=\"text-align: justify;\">Cabe se\u00f1alar que entre los principales signos de la Hepatitis Infantil se encuentran:<\/p>\n<ul>\n<li style=\"text-align: justify;\">P\u00e9rdida de apetito<\/li>\n<li style=\"text-align: justify;\">Dolor abdominal<\/li>\n<li style=\"text-align: justify;\">Cansancio<\/li>\n<li style=\"text-align: justify;\">N\u00e1useas<\/li>\n<li style=\"text-align: justify;\">V\u00f3mito<\/li>\n<li style=\"text-align: justify;\">Piel y ojos de color amarillento<\/li>\n<\/ul>\n","protected":false},"excerpt":{"rendered":"<p>Culiac\u00e1n.- Cuitl\u00e1huac Gonz\u00e1lez Galindo, secretario de Salud de Sinaloa, inform\u00f3 que se tiene la confirmaci\u00f3n del primer caso de hepatitis aguada grave en Sinaloa, el cual fue detectado en el municipio de Culiac\u00e1n. Se trata de un menor de 15 a\u00f1os, mismo que se encuentra hospitalizado y asilado desde el pasado fin de semana en el Hospital Pedi\u00e1trico de Sinaloa. Gonz\u00e1lez Galindo detall\u00f3 que el menor se encuentra estable y que ya se le est\u00e1n practicando todos los estudios diagn\u00f3sticos para determinar si es una Hepatitis com\u00fan o si en realidad es la Hepatitis infantil aguda. El funcionario agreg\u00f3 que [&hellip;]<\/p>\n","protected":false},"author":2,"featured_media":60349,"comment_status":"closed","ping_status":"closed","sticky":false,"template":"","format":"standard","meta":{"footnotes":""},"categories":[46],"tags":[],"class_list":["post-60337","post","type-post","status-publish","format-standard","has-post-thumbnail","hentry","category-nacional","post--single"],"yoast_head":"<!-- This site is optimized with the Yoast SEO plugin v27.4 - https:\/\/yoast.com\/product\/yoast-seo-wordpress\/ -->\n<title>Sinaloa confirma su primer caso de hepatitis infantil - Canal 7 SLP - 2022<\/title>\n<meta name=\"robots\" content=\"index, follow, max-snippet:-1, max-image-preview:large, max-video-preview:-1\" \/>\n<link rel=\"canonical\" href=\"https:\/\/canal7slp.tv\/2022\/sinaloa-confirma-su-primer-caso-de-hepatitis-infantil\/\" \/>\n<meta property=\"og:locale\" content=\"es_ES\" \/>\n<meta property=\"og:type\" content=\"article\" \/>\n<meta property=\"og:title\" content=\"Sinaloa confirma su primer caso de hepatitis infantil - Canal 7 SLP - 2022\" \/>\n<meta property=\"og:description\" content=\"Culiac\u00e1n.- Cuitl\u00e1huac Gonz\u00e1lez Galindo, secretario de Salud de Sinaloa, inform\u00f3 que se tiene la confirmaci\u00f3n del primer caso de hepatitis aguada grave en Sinaloa, el cual fue detectado en el municipio de Culiac\u00e1n. Se trata de un menor de 15 a\u00f1os, mismo que se encuentra hospitalizado y asilado desde el pasado fin de semana en el Hospital Pedi\u00e1trico de Sinaloa. Gonz\u00e1lez Galindo detall\u00f3 que el menor se encuentra estable y que ya se le est\u00e1n practicando todos los estudios diagn\u00f3sticos para determinar si es una Hepatitis com\u00fan o si en realidad es la Hepatitis infantil aguda. El funcionario agreg\u00f3 que [&hellip;]\" \/>\n<meta property=\"og:url\" content=\"https:\/\/canal7slp.tv\/2022\/sinaloa-confirma-su-primer-caso-de-hepatitis-infantil\/\" \/>\n<meta property=\"og:site_name\" content=\"Canal 7 SLP - 2022\" \/>\n<meta property=\"article:publisher\" content=\"https:\/\/www.facebook.com\/noticieroscanalsiete\" \/>\n<meta property=\"article:published_time\" content=\"2022-05-16T20:18:59+00:00\" \/>\n<meta property=\"og:image\" content=\"https:\/\/canal7slp.tv\/2022\/wp-content\/uploads\/2022\/05\/04-15.jpg\" \/>\n\t<meta property=\"og:image:width\" content=\"1140\" \/>\n\t<meta property=\"og:image:height\" content=\"712\" \/>\n\t<meta property=\"og:image:type\" content=\"image\/jpeg\" \/>\n<meta name=\"author\" content=\"Edici\u00f3n Web\" \/>\n<meta name=\"twitter:card\" content=\"summary_large_image\" \/>\n<meta name=\"twitter:creator\" content=\"@NOTICIEROS7\" \/>\n<meta name=\"twitter:site\" content=\"@NOTICIEROS7\" \/>\n<meta name=\"twitter:label1\" content=\"Escrito por\" \/>\n\t<meta name=\"twitter:data1\" content=\"Edici\u00f3n Web\" \/>\n\t<meta name=\"twitter:label2\" content=\"Tiempo de lectura\" \/>\n\t<meta name=\"twitter:data2\" content=\"1 minuto\" \/>\n<script type=\"application\/ld+json\" class=\"yoast-schema-graph\">{\"@context\":\"https:\\\/\\\/schema.org\",\"@graph\":[{\"@type\":\"Article\",\"@id\":\"https:\\\/\\\/canal7slp.tv\\\/2022\\\/sinaloa-confirma-su-primer-caso-de-hepatitis-infantil\\\/#article\",\"isPartOf\":{\"@id\":\"https:\\\/\\\/canal7slp.tv\\\/2022\\\/sinaloa-confirma-su-primer-caso-de-hepatitis-infantil\\\/\"},\"author\":{\"name\":\"Edici\u00f3n Web\",\"@id\":\"https:\\\/\\\/canal7slp.tv\\\/2022\\\/#\\\/schema\\\/person\\\/429704152a21f5f856ce29aa69a238da\"},\"headline\":\"Sinaloa confirma su primer caso de hepatitis infantil\",\"datePublished\":\"2022-05-16T20:18:59+00:00\",\"mainEntityOfPage\":{\"@id\":\"https:\\\/\\\/canal7slp.tv\\\/2022\\\/sinaloa-confirma-su-primer-caso-de-hepatitis-infantil\\\/\"},\"wordCount\":185,\"publisher\":{\"@id\":\"https:\\\/\\\/canal7slp.tv\\\/2022\\\/#organization\"},\"image\":{\"@id\":\"https:\\\/\\\/canal7slp.tv\\\/2022\\\/sinaloa-confirma-su-primer-caso-de-hepatitis-infantil\\\/#primaryimage\"},\"thumbnailUrl\":\"https:\\\/\\\/canal7slp.tv\\\/2022\\\/wp-content\\\/uploads\\\/2022\\\/05\\\/04-15.jpg\",\"articleSection\":[\"NACIONALES\"],\"inLanguage\":\"es\"},{\"@type\":\"WebPage\",\"@id\":\"https:\\\/\\\/canal7slp.tv\\\/2022\\\/sinaloa-confirma-su-primer-caso-de-hepatitis-infantil\\\/\",\"url\":\"https:\\\/\\\/canal7slp.tv\\\/2022\\\/sinaloa-confirma-su-primer-caso-de-hepatitis-infantil\\\/\",\"name\":\"Sinaloa confirma su primer caso de hepatitis infantil - Canal 7 SLP - 2022\",\"isPartOf\":{\"@id\":\"https:\\\/\\\/canal7slp.tv\\\/2022\\\/#website\"},\"primaryImageOfPage\":{\"@id\":\"https:\\\/\\\/canal7slp.tv\\\/2022\\\/sinaloa-confirma-su-primer-caso-de-hepatitis-infantil\\\/#primaryimage\"},\"image\":{\"@id\":\"https:\\\/\\\/canal7slp.tv\\\/2022\\\/sinaloa-confirma-su-primer-caso-de-hepatitis-infantil\\\/#primaryimage\"},\"thumbnailUrl\":\"https:\\\/\\\/canal7slp.tv\\\/2022\\\/wp-content\\\/uploads\\\/2022\\\/05\\\/04-15.jpg\",\"datePublished\":\"2022-05-16T20:18:59+00:00\",\"breadcrumb\":{\"@id\":\"https:\\\/\\\/canal7slp.tv\\\/2022\\\/sinaloa-confirma-su-primer-caso-de-hepatitis-infantil\\\/#breadcrumb\"},\"inLanguage\":\"es\",\"potentialAction\":[{\"@type\":\"ReadAction\",\"target\":[\"https:\\\/\\\/canal7slp.tv\\\/2022\\\/sinaloa-confirma-su-primer-caso-de-hepatitis-infantil\\\/\"]}]},{\"@type\":\"ImageObject\",\"inLanguage\":\"es\",\"@id\":\"https:\\\/\\\/canal7slp.tv\\\/2022\\\/sinaloa-confirma-su-primer-caso-de-hepatitis-infantil\\\/#primaryimage\",\"url\":\"https:\\\/\\\/canal7slp.tv\\\/2022\\\/wp-content\\\/uploads\\\/2022\\\/05\\\/04-15.jpg\",\"contentUrl\":\"https:\\\/\\\/canal7slp.tv\\\/2022\\\/wp-content\\\/uploads\\\/2022\\\/05\\\/04-15.jpg\",\"width\":1140,\"height\":712},{\"@type\":\"BreadcrumbList\",\"@id\":\"https:\\\/\\\/canal7slp.tv\\\/2022\\\/sinaloa-confirma-su-primer-caso-de-hepatitis-infantil\\\/#breadcrumb\",\"itemListElement\":[{\"@type\":\"ListItem\",\"position\":1,\"name\":\"Portada\",\"item\":\"https:\\\/\\\/canal7slp.tv\\\/2022\\\/\"},{\"@type\":\"ListItem\",\"position\":2,\"name\":\"Sinaloa confirma su primer caso de hepatitis infantil\"}]},{\"@type\":\"WebSite\",\"@id\":\"https:\\\/\\\/canal7slp.tv\\\/2022\\\/#website\",\"url\":\"https:\\\/\\\/canal7slp.tv\\\/2022\\\/\",\"name\":\"N7 - Noticieros Canal 7\",\"description\":\"Somos Televisi\u00f3n\",\"publisher\":{\"@id\":\"https:\\\/\\\/canal7slp.tv\\\/2022\\\/#organization\"},\"potentialAction\":[{\"@type\":\"SearchAction\",\"target\":{\"@type\":\"EntryPoint\",\"urlTemplate\":\"https:\\\/\\\/canal7slp.tv\\\/2022\\\/?s={search_term_string}\"},\"query-input\":{\"@type\":\"PropertyValueSpecification\",\"valueRequired\":true,\"valueName\":\"search_term_string\"}}],\"inLanguage\":\"es\"},{\"@type\":\"Organization\",\"@id\":\"https:\\\/\\\/canal7slp.tv\\\/2022\\\/#organization\",\"name\":\"Noticieros Canal 7\",\"url\":\"https:\\\/\\\/canal7slp.tv\\\/2022\\\/\",\"logo\":{\"@type\":\"ImageObject\",\"inLanguage\":\"es\",\"@id\":\"https:\\\/\\\/canal7slp.tv\\\/2022\\\/#\\\/schema\\\/logo\\\/image\\\/\",\"url\":\"https:\\\/\\\/canal7slp.tv\\\/2022\\\/wp-content\\\/uploads\\\/2021\\\/01\\\/logo-noticieros@2x.png\",\"contentUrl\":\"https:\\\/\\\/canal7slp.tv\\\/2022\\\/wp-content\\\/uploads\\\/2021\\\/01\\\/logo-noticieros@2x.png\",\"width\":1017,\"height\":268,\"caption\":\"Noticieros Canal 7\"},\"image\":{\"@id\":\"https:\\\/\\\/canal7slp.tv\\\/2022\\\/#\\\/schema\\\/logo\\\/image\\\/\"},\"sameAs\":[\"https:\\\/\\\/www.facebook.com\\\/noticieroscanalsiete\",\"https:\\\/\\\/x.com\\\/NOTICIEROS7\",\"https:\\\/\\\/www.instagram.com\\\/canal7_slp\",\"https:\\\/\\\/www.youtube.com\\\/channel\\\/UCliiYs-gP3JfJeqdPrNdd5A\"]},{\"@type\":\"Person\",\"@id\":\"https:\\\/\\\/canal7slp.tv\\\/2022\\\/#\\\/schema\\\/person\\\/429704152a21f5f856ce29aa69a238da\",\"name\":\"Edici\u00f3n Web\",\"image\":{\"@type\":\"ImageObject\",\"inLanguage\":\"es\",\"@id\":\"https:\\\/\\\/secure.gravatar.com\\\/avatar\\\/eee448fc3f7164808013b816ba91ac7e43bbe82a70bebac296f8bc6f0addaa1a?s=96&d=mm&r=g\",\"url\":\"https:\\\/\\\/secure.gravatar.com\\\/avatar\\\/eee448fc3f7164808013b816ba91ac7e43bbe82a70bebac296f8bc6f0addaa1a?s=96&d=mm&r=g\",\"contentUrl\":\"https:\\\/\\\/secure.gravatar.com\\\/avatar\\\/eee448fc3f7164808013b816ba91ac7e43bbe82a70bebac296f8bc6f0addaa1a?s=96&d=mm&r=g\",\"caption\":\"Edici\u00f3n Web\"},\"url\":\"https:\\\/\\\/canal7slp.tv\\\/2022\\\/author\\\/edicionweb\\\/\"}]}<\/script>\n<!-- \/ Yoast SEO plugin. -->","yoast_head_json":{"title":"Sinaloa confirma su primer caso de hepatitis infantil - Canal 7 SLP - 2022","robots":{"index":"index","follow":"follow","max-snippet":"max-snippet:-1","max-image-preview":"max-image-preview:large","max-video-preview":"max-video-preview:-1"},"canonical":"https:\/\/canal7slp.tv\/2022\/sinaloa-confirma-su-primer-caso-de-hepatitis-infantil\/","og_locale":"es_ES","og_type":"article","og_title":"Sinaloa confirma su primer caso de hepatitis infantil - Canal 7 SLP - 2022","og_description":"Culiac\u00e1n.- Cuitl\u00e1huac Gonz\u00e1lez Galindo, secretario de Salud de Sinaloa, inform\u00f3 que se tiene la confirmaci\u00f3n del primer caso de hepatitis aguada grave en Sinaloa, el cual fue detectado en el municipio de Culiac\u00e1n. Se trata de un menor de 15 a\u00f1os, mismo que se encuentra hospitalizado y asilado desde el pasado fin de semana en el Hospital Pedi\u00e1trico de Sinaloa. Gonz\u00e1lez Galindo detall\u00f3 que el menor se encuentra estable y que ya se le est\u00e1n practicando todos los estudios diagn\u00f3sticos para determinar si es una Hepatitis com\u00fan o si en realidad es la Hepatitis infantil aguda. El funcionario agreg\u00f3 que [&hellip;]","og_url":"https:\/\/canal7slp.tv\/2022\/sinaloa-confirma-su-primer-caso-de-hepatitis-infantil\/","og_site_name":"Canal 7 SLP - 2022","article_publisher":"https:\/\/www.facebook.com\/noticieroscanalsiete","article_published_time":"2022-05-16T20:18:59+00:00","og_image":[{"width":1140,"height":712,"url":"https:\/\/canal7slp.tv\/2022\/wp-content\/uploads\/2022\/05\/04-15.jpg","type":"image\/jpeg"}],"author":"Edici\u00f3n Web","twitter_card":"summary_large_image","twitter_creator":"@NOTICIEROS7","twitter_site":"@NOTICIEROS7","twitter_misc":{"Escrito por":"Edici\u00f3n Web","Tiempo de lectura":"1 minuto"},"schema":{"@context":"https:\/\/schema.org","@graph":[{"@type":"Article","@id":"https:\/\/canal7slp.tv\/2022\/sinaloa-confirma-su-primer-caso-de-hepatitis-infantil\/#article","isPartOf":{"@id":"https:\/\/canal7slp.tv\/2022\/sinaloa-confirma-su-primer-caso-de-hepatitis-infantil\/"},"author":{"name":"Edici\u00f3n Web","@id":"https:\/\/canal7slp.tv\/2022\/#\/schema\/person\/429704152a21f5f856ce29aa69a238da"},"headline":"Sinaloa confirma su primer caso de hepatitis infantil","datePublished":"2022-05-16T20:18:59+00:00","mainEntityOfPage":{"@id":"https:\/\/canal7slp.tv\/2022\/sinaloa-confirma-su-primer-caso-de-hepatitis-infantil\/"},"wordCount":185,"publisher":{"@id":"https:\/\/canal7slp.tv\/2022\/#organization"},"image":{"@id":"https:\/\/canal7slp.tv\/2022\/sinaloa-confirma-su-primer-caso-de-hepatitis-infantil\/#primaryimage"},"thumbnailUrl":"https:\/\/canal7slp.tv\/2022\/wp-content\/uploads\/2022\/05\/04-15.jpg","articleSection":["NACIONALES"],"inLanguage":"es"},{"@type":"WebPage","@id":"https:\/\/canal7slp.tv\/2022\/sinaloa-confirma-su-primer-caso-de-hepatitis-infantil\/","url":"https:\/\/canal7slp.tv\/2022\/sinaloa-confirma-su-primer-caso-de-hepatitis-infantil\/","name":"Sinaloa confirma su primer caso de hepatitis infantil - Canal 7 SLP - 2022","isPartOf":{"@id":"https:\/\/canal7slp.tv\/2022\/#website"},"primaryImageOfPage":{"@id":"https:\/\/canal7slp.tv\/2022\/sinaloa-confirma-su-primer-caso-de-hepatitis-infantil\/#primaryimage"},"image":{"@id":"https:\/\/canal7slp.tv\/2022\/sinaloa-confirma-su-primer-caso-de-hepatitis-infantil\/#primaryimage"},"thumbnailUrl":"https:\/\/canal7slp.tv\/2022\/wp-content\/uploads\/2022\/05\/04-15.jpg","datePublished":"2022-05-16T20:18:59+00:00","breadcrumb":{"@id":"https:\/\/canal7slp.tv\/2022\/sinaloa-confirma-su-primer-caso-de-hepatitis-infantil\/#breadcrumb"},"inLanguage":"es","potentialAction":[{"@type":"ReadAction","target":["https:\/\/canal7slp.tv\/2022\/sinaloa-confirma-su-primer-caso-de-hepatitis-infantil\/"]}]},{"@type":"ImageObject","inLanguage":"es","@id":"https:\/\/canal7slp.tv\/2022\/sinaloa-confirma-su-primer-caso-de-hepatitis-infantil\/#primaryimage","url":"https:\/\/canal7slp.tv\/2022\/wp-content\/uploads\/2022\/05\/04-15.jpg","contentUrl":"https:\/\/canal7slp.tv\/2022\/wp-content\/uploads\/2022\/05\/04-15.jpg","width":1140,"height":712},{"@type":"BreadcrumbList","@id":"https:\/\/canal7slp.tv\/2022\/sinaloa-confirma-su-primer-caso-de-hepatitis-infantil\/#breadcrumb","itemListElement":[{"@type":"ListItem","position":1,"name":"Portada","item":"https:\/\/canal7slp.tv\/2022\/"},{"@type":"ListItem","position":2,"name":"Sinaloa confirma su primer caso de hepatitis infantil"}]},{"@type":"WebSite","@id":"https:\/\/canal7slp.tv\/2022\/#website","url":"https:\/\/canal7slp.tv\/2022\/","name":"N7 - Noticieros Canal 7","description":"Somos Televisi\u00f3n","publisher":{"@id":"https:\/\/canal7slp.tv\/2022\/#organization"},"potentialAction":[{"@type":"SearchAction","target":{"@type":"EntryPoint","urlTemplate":"https:\/\/canal7slp.tv\/2022\/?s={search_term_string}"},"query-input":{"@type":"PropertyValueSpecification","valueRequired":true,"valueName":"search_term_string"}}],"inLanguage":"es"},{"@type":"Organization","@id":"https:\/\/canal7slp.tv\/2022\/#organization","name":"Noticieros Canal 7","url":"https:\/\/canal7slp.tv\/2022\/","logo":{"@type":"ImageObject","inLanguage":"es","@id":"https:\/\/canal7slp.tv\/2022\/#\/schema\/logo\/image\/","url":"https:\/\/canal7slp.tv\/2022\/wp-content\/uploads\/2021\/01\/logo-noticieros@2x.png","contentUrl":"https:\/\/canal7slp.tv\/2022\/wp-content\/uploads\/2021\/01\/logo-noticieros@2x.png","width":1017,"height":268,"caption":"Noticieros Canal 7"},"image":{"@id":"https:\/\/canal7slp.tv\/2022\/#\/schema\/logo\/image\/"},"sameAs":["https:\/\/www.facebook.com\/noticieroscanalsiete","https:\/\/x.com\/NOTICIEROS7","https:\/\/www.instagram.com\/canal7_slp","https:\/\/www.youtube.com\/channel\/UCliiYs-gP3JfJeqdPrNdd5A"]},{"@type":"Person","@id":"https:\/\/canal7slp.tv\/2022\/#\/schema\/person\/429704152a21f5f856ce29aa69a238da","name":"Edici\u00f3n Web","image":{"@type":"ImageObject","inLanguage":"es","@id":"https:\/\/secure.gravatar.com\/avatar\/eee448fc3f7164808013b816ba91ac7e43bbe82a70bebac296f8bc6f0addaa1a?s=96&d=mm&r=g","url":"https:\/\/secure.gravatar.com\/avatar\/eee448fc3f7164808013b816ba91ac7e43bbe82a70bebac296f8bc6f0addaa1a?s=96&d=mm&r=g","contentUrl":"https:\/\/secure.gravatar.com\/avatar\/eee448fc3f7164808013b816ba91ac7e43bbe82a70bebac296f8bc6f0addaa1a?s=96&d=mm&r=g","caption":"Edici\u00f3n Web"},"url":"https:\/\/canal7slp.tv\/2022\/author\/edicionweb\/"}]}},"amp_enabled":true,"_links":{"self":[{"href":"https:\/\/canal7slp.tv\/2022\/wp-json\/wp\/v2\/posts\/60337","targetHints":{"allow":["GET"]}}],"collection":[{"href":"https:\/\/canal7slp.tv\/2022\/wp-json\/wp\/v2\/posts"}],"about":[{"href":"https:\/\/canal7slp.tv\/2022\/wp-json\/wp\/v2\/types\/post"}],"author":[{"embeddable":true,"href":"https:\/\/canal7slp.tv\/2022\/wp-json\/wp\/v2\/users\/2"}],"replies":[{"embeddable":true,"href":"https:\/\/canal7slp.tv\/2022\/wp-json\/wp\/v2\/comments?post=60337"}],"version-history":[{"count":2,"href":"https:\/\/canal7slp.tv\/2022\/wp-json\/wp\/v2\/posts\/60337\/revisions"}],"predecessor-version":[{"id":60357,"href":"https:\/\/canal7slp.tv\/2022\/wp-json\/wp\/v2\/posts\/60337\/revisions\/60357"}],"wp:featuredmedia":[{"embeddable":true,"href":"https:\/\/canal7slp.tv\/2022\/wp-json\/wp\/v2\/media\/60349"}],"wp:attachment":[{"href":"https:\/\/canal7slp.tv\/2022\/wp-json\/wp\/v2\/media?parent=60337"}],"wp:term":[{"taxonomy":"category","embeddable":true,"href":"https:\/\/canal7slp.tv\/2022\/wp-json\/wp\/v2\/categories?post=60337"},{"taxonomy":"post_tag","embeddable":true,"href":"https:\/\/canal7slp.tv\/2022\/wp-json\/wp\/v2\/tags?post=60337"}],"curies":[{"name":"wp","href":"https:\/\/api.w.org\/{rel}","templated":true}]}}