{"id":60336,"date":"2022-05-16T14:18:58","date_gmt":"2022-05-16T20:18:58","guid":{"rendered":"https:\/\/canal7slp.tv\/2022\/?p=60336"},"modified":"2022-05-16T14:18:58","modified_gmt":"2022-05-16T20:18:58","slug":"por-decreto-federal-hospitales-psiquiatricos-desapareceran-de-mexico","status":"publish","type":"post","link":"https:\/\/canal7slp.tv\/2022\/por-decreto-federal-hospitales-psiquiatricos-desapareceran-de-mexico\/","title":{"rendered":"Por decreto federal, hospitales psiqui\u00e1tricos desaparecer\u00e1n de M\u00e9xico"},"content":{"rendered":"<p style=\"text-align: justify;\">M\u00e9xico.- El Gobierno Federal decreto que la atenci\u00f3n a la salud mental y adicciones deber\u00e1 realizarse en:<\/p>\n<ul style=\"text-align: justify;\">\n<li>Establecimientos ambulatorios<\/li>\n<li>Hospitales Generales<\/li>\n<li>Hospitales Regionales<\/li>\n<li>Hospitales de Alta Especialidad<\/li>\n<\/ul>\n<p style=\"text-align: justify;\">Esto, a fin de eliminar el modelo psiqui\u00e1trico asilar, no deber\u00e1n construirse m\u00e1s hospitales monoespecializados y los existentes deber\u00e1n progresivamente, convertirse en ambulatorios o en hospitales generales.<\/p>\n<p style=\"text-align: justify;\">Debido a esto, los hospitales psiqui\u00e1tricos en M\u00e9xico desaparecer\u00e1n.<\/p>\n<p style=\"text-align: justify;\">Dicho decreto -mismo que fue publicado en la edici\u00f3n matutina del Diario Oficial de la Federaci\u00f3n (DOF) de este lunes y firmado por el Presidente Andr\u00e9s Manuel L\u00f3pez Obrador y entra en vigor este 17 de mayo- reforma, adiciona y deroga diversas disposiciones de la Ley General de Salud, en materia de Salud Mental y Adicciones.<\/p>\n<p style=\"text-align: justify;\">Adicionalmente, se determina que el internamiento de la poblaci\u00f3n usuaria de los servicios de salud mental y m\u00e1s personas con consumo de sustancias psicoactivas y de adicciones, como \u00faltimo recurso terap\u00e9utico, se ajustar\u00e1 a principios \u00e9ticos, sociales, de respeto a los derechos humanos, la dignidad de la personas y dem\u00e1s requisitos que determine la Secretar\u00eda de Salud y las disposiciones jur\u00eddicas aplicables.<\/p>\n<p style=\"text-align: justify;\">Asimismo, el internamiento s\u00f3lo podr\u00e1 llevarse a cabo de manera voluntaria y cuando aporte mayores beneficios terap\u00e9uticos para la persona que el resto de las intervenciones posibles; se realizar\u00e1 por el tiempo estrictamente necesario y en el Hospital General o de pediatr\u00eda m\u00e1s cercano al domicilio del usuario.<\/p>\n<p style=\"text-align: justify;\">Por ning\u00fan motivo el internamiento puede ser indicado o prolongado, si tiene el fin de resolver problemas familiares, sociales, laborales o de vivienda y de cuidado del paciente.<\/p>\n<p style=\"text-align: justify;\">En el caso de ni\u00f1as, ni\u00f1os o adolescentes se privilegiar\u00e1n alternativas comunitarias; en caso de que exista la justificaci\u00f3n cl\u00ednica para el internamiento, este se llevar\u00e1 a cabo en hospitales generales o en hospitales de pediatr\u00eda, asimismo se recabar\u00e1 la opini\u00f3n de ni\u00f1as, ni\u00f1os o adolescentes y se dejar\u00e1 registro en la historia cl\u00ednica.<\/p>\n<p style=\"text-align: justify;\">En caso de no estar de acuerdo con el internamiento la instituci\u00f3n, junto con la madre, el padre o tutor, deber\u00e1n valorar otras alternativas de atenci\u00f3n.<\/p>\n<p style=\"text-align: justify;\">Tambi\u00e9n determina que todo tratamiento e internamiento de la poblaci\u00f3n usuaria de los servicios de salud mental y las personas con consumo de sustancias psicoactivas, y de adicciones, deber\u00e1 prescribirse previo consentimiento informado.<\/p>\n<p style=\"text-align: justify;\">La persona con trastornos mentales y por consumo de sustancias psicoactivas, y de adicciones, es quien ostenta el derecho a consentir o denegar el permiso para cualquier tratamiento o internamiento, por lo que deber\u00e1 presumirse que todos los pacientes tienen capacidad de discernir y deber\u00e1n agotarse los esfuerzos para permitir que una persona acepte voluntariamente el tratamiento o el internamiento, de esta forma los hospitales psiqui\u00e1tricos en M\u00e9xico, desaparecer\u00e1n.<\/p>\n","protected":false},"excerpt":{"rendered":"<p>M\u00e9xico.- El Gobierno Federal decreto que la atenci\u00f3n a la salud mental y adicciones deber\u00e1 realizarse en: Establecimientos ambulatorios Hospitales Generales Hospitales Regionales Hospitales de Alta Especialidad Esto, a fin de eliminar el modelo psiqui\u00e1trico asilar, no deber\u00e1n construirse m\u00e1s hospitales monoespecializados y los existentes deber\u00e1n progresivamente, convertirse en ambulatorios o en hospitales generales. Debido a esto, los hospitales psiqui\u00e1tricos en M\u00e9xico desaparecer\u00e1n. Dicho decreto -mismo que fue publicado en la edici\u00f3n matutina del Diario Oficial de la Federaci\u00f3n (DOF) de este lunes y firmado por el Presidente Andr\u00e9s Manuel L\u00f3pez Obrador y entra en vigor este 17 de mayo- [&hellip;]<\/p>\n","protected":false},"author":2,"featured_media":60348,"comment_status":"closed","ping_status":"closed","sticky":false,"template":"","format":"standard","meta":{"footnotes":""},"categories":[46],"tags":[],"class_list":["post-60336","post","type-post","status-publish","format-standard","has-post-thumbnail","hentry","category-nacional","post--single"],"yoast_head":"<!-- This site is optimized with the Yoast SEO plugin v27.4 - https:\/\/yoast.com\/product\/yoast-seo-wordpress\/ -->\n<title>Por decreto federal, hospitales psiqui\u00e1tricos desaparecer\u00e1n de M\u00e9xico - Canal 7 SLP - 2022<\/title>\n<meta name=\"robots\" content=\"index, follow, max-snippet:-1, max-image-preview:large, max-video-preview:-1\" \/>\n<link rel=\"canonical\" href=\"https:\/\/canal7slp.tv\/2022\/por-decreto-federal-hospitales-psiquiatricos-desapareceran-de-mexico\/\" \/>\n<meta property=\"og:locale\" content=\"es_ES\" \/>\n<meta property=\"og:type\" content=\"article\" \/>\n<meta property=\"og:title\" content=\"Por decreto federal, hospitales psiqui\u00e1tricos desaparecer\u00e1n de M\u00e9xico - Canal 7 SLP - 2022\" \/>\n<meta property=\"og:description\" content=\"M\u00e9xico.- El Gobierno Federal decreto que la atenci\u00f3n a la salud mental y adicciones deber\u00e1 realizarse en: Establecimientos ambulatorios Hospitales Generales Hospitales Regionales Hospitales de Alta Especialidad Esto, a fin de eliminar el modelo psiqui\u00e1trico asilar, no deber\u00e1n construirse m\u00e1s hospitales monoespecializados y los existentes deber\u00e1n progresivamente, convertirse en ambulatorios o en hospitales generales. Debido a esto, los hospitales psiqui\u00e1tricos en M\u00e9xico desaparecer\u00e1n. Dicho decreto -mismo que fue publicado en la edici\u00f3n matutina del Diario Oficial de la Federaci\u00f3n (DOF) de este lunes y firmado por el Presidente Andr\u00e9s Manuel L\u00f3pez Obrador y entra en vigor este 17 de mayo- [&hellip;]\" \/>\n<meta property=\"og:url\" content=\"https:\/\/canal7slp.tv\/2022\/por-decreto-federal-hospitales-psiquiatricos-desapareceran-de-mexico\/\" \/>\n<meta property=\"og:site_name\" content=\"Canal 7 SLP - 2022\" \/>\n<meta property=\"article:publisher\" content=\"https:\/\/www.facebook.com\/noticieroscanalsiete\" \/>\n<meta property=\"article:published_time\" content=\"2022-05-16T20:18:58+00:00\" \/>\n<meta property=\"og:image\" content=\"https:\/\/canal7slp.tv\/2022\/wp-content\/uploads\/2022\/05\/03-11.jpg\" \/>\n\t<meta property=\"og:image:width\" content=\"751\" \/>\n\t<meta property=\"og:image:height\" content=\"532\" \/>\n\t<meta property=\"og:image:type\" content=\"image\/jpeg\" \/>\n<meta name=\"author\" content=\"Edici\u00f3n Web\" \/>\n<meta name=\"twitter:card\" content=\"summary_large_image\" \/>\n<meta name=\"twitter:creator\" content=\"@NOTICIEROS7\" \/>\n<meta name=\"twitter:site\" content=\"@NOTICIEROS7\" \/>\n<meta name=\"twitter:label1\" content=\"Escrito por\" \/>\n\t<meta name=\"twitter:data1\" content=\"Edici\u00f3n Web\" \/>\n\t<meta name=\"twitter:label2\" content=\"Tiempo de lectura\" \/>\n\t<meta name=\"twitter:data2\" content=\"3 minutos\" \/>\n<script type=\"application\/ld+json\" class=\"yoast-schema-graph\">{\"@context\":\"https:\\\/\\\/schema.org\",\"@graph\":[{\"@type\":\"Article\",\"@id\":\"https:\\\/\\\/canal7slp.tv\\\/2022\\\/por-decreto-federal-hospitales-psiquiatricos-desapareceran-de-mexico\\\/#article\",\"isPartOf\":{\"@id\":\"https:\\\/\\\/canal7slp.tv\\\/2022\\\/por-decreto-federal-hospitales-psiquiatricos-desapareceran-de-mexico\\\/\"},\"author\":{\"name\":\"Edici\u00f3n Web\",\"@id\":\"https:\\\/\\\/canal7slp.tv\\\/2022\\\/#\\\/schema\\\/person\\\/429704152a21f5f856ce29aa69a238da\"},\"headline\":\"Por decreto federal, hospitales psiqui\u00e1tricos desaparecer\u00e1n de M\u00e9xico\",\"datePublished\":\"2022-05-16T20:18:58+00:00\",\"mainEntityOfPage\":{\"@id\":\"https:\\\/\\\/canal7slp.tv\\\/2022\\\/por-decreto-federal-hospitales-psiquiatricos-desapareceran-de-mexico\\\/\"},\"wordCount\":493,\"publisher\":{\"@id\":\"https:\\\/\\\/canal7slp.tv\\\/2022\\\/#organization\"},\"image\":{\"@id\":\"https:\\\/\\\/canal7slp.tv\\\/2022\\\/por-decreto-federal-hospitales-psiquiatricos-desapareceran-de-mexico\\\/#primaryimage\"},\"thumbnailUrl\":\"https:\\\/\\\/canal7slp.tv\\\/2022\\\/wp-content\\\/uploads\\\/2022\\\/05\\\/03-11.jpg\",\"articleSection\":[\"NACIONALES\"],\"inLanguage\":\"es\"},{\"@type\":\"WebPage\",\"@id\":\"https:\\\/\\\/canal7slp.tv\\\/2022\\\/por-decreto-federal-hospitales-psiquiatricos-desapareceran-de-mexico\\\/\",\"url\":\"https:\\\/\\\/canal7slp.tv\\\/2022\\\/por-decreto-federal-hospitales-psiquiatricos-desapareceran-de-mexico\\\/\",\"name\":\"Por decreto federal, hospitales psiqui\u00e1tricos desaparecer\u00e1n de M\u00e9xico - Canal 7 SLP - 2022\",\"isPartOf\":{\"@id\":\"https:\\\/\\\/canal7slp.tv\\\/2022\\\/#website\"},\"primaryImageOfPage\":{\"@id\":\"https:\\\/\\\/canal7slp.tv\\\/2022\\\/por-decreto-federal-hospitales-psiquiatricos-desapareceran-de-mexico\\\/#primaryimage\"},\"image\":{\"@id\":\"https:\\\/\\\/canal7slp.tv\\\/2022\\\/por-decreto-federal-hospitales-psiquiatricos-desapareceran-de-mexico\\\/#primaryimage\"},\"thumbnailUrl\":\"https:\\\/\\\/canal7slp.tv\\\/2022\\\/wp-content\\\/uploads\\\/2022\\\/05\\\/03-11.jpg\",\"datePublished\":\"2022-05-16T20:18:58+00:00\",\"breadcrumb\":{\"@id\":\"https:\\\/\\\/canal7slp.tv\\\/2022\\\/por-decreto-federal-hospitales-psiquiatricos-desapareceran-de-mexico\\\/#breadcrumb\"},\"inLanguage\":\"es\",\"potentialAction\":[{\"@type\":\"ReadAction\",\"target\":[\"https:\\\/\\\/canal7slp.tv\\\/2022\\\/por-decreto-federal-hospitales-psiquiatricos-desapareceran-de-mexico\\\/\"]}]},{\"@type\":\"ImageObject\",\"inLanguage\":\"es\",\"@id\":\"https:\\\/\\\/canal7slp.tv\\\/2022\\\/por-decreto-federal-hospitales-psiquiatricos-desapareceran-de-mexico\\\/#primaryimage\",\"url\":\"https:\\\/\\\/canal7slp.tv\\\/2022\\\/wp-content\\\/uploads\\\/2022\\\/05\\\/03-11.jpg\",\"contentUrl\":\"https:\\\/\\\/canal7slp.tv\\\/2022\\\/wp-content\\\/uploads\\\/2022\\\/05\\\/03-11.jpg\",\"width\":751,\"height\":532},{\"@type\":\"BreadcrumbList\",\"@id\":\"https:\\\/\\\/canal7slp.tv\\\/2022\\\/por-decreto-federal-hospitales-psiquiatricos-desapareceran-de-mexico\\\/#breadcrumb\",\"itemListElement\":[{\"@type\":\"ListItem\",\"position\":1,\"name\":\"Portada\",\"item\":\"https:\\\/\\\/canal7slp.tv\\\/2022\\\/\"},{\"@type\":\"ListItem\",\"position\":2,\"name\":\"Por decreto federal, hospitales psiqui\u00e1tricos desaparecer\u00e1n de M\u00e9xico\"}]},{\"@type\":\"WebSite\",\"@id\":\"https:\\\/\\\/canal7slp.tv\\\/2022\\\/#website\",\"url\":\"https:\\\/\\\/canal7slp.tv\\\/2022\\\/\",\"name\":\"N7 - Noticieros Canal 7\",\"description\":\"Somos Televisi\u00f3n\",\"publisher\":{\"@id\":\"https:\\\/\\\/canal7slp.tv\\\/2022\\\/#organization\"},\"potentialAction\":[{\"@type\":\"SearchAction\",\"target\":{\"@type\":\"EntryPoint\",\"urlTemplate\":\"https:\\\/\\\/canal7slp.tv\\\/2022\\\/?s={search_term_string}\"},\"query-input\":{\"@type\":\"PropertyValueSpecification\",\"valueRequired\":true,\"valueName\":\"search_term_string\"}}],\"inLanguage\":\"es\"},{\"@type\":\"Organization\",\"@id\":\"https:\\\/\\\/canal7slp.tv\\\/2022\\\/#organization\",\"name\":\"Noticieros Canal 7\",\"url\":\"https:\\\/\\\/canal7slp.tv\\\/2022\\\/\",\"logo\":{\"@type\":\"ImageObject\",\"inLanguage\":\"es\",\"@id\":\"https:\\\/\\\/canal7slp.tv\\\/2022\\\/#\\\/schema\\\/logo\\\/image\\\/\",\"url\":\"https:\\\/\\\/canal7slp.tv\\\/2022\\\/wp-content\\\/uploads\\\/2021\\\/01\\\/logo-noticieros@2x.png\",\"contentUrl\":\"https:\\\/\\\/canal7slp.tv\\\/2022\\\/wp-content\\\/uploads\\\/2021\\\/01\\\/logo-noticieros@2x.png\",\"width\":1017,\"height\":268,\"caption\":\"Noticieros Canal 7\"},\"image\":{\"@id\":\"https:\\\/\\\/canal7slp.tv\\\/2022\\\/#\\\/schema\\\/logo\\\/image\\\/\"},\"sameAs\":[\"https:\\\/\\\/www.facebook.com\\\/noticieroscanalsiete\",\"https:\\\/\\\/x.com\\\/NOTICIEROS7\",\"https:\\\/\\\/www.instagram.com\\\/canal7_slp\",\"https:\\\/\\\/www.youtube.com\\\/channel\\\/UCliiYs-gP3JfJeqdPrNdd5A\"]},{\"@type\":\"Person\",\"@id\":\"https:\\\/\\\/canal7slp.tv\\\/2022\\\/#\\\/schema\\\/person\\\/429704152a21f5f856ce29aa69a238da\",\"name\":\"Edici\u00f3n Web\",\"image\":{\"@type\":\"ImageObject\",\"inLanguage\":\"es\",\"@id\":\"https:\\\/\\\/secure.gravatar.com\\\/avatar\\\/eee448fc3f7164808013b816ba91ac7e43bbe82a70bebac296f8bc6f0addaa1a?s=96&d=mm&r=g\",\"url\":\"https:\\\/\\\/secure.gravatar.com\\\/avatar\\\/eee448fc3f7164808013b816ba91ac7e43bbe82a70bebac296f8bc6f0addaa1a?s=96&d=mm&r=g\",\"contentUrl\":\"https:\\\/\\\/secure.gravatar.com\\\/avatar\\\/eee448fc3f7164808013b816ba91ac7e43bbe82a70bebac296f8bc6f0addaa1a?s=96&d=mm&r=g\",\"caption\":\"Edici\u00f3n Web\"},\"url\":\"https:\\\/\\\/canal7slp.tv\\\/2022\\\/author\\\/edicionweb\\\/\"}]}<\/script>\n<!-- \/ Yoast SEO plugin. -->","yoast_head_json":{"title":"Por decreto federal, hospitales psiqui\u00e1tricos desaparecer\u00e1n de M\u00e9xico - Canal 7 SLP - 2022","robots":{"index":"index","follow":"follow","max-snippet":"max-snippet:-1","max-image-preview":"max-image-preview:large","max-video-preview":"max-video-preview:-1"},"canonical":"https:\/\/canal7slp.tv\/2022\/por-decreto-federal-hospitales-psiquiatricos-desapareceran-de-mexico\/","og_locale":"es_ES","og_type":"article","og_title":"Por decreto federal, hospitales psiqui\u00e1tricos desaparecer\u00e1n de M\u00e9xico - Canal 7 SLP - 2022","og_description":"M\u00e9xico.- El Gobierno Federal decreto que la atenci\u00f3n a la salud mental y adicciones deber\u00e1 realizarse en: Establecimientos ambulatorios Hospitales Generales Hospitales Regionales Hospitales de Alta Especialidad Esto, a fin de eliminar el modelo psiqui\u00e1trico asilar, no deber\u00e1n construirse m\u00e1s hospitales monoespecializados y los existentes deber\u00e1n progresivamente, convertirse en ambulatorios o en hospitales generales. Debido a esto, los hospitales psiqui\u00e1tricos en M\u00e9xico desaparecer\u00e1n. Dicho decreto -mismo que fue publicado en la edici\u00f3n matutina del Diario Oficial de la Federaci\u00f3n (DOF) de este lunes y firmado por el Presidente Andr\u00e9s Manuel L\u00f3pez Obrador y entra en vigor este 17 de mayo- [&hellip;]","og_url":"https:\/\/canal7slp.tv\/2022\/por-decreto-federal-hospitales-psiquiatricos-desapareceran-de-mexico\/","og_site_name":"Canal 7 SLP - 2022","article_publisher":"https:\/\/www.facebook.com\/noticieroscanalsiete","article_published_time":"2022-05-16T20:18:58+00:00","og_image":[{"width":751,"height":532,"url":"https:\/\/canal7slp.tv\/2022\/wp-content\/uploads\/2022\/05\/03-11.jpg","type":"image\/jpeg"}],"author":"Edici\u00f3n Web","twitter_card":"summary_large_image","twitter_creator":"@NOTICIEROS7","twitter_site":"@NOTICIEROS7","twitter_misc":{"Escrito por":"Edici\u00f3n Web","Tiempo de lectura":"3 minutos"},"schema":{"@context":"https:\/\/schema.org","@graph":[{"@type":"Article","@id":"https:\/\/canal7slp.tv\/2022\/por-decreto-federal-hospitales-psiquiatricos-desapareceran-de-mexico\/#article","isPartOf":{"@id":"https:\/\/canal7slp.tv\/2022\/por-decreto-federal-hospitales-psiquiatricos-desapareceran-de-mexico\/"},"author":{"name":"Edici\u00f3n Web","@id":"https:\/\/canal7slp.tv\/2022\/#\/schema\/person\/429704152a21f5f856ce29aa69a238da"},"headline":"Por decreto federal, hospitales psiqui\u00e1tricos desaparecer\u00e1n de M\u00e9xico","datePublished":"2022-05-16T20:18:58+00:00","mainEntityOfPage":{"@id":"https:\/\/canal7slp.tv\/2022\/por-decreto-federal-hospitales-psiquiatricos-desapareceran-de-mexico\/"},"wordCount":493,"publisher":{"@id":"https:\/\/canal7slp.tv\/2022\/#organization"},"image":{"@id":"https:\/\/canal7slp.tv\/2022\/por-decreto-federal-hospitales-psiquiatricos-desapareceran-de-mexico\/#primaryimage"},"thumbnailUrl":"https:\/\/canal7slp.tv\/2022\/wp-content\/uploads\/2022\/05\/03-11.jpg","articleSection":["NACIONALES"],"inLanguage":"es"},{"@type":"WebPage","@id":"https:\/\/canal7slp.tv\/2022\/por-decreto-federal-hospitales-psiquiatricos-desapareceran-de-mexico\/","url":"https:\/\/canal7slp.tv\/2022\/por-decreto-federal-hospitales-psiquiatricos-desapareceran-de-mexico\/","name":"Por decreto federal, hospitales psiqui\u00e1tricos desaparecer\u00e1n de M\u00e9xico - Canal 7 SLP - 2022","isPartOf":{"@id":"https:\/\/canal7slp.tv\/2022\/#website"},"primaryImageOfPage":{"@id":"https:\/\/canal7slp.tv\/2022\/por-decreto-federal-hospitales-psiquiatricos-desapareceran-de-mexico\/#primaryimage"},"image":{"@id":"https:\/\/canal7slp.tv\/2022\/por-decreto-federal-hospitales-psiquiatricos-desapareceran-de-mexico\/#primaryimage"},"thumbnailUrl":"https:\/\/canal7slp.tv\/2022\/wp-content\/uploads\/2022\/05\/03-11.jpg","datePublished":"2022-05-16T20:18:58+00:00","breadcrumb":{"@id":"https:\/\/canal7slp.tv\/2022\/por-decreto-federal-hospitales-psiquiatricos-desapareceran-de-mexico\/#breadcrumb"},"inLanguage":"es","potentialAction":[{"@type":"ReadAction","target":["https:\/\/canal7slp.tv\/2022\/por-decreto-federal-hospitales-psiquiatricos-desapareceran-de-mexico\/"]}]},{"@type":"ImageObject","inLanguage":"es","@id":"https:\/\/canal7slp.tv\/2022\/por-decreto-federal-hospitales-psiquiatricos-desapareceran-de-mexico\/#primaryimage","url":"https:\/\/canal7slp.tv\/2022\/wp-content\/uploads\/2022\/05\/03-11.jpg","contentUrl":"https:\/\/canal7slp.tv\/2022\/wp-content\/uploads\/2022\/05\/03-11.jpg","width":751,"height":532},{"@type":"BreadcrumbList","@id":"https:\/\/canal7slp.tv\/2022\/por-decreto-federal-hospitales-psiquiatricos-desapareceran-de-mexico\/#breadcrumb","itemListElement":[{"@type":"ListItem","position":1,"name":"Portada","item":"https:\/\/canal7slp.tv\/2022\/"},{"@type":"ListItem","position":2,"name":"Por decreto federal, hospitales psiqui\u00e1tricos desaparecer\u00e1n de M\u00e9xico"}]},{"@type":"WebSite","@id":"https:\/\/canal7slp.tv\/2022\/#website","url":"https:\/\/canal7slp.tv\/2022\/","name":"N7 - Noticieros Canal 7","description":"Somos Televisi\u00f3n","publisher":{"@id":"https:\/\/canal7slp.tv\/2022\/#organization"},"potentialAction":[{"@type":"SearchAction","target":{"@type":"EntryPoint","urlTemplate":"https:\/\/canal7slp.tv\/2022\/?s={search_term_string}"},"query-input":{"@type":"PropertyValueSpecification","valueRequired":true,"valueName":"search_term_string"}}],"inLanguage":"es"},{"@type":"Organization","@id":"https:\/\/canal7slp.tv\/2022\/#organization","name":"Noticieros Canal 7","url":"https:\/\/canal7slp.tv\/2022\/","logo":{"@type":"ImageObject","inLanguage":"es","@id":"https:\/\/canal7slp.tv\/2022\/#\/schema\/logo\/image\/","url":"https:\/\/canal7slp.tv\/2022\/wp-content\/uploads\/2021\/01\/logo-noticieros@2x.png","contentUrl":"https:\/\/canal7slp.tv\/2022\/wp-content\/uploads\/2021\/01\/logo-noticieros@2x.png","width":1017,"height":268,"caption":"Noticieros Canal 7"},"image":{"@id":"https:\/\/canal7slp.tv\/2022\/#\/schema\/logo\/image\/"},"sameAs":["https:\/\/www.facebook.com\/noticieroscanalsiete","https:\/\/x.com\/NOTICIEROS7","https:\/\/www.instagram.com\/canal7_slp","https:\/\/www.youtube.com\/channel\/UCliiYs-gP3JfJeqdPrNdd5A"]},{"@type":"Person","@id":"https:\/\/canal7slp.tv\/2022\/#\/schema\/person\/429704152a21f5f856ce29aa69a238da","name":"Edici\u00f3n Web","image":{"@type":"ImageObject","inLanguage":"es","@id":"https:\/\/secure.gravatar.com\/avatar\/eee448fc3f7164808013b816ba91ac7e43bbe82a70bebac296f8bc6f0addaa1a?s=96&d=mm&r=g","url":"https:\/\/secure.gravatar.com\/avatar\/eee448fc3f7164808013b816ba91ac7e43bbe82a70bebac296f8bc6f0addaa1a?s=96&d=mm&r=g","contentUrl":"https:\/\/secure.gravatar.com\/avatar\/eee448fc3f7164808013b816ba91ac7e43bbe82a70bebac296f8bc6f0addaa1a?s=96&d=mm&r=g","caption":"Edici\u00f3n Web"},"url":"https:\/\/canal7slp.tv\/2022\/author\/edicionweb\/"}]}},"amp_enabled":true,"_links":{"self":[{"href":"https:\/\/canal7slp.tv\/2022\/wp-json\/wp\/v2\/posts\/60336","targetHints":{"allow":["GET"]}}],"collection":[{"href":"https:\/\/canal7slp.tv\/2022\/wp-json\/wp\/v2\/posts"}],"about":[{"href":"https:\/\/canal7slp.tv\/2022\/wp-json\/wp\/v2\/types\/post"}],"author":[{"embeddable":true,"href":"https:\/\/canal7slp.tv\/2022\/wp-json\/wp\/v2\/users\/2"}],"replies":[{"embeddable":true,"href":"https:\/\/canal7slp.tv\/2022\/wp-json\/wp\/v2\/comments?post=60336"}],"version-history":[{"count":2,"href":"https:\/\/canal7slp.tv\/2022\/wp-json\/wp\/v2\/posts\/60336\/revisions"}],"predecessor-version":[{"id":60356,"href":"https:\/\/canal7slp.tv\/2022\/wp-json\/wp\/v2\/posts\/60336\/revisions\/60356"}],"wp:featuredmedia":[{"embeddable":true,"href":"https:\/\/canal7slp.tv\/2022\/wp-json\/wp\/v2\/media\/60348"}],"wp:attachment":[{"href":"https:\/\/canal7slp.tv\/2022\/wp-json\/wp\/v2\/media?parent=60336"}],"wp:term":[{"taxonomy":"category","embeddable":true,"href":"https:\/\/canal7slp.tv\/2022\/wp-json\/wp\/v2\/categories?post=60336"},{"taxonomy":"post_tag","embeddable":true,"href":"https:\/\/canal7slp.tv\/2022\/wp-json\/wp\/v2\/tags?post=60336"}],"curies":[{"name":"wp","href":"https:\/\/api.w.org\/{rel}","templated":true}]}}