{"id":59811,"date":"2022-05-10T18:17:05","date_gmt":"2022-05-11T00:17:05","guid":{"rendered":"https:\/\/canal7slp.tv\/2022\/?p=59811"},"modified":"2022-05-10T18:17:05","modified_gmt":"2022-05-11T00:17:05","slug":"deficit-de-preparacion-y-certificacion-para-abogados-del-altiplano","status":"publish","type":"post","link":"https:\/\/canal7slp.tv\/2022\/deficit-de-preparacion-y-certificacion-para-abogados-del-altiplano\/","title":{"rendered":"D\u00e9ficit de preparaci\u00f3n y certificaci\u00f3n para abogados del altiplano."},"content":{"rendered":"<p style=\"text-align: justify;\">SLP.- Tras la presentaci\u00f3n del curso de habilidades para el desarrollo del litigio estrat\u00e9gico que se llevar\u00e1 a cabo en los pr\u00f3ximos d\u00edas en la ciudad de Matehuala, el Lic. Alejandro C\u00e1zares, Presidente de la Asociaci\u00f3n de Abogados del Altiplano Potosino, habl\u00f3 sobre la falta de capacitaci\u00f3n para quienes desempe\u00f1ar la labor de la defensa jur\u00eddica.<\/p>\n<p style=\"text-align: justify;\">\u201cAqu\u00ed vamos a ser muy conscientes que s\u00ed falta preparaci\u00f3n, en el Altiplano es la primera vez que se van a generar estos cursos, la ventaja es que nos hemos integrado con asociaciones de todo el estado, tanto con la federaci\u00f3n mexicana como con la asociaci\u00f3n de abogados en San Luis Potos\u00ed\u201d, dijo.<\/p>\n<p style=\"text-align: justify;\">C\u00e1zares consider\u00f3 que quienes integran estas asociaciones necesitan que las capacitaciones se brinden en la zona y no tengan la necesidad de trasladarse a la capital u otros estados, \u201clos abogados de la zona altiplano tengamos esa oportunidad y cercan\u00eda acad\u00e9mica y de los conocimientos para seguir en el ejercicio profesional, ya que es nuestra fuente de trabajo y de ingreso, como parte de esta profesi\u00f3n\u201d.<\/p>\n<p style=\"text-align: justify;\">Con el nuevo sistema de justicia penal, los abogados requieren estar certificados pues de no hacerlo, se ver\u00e1n afectados en sus labores, as\u00ed lo dej\u00f3 entrever el Presidente de la Asociaci\u00f3n en el Altiplano, \u201caqu\u00ed el hecho es que si no se cuenta con la certificaci\u00f3n, pues obviamente no se va a garantizar un buen servicio, ni una eficiencia que exige tanto el nuevo sistema de justicia penal, pues es una reforma constitucional que aplica a todas las materias que garantices una defensa t\u00e9cnica adecuada o un servicio eficiente\u201d.<\/p>\n<p style=\"text-align: justify;\">Por: Jes\u00fas Valencia<\/p>\n","protected":false},"excerpt":{"rendered":"<p>SLP.- Tras la presentaci\u00f3n del curso de habilidades para el desarrollo del litigio estrat\u00e9gico que se llevar\u00e1 a cabo en los pr\u00f3ximos d\u00edas en la ciudad de Matehuala, el Lic. Alejandro C\u00e1zares, Presidente de la Asociaci\u00f3n de Abogados del Altiplano Potosino, habl\u00f3 sobre la falta de capacitaci\u00f3n para quienes desempe\u00f1ar la labor de la defensa jur\u00eddica. \u201cAqu\u00ed vamos a ser muy conscientes que s\u00ed falta preparaci\u00f3n, en el Altiplano es la primera vez que se van a generar estos cursos, la ventaja es que nos hemos integrado con asociaciones de todo el estado, tanto con la federaci\u00f3n mexicana como con [&hellip;]<\/p>\n","protected":false},"author":2,"featured_media":59812,"comment_status":"closed","ping_status":"closed","sticky":false,"template":"","format":"video","meta":{"footnotes":""},"categories":[5,43],"tags":[],"class_list":["post-59811","post","type-post","status-publish","format-video","has-post-thumbnail","hentry","category-destacadas","category-interior","post_format-post-format-video","post--single"],"yoast_head":"<!-- This site is optimized with the Yoast SEO plugin v27.4 - https:\/\/yoast.com\/product\/yoast-seo-wordpress\/ -->\n<title>D\u00e9ficit de preparaci\u00f3n y certificaci\u00f3n para abogados del altiplano. - Canal 7 SLP - 2022<\/title>\n<meta name=\"robots\" content=\"index, follow, max-snippet:-1, max-image-preview:large, max-video-preview:-1\" \/>\n<link rel=\"canonical\" href=\"https:\/\/canal7slp.tv\/2022\/deficit-de-preparacion-y-certificacion-para-abogados-del-altiplano\/\" \/>\n<meta property=\"og:locale\" content=\"es_ES\" \/>\n<meta property=\"og:type\" content=\"article\" \/>\n<meta property=\"og:title\" content=\"D\u00e9ficit de preparaci\u00f3n y certificaci\u00f3n para abogados del altiplano. - Canal 7 SLP - 2022\" \/>\n<meta property=\"og:description\" content=\"SLP.- Tras la presentaci\u00f3n del curso de habilidades para el desarrollo del litigio estrat\u00e9gico que se llevar\u00e1 a cabo en los pr\u00f3ximos d\u00edas en la ciudad de Matehuala, el Lic. Alejandro C\u00e1zares, Presidente de la Asociaci\u00f3n de Abogados del Altiplano Potosino, habl\u00f3 sobre la falta de capacitaci\u00f3n para quienes desempe\u00f1ar la labor de la defensa jur\u00eddica. \u201cAqu\u00ed vamos a ser muy conscientes que s\u00ed falta preparaci\u00f3n, en el Altiplano es la primera vez que se van a generar estos cursos, la ventaja es que nos hemos integrado con asociaciones de todo el estado, tanto con la federaci\u00f3n mexicana como con [&hellip;]\" \/>\n<meta property=\"og:url\" content=\"https:\/\/canal7slp.tv\/2022\/deficit-de-preparacion-y-certificacion-para-abogados-del-altiplano\/\" \/>\n<meta property=\"og:site_name\" content=\"Canal 7 SLP - 2022\" \/>\n<meta property=\"article:publisher\" content=\"https:\/\/www.facebook.com\/noticieroscanalsiete\" \/>\n<meta property=\"article:published_time\" content=\"2022-05-11T00:17:05+00:00\" \/>\n<meta property=\"og:image\" content=\"https:\/\/canal7slp.tv\/2022\/wp-content\/uploads\/2022\/05\/Valencia01Abogados.jpg\" \/>\n\t<meta property=\"og:image:width\" content=\"888\" \/>\n\t<meta property=\"og:image:height\" content=\"500\" \/>\n\t<meta property=\"og:image:type\" content=\"image\/jpeg\" \/>\n<meta name=\"author\" content=\"Edici\u00f3n Web\" \/>\n<meta name=\"twitter:card\" content=\"summary_large_image\" \/>\n<meta name=\"twitter:creator\" content=\"@NOTICIEROS7\" \/>\n<meta name=\"twitter:site\" content=\"@NOTICIEROS7\" \/>\n<meta name=\"twitter:label1\" content=\"Escrito por\" \/>\n\t<meta name=\"twitter:data1\" content=\"Edici\u00f3n Web\" \/>\n\t<meta name=\"twitter:label2\" content=\"Tiempo de lectura\" \/>\n\t<meta name=\"twitter:data2\" content=\"1 minuto\" \/>\n<script type=\"application\/ld+json\" class=\"yoast-schema-graph\">{\"@context\":\"https:\\\/\\\/schema.org\",\"@graph\":[{\"@type\":\"Article\",\"@id\":\"https:\\\/\\\/canal7slp.tv\\\/2022\\\/deficit-de-preparacion-y-certificacion-para-abogados-del-altiplano\\\/#article\",\"isPartOf\":{\"@id\":\"https:\\\/\\\/canal7slp.tv\\\/2022\\\/deficit-de-preparacion-y-certificacion-para-abogados-del-altiplano\\\/\"},\"author\":{\"name\":\"Edici\u00f3n Web\",\"@id\":\"https:\\\/\\\/canal7slp.tv\\\/2022\\\/#\\\/schema\\\/person\\\/429704152a21f5f856ce29aa69a238da\"},\"headline\":\"D\u00e9ficit de preparaci\u00f3n y certificaci\u00f3n para abogados del altiplano.\",\"datePublished\":\"2022-05-11T00:17:05+00:00\",\"mainEntityOfPage\":{\"@id\":\"https:\\\/\\\/canal7slp.tv\\\/2022\\\/deficit-de-preparacion-y-certificacion-para-abogados-del-altiplano\\\/\"},\"wordCount\":301,\"publisher\":{\"@id\":\"https:\\\/\\\/canal7slp.tv\\\/2022\\\/#organization\"},\"image\":{\"@id\":\"https:\\\/\\\/canal7slp.tv\\\/2022\\\/deficit-de-preparacion-y-certificacion-para-abogados-del-altiplano\\\/#primaryimage\"},\"thumbnailUrl\":\"https:\\\/\\\/canal7slp.tv\\\/2022\\\/wp-content\\\/uploads\\\/2022\\\/05\\\/Valencia01Abogados.jpg\",\"articleSection\":[\"DESTACADAS\",\"INTERIOR DEL ESTADO\"],\"inLanguage\":\"es\"},{\"@type\":\"WebPage\",\"@id\":\"https:\\\/\\\/canal7slp.tv\\\/2022\\\/deficit-de-preparacion-y-certificacion-para-abogados-del-altiplano\\\/\",\"url\":\"https:\\\/\\\/canal7slp.tv\\\/2022\\\/deficit-de-preparacion-y-certificacion-para-abogados-del-altiplano\\\/\",\"name\":\"D\u00e9ficit de preparaci\u00f3n y certificaci\u00f3n para abogados del altiplano. - Canal 7 SLP - 2022\",\"isPartOf\":{\"@id\":\"https:\\\/\\\/canal7slp.tv\\\/2022\\\/#website\"},\"primaryImageOfPage\":{\"@id\":\"https:\\\/\\\/canal7slp.tv\\\/2022\\\/deficit-de-preparacion-y-certificacion-para-abogados-del-altiplano\\\/#primaryimage\"},\"image\":{\"@id\":\"https:\\\/\\\/canal7slp.tv\\\/2022\\\/deficit-de-preparacion-y-certificacion-para-abogados-del-altiplano\\\/#primaryimage\"},\"thumbnailUrl\":\"https:\\\/\\\/canal7slp.tv\\\/2022\\\/wp-content\\\/uploads\\\/2022\\\/05\\\/Valencia01Abogados.jpg\",\"datePublished\":\"2022-05-11T00:17:05+00:00\",\"breadcrumb\":{\"@id\":\"https:\\\/\\\/canal7slp.tv\\\/2022\\\/deficit-de-preparacion-y-certificacion-para-abogados-del-altiplano\\\/#breadcrumb\"},\"inLanguage\":\"es\",\"potentialAction\":[{\"@type\":\"ReadAction\",\"target\":[\"https:\\\/\\\/canal7slp.tv\\\/2022\\\/deficit-de-preparacion-y-certificacion-para-abogados-del-altiplano\\\/\"]}]},{\"@type\":\"ImageObject\",\"inLanguage\":\"es\",\"@id\":\"https:\\\/\\\/canal7slp.tv\\\/2022\\\/deficit-de-preparacion-y-certificacion-para-abogados-del-altiplano\\\/#primaryimage\",\"url\":\"https:\\\/\\\/canal7slp.tv\\\/2022\\\/wp-content\\\/uploads\\\/2022\\\/05\\\/Valencia01Abogados.jpg\",\"contentUrl\":\"https:\\\/\\\/canal7slp.tv\\\/2022\\\/wp-content\\\/uploads\\\/2022\\\/05\\\/Valencia01Abogados.jpg\",\"width\":888,\"height\":500},{\"@type\":\"BreadcrumbList\",\"@id\":\"https:\\\/\\\/canal7slp.tv\\\/2022\\\/deficit-de-preparacion-y-certificacion-para-abogados-del-altiplano\\\/#breadcrumb\",\"itemListElement\":[{\"@type\":\"ListItem\",\"position\":1,\"name\":\"Portada\",\"item\":\"https:\\\/\\\/canal7slp.tv\\\/2022\\\/\"},{\"@type\":\"ListItem\",\"position\":2,\"name\":\"D\u00e9ficit de preparaci\u00f3n y certificaci\u00f3n para abogados del altiplano.\"}]},{\"@type\":\"WebSite\",\"@id\":\"https:\\\/\\\/canal7slp.tv\\\/2022\\\/#website\",\"url\":\"https:\\\/\\\/canal7slp.tv\\\/2022\\\/\",\"name\":\"N7 - Noticieros Canal 7\",\"description\":\"Somos Televisi\u00f3n\",\"publisher\":{\"@id\":\"https:\\\/\\\/canal7slp.tv\\\/2022\\\/#organization\"},\"potentialAction\":[{\"@type\":\"SearchAction\",\"target\":{\"@type\":\"EntryPoint\",\"urlTemplate\":\"https:\\\/\\\/canal7slp.tv\\\/2022\\\/?s={search_term_string}\"},\"query-input\":{\"@type\":\"PropertyValueSpecification\",\"valueRequired\":true,\"valueName\":\"search_term_string\"}}],\"inLanguage\":\"es\"},{\"@type\":\"Organization\",\"@id\":\"https:\\\/\\\/canal7slp.tv\\\/2022\\\/#organization\",\"name\":\"Noticieros Canal 7\",\"url\":\"https:\\\/\\\/canal7slp.tv\\\/2022\\\/\",\"logo\":{\"@type\":\"ImageObject\",\"inLanguage\":\"es\",\"@id\":\"https:\\\/\\\/canal7slp.tv\\\/2022\\\/#\\\/schema\\\/logo\\\/image\\\/\",\"url\":\"https:\\\/\\\/canal7slp.tv\\\/2022\\\/wp-content\\\/uploads\\\/2021\\\/01\\\/logo-noticieros@2x.png\",\"contentUrl\":\"https:\\\/\\\/canal7slp.tv\\\/2022\\\/wp-content\\\/uploads\\\/2021\\\/01\\\/logo-noticieros@2x.png\",\"width\":1017,\"height\":268,\"caption\":\"Noticieros Canal 7\"},\"image\":{\"@id\":\"https:\\\/\\\/canal7slp.tv\\\/2022\\\/#\\\/schema\\\/logo\\\/image\\\/\"},\"sameAs\":[\"https:\\\/\\\/www.facebook.com\\\/noticieroscanalsiete\",\"https:\\\/\\\/x.com\\\/NOTICIEROS7\",\"https:\\\/\\\/www.instagram.com\\\/canal7_slp\",\"https:\\\/\\\/www.youtube.com\\\/channel\\\/UCliiYs-gP3JfJeqdPrNdd5A\"]},{\"@type\":\"Person\",\"@id\":\"https:\\\/\\\/canal7slp.tv\\\/2022\\\/#\\\/schema\\\/person\\\/429704152a21f5f856ce29aa69a238da\",\"name\":\"Edici\u00f3n Web\",\"image\":{\"@type\":\"ImageObject\",\"inLanguage\":\"es\",\"@id\":\"https:\\\/\\\/secure.gravatar.com\\\/avatar\\\/eee448fc3f7164808013b816ba91ac7e43bbe82a70bebac296f8bc6f0addaa1a?s=96&d=mm&r=g\",\"url\":\"https:\\\/\\\/secure.gravatar.com\\\/avatar\\\/eee448fc3f7164808013b816ba91ac7e43bbe82a70bebac296f8bc6f0addaa1a?s=96&d=mm&r=g\",\"contentUrl\":\"https:\\\/\\\/secure.gravatar.com\\\/avatar\\\/eee448fc3f7164808013b816ba91ac7e43bbe82a70bebac296f8bc6f0addaa1a?s=96&d=mm&r=g\",\"caption\":\"Edici\u00f3n Web\"},\"url\":\"https:\\\/\\\/canal7slp.tv\\\/2022\\\/author\\\/edicionweb\\\/\"}]}<\/script>\n<!-- \/ Yoast SEO plugin. -->","yoast_head_json":{"title":"D\u00e9ficit de preparaci\u00f3n y certificaci\u00f3n para abogados del altiplano. - Canal 7 SLP - 2022","robots":{"index":"index","follow":"follow","max-snippet":"max-snippet:-1","max-image-preview":"max-image-preview:large","max-video-preview":"max-video-preview:-1"},"canonical":"https:\/\/canal7slp.tv\/2022\/deficit-de-preparacion-y-certificacion-para-abogados-del-altiplano\/","og_locale":"es_ES","og_type":"article","og_title":"D\u00e9ficit de preparaci\u00f3n y certificaci\u00f3n para abogados del altiplano. - Canal 7 SLP - 2022","og_description":"SLP.- Tras la presentaci\u00f3n del curso de habilidades para el desarrollo del litigio estrat\u00e9gico que se llevar\u00e1 a cabo en los pr\u00f3ximos d\u00edas en la ciudad de Matehuala, el Lic. Alejandro C\u00e1zares, Presidente de la Asociaci\u00f3n de Abogados del Altiplano Potosino, habl\u00f3 sobre la falta de capacitaci\u00f3n para quienes desempe\u00f1ar la labor de la defensa jur\u00eddica. \u201cAqu\u00ed vamos a ser muy conscientes que s\u00ed falta preparaci\u00f3n, en el Altiplano es la primera vez que se van a generar estos cursos, la ventaja es que nos hemos integrado con asociaciones de todo el estado, tanto con la federaci\u00f3n mexicana como con [&hellip;]","og_url":"https:\/\/canal7slp.tv\/2022\/deficit-de-preparacion-y-certificacion-para-abogados-del-altiplano\/","og_site_name":"Canal 7 SLP - 2022","article_publisher":"https:\/\/www.facebook.com\/noticieroscanalsiete","article_published_time":"2022-05-11T00:17:05+00:00","og_image":[{"width":888,"height":500,"url":"https:\/\/canal7slp.tv\/2022\/wp-content\/uploads\/2022\/05\/Valencia01Abogados.jpg","type":"image\/jpeg"}],"author":"Edici\u00f3n Web","twitter_card":"summary_large_image","twitter_creator":"@NOTICIEROS7","twitter_site":"@NOTICIEROS7","twitter_misc":{"Escrito por":"Edici\u00f3n Web","Tiempo de lectura":"1 minuto"},"schema":{"@context":"https:\/\/schema.org","@graph":[{"@type":"Article","@id":"https:\/\/canal7slp.tv\/2022\/deficit-de-preparacion-y-certificacion-para-abogados-del-altiplano\/#article","isPartOf":{"@id":"https:\/\/canal7slp.tv\/2022\/deficit-de-preparacion-y-certificacion-para-abogados-del-altiplano\/"},"author":{"name":"Edici\u00f3n Web","@id":"https:\/\/canal7slp.tv\/2022\/#\/schema\/person\/429704152a21f5f856ce29aa69a238da"},"headline":"D\u00e9ficit de preparaci\u00f3n y certificaci\u00f3n para abogados del altiplano.","datePublished":"2022-05-11T00:17:05+00:00","mainEntityOfPage":{"@id":"https:\/\/canal7slp.tv\/2022\/deficit-de-preparacion-y-certificacion-para-abogados-del-altiplano\/"},"wordCount":301,"publisher":{"@id":"https:\/\/canal7slp.tv\/2022\/#organization"},"image":{"@id":"https:\/\/canal7slp.tv\/2022\/deficit-de-preparacion-y-certificacion-para-abogados-del-altiplano\/#primaryimage"},"thumbnailUrl":"https:\/\/canal7slp.tv\/2022\/wp-content\/uploads\/2022\/05\/Valencia01Abogados.jpg","articleSection":["DESTACADAS","INTERIOR DEL ESTADO"],"inLanguage":"es"},{"@type":"WebPage","@id":"https:\/\/canal7slp.tv\/2022\/deficit-de-preparacion-y-certificacion-para-abogados-del-altiplano\/","url":"https:\/\/canal7slp.tv\/2022\/deficit-de-preparacion-y-certificacion-para-abogados-del-altiplano\/","name":"D\u00e9ficit de preparaci\u00f3n y certificaci\u00f3n para abogados del altiplano. - Canal 7 SLP - 2022","isPartOf":{"@id":"https:\/\/canal7slp.tv\/2022\/#website"},"primaryImageOfPage":{"@id":"https:\/\/canal7slp.tv\/2022\/deficit-de-preparacion-y-certificacion-para-abogados-del-altiplano\/#primaryimage"},"image":{"@id":"https:\/\/canal7slp.tv\/2022\/deficit-de-preparacion-y-certificacion-para-abogados-del-altiplano\/#primaryimage"},"thumbnailUrl":"https:\/\/canal7slp.tv\/2022\/wp-content\/uploads\/2022\/05\/Valencia01Abogados.jpg","datePublished":"2022-05-11T00:17:05+00:00","breadcrumb":{"@id":"https:\/\/canal7slp.tv\/2022\/deficit-de-preparacion-y-certificacion-para-abogados-del-altiplano\/#breadcrumb"},"inLanguage":"es","potentialAction":[{"@type":"ReadAction","target":["https:\/\/canal7slp.tv\/2022\/deficit-de-preparacion-y-certificacion-para-abogados-del-altiplano\/"]}]},{"@type":"ImageObject","inLanguage":"es","@id":"https:\/\/canal7slp.tv\/2022\/deficit-de-preparacion-y-certificacion-para-abogados-del-altiplano\/#primaryimage","url":"https:\/\/canal7slp.tv\/2022\/wp-content\/uploads\/2022\/05\/Valencia01Abogados.jpg","contentUrl":"https:\/\/canal7slp.tv\/2022\/wp-content\/uploads\/2022\/05\/Valencia01Abogados.jpg","width":888,"height":500},{"@type":"BreadcrumbList","@id":"https:\/\/canal7slp.tv\/2022\/deficit-de-preparacion-y-certificacion-para-abogados-del-altiplano\/#breadcrumb","itemListElement":[{"@type":"ListItem","position":1,"name":"Portada","item":"https:\/\/canal7slp.tv\/2022\/"},{"@type":"ListItem","position":2,"name":"D\u00e9ficit de preparaci\u00f3n y certificaci\u00f3n para abogados del altiplano."}]},{"@type":"WebSite","@id":"https:\/\/canal7slp.tv\/2022\/#website","url":"https:\/\/canal7slp.tv\/2022\/","name":"N7 - Noticieros Canal 7","description":"Somos Televisi\u00f3n","publisher":{"@id":"https:\/\/canal7slp.tv\/2022\/#organization"},"potentialAction":[{"@type":"SearchAction","target":{"@type":"EntryPoint","urlTemplate":"https:\/\/canal7slp.tv\/2022\/?s={search_term_string}"},"query-input":{"@type":"PropertyValueSpecification","valueRequired":true,"valueName":"search_term_string"}}],"inLanguage":"es"},{"@type":"Organization","@id":"https:\/\/canal7slp.tv\/2022\/#organization","name":"Noticieros Canal 7","url":"https:\/\/canal7slp.tv\/2022\/","logo":{"@type":"ImageObject","inLanguage":"es","@id":"https:\/\/canal7slp.tv\/2022\/#\/schema\/logo\/image\/","url":"https:\/\/canal7slp.tv\/2022\/wp-content\/uploads\/2021\/01\/logo-noticieros@2x.png","contentUrl":"https:\/\/canal7slp.tv\/2022\/wp-content\/uploads\/2021\/01\/logo-noticieros@2x.png","width":1017,"height":268,"caption":"Noticieros Canal 7"},"image":{"@id":"https:\/\/canal7slp.tv\/2022\/#\/schema\/logo\/image\/"},"sameAs":["https:\/\/www.facebook.com\/noticieroscanalsiete","https:\/\/x.com\/NOTICIEROS7","https:\/\/www.instagram.com\/canal7_slp","https:\/\/www.youtube.com\/channel\/UCliiYs-gP3JfJeqdPrNdd5A"]},{"@type":"Person","@id":"https:\/\/canal7slp.tv\/2022\/#\/schema\/person\/429704152a21f5f856ce29aa69a238da","name":"Edici\u00f3n Web","image":{"@type":"ImageObject","inLanguage":"es","@id":"https:\/\/secure.gravatar.com\/avatar\/eee448fc3f7164808013b816ba91ac7e43bbe82a70bebac296f8bc6f0addaa1a?s=96&d=mm&r=g","url":"https:\/\/secure.gravatar.com\/avatar\/eee448fc3f7164808013b816ba91ac7e43bbe82a70bebac296f8bc6f0addaa1a?s=96&d=mm&r=g","contentUrl":"https:\/\/secure.gravatar.com\/avatar\/eee448fc3f7164808013b816ba91ac7e43bbe82a70bebac296f8bc6f0addaa1a?s=96&d=mm&r=g","caption":"Edici\u00f3n Web"},"url":"https:\/\/canal7slp.tv\/2022\/author\/edicionweb\/"}]}},"amp_enabled":true,"_links":{"self":[{"href":"https:\/\/canal7slp.tv\/2022\/wp-json\/wp\/v2\/posts\/59811","targetHints":{"allow":["GET"]}}],"collection":[{"href":"https:\/\/canal7slp.tv\/2022\/wp-json\/wp\/v2\/posts"}],"about":[{"href":"https:\/\/canal7slp.tv\/2022\/wp-json\/wp\/v2\/types\/post"}],"author":[{"embeddable":true,"href":"https:\/\/canal7slp.tv\/2022\/wp-json\/wp\/v2\/users\/2"}],"replies":[{"embeddable":true,"href":"https:\/\/canal7slp.tv\/2022\/wp-json\/wp\/v2\/comments?post=59811"}],"version-history":[{"count":1,"href":"https:\/\/canal7slp.tv\/2022\/wp-json\/wp\/v2\/posts\/59811\/revisions"}],"predecessor-version":[{"id":59813,"href":"https:\/\/canal7slp.tv\/2022\/wp-json\/wp\/v2\/posts\/59811\/revisions\/59813"}],"wp:featuredmedia":[{"embeddable":true,"href":"https:\/\/canal7slp.tv\/2022\/wp-json\/wp\/v2\/media\/59812"}],"wp:attachment":[{"href":"https:\/\/canal7slp.tv\/2022\/wp-json\/wp\/v2\/media?parent=59811"}],"wp:term":[{"taxonomy":"category","embeddable":true,"href":"https:\/\/canal7slp.tv\/2022\/wp-json\/wp\/v2\/categories?post=59811"},{"taxonomy":"post_tag","embeddable":true,"href":"https:\/\/canal7slp.tv\/2022\/wp-json\/wp\/v2\/tags?post=59811"}],"curies":[{"name":"wp","href":"https:\/\/api.w.org\/{rel}","templated":true}]}}