{"id":59779,"date":"2022-05-10T17:12:42","date_gmt":"2022-05-10T23:12:42","guid":{"rendered":"https:\/\/canal7slp.tv\/2022\/?p=59779"},"modified":"2022-05-10T17:12:42","modified_gmt":"2022-05-10T23:12:42","slug":"autoridades-coludidas-con-la-delincuencia-propician-que-casos-de-personas-desaparecidas-aumenten-externaron-madres-durante-una-marcha-este-10-de-mayo","status":"publish","type":"post","link":"https:\/\/canal7slp.tv\/2022\/autoridades-coludidas-con-la-delincuencia-propician-que-casos-de-personas-desaparecidas-aumenten-externaron-madres-durante-una-marcha-este-10-de-mayo\/","title":{"rendered":"Autoridades coludidas con la delincuencia, propician que casos de personas desaparecidas aumenten, externaron madres durante una marcha este 10 de mayo."},"content":{"rendered":"<p style=\"text-align: justify;\">SLP.- Este martes, madres de personas desaparecidas en San Luis Potos\u00ed organizaron una marcha que inici\u00f3 en la Caja del Agua y culmin\u00f3 en las instalaciones de la Fiscal\u00eda General del Estado, para exigir a las autoridades resultados en las investigaciones para encontrar a sus hijas e hijos.<\/p>\n<p style=\"text-align: justify;\">\u00abSoy Edith P\u00e9rez Rodr\u00edguez representante de Voz y Dignidad por los Nuestros y estamos aqu\u00ed todas las madres que quieran unirse no al colectivo sino a esta marcha para hacer presentes el rostro de nuestros hijos ante la fiscal\u00eda y ante toda la ciudadan\u00eda. Ellos tienen un rostro, tienen sue\u00f1os a\u00fan que cumplir y que sabemos que aunque nos duele el alma, aqu\u00ed estamos de pie luchando por ellos porque nos arrebataron lo m\u00e1s preciado que puede existir en la vida, a nuestros hijos\u00bb, dijo.<\/p>\n<p style=\"text-align: justify;\">La entrevistada, se\u00f1al\u00f3 que se han realizado b\u00fasquedas en las que se han encontrado restos humanos pero que ante la falta de infraestructura no se han podido identificar.<\/p>\n<p style=\"text-align: justify;\">\u00abAl principio quer\u00edamos morirnos porque no los encontr\u00e1bamos, nos desesperamos buscando estrategias, buscando formas de c\u00f3mo encontrarlos, los hemos encontrado no como quer\u00edamos, no sabemos si esos que hemos encontrado son nuestros hijos. Aqu\u00ed estamos haciendo todo para que esos humanos fragmentados, calcinados, descompuestos que hemos encontrado en los campos y zonas de exterminio de este estado de San Luis Potos\u00ed y de los dem\u00e1s estados, sean analizados\u00bb, se\u00f1al\u00f3.<\/p>\n<p style=\"text-align: justify;\">En la marcha estabn presentes madres de diversos municipios de San Luis Potos\u00ed como Matehuala, Rioverde, Cerritos y de la capital, quienes exigieron acciones condundentes por parte de las autoridades que llevan sus casos.<\/p>\n<p style=\"text-align: justify;\">\u00abNecesitamos m\u00e1s ministerios p\u00fablicos, necesitamos m\u00e1s polic\u00edas de investigaci\u00f3n y necesitamos una fiscal\u00eda especializada que de acuerdo al art\u00edculo 68 de la Ley en Materia de Desaparici\u00f3n Forzada de Personas y Desaparici\u00f3n de Personas por Particulares y del Sistema Nacional de B\u00fasqueda donde se dicta que todas las fiscal\u00edas deben de tener una Fiscal\u00eda Especializada con recursos propios\u00bb<\/p>\n<p style=\"text-align: justify;\">Otra de sus peticiones va encaminada a la creaci\u00f3n de un pante\u00f3n con registros de ADN para abonar a la localizaci\u00f3n de personas.<\/p>\n<p style=\"text-align: justify;\">\u00abExigimos a la fiscal\u00eda qu\u00e9 tiene que organizar las fosas comunes en un pante\u00f3n forense o pante\u00f3n monitorear con una necropsia con un registro y con un ADN.<\/p>\n<p style=\"text-align: justify;\">Edith Perez culmin\u00f3 la entrevista al mencionar lo que significa ser madre en esta situaci\u00f3n.<\/p>\n<p style=\"text-align: justify;\">\u00abSignifica el dolor que ha causado el gobierno, un gobierno omiso, un gobierno impune, un gobierno coludido con las c\u00e9lulas delictivas porque no acaban y no termina, al contrario en lugar de disminuir esto va aumentando terriblemente\u00bb.<\/p>\n<p style=\"text-align: justify;\">Por: Jos\u00e9 Luis V\u00e1zquez<\/p>\n","protected":false},"excerpt":{"rendered":"<p>SLP.- Este martes, madres de personas desaparecidas en San Luis Potos\u00ed organizaron una marcha que inici\u00f3 en la Caja del Agua y culmin\u00f3 en las instalaciones de la Fiscal\u00eda General del Estado, para exigir a las autoridades resultados en las investigaciones para encontrar a sus hijas e hijos. \u00abSoy Edith P\u00e9rez Rodr\u00edguez representante de Voz y Dignidad por los Nuestros y estamos aqu\u00ed todas las madres que quieran unirse no al colectivo sino a esta marcha para hacer presentes el rostro de nuestros hijos ante la fiscal\u00eda y ante toda la ciudadan\u00eda. Ellos tienen un rostro, tienen sue\u00f1os a\u00fan que [&hellip;]<\/p>\n","protected":false},"author":2,"featured_media":59800,"comment_status":"closed","ping_status":"closed","sticky":false,"template":"","format":"video","meta":{"footnotes":""},"categories":[5,45],"tags":[],"class_list":["post-59779","post","type-post","status-publish","format-video","has-post-thumbnail","hentry","category-destacadas","category-localesyregionales","post_format-post-format-video","post--single"],"yoast_head":"<!-- This site is optimized with the Yoast SEO plugin v27.4 - https:\/\/yoast.com\/product\/yoast-seo-wordpress\/ -->\n<title>Autoridades coludidas con la delincuencia, propician que casos de personas desaparecidas aumenten, externaron madres durante una marcha este 10 de mayo. - Canal 7 SLP - 2022<\/title>\n<meta name=\"robots\" content=\"index, follow, max-snippet:-1, max-image-preview:large, max-video-preview:-1\" \/>\n<link rel=\"canonical\" href=\"https:\/\/canal7slp.tv\/2022\/autoridades-coludidas-con-la-delincuencia-propician-que-casos-de-personas-desaparecidas-aumenten-externaron-madres-durante-una-marcha-este-10-de-mayo\/\" \/>\n<meta property=\"og:locale\" content=\"es_ES\" \/>\n<meta property=\"og:type\" content=\"article\" \/>\n<meta property=\"og:title\" content=\"Autoridades coludidas con la delincuencia, propician que casos de personas desaparecidas aumenten, externaron madres durante una marcha este 10 de mayo. - Canal 7 SLP - 2022\" \/>\n<meta property=\"og:description\" content=\"SLP.- Este martes, madres de personas desaparecidas en San Luis Potos\u00ed organizaron una marcha que inici\u00f3 en la Caja del Agua y culmin\u00f3 en las instalaciones de la Fiscal\u00eda General del Estado, para exigir a las autoridades resultados en las investigaciones para encontrar a sus hijas e hijos. \u00abSoy Edith P\u00e9rez Rodr\u00edguez representante de Voz y Dignidad por los Nuestros y estamos aqu\u00ed todas las madres que quieran unirse no al colectivo sino a esta marcha para hacer presentes el rostro de nuestros hijos ante la fiscal\u00eda y ante toda la ciudadan\u00eda. Ellos tienen un rostro, tienen sue\u00f1os a\u00fan que [&hellip;]\" \/>\n<meta property=\"og:url\" content=\"https:\/\/canal7slp.tv\/2022\/autoridades-coludidas-con-la-delincuencia-propician-que-casos-de-personas-desaparecidas-aumenten-externaron-madres-durante-una-marcha-este-10-de-mayo\/\" \/>\n<meta property=\"og:site_name\" content=\"Canal 7 SLP - 2022\" \/>\n<meta property=\"article:publisher\" content=\"https:\/\/www.facebook.com\/noticieroscanalsiete\" \/>\n<meta property=\"article:published_time\" content=\"2022-05-10T23:12:42+00:00\" \/>\n<meta property=\"og:image\" content=\"https:\/\/canal7slp.tv\/2022\/wp-content\/uploads\/2022\/05\/Vazquez01MamasDesaparecidos.jpg\" \/>\n\t<meta property=\"og:image:width\" content=\"888\" \/>\n\t<meta property=\"og:image:height\" content=\"500\" \/>\n\t<meta property=\"og:image:type\" content=\"image\/jpeg\" \/>\n<meta name=\"author\" content=\"Edici\u00f3n Web\" \/>\n<meta name=\"twitter:card\" content=\"summary_large_image\" \/>\n<meta name=\"twitter:creator\" content=\"@NOTICIEROS7\" \/>\n<meta name=\"twitter:site\" content=\"@NOTICIEROS7\" \/>\n<meta name=\"twitter:label1\" content=\"Escrito por\" \/>\n\t<meta name=\"twitter:data1\" content=\"Edici\u00f3n Web\" \/>\n\t<meta name=\"twitter:label2\" content=\"Tiempo de lectura\" \/>\n\t<meta name=\"twitter:data2\" content=\"2 minutos\" \/>\n<script type=\"application\/ld+json\" class=\"yoast-schema-graph\">{\"@context\":\"https:\\\/\\\/schema.org\",\"@graph\":[{\"@type\":\"Article\",\"@id\":\"https:\\\/\\\/canal7slp.tv\\\/2022\\\/autoridades-coludidas-con-la-delincuencia-propician-que-casos-de-personas-desaparecidas-aumenten-externaron-madres-durante-una-marcha-este-10-de-mayo\\\/#article\",\"isPartOf\":{\"@id\":\"https:\\\/\\\/canal7slp.tv\\\/2022\\\/autoridades-coludidas-con-la-delincuencia-propician-que-casos-de-personas-desaparecidas-aumenten-externaron-madres-durante-una-marcha-este-10-de-mayo\\\/\"},\"author\":{\"name\":\"Edici\u00f3n Web\",\"@id\":\"https:\\\/\\\/canal7slp.tv\\\/2022\\\/#\\\/schema\\\/person\\\/429704152a21f5f856ce29aa69a238da\"},\"headline\":\"Autoridades coludidas con la delincuencia, propician que casos de personas desaparecidas aumenten, externaron madres durante una marcha este 10 de mayo.\",\"datePublished\":\"2022-05-10T23:12:42+00:00\",\"mainEntityOfPage\":{\"@id\":\"https:\\\/\\\/canal7slp.tv\\\/2022\\\/autoridades-coludidas-con-la-delincuencia-propician-que-casos-de-personas-desaparecidas-aumenten-externaron-madres-durante-una-marcha-este-10-de-mayo\\\/\"},\"wordCount\":486,\"publisher\":{\"@id\":\"https:\\\/\\\/canal7slp.tv\\\/2022\\\/#organization\"},\"image\":{\"@id\":\"https:\\\/\\\/canal7slp.tv\\\/2022\\\/autoridades-coludidas-con-la-delincuencia-propician-que-casos-de-personas-desaparecidas-aumenten-externaron-madres-durante-una-marcha-este-10-de-mayo\\\/#primaryimage\"},\"thumbnailUrl\":\"https:\\\/\\\/canal7slp.tv\\\/2022\\\/wp-content\\\/uploads\\\/2022\\\/05\\\/Vazquez01MamasDesaparecidos.jpg\",\"articleSection\":[\"DESTACADAS\",\"LOCALES Y REGIONALES\"],\"inLanguage\":\"es\"},{\"@type\":\"WebPage\",\"@id\":\"https:\\\/\\\/canal7slp.tv\\\/2022\\\/autoridades-coludidas-con-la-delincuencia-propician-que-casos-de-personas-desaparecidas-aumenten-externaron-madres-durante-una-marcha-este-10-de-mayo\\\/\",\"url\":\"https:\\\/\\\/canal7slp.tv\\\/2022\\\/autoridades-coludidas-con-la-delincuencia-propician-que-casos-de-personas-desaparecidas-aumenten-externaron-madres-durante-una-marcha-este-10-de-mayo\\\/\",\"name\":\"Autoridades coludidas con la delincuencia, propician que casos de personas desaparecidas aumenten, externaron madres durante una marcha este 10 de mayo. - Canal 7 SLP - 2022\",\"isPartOf\":{\"@id\":\"https:\\\/\\\/canal7slp.tv\\\/2022\\\/#website\"},\"primaryImageOfPage\":{\"@id\":\"https:\\\/\\\/canal7slp.tv\\\/2022\\\/autoridades-coludidas-con-la-delincuencia-propician-que-casos-de-personas-desaparecidas-aumenten-externaron-madres-durante-una-marcha-este-10-de-mayo\\\/#primaryimage\"},\"image\":{\"@id\":\"https:\\\/\\\/canal7slp.tv\\\/2022\\\/autoridades-coludidas-con-la-delincuencia-propician-que-casos-de-personas-desaparecidas-aumenten-externaron-madres-durante-una-marcha-este-10-de-mayo\\\/#primaryimage\"},\"thumbnailUrl\":\"https:\\\/\\\/canal7slp.tv\\\/2022\\\/wp-content\\\/uploads\\\/2022\\\/05\\\/Vazquez01MamasDesaparecidos.jpg\",\"datePublished\":\"2022-05-10T23:12:42+00:00\",\"breadcrumb\":{\"@id\":\"https:\\\/\\\/canal7slp.tv\\\/2022\\\/autoridades-coludidas-con-la-delincuencia-propician-que-casos-de-personas-desaparecidas-aumenten-externaron-madres-durante-una-marcha-este-10-de-mayo\\\/#breadcrumb\"},\"inLanguage\":\"es\",\"potentialAction\":[{\"@type\":\"ReadAction\",\"target\":[\"https:\\\/\\\/canal7slp.tv\\\/2022\\\/autoridades-coludidas-con-la-delincuencia-propician-que-casos-de-personas-desaparecidas-aumenten-externaron-madres-durante-una-marcha-este-10-de-mayo\\\/\"]}]},{\"@type\":\"ImageObject\",\"inLanguage\":\"es\",\"@id\":\"https:\\\/\\\/canal7slp.tv\\\/2022\\\/autoridades-coludidas-con-la-delincuencia-propician-que-casos-de-personas-desaparecidas-aumenten-externaron-madres-durante-una-marcha-este-10-de-mayo\\\/#primaryimage\",\"url\":\"https:\\\/\\\/canal7slp.tv\\\/2022\\\/wp-content\\\/uploads\\\/2022\\\/05\\\/Vazquez01MamasDesaparecidos.jpg\",\"contentUrl\":\"https:\\\/\\\/canal7slp.tv\\\/2022\\\/wp-content\\\/uploads\\\/2022\\\/05\\\/Vazquez01MamasDesaparecidos.jpg\",\"width\":888,\"height\":500},{\"@type\":\"BreadcrumbList\",\"@id\":\"https:\\\/\\\/canal7slp.tv\\\/2022\\\/autoridades-coludidas-con-la-delincuencia-propician-que-casos-de-personas-desaparecidas-aumenten-externaron-madres-durante-una-marcha-este-10-de-mayo\\\/#breadcrumb\",\"itemListElement\":[{\"@type\":\"ListItem\",\"position\":1,\"name\":\"Portada\",\"item\":\"https:\\\/\\\/canal7slp.tv\\\/2022\\\/\"},{\"@type\":\"ListItem\",\"position\":2,\"name\":\"Autoridades coludidas con la delincuencia, propician que casos de personas desaparecidas aumenten, externaron madres durante una marcha este 10 de mayo.\"}]},{\"@type\":\"WebSite\",\"@id\":\"https:\\\/\\\/canal7slp.tv\\\/2022\\\/#website\",\"url\":\"https:\\\/\\\/canal7slp.tv\\\/2022\\\/\",\"name\":\"N7 - Noticieros Canal 7\",\"description\":\"Somos Televisi\u00f3n\",\"publisher\":{\"@id\":\"https:\\\/\\\/canal7slp.tv\\\/2022\\\/#organization\"},\"potentialAction\":[{\"@type\":\"SearchAction\",\"target\":{\"@type\":\"EntryPoint\",\"urlTemplate\":\"https:\\\/\\\/canal7slp.tv\\\/2022\\\/?s={search_term_string}\"},\"query-input\":{\"@type\":\"PropertyValueSpecification\",\"valueRequired\":true,\"valueName\":\"search_term_string\"}}],\"inLanguage\":\"es\"},{\"@type\":\"Organization\",\"@id\":\"https:\\\/\\\/canal7slp.tv\\\/2022\\\/#organization\",\"name\":\"Noticieros Canal 7\",\"url\":\"https:\\\/\\\/canal7slp.tv\\\/2022\\\/\",\"logo\":{\"@type\":\"ImageObject\",\"inLanguage\":\"es\",\"@id\":\"https:\\\/\\\/canal7slp.tv\\\/2022\\\/#\\\/schema\\\/logo\\\/image\\\/\",\"url\":\"https:\\\/\\\/canal7slp.tv\\\/2022\\\/wp-content\\\/uploads\\\/2021\\\/01\\\/logo-noticieros@2x.png\",\"contentUrl\":\"https:\\\/\\\/canal7slp.tv\\\/2022\\\/wp-content\\\/uploads\\\/2021\\\/01\\\/logo-noticieros@2x.png\",\"width\":1017,\"height\":268,\"caption\":\"Noticieros Canal 7\"},\"image\":{\"@id\":\"https:\\\/\\\/canal7slp.tv\\\/2022\\\/#\\\/schema\\\/logo\\\/image\\\/\"},\"sameAs\":[\"https:\\\/\\\/www.facebook.com\\\/noticieroscanalsiete\",\"https:\\\/\\\/x.com\\\/NOTICIEROS7\",\"https:\\\/\\\/www.instagram.com\\\/canal7_slp\",\"https:\\\/\\\/www.youtube.com\\\/channel\\\/UCliiYs-gP3JfJeqdPrNdd5A\"]},{\"@type\":\"Person\",\"@id\":\"https:\\\/\\\/canal7slp.tv\\\/2022\\\/#\\\/schema\\\/person\\\/429704152a21f5f856ce29aa69a238da\",\"name\":\"Edici\u00f3n Web\",\"image\":{\"@type\":\"ImageObject\",\"inLanguage\":\"es\",\"@id\":\"https:\\\/\\\/secure.gravatar.com\\\/avatar\\\/eee448fc3f7164808013b816ba91ac7e43bbe82a70bebac296f8bc6f0addaa1a?s=96&d=mm&r=g\",\"url\":\"https:\\\/\\\/secure.gravatar.com\\\/avatar\\\/eee448fc3f7164808013b816ba91ac7e43bbe82a70bebac296f8bc6f0addaa1a?s=96&d=mm&r=g\",\"contentUrl\":\"https:\\\/\\\/secure.gravatar.com\\\/avatar\\\/eee448fc3f7164808013b816ba91ac7e43bbe82a70bebac296f8bc6f0addaa1a?s=96&d=mm&r=g\",\"caption\":\"Edici\u00f3n Web\"},\"url\":\"https:\\\/\\\/canal7slp.tv\\\/2022\\\/author\\\/edicionweb\\\/\"}]}<\/script>\n<!-- \/ Yoast SEO plugin. -->","yoast_head_json":{"title":"Autoridades coludidas con la delincuencia, propician que casos de personas desaparecidas aumenten, externaron madres durante una marcha este 10 de mayo. - Canal 7 SLP - 2022","robots":{"index":"index","follow":"follow","max-snippet":"max-snippet:-1","max-image-preview":"max-image-preview:large","max-video-preview":"max-video-preview:-1"},"canonical":"https:\/\/canal7slp.tv\/2022\/autoridades-coludidas-con-la-delincuencia-propician-que-casos-de-personas-desaparecidas-aumenten-externaron-madres-durante-una-marcha-este-10-de-mayo\/","og_locale":"es_ES","og_type":"article","og_title":"Autoridades coludidas con la delincuencia, propician que casos de personas desaparecidas aumenten, externaron madres durante una marcha este 10 de mayo. - Canal 7 SLP - 2022","og_description":"SLP.- Este martes, madres de personas desaparecidas en San Luis Potos\u00ed organizaron una marcha que inici\u00f3 en la Caja del Agua y culmin\u00f3 en las instalaciones de la Fiscal\u00eda General del Estado, para exigir a las autoridades resultados en las investigaciones para encontrar a sus hijas e hijos. \u00abSoy Edith P\u00e9rez Rodr\u00edguez representante de Voz y Dignidad por los Nuestros y estamos aqu\u00ed todas las madres que quieran unirse no al colectivo sino a esta marcha para hacer presentes el rostro de nuestros hijos ante la fiscal\u00eda y ante toda la ciudadan\u00eda. Ellos tienen un rostro, tienen sue\u00f1os a\u00fan que [&hellip;]","og_url":"https:\/\/canal7slp.tv\/2022\/autoridades-coludidas-con-la-delincuencia-propician-que-casos-de-personas-desaparecidas-aumenten-externaron-madres-durante-una-marcha-este-10-de-mayo\/","og_site_name":"Canal 7 SLP - 2022","article_publisher":"https:\/\/www.facebook.com\/noticieroscanalsiete","article_published_time":"2022-05-10T23:12:42+00:00","og_image":[{"width":888,"height":500,"url":"https:\/\/canal7slp.tv\/2022\/wp-content\/uploads\/2022\/05\/Vazquez01MamasDesaparecidos.jpg","type":"image\/jpeg"}],"author":"Edici\u00f3n Web","twitter_card":"summary_large_image","twitter_creator":"@NOTICIEROS7","twitter_site":"@NOTICIEROS7","twitter_misc":{"Escrito por":"Edici\u00f3n Web","Tiempo de lectura":"2 minutos"},"schema":{"@context":"https:\/\/schema.org","@graph":[{"@type":"Article","@id":"https:\/\/canal7slp.tv\/2022\/autoridades-coludidas-con-la-delincuencia-propician-que-casos-de-personas-desaparecidas-aumenten-externaron-madres-durante-una-marcha-este-10-de-mayo\/#article","isPartOf":{"@id":"https:\/\/canal7slp.tv\/2022\/autoridades-coludidas-con-la-delincuencia-propician-que-casos-de-personas-desaparecidas-aumenten-externaron-madres-durante-una-marcha-este-10-de-mayo\/"},"author":{"name":"Edici\u00f3n Web","@id":"https:\/\/canal7slp.tv\/2022\/#\/schema\/person\/429704152a21f5f856ce29aa69a238da"},"headline":"Autoridades coludidas con la delincuencia, propician que casos de personas desaparecidas aumenten, externaron madres durante una marcha este 10 de mayo.","datePublished":"2022-05-10T23:12:42+00:00","mainEntityOfPage":{"@id":"https:\/\/canal7slp.tv\/2022\/autoridades-coludidas-con-la-delincuencia-propician-que-casos-de-personas-desaparecidas-aumenten-externaron-madres-durante-una-marcha-este-10-de-mayo\/"},"wordCount":486,"publisher":{"@id":"https:\/\/canal7slp.tv\/2022\/#organization"},"image":{"@id":"https:\/\/canal7slp.tv\/2022\/autoridades-coludidas-con-la-delincuencia-propician-que-casos-de-personas-desaparecidas-aumenten-externaron-madres-durante-una-marcha-este-10-de-mayo\/#primaryimage"},"thumbnailUrl":"https:\/\/canal7slp.tv\/2022\/wp-content\/uploads\/2022\/05\/Vazquez01MamasDesaparecidos.jpg","articleSection":["DESTACADAS","LOCALES Y REGIONALES"],"inLanguage":"es"},{"@type":"WebPage","@id":"https:\/\/canal7slp.tv\/2022\/autoridades-coludidas-con-la-delincuencia-propician-que-casos-de-personas-desaparecidas-aumenten-externaron-madres-durante-una-marcha-este-10-de-mayo\/","url":"https:\/\/canal7slp.tv\/2022\/autoridades-coludidas-con-la-delincuencia-propician-que-casos-de-personas-desaparecidas-aumenten-externaron-madres-durante-una-marcha-este-10-de-mayo\/","name":"Autoridades coludidas con la delincuencia, propician que casos de personas desaparecidas aumenten, externaron madres durante una marcha este 10 de mayo. - Canal 7 SLP - 2022","isPartOf":{"@id":"https:\/\/canal7slp.tv\/2022\/#website"},"primaryImageOfPage":{"@id":"https:\/\/canal7slp.tv\/2022\/autoridades-coludidas-con-la-delincuencia-propician-que-casos-de-personas-desaparecidas-aumenten-externaron-madres-durante-una-marcha-este-10-de-mayo\/#primaryimage"},"image":{"@id":"https:\/\/canal7slp.tv\/2022\/autoridades-coludidas-con-la-delincuencia-propician-que-casos-de-personas-desaparecidas-aumenten-externaron-madres-durante-una-marcha-este-10-de-mayo\/#primaryimage"},"thumbnailUrl":"https:\/\/canal7slp.tv\/2022\/wp-content\/uploads\/2022\/05\/Vazquez01MamasDesaparecidos.jpg","datePublished":"2022-05-10T23:12:42+00:00","breadcrumb":{"@id":"https:\/\/canal7slp.tv\/2022\/autoridades-coludidas-con-la-delincuencia-propician-que-casos-de-personas-desaparecidas-aumenten-externaron-madres-durante-una-marcha-este-10-de-mayo\/#breadcrumb"},"inLanguage":"es","potentialAction":[{"@type":"ReadAction","target":["https:\/\/canal7slp.tv\/2022\/autoridades-coludidas-con-la-delincuencia-propician-que-casos-de-personas-desaparecidas-aumenten-externaron-madres-durante-una-marcha-este-10-de-mayo\/"]}]},{"@type":"ImageObject","inLanguage":"es","@id":"https:\/\/canal7slp.tv\/2022\/autoridades-coludidas-con-la-delincuencia-propician-que-casos-de-personas-desaparecidas-aumenten-externaron-madres-durante-una-marcha-este-10-de-mayo\/#primaryimage","url":"https:\/\/canal7slp.tv\/2022\/wp-content\/uploads\/2022\/05\/Vazquez01MamasDesaparecidos.jpg","contentUrl":"https:\/\/canal7slp.tv\/2022\/wp-content\/uploads\/2022\/05\/Vazquez01MamasDesaparecidos.jpg","width":888,"height":500},{"@type":"BreadcrumbList","@id":"https:\/\/canal7slp.tv\/2022\/autoridades-coludidas-con-la-delincuencia-propician-que-casos-de-personas-desaparecidas-aumenten-externaron-madres-durante-una-marcha-este-10-de-mayo\/#breadcrumb","itemListElement":[{"@type":"ListItem","position":1,"name":"Portada","item":"https:\/\/canal7slp.tv\/2022\/"},{"@type":"ListItem","position":2,"name":"Autoridades coludidas con la delincuencia, propician que casos de personas desaparecidas aumenten, externaron madres durante una marcha este 10 de mayo."}]},{"@type":"WebSite","@id":"https:\/\/canal7slp.tv\/2022\/#website","url":"https:\/\/canal7slp.tv\/2022\/","name":"N7 - Noticieros Canal 7","description":"Somos Televisi\u00f3n","publisher":{"@id":"https:\/\/canal7slp.tv\/2022\/#organization"},"potentialAction":[{"@type":"SearchAction","target":{"@type":"EntryPoint","urlTemplate":"https:\/\/canal7slp.tv\/2022\/?s={search_term_string}"},"query-input":{"@type":"PropertyValueSpecification","valueRequired":true,"valueName":"search_term_string"}}],"inLanguage":"es"},{"@type":"Organization","@id":"https:\/\/canal7slp.tv\/2022\/#organization","name":"Noticieros Canal 7","url":"https:\/\/canal7slp.tv\/2022\/","logo":{"@type":"ImageObject","inLanguage":"es","@id":"https:\/\/canal7slp.tv\/2022\/#\/schema\/logo\/image\/","url":"https:\/\/canal7slp.tv\/2022\/wp-content\/uploads\/2021\/01\/logo-noticieros@2x.png","contentUrl":"https:\/\/canal7slp.tv\/2022\/wp-content\/uploads\/2021\/01\/logo-noticieros@2x.png","width":1017,"height":268,"caption":"Noticieros Canal 7"},"image":{"@id":"https:\/\/canal7slp.tv\/2022\/#\/schema\/logo\/image\/"},"sameAs":["https:\/\/www.facebook.com\/noticieroscanalsiete","https:\/\/x.com\/NOTICIEROS7","https:\/\/www.instagram.com\/canal7_slp","https:\/\/www.youtube.com\/channel\/UCliiYs-gP3JfJeqdPrNdd5A"]},{"@type":"Person","@id":"https:\/\/canal7slp.tv\/2022\/#\/schema\/person\/429704152a21f5f856ce29aa69a238da","name":"Edici\u00f3n Web","image":{"@type":"ImageObject","inLanguage":"es","@id":"https:\/\/secure.gravatar.com\/avatar\/eee448fc3f7164808013b816ba91ac7e43bbe82a70bebac296f8bc6f0addaa1a?s=96&d=mm&r=g","url":"https:\/\/secure.gravatar.com\/avatar\/eee448fc3f7164808013b816ba91ac7e43bbe82a70bebac296f8bc6f0addaa1a?s=96&d=mm&r=g","contentUrl":"https:\/\/secure.gravatar.com\/avatar\/eee448fc3f7164808013b816ba91ac7e43bbe82a70bebac296f8bc6f0addaa1a?s=96&d=mm&r=g","caption":"Edici\u00f3n Web"},"url":"https:\/\/canal7slp.tv\/2022\/author\/edicionweb\/"}]}},"amp_enabled":true,"_links":{"self":[{"href":"https:\/\/canal7slp.tv\/2022\/wp-json\/wp\/v2\/posts\/59779","targetHints":{"allow":["GET"]}}],"collection":[{"href":"https:\/\/canal7slp.tv\/2022\/wp-json\/wp\/v2\/posts"}],"about":[{"href":"https:\/\/canal7slp.tv\/2022\/wp-json\/wp\/v2\/types\/post"}],"author":[{"embeddable":true,"href":"https:\/\/canal7slp.tv\/2022\/wp-json\/wp\/v2\/users\/2"}],"replies":[{"embeddable":true,"href":"https:\/\/canal7slp.tv\/2022\/wp-json\/wp\/v2\/comments?post=59779"}],"version-history":[{"count":3,"href":"https:\/\/canal7slp.tv\/2022\/wp-json\/wp\/v2\/posts\/59779\/revisions"}],"predecessor-version":[{"id":59801,"href":"https:\/\/canal7slp.tv\/2022\/wp-json\/wp\/v2\/posts\/59779\/revisions\/59801"}],"wp:featuredmedia":[{"embeddable":true,"href":"https:\/\/canal7slp.tv\/2022\/wp-json\/wp\/v2\/media\/59800"}],"wp:attachment":[{"href":"https:\/\/canal7slp.tv\/2022\/wp-json\/wp\/v2\/media?parent=59779"}],"wp:term":[{"taxonomy":"category","embeddable":true,"href":"https:\/\/canal7slp.tv\/2022\/wp-json\/wp\/v2\/categories?post=59779"},{"taxonomy":"post_tag","embeddable":true,"href":"https:\/\/canal7slp.tv\/2022\/wp-json\/wp\/v2\/tags?post=59779"}],"curies":[{"name":"wp","href":"https:\/\/api.w.org\/{rel}","templated":true}]}}