{"id":59769,"date":"2022-05-10T16:22:34","date_gmt":"2022-05-10T22:22:34","guid":{"rendered":"https:\/\/canal7slp.tv\/2022\/?p=59769"},"modified":"2022-05-10T16:22:34","modified_gmt":"2022-05-10T22:22:34","slug":"la-senora-amada-pasa-el-dia-de-madre-pegando-volantes-de-su-hija-desaparecida-desde-el-ano-pasado","status":"publish","type":"post","link":"https:\/\/canal7slp.tv\/2022\/la-senora-amada-pasa-el-dia-de-madre-pegando-volantes-de-su-hija-desaparecida-desde-el-ano-pasado\/","title":{"rendered":"La se\u00f1ora Amada pasa el D\u00eda de madre pegando volantes de su hija, desaparecida desde el a\u00f1o pasado."},"content":{"rendered":"<p style=\"text-align: justify;\">SLP.- La se\u00f1ora Amada nunca se imagin\u00f3 que en un 10 de Mayo d\u00eda de las Madres en vez de festejar estar\u00eda pegando volantes en busca de su hija Zahily Luna, a quien no ve desde el pasado 6 de Septiembre del 2021.<\/p>\n<p style=\"text-align: justify;\">Cuenta que viv\u00eda con su pareja sentimental quien les comunic\u00f3 de su desaparici\u00f3n dos d\u00edas despu\u00e9s de la \u00faltima vez que la vieron, cuando se dirig\u00eda a un laboratorio cl\u00ednico.<\/p>\n<p style=\"text-align: justify;\">Ellas son originarias del municipio de Villa de Zaragoza y la se\u00f1ora cuenta que al reportar la desaparici\u00f3n de su hija antes las autoridades, se emiti\u00f3 una alerta \u00e1mber aunque hasta la fecha no hay resultados para la localizaci\u00f3n de su hija Zahily quien tiene 21 a\u00f1os de edad.<\/p>\n<p style=\"text-align: justify;\">Apoyada por familiares y amigas el grupo de mujeres pegaban volantes en el centro hist\u00f3rico en este 10 de Mayo con la imagen de Zahily.<\/p>\n<p style=\"text-align: justify;\">Su hermana pide ayuda al decir que ella no es una persona conflictiva al afirmar que no existe alg\u00fan motivo fuerte como para pensar que su hermana se hubiera desaparecido por voluntad propia.<\/p>\n<p style=\"text-align: justify;\">Por la Plaza de Armas pasaba una manifestaci\u00f3n de madres de familia que tambi\u00e9n demandaban el apoyo de las autoridades para localizaci\u00f3n de sus hijas e hijos.<\/p>\n<p style=\"text-align: justify;\">A esta marcha se unieron la se\u00f1ora Amada y sus familiares y amigos al decir que ya son 8 meses que no tiene ni la m\u00e1s m\u00ednima pista del paradero de su hija.<\/p>\n<p style=\"text-align: justify;\">Por: Claudio Ibarra<\/p>\n","protected":false},"excerpt":{"rendered":"<p>SLP.- La se\u00f1ora Amada nunca se imagin\u00f3 que en un 10 de Mayo d\u00eda de las Madres en vez de festejar estar\u00eda pegando volantes en busca de su hija Zahily Luna, a quien no ve desde el pasado 6 de Septiembre del 2021. Cuenta que viv\u00eda con su pareja sentimental quien les comunic\u00f3 de su desaparici\u00f3n dos d\u00edas despu\u00e9s de la \u00faltima vez que la vieron, cuando se dirig\u00eda a un laboratorio cl\u00ednico. Ellas son originarias del municipio de Villa de Zaragoza y la se\u00f1ora cuenta que al reportar la desaparici\u00f3n de su hija antes las autoridades, se emiti\u00f3 una [&hellip;]<\/p>\n","protected":false},"author":2,"featured_media":59795,"comment_status":"closed","ping_status":"closed","sticky":false,"template":"","format":"video","meta":{"footnotes":""},"categories":[5,45],"tags":[],"class_list":["post-59769","post","type-post","status-publish","format-video","has-post-thumbnail","hentry","category-destacadas","category-localesyregionales","post_format-post-format-video","post--single"],"yoast_head":"<!-- This site is optimized with the Yoast SEO plugin v27.4 - https:\/\/yoast.com\/product\/yoast-seo-wordpress\/ -->\n<title>La se\u00f1ora Amada pasa el D\u00eda de madre pegando volantes de su hija, desaparecida desde el a\u00f1o pasado. - Canal 7 SLP - 2022<\/title>\n<meta name=\"robots\" content=\"index, follow, max-snippet:-1, max-image-preview:large, max-video-preview:-1\" \/>\n<link rel=\"canonical\" href=\"https:\/\/canal7slp.tv\/2022\/la-senora-amada-pasa-el-dia-de-madre-pegando-volantes-de-su-hija-desaparecida-desde-el-ano-pasado\/\" \/>\n<meta property=\"og:locale\" content=\"es_ES\" \/>\n<meta property=\"og:type\" content=\"article\" \/>\n<meta property=\"og:title\" content=\"La se\u00f1ora Amada pasa el D\u00eda de madre pegando volantes de su hija, desaparecida desde el a\u00f1o pasado. - Canal 7 SLP - 2022\" \/>\n<meta property=\"og:description\" content=\"SLP.- La se\u00f1ora Amada nunca se imagin\u00f3 que en un 10 de Mayo d\u00eda de las Madres en vez de festejar estar\u00eda pegando volantes en busca de su hija Zahily Luna, a quien no ve desde el pasado 6 de Septiembre del 2021. Cuenta que viv\u00eda con su pareja sentimental quien les comunic\u00f3 de su desaparici\u00f3n dos d\u00edas despu\u00e9s de la \u00faltima vez que la vieron, cuando se dirig\u00eda a un laboratorio cl\u00ednico. Ellas son originarias del municipio de Villa de Zaragoza y la se\u00f1ora cuenta que al reportar la desaparici\u00f3n de su hija antes las autoridades, se emiti\u00f3 una [&hellip;]\" \/>\n<meta property=\"og:url\" content=\"https:\/\/canal7slp.tv\/2022\/la-senora-amada-pasa-el-dia-de-madre-pegando-volantes-de-su-hija-desaparecida-desde-el-ano-pasado\/\" \/>\n<meta property=\"og:site_name\" content=\"Canal 7 SLP - 2022\" \/>\n<meta property=\"article:publisher\" content=\"https:\/\/www.facebook.com\/noticieroscanalsiete\" \/>\n<meta property=\"article:published_time\" content=\"2022-05-10T22:22:34+00:00\" \/>\n<meta property=\"og:image\" content=\"https:\/\/canal7slp.tv\/2022\/wp-content\/uploads\/2022\/05\/Claudio03Desesperada.jpg\" \/>\n\t<meta property=\"og:image:width\" content=\"888\" \/>\n\t<meta property=\"og:image:height\" content=\"500\" \/>\n\t<meta property=\"og:image:type\" content=\"image\/jpeg\" \/>\n<meta name=\"author\" content=\"Edici\u00f3n Web\" \/>\n<meta name=\"twitter:card\" content=\"summary_large_image\" \/>\n<meta name=\"twitter:creator\" content=\"@NOTICIEROS7\" \/>\n<meta name=\"twitter:site\" content=\"@NOTICIEROS7\" \/>\n<meta name=\"twitter:label1\" content=\"Escrito por\" \/>\n\t<meta name=\"twitter:data1\" content=\"Edici\u00f3n Web\" \/>\n\t<meta name=\"twitter:label2\" content=\"Tiempo de lectura\" \/>\n\t<meta name=\"twitter:data2\" content=\"2 minutos\" \/>\n<script type=\"application\/ld+json\" class=\"yoast-schema-graph\">{\"@context\":\"https:\\\/\\\/schema.org\",\"@graph\":[{\"@type\":\"Article\",\"@id\":\"https:\\\/\\\/canal7slp.tv\\\/2022\\\/la-senora-amada-pasa-el-dia-de-madre-pegando-volantes-de-su-hija-desaparecida-desde-el-ano-pasado\\\/#article\",\"isPartOf\":{\"@id\":\"https:\\\/\\\/canal7slp.tv\\\/2022\\\/la-senora-amada-pasa-el-dia-de-madre-pegando-volantes-de-su-hija-desaparecida-desde-el-ano-pasado\\\/\"},\"author\":{\"name\":\"Edici\u00f3n Web\",\"@id\":\"https:\\\/\\\/canal7slp.tv\\\/2022\\\/#\\\/schema\\\/person\\\/429704152a21f5f856ce29aa69a238da\"},\"headline\":\"La se\u00f1ora Amada pasa el D\u00eda de madre pegando volantes de su hija, desaparecida desde el a\u00f1o pasado.\",\"datePublished\":\"2022-05-10T22:22:34+00:00\",\"mainEntityOfPage\":{\"@id\":\"https:\\\/\\\/canal7slp.tv\\\/2022\\\/la-senora-amada-pasa-el-dia-de-madre-pegando-volantes-de-su-hija-desaparecida-desde-el-ano-pasado\\\/\"},\"wordCount\":280,\"publisher\":{\"@id\":\"https:\\\/\\\/canal7slp.tv\\\/2022\\\/#organization\"},\"image\":{\"@id\":\"https:\\\/\\\/canal7slp.tv\\\/2022\\\/la-senora-amada-pasa-el-dia-de-madre-pegando-volantes-de-su-hija-desaparecida-desde-el-ano-pasado\\\/#primaryimage\"},\"thumbnailUrl\":\"https:\\\/\\\/canal7slp.tv\\\/2022\\\/wp-content\\\/uploads\\\/2022\\\/05\\\/Claudio03Desesperada.jpg\",\"articleSection\":[\"DESTACADAS\",\"LOCALES Y REGIONALES\"],\"inLanguage\":\"es\"},{\"@type\":\"WebPage\",\"@id\":\"https:\\\/\\\/canal7slp.tv\\\/2022\\\/la-senora-amada-pasa-el-dia-de-madre-pegando-volantes-de-su-hija-desaparecida-desde-el-ano-pasado\\\/\",\"url\":\"https:\\\/\\\/canal7slp.tv\\\/2022\\\/la-senora-amada-pasa-el-dia-de-madre-pegando-volantes-de-su-hija-desaparecida-desde-el-ano-pasado\\\/\",\"name\":\"La se\u00f1ora Amada pasa el D\u00eda de madre pegando volantes de su hija, desaparecida desde el a\u00f1o pasado. - Canal 7 SLP - 2022\",\"isPartOf\":{\"@id\":\"https:\\\/\\\/canal7slp.tv\\\/2022\\\/#website\"},\"primaryImageOfPage\":{\"@id\":\"https:\\\/\\\/canal7slp.tv\\\/2022\\\/la-senora-amada-pasa-el-dia-de-madre-pegando-volantes-de-su-hija-desaparecida-desde-el-ano-pasado\\\/#primaryimage\"},\"image\":{\"@id\":\"https:\\\/\\\/canal7slp.tv\\\/2022\\\/la-senora-amada-pasa-el-dia-de-madre-pegando-volantes-de-su-hija-desaparecida-desde-el-ano-pasado\\\/#primaryimage\"},\"thumbnailUrl\":\"https:\\\/\\\/canal7slp.tv\\\/2022\\\/wp-content\\\/uploads\\\/2022\\\/05\\\/Claudio03Desesperada.jpg\",\"datePublished\":\"2022-05-10T22:22:34+00:00\",\"breadcrumb\":{\"@id\":\"https:\\\/\\\/canal7slp.tv\\\/2022\\\/la-senora-amada-pasa-el-dia-de-madre-pegando-volantes-de-su-hija-desaparecida-desde-el-ano-pasado\\\/#breadcrumb\"},\"inLanguage\":\"es\",\"potentialAction\":[{\"@type\":\"ReadAction\",\"target\":[\"https:\\\/\\\/canal7slp.tv\\\/2022\\\/la-senora-amada-pasa-el-dia-de-madre-pegando-volantes-de-su-hija-desaparecida-desde-el-ano-pasado\\\/\"]}]},{\"@type\":\"ImageObject\",\"inLanguage\":\"es\",\"@id\":\"https:\\\/\\\/canal7slp.tv\\\/2022\\\/la-senora-amada-pasa-el-dia-de-madre-pegando-volantes-de-su-hija-desaparecida-desde-el-ano-pasado\\\/#primaryimage\",\"url\":\"https:\\\/\\\/canal7slp.tv\\\/2022\\\/wp-content\\\/uploads\\\/2022\\\/05\\\/Claudio03Desesperada.jpg\",\"contentUrl\":\"https:\\\/\\\/canal7slp.tv\\\/2022\\\/wp-content\\\/uploads\\\/2022\\\/05\\\/Claudio03Desesperada.jpg\",\"width\":888,\"height\":500},{\"@type\":\"BreadcrumbList\",\"@id\":\"https:\\\/\\\/canal7slp.tv\\\/2022\\\/la-senora-amada-pasa-el-dia-de-madre-pegando-volantes-de-su-hija-desaparecida-desde-el-ano-pasado\\\/#breadcrumb\",\"itemListElement\":[{\"@type\":\"ListItem\",\"position\":1,\"name\":\"Portada\",\"item\":\"https:\\\/\\\/canal7slp.tv\\\/2022\\\/\"},{\"@type\":\"ListItem\",\"position\":2,\"name\":\"La se\u00f1ora Amada pasa el D\u00eda de madre pegando volantes de su hija, desaparecida desde el a\u00f1o pasado.\"}]},{\"@type\":\"WebSite\",\"@id\":\"https:\\\/\\\/canal7slp.tv\\\/2022\\\/#website\",\"url\":\"https:\\\/\\\/canal7slp.tv\\\/2022\\\/\",\"name\":\"N7 - Noticieros Canal 7\",\"description\":\"Somos Televisi\u00f3n\",\"publisher\":{\"@id\":\"https:\\\/\\\/canal7slp.tv\\\/2022\\\/#organization\"},\"potentialAction\":[{\"@type\":\"SearchAction\",\"target\":{\"@type\":\"EntryPoint\",\"urlTemplate\":\"https:\\\/\\\/canal7slp.tv\\\/2022\\\/?s={search_term_string}\"},\"query-input\":{\"@type\":\"PropertyValueSpecification\",\"valueRequired\":true,\"valueName\":\"search_term_string\"}}],\"inLanguage\":\"es\"},{\"@type\":\"Organization\",\"@id\":\"https:\\\/\\\/canal7slp.tv\\\/2022\\\/#organization\",\"name\":\"Noticieros Canal 7\",\"url\":\"https:\\\/\\\/canal7slp.tv\\\/2022\\\/\",\"logo\":{\"@type\":\"ImageObject\",\"inLanguage\":\"es\",\"@id\":\"https:\\\/\\\/canal7slp.tv\\\/2022\\\/#\\\/schema\\\/logo\\\/image\\\/\",\"url\":\"https:\\\/\\\/canal7slp.tv\\\/2022\\\/wp-content\\\/uploads\\\/2021\\\/01\\\/logo-noticieros@2x.png\",\"contentUrl\":\"https:\\\/\\\/canal7slp.tv\\\/2022\\\/wp-content\\\/uploads\\\/2021\\\/01\\\/logo-noticieros@2x.png\",\"width\":1017,\"height\":268,\"caption\":\"Noticieros Canal 7\"},\"image\":{\"@id\":\"https:\\\/\\\/canal7slp.tv\\\/2022\\\/#\\\/schema\\\/logo\\\/image\\\/\"},\"sameAs\":[\"https:\\\/\\\/www.facebook.com\\\/noticieroscanalsiete\",\"https:\\\/\\\/x.com\\\/NOTICIEROS7\",\"https:\\\/\\\/www.instagram.com\\\/canal7_slp\",\"https:\\\/\\\/www.youtube.com\\\/channel\\\/UCliiYs-gP3JfJeqdPrNdd5A\"]},{\"@type\":\"Person\",\"@id\":\"https:\\\/\\\/canal7slp.tv\\\/2022\\\/#\\\/schema\\\/person\\\/429704152a21f5f856ce29aa69a238da\",\"name\":\"Edici\u00f3n Web\",\"image\":{\"@type\":\"ImageObject\",\"inLanguage\":\"es\",\"@id\":\"https:\\\/\\\/secure.gravatar.com\\\/avatar\\\/eee448fc3f7164808013b816ba91ac7e43bbe82a70bebac296f8bc6f0addaa1a?s=96&d=mm&r=g\",\"url\":\"https:\\\/\\\/secure.gravatar.com\\\/avatar\\\/eee448fc3f7164808013b816ba91ac7e43bbe82a70bebac296f8bc6f0addaa1a?s=96&d=mm&r=g\",\"contentUrl\":\"https:\\\/\\\/secure.gravatar.com\\\/avatar\\\/eee448fc3f7164808013b816ba91ac7e43bbe82a70bebac296f8bc6f0addaa1a?s=96&d=mm&r=g\",\"caption\":\"Edici\u00f3n Web\"},\"url\":\"https:\\\/\\\/canal7slp.tv\\\/2022\\\/author\\\/edicionweb\\\/\"}]}<\/script>\n<!-- \/ Yoast SEO plugin. -->","yoast_head_json":{"title":"La se\u00f1ora Amada pasa el D\u00eda de madre pegando volantes de su hija, desaparecida desde el a\u00f1o pasado. - Canal 7 SLP - 2022","robots":{"index":"index","follow":"follow","max-snippet":"max-snippet:-1","max-image-preview":"max-image-preview:large","max-video-preview":"max-video-preview:-1"},"canonical":"https:\/\/canal7slp.tv\/2022\/la-senora-amada-pasa-el-dia-de-madre-pegando-volantes-de-su-hija-desaparecida-desde-el-ano-pasado\/","og_locale":"es_ES","og_type":"article","og_title":"La se\u00f1ora Amada pasa el D\u00eda de madre pegando volantes de su hija, desaparecida desde el a\u00f1o pasado. - Canal 7 SLP - 2022","og_description":"SLP.- La se\u00f1ora Amada nunca se imagin\u00f3 que en un 10 de Mayo d\u00eda de las Madres en vez de festejar estar\u00eda pegando volantes en busca de su hija Zahily Luna, a quien no ve desde el pasado 6 de Septiembre del 2021. Cuenta que viv\u00eda con su pareja sentimental quien les comunic\u00f3 de su desaparici\u00f3n dos d\u00edas despu\u00e9s de la \u00faltima vez que la vieron, cuando se dirig\u00eda a un laboratorio cl\u00ednico. Ellas son originarias del municipio de Villa de Zaragoza y la se\u00f1ora cuenta que al reportar la desaparici\u00f3n de su hija antes las autoridades, se emiti\u00f3 una [&hellip;]","og_url":"https:\/\/canal7slp.tv\/2022\/la-senora-amada-pasa-el-dia-de-madre-pegando-volantes-de-su-hija-desaparecida-desde-el-ano-pasado\/","og_site_name":"Canal 7 SLP - 2022","article_publisher":"https:\/\/www.facebook.com\/noticieroscanalsiete","article_published_time":"2022-05-10T22:22:34+00:00","og_image":[{"width":888,"height":500,"url":"https:\/\/canal7slp.tv\/2022\/wp-content\/uploads\/2022\/05\/Claudio03Desesperada.jpg","type":"image\/jpeg"}],"author":"Edici\u00f3n Web","twitter_card":"summary_large_image","twitter_creator":"@NOTICIEROS7","twitter_site":"@NOTICIEROS7","twitter_misc":{"Escrito por":"Edici\u00f3n Web","Tiempo de lectura":"2 minutos"},"schema":{"@context":"https:\/\/schema.org","@graph":[{"@type":"Article","@id":"https:\/\/canal7slp.tv\/2022\/la-senora-amada-pasa-el-dia-de-madre-pegando-volantes-de-su-hija-desaparecida-desde-el-ano-pasado\/#article","isPartOf":{"@id":"https:\/\/canal7slp.tv\/2022\/la-senora-amada-pasa-el-dia-de-madre-pegando-volantes-de-su-hija-desaparecida-desde-el-ano-pasado\/"},"author":{"name":"Edici\u00f3n Web","@id":"https:\/\/canal7slp.tv\/2022\/#\/schema\/person\/429704152a21f5f856ce29aa69a238da"},"headline":"La se\u00f1ora Amada pasa el D\u00eda de madre pegando volantes de su hija, desaparecida desde el a\u00f1o pasado.","datePublished":"2022-05-10T22:22:34+00:00","mainEntityOfPage":{"@id":"https:\/\/canal7slp.tv\/2022\/la-senora-amada-pasa-el-dia-de-madre-pegando-volantes-de-su-hija-desaparecida-desde-el-ano-pasado\/"},"wordCount":280,"publisher":{"@id":"https:\/\/canal7slp.tv\/2022\/#organization"},"image":{"@id":"https:\/\/canal7slp.tv\/2022\/la-senora-amada-pasa-el-dia-de-madre-pegando-volantes-de-su-hija-desaparecida-desde-el-ano-pasado\/#primaryimage"},"thumbnailUrl":"https:\/\/canal7slp.tv\/2022\/wp-content\/uploads\/2022\/05\/Claudio03Desesperada.jpg","articleSection":["DESTACADAS","LOCALES Y REGIONALES"],"inLanguage":"es"},{"@type":"WebPage","@id":"https:\/\/canal7slp.tv\/2022\/la-senora-amada-pasa-el-dia-de-madre-pegando-volantes-de-su-hija-desaparecida-desde-el-ano-pasado\/","url":"https:\/\/canal7slp.tv\/2022\/la-senora-amada-pasa-el-dia-de-madre-pegando-volantes-de-su-hija-desaparecida-desde-el-ano-pasado\/","name":"La se\u00f1ora Amada pasa el D\u00eda de madre pegando volantes de su hija, desaparecida desde el a\u00f1o pasado. - Canal 7 SLP - 2022","isPartOf":{"@id":"https:\/\/canal7slp.tv\/2022\/#website"},"primaryImageOfPage":{"@id":"https:\/\/canal7slp.tv\/2022\/la-senora-amada-pasa-el-dia-de-madre-pegando-volantes-de-su-hija-desaparecida-desde-el-ano-pasado\/#primaryimage"},"image":{"@id":"https:\/\/canal7slp.tv\/2022\/la-senora-amada-pasa-el-dia-de-madre-pegando-volantes-de-su-hija-desaparecida-desde-el-ano-pasado\/#primaryimage"},"thumbnailUrl":"https:\/\/canal7slp.tv\/2022\/wp-content\/uploads\/2022\/05\/Claudio03Desesperada.jpg","datePublished":"2022-05-10T22:22:34+00:00","breadcrumb":{"@id":"https:\/\/canal7slp.tv\/2022\/la-senora-amada-pasa-el-dia-de-madre-pegando-volantes-de-su-hija-desaparecida-desde-el-ano-pasado\/#breadcrumb"},"inLanguage":"es","potentialAction":[{"@type":"ReadAction","target":["https:\/\/canal7slp.tv\/2022\/la-senora-amada-pasa-el-dia-de-madre-pegando-volantes-de-su-hija-desaparecida-desde-el-ano-pasado\/"]}]},{"@type":"ImageObject","inLanguage":"es","@id":"https:\/\/canal7slp.tv\/2022\/la-senora-amada-pasa-el-dia-de-madre-pegando-volantes-de-su-hija-desaparecida-desde-el-ano-pasado\/#primaryimage","url":"https:\/\/canal7slp.tv\/2022\/wp-content\/uploads\/2022\/05\/Claudio03Desesperada.jpg","contentUrl":"https:\/\/canal7slp.tv\/2022\/wp-content\/uploads\/2022\/05\/Claudio03Desesperada.jpg","width":888,"height":500},{"@type":"BreadcrumbList","@id":"https:\/\/canal7slp.tv\/2022\/la-senora-amada-pasa-el-dia-de-madre-pegando-volantes-de-su-hija-desaparecida-desde-el-ano-pasado\/#breadcrumb","itemListElement":[{"@type":"ListItem","position":1,"name":"Portada","item":"https:\/\/canal7slp.tv\/2022\/"},{"@type":"ListItem","position":2,"name":"La se\u00f1ora Amada pasa el D\u00eda de madre pegando volantes de su hija, desaparecida desde el a\u00f1o pasado."}]},{"@type":"WebSite","@id":"https:\/\/canal7slp.tv\/2022\/#website","url":"https:\/\/canal7slp.tv\/2022\/","name":"N7 - Noticieros Canal 7","description":"Somos Televisi\u00f3n","publisher":{"@id":"https:\/\/canal7slp.tv\/2022\/#organization"},"potentialAction":[{"@type":"SearchAction","target":{"@type":"EntryPoint","urlTemplate":"https:\/\/canal7slp.tv\/2022\/?s={search_term_string}"},"query-input":{"@type":"PropertyValueSpecification","valueRequired":true,"valueName":"search_term_string"}}],"inLanguage":"es"},{"@type":"Organization","@id":"https:\/\/canal7slp.tv\/2022\/#organization","name":"Noticieros Canal 7","url":"https:\/\/canal7slp.tv\/2022\/","logo":{"@type":"ImageObject","inLanguage":"es","@id":"https:\/\/canal7slp.tv\/2022\/#\/schema\/logo\/image\/","url":"https:\/\/canal7slp.tv\/2022\/wp-content\/uploads\/2021\/01\/logo-noticieros@2x.png","contentUrl":"https:\/\/canal7slp.tv\/2022\/wp-content\/uploads\/2021\/01\/logo-noticieros@2x.png","width":1017,"height":268,"caption":"Noticieros Canal 7"},"image":{"@id":"https:\/\/canal7slp.tv\/2022\/#\/schema\/logo\/image\/"},"sameAs":["https:\/\/www.facebook.com\/noticieroscanalsiete","https:\/\/x.com\/NOTICIEROS7","https:\/\/www.instagram.com\/canal7_slp","https:\/\/www.youtube.com\/channel\/UCliiYs-gP3JfJeqdPrNdd5A"]},{"@type":"Person","@id":"https:\/\/canal7slp.tv\/2022\/#\/schema\/person\/429704152a21f5f856ce29aa69a238da","name":"Edici\u00f3n Web","image":{"@type":"ImageObject","inLanguage":"es","@id":"https:\/\/secure.gravatar.com\/avatar\/eee448fc3f7164808013b816ba91ac7e43bbe82a70bebac296f8bc6f0addaa1a?s=96&d=mm&r=g","url":"https:\/\/secure.gravatar.com\/avatar\/eee448fc3f7164808013b816ba91ac7e43bbe82a70bebac296f8bc6f0addaa1a?s=96&d=mm&r=g","contentUrl":"https:\/\/secure.gravatar.com\/avatar\/eee448fc3f7164808013b816ba91ac7e43bbe82a70bebac296f8bc6f0addaa1a?s=96&d=mm&r=g","caption":"Edici\u00f3n Web"},"url":"https:\/\/canal7slp.tv\/2022\/author\/edicionweb\/"}]}},"amp_enabled":true,"_links":{"self":[{"href":"https:\/\/canal7slp.tv\/2022\/wp-json\/wp\/v2\/posts\/59769","targetHints":{"allow":["GET"]}}],"collection":[{"href":"https:\/\/canal7slp.tv\/2022\/wp-json\/wp\/v2\/posts"}],"about":[{"href":"https:\/\/canal7slp.tv\/2022\/wp-json\/wp\/v2\/types\/post"}],"author":[{"embeddable":true,"href":"https:\/\/canal7slp.tv\/2022\/wp-json\/wp\/v2\/users\/2"}],"replies":[{"embeddable":true,"href":"https:\/\/canal7slp.tv\/2022\/wp-json\/wp\/v2\/comments?post=59769"}],"version-history":[{"count":3,"href":"https:\/\/canal7slp.tv\/2022\/wp-json\/wp\/v2\/posts\/59769\/revisions"}],"predecessor-version":[{"id":59796,"href":"https:\/\/canal7slp.tv\/2022\/wp-json\/wp\/v2\/posts\/59769\/revisions\/59796"}],"wp:featuredmedia":[{"embeddable":true,"href":"https:\/\/canal7slp.tv\/2022\/wp-json\/wp\/v2\/media\/59795"}],"wp:attachment":[{"href":"https:\/\/canal7slp.tv\/2022\/wp-json\/wp\/v2\/media?parent=59769"}],"wp:term":[{"taxonomy":"category","embeddable":true,"href":"https:\/\/canal7slp.tv\/2022\/wp-json\/wp\/v2\/categories?post=59769"},{"taxonomy":"post_tag","embeddable":true,"href":"https:\/\/canal7slp.tv\/2022\/wp-json\/wp\/v2\/tags?post=59769"}],"curies":[{"name":"wp","href":"https:\/\/api.w.org\/{rel}","templated":true}]}}