{"id":59768,"date":"2022-05-10T16:18:20","date_gmt":"2022-05-10T22:18:20","guid":{"rendered":"https:\/\/canal7slp.tv\/2022\/?p=59768"},"modified":"2022-05-10T16:18:20","modified_gmt":"2022-05-10T22:18:20","slug":"robos-y-vandalismo-en-planteles-educativos-continuan","status":"publish","type":"post","link":"https:\/\/canal7slp.tv\/2022\/robos-y-vandalismo-en-planteles-educativos-continuan\/","title":{"rendered":"Robos y vandalismo en planteles educativos contin\u00faan."},"content":{"rendered":"<p style=\"text-align: justify;\">SLP.- A pesar de que ya las clases son presenciales con el regreso de miles de alumnos a las aulas lo cierto es que se siguen cometiendo robos en los planteles educativos y sobre todo, actos de vandalismo.<\/p>\n<p style=\"text-align: justify;\">As\u00ed lo dio a conocer la diputada presidenta de la Comisi\u00f3n de Educaci\u00f3n Mar\u00eda Claudia Trist\u00e1n que lamentablemente es una pr\u00e1ctica que se comete todos los d\u00edas.<\/p>\n<p style=\"text-align: justify;\">La diputada coment\u00f3 que al quedarse solos los planteles durante la pandemia por COVID 19 se cometieron muchos robos y se pensaba que por el regreso de los alumnos, ya no habr\u00eda m\u00e1s incidentes pero no fue as\u00ed.<\/p>\n<p style=\"text-align: justify;\">Trist\u00e1n Alvarado hizo un llamado a las autoridades de los tres niveles de gobierno con el fin de que se fortalezcan las medidas de prevenci\u00f3n, pero tambi\u00e9n a los padres de familia para que de manera conjunta se establezcan medidas de prevenci\u00f3n para evitar que los delincuentes sigan haciendo de las suyas.<\/p>\n<p style=\"text-align: justify;\">Por \u00faltimo, la diputada presidenta de la comisi\u00f3n de Educaci\u00f3n opin\u00f3 que los planteles educativos de la zona norte de la ciudad son los que m\u00e1s se encuentran en condiciones de vulnerabilidad, por el alto \u00edndice delictivo que registran las colonias de este lugar.<\/p>\n<p>Por: Claudio Ibarra<\/p>\n","protected":false},"excerpt":{"rendered":"<p>SLP.- A pesar de que ya las clases son presenciales con el regreso de miles de alumnos a las aulas lo cierto es que se siguen cometiendo robos en los planteles educativos y sobre todo, actos de vandalismo. As\u00ed lo dio a conocer la diputada presidenta de la Comisi\u00f3n de Educaci\u00f3n Mar\u00eda Claudia Trist\u00e1n que lamentablemente es una pr\u00e1ctica que se comete todos los d\u00edas. La diputada coment\u00f3 que al quedarse solos los planteles durante la pandemia por COVID 19 se cometieron muchos robos y se pensaba que por el regreso de los alumnos, ya no habr\u00eda m\u00e1s incidentes pero [&hellip;]<\/p>\n","protected":false},"author":2,"featured_media":59793,"comment_status":"closed","ping_status":"closed","sticky":false,"template":"","format":"video","meta":{"footnotes":""},"categories":[3,5,45],"tags":[],"class_list":["post-59768","post","type-post","status-publish","format-video","has-post-thumbnail","hentry","category-congreso","category-destacadas","category-localesyregionales","post_format-post-format-video","post--single"],"yoast_head":"<!-- This site is optimized with the Yoast SEO plugin v27.4 - https:\/\/yoast.com\/product\/yoast-seo-wordpress\/ -->\n<title>Robos y vandalismo en planteles educativos contin\u00faan. - Canal 7 SLP - 2022<\/title>\n<meta name=\"robots\" content=\"index, follow, max-snippet:-1, max-image-preview:large, max-video-preview:-1\" \/>\n<link rel=\"canonical\" href=\"https:\/\/canal7slp.tv\/2022\/robos-y-vandalismo-en-planteles-educativos-continuan\/\" \/>\n<meta property=\"og:locale\" content=\"es_ES\" \/>\n<meta property=\"og:type\" content=\"article\" \/>\n<meta property=\"og:title\" content=\"Robos y vandalismo en planteles educativos contin\u00faan. - Canal 7 SLP - 2022\" \/>\n<meta property=\"og:description\" content=\"SLP.- A pesar de que ya las clases son presenciales con el regreso de miles de alumnos a las aulas lo cierto es que se siguen cometiendo robos en los planteles educativos y sobre todo, actos de vandalismo. As\u00ed lo dio a conocer la diputada presidenta de la Comisi\u00f3n de Educaci\u00f3n Mar\u00eda Claudia Trist\u00e1n que lamentablemente es una pr\u00e1ctica que se comete todos los d\u00edas. La diputada coment\u00f3 que al quedarse solos los planteles durante la pandemia por COVID 19 se cometieron muchos robos y se pensaba que por el regreso de los alumnos, ya no habr\u00eda m\u00e1s incidentes pero [&hellip;]\" \/>\n<meta property=\"og:url\" content=\"https:\/\/canal7slp.tv\/2022\/robos-y-vandalismo-en-planteles-educativos-continuan\/\" \/>\n<meta property=\"og:site_name\" content=\"Canal 7 SLP - 2022\" \/>\n<meta property=\"article:publisher\" content=\"https:\/\/www.facebook.com\/noticieroscanalsiete\" \/>\n<meta property=\"article:published_time\" content=\"2022-05-10T22:18:20+00:00\" \/>\n<meta property=\"og:image\" content=\"https:\/\/canal7slp.tv\/2022\/wp-content\/uploads\/2022\/05\/Claudio02Robos.jpg\" \/>\n\t<meta property=\"og:image:width\" content=\"888\" \/>\n\t<meta property=\"og:image:height\" content=\"500\" \/>\n\t<meta property=\"og:image:type\" content=\"image\/jpeg\" \/>\n<meta name=\"author\" content=\"Edici\u00f3n Web\" \/>\n<meta name=\"twitter:card\" content=\"summary_large_image\" \/>\n<meta name=\"twitter:creator\" content=\"@NOTICIEROS7\" \/>\n<meta name=\"twitter:site\" content=\"@NOTICIEROS7\" \/>\n<meta name=\"twitter:label1\" content=\"Escrito por\" \/>\n\t<meta name=\"twitter:data1\" content=\"Edici\u00f3n Web\" \/>\n\t<meta name=\"twitter:label2\" content=\"Tiempo de lectura\" \/>\n\t<meta name=\"twitter:data2\" content=\"1 minuto\" \/>\n<script type=\"application\/ld+json\" class=\"yoast-schema-graph\">{\"@context\":\"https:\\\/\\\/schema.org\",\"@graph\":[{\"@type\":\"Article\",\"@id\":\"https:\\\/\\\/canal7slp.tv\\\/2022\\\/robos-y-vandalismo-en-planteles-educativos-continuan\\\/#article\",\"isPartOf\":{\"@id\":\"https:\\\/\\\/canal7slp.tv\\\/2022\\\/robos-y-vandalismo-en-planteles-educativos-continuan\\\/\"},\"author\":{\"name\":\"Edici\u00f3n Web\",\"@id\":\"https:\\\/\\\/canal7slp.tv\\\/2022\\\/#\\\/schema\\\/person\\\/429704152a21f5f856ce29aa69a238da\"},\"headline\":\"Robos y vandalismo en planteles educativos contin\u00faan.\",\"datePublished\":\"2022-05-10T22:18:20+00:00\",\"mainEntityOfPage\":{\"@id\":\"https:\\\/\\\/canal7slp.tv\\\/2022\\\/robos-y-vandalismo-en-planteles-educativos-continuan\\\/\"},\"wordCount\":225,\"publisher\":{\"@id\":\"https:\\\/\\\/canal7slp.tv\\\/2022\\\/#organization\"},\"image\":{\"@id\":\"https:\\\/\\\/canal7slp.tv\\\/2022\\\/robos-y-vandalismo-en-planteles-educativos-continuan\\\/#primaryimage\"},\"thumbnailUrl\":\"https:\\\/\\\/canal7slp.tv\\\/2022\\\/wp-content\\\/uploads\\\/2022\\\/05\\\/Claudio02Robos.jpg\",\"articleSection\":[\"CONGRESO\",\"DESTACADAS\",\"LOCALES Y REGIONALES\"],\"inLanguage\":\"es\"},{\"@type\":\"WebPage\",\"@id\":\"https:\\\/\\\/canal7slp.tv\\\/2022\\\/robos-y-vandalismo-en-planteles-educativos-continuan\\\/\",\"url\":\"https:\\\/\\\/canal7slp.tv\\\/2022\\\/robos-y-vandalismo-en-planteles-educativos-continuan\\\/\",\"name\":\"Robos y vandalismo en planteles educativos contin\u00faan. - Canal 7 SLP - 2022\",\"isPartOf\":{\"@id\":\"https:\\\/\\\/canal7slp.tv\\\/2022\\\/#website\"},\"primaryImageOfPage\":{\"@id\":\"https:\\\/\\\/canal7slp.tv\\\/2022\\\/robos-y-vandalismo-en-planteles-educativos-continuan\\\/#primaryimage\"},\"image\":{\"@id\":\"https:\\\/\\\/canal7slp.tv\\\/2022\\\/robos-y-vandalismo-en-planteles-educativos-continuan\\\/#primaryimage\"},\"thumbnailUrl\":\"https:\\\/\\\/canal7slp.tv\\\/2022\\\/wp-content\\\/uploads\\\/2022\\\/05\\\/Claudio02Robos.jpg\",\"datePublished\":\"2022-05-10T22:18:20+00:00\",\"breadcrumb\":{\"@id\":\"https:\\\/\\\/canal7slp.tv\\\/2022\\\/robos-y-vandalismo-en-planteles-educativos-continuan\\\/#breadcrumb\"},\"inLanguage\":\"es\",\"potentialAction\":[{\"@type\":\"ReadAction\",\"target\":[\"https:\\\/\\\/canal7slp.tv\\\/2022\\\/robos-y-vandalismo-en-planteles-educativos-continuan\\\/\"]}]},{\"@type\":\"ImageObject\",\"inLanguage\":\"es\",\"@id\":\"https:\\\/\\\/canal7slp.tv\\\/2022\\\/robos-y-vandalismo-en-planteles-educativos-continuan\\\/#primaryimage\",\"url\":\"https:\\\/\\\/canal7slp.tv\\\/2022\\\/wp-content\\\/uploads\\\/2022\\\/05\\\/Claudio02Robos.jpg\",\"contentUrl\":\"https:\\\/\\\/canal7slp.tv\\\/2022\\\/wp-content\\\/uploads\\\/2022\\\/05\\\/Claudio02Robos.jpg\",\"width\":888,\"height\":500},{\"@type\":\"BreadcrumbList\",\"@id\":\"https:\\\/\\\/canal7slp.tv\\\/2022\\\/robos-y-vandalismo-en-planteles-educativos-continuan\\\/#breadcrumb\",\"itemListElement\":[{\"@type\":\"ListItem\",\"position\":1,\"name\":\"Portada\",\"item\":\"https:\\\/\\\/canal7slp.tv\\\/2022\\\/\"},{\"@type\":\"ListItem\",\"position\":2,\"name\":\"Robos y vandalismo en planteles educativos contin\u00faan.\"}]},{\"@type\":\"WebSite\",\"@id\":\"https:\\\/\\\/canal7slp.tv\\\/2022\\\/#website\",\"url\":\"https:\\\/\\\/canal7slp.tv\\\/2022\\\/\",\"name\":\"N7 - Noticieros Canal 7\",\"description\":\"Somos Televisi\u00f3n\",\"publisher\":{\"@id\":\"https:\\\/\\\/canal7slp.tv\\\/2022\\\/#organization\"},\"potentialAction\":[{\"@type\":\"SearchAction\",\"target\":{\"@type\":\"EntryPoint\",\"urlTemplate\":\"https:\\\/\\\/canal7slp.tv\\\/2022\\\/?s={search_term_string}\"},\"query-input\":{\"@type\":\"PropertyValueSpecification\",\"valueRequired\":true,\"valueName\":\"search_term_string\"}}],\"inLanguage\":\"es\"},{\"@type\":\"Organization\",\"@id\":\"https:\\\/\\\/canal7slp.tv\\\/2022\\\/#organization\",\"name\":\"Noticieros Canal 7\",\"url\":\"https:\\\/\\\/canal7slp.tv\\\/2022\\\/\",\"logo\":{\"@type\":\"ImageObject\",\"inLanguage\":\"es\",\"@id\":\"https:\\\/\\\/canal7slp.tv\\\/2022\\\/#\\\/schema\\\/logo\\\/image\\\/\",\"url\":\"https:\\\/\\\/canal7slp.tv\\\/2022\\\/wp-content\\\/uploads\\\/2021\\\/01\\\/logo-noticieros@2x.png\",\"contentUrl\":\"https:\\\/\\\/canal7slp.tv\\\/2022\\\/wp-content\\\/uploads\\\/2021\\\/01\\\/logo-noticieros@2x.png\",\"width\":1017,\"height\":268,\"caption\":\"Noticieros Canal 7\"},\"image\":{\"@id\":\"https:\\\/\\\/canal7slp.tv\\\/2022\\\/#\\\/schema\\\/logo\\\/image\\\/\"},\"sameAs\":[\"https:\\\/\\\/www.facebook.com\\\/noticieroscanalsiete\",\"https:\\\/\\\/x.com\\\/NOTICIEROS7\",\"https:\\\/\\\/www.instagram.com\\\/canal7_slp\",\"https:\\\/\\\/www.youtube.com\\\/channel\\\/UCliiYs-gP3JfJeqdPrNdd5A\"]},{\"@type\":\"Person\",\"@id\":\"https:\\\/\\\/canal7slp.tv\\\/2022\\\/#\\\/schema\\\/person\\\/429704152a21f5f856ce29aa69a238da\",\"name\":\"Edici\u00f3n Web\",\"image\":{\"@type\":\"ImageObject\",\"inLanguage\":\"es\",\"@id\":\"https:\\\/\\\/secure.gravatar.com\\\/avatar\\\/eee448fc3f7164808013b816ba91ac7e43bbe82a70bebac296f8bc6f0addaa1a?s=96&d=mm&r=g\",\"url\":\"https:\\\/\\\/secure.gravatar.com\\\/avatar\\\/eee448fc3f7164808013b816ba91ac7e43bbe82a70bebac296f8bc6f0addaa1a?s=96&d=mm&r=g\",\"contentUrl\":\"https:\\\/\\\/secure.gravatar.com\\\/avatar\\\/eee448fc3f7164808013b816ba91ac7e43bbe82a70bebac296f8bc6f0addaa1a?s=96&d=mm&r=g\",\"caption\":\"Edici\u00f3n Web\"},\"url\":\"https:\\\/\\\/canal7slp.tv\\\/2022\\\/author\\\/edicionweb\\\/\"}]}<\/script>\n<!-- \/ Yoast SEO plugin. -->","yoast_head_json":{"title":"Robos y vandalismo en planteles educativos contin\u00faan. - Canal 7 SLP - 2022","robots":{"index":"index","follow":"follow","max-snippet":"max-snippet:-1","max-image-preview":"max-image-preview:large","max-video-preview":"max-video-preview:-1"},"canonical":"https:\/\/canal7slp.tv\/2022\/robos-y-vandalismo-en-planteles-educativos-continuan\/","og_locale":"es_ES","og_type":"article","og_title":"Robos y vandalismo en planteles educativos contin\u00faan. - Canal 7 SLP - 2022","og_description":"SLP.- A pesar de que ya las clases son presenciales con el regreso de miles de alumnos a las aulas lo cierto es que se siguen cometiendo robos en los planteles educativos y sobre todo, actos de vandalismo. As\u00ed lo dio a conocer la diputada presidenta de la Comisi\u00f3n de Educaci\u00f3n Mar\u00eda Claudia Trist\u00e1n que lamentablemente es una pr\u00e1ctica que se comete todos los d\u00edas. La diputada coment\u00f3 que al quedarse solos los planteles durante la pandemia por COVID 19 se cometieron muchos robos y se pensaba que por el regreso de los alumnos, ya no habr\u00eda m\u00e1s incidentes pero [&hellip;]","og_url":"https:\/\/canal7slp.tv\/2022\/robos-y-vandalismo-en-planteles-educativos-continuan\/","og_site_name":"Canal 7 SLP - 2022","article_publisher":"https:\/\/www.facebook.com\/noticieroscanalsiete","article_published_time":"2022-05-10T22:18:20+00:00","og_image":[{"width":888,"height":500,"url":"https:\/\/canal7slp.tv\/2022\/wp-content\/uploads\/2022\/05\/Claudio02Robos.jpg","type":"image\/jpeg"}],"author":"Edici\u00f3n Web","twitter_card":"summary_large_image","twitter_creator":"@NOTICIEROS7","twitter_site":"@NOTICIEROS7","twitter_misc":{"Escrito por":"Edici\u00f3n Web","Tiempo de lectura":"1 minuto"},"schema":{"@context":"https:\/\/schema.org","@graph":[{"@type":"Article","@id":"https:\/\/canal7slp.tv\/2022\/robos-y-vandalismo-en-planteles-educativos-continuan\/#article","isPartOf":{"@id":"https:\/\/canal7slp.tv\/2022\/robos-y-vandalismo-en-planteles-educativos-continuan\/"},"author":{"name":"Edici\u00f3n Web","@id":"https:\/\/canal7slp.tv\/2022\/#\/schema\/person\/429704152a21f5f856ce29aa69a238da"},"headline":"Robos y vandalismo en planteles educativos contin\u00faan.","datePublished":"2022-05-10T22:18:20+00:00","mainEntityOfPage":{"@id":"https:\/\/canal7slp.tv\/2022\/robos-y-vandalismo-en-planteles-educativos-continuan\/"},"wordCount":225,"publisher":{"@id":"https:\/\/canal7slp.tv\/2022\/#organization"},"image":{"@id":"https:\/\/canal7slp.tv\/2022\/robos-y-vandalismo-en-planteles-educativos-continuan\/#primaryimage"},"thumbnailUrl":"https:\/\/canal7slp.tv\/2022\/wp-content\/uploads\/2022\/05\/Claudio02Robos.jpg","articleSection":["CONGRESO","DESTACADAS","LOCALES Y REGIONALES"],"inLanguage":"es"},{"@type":"WebPage","@id":"https:\/\/canal7slp.tv\/2022\/robos-y-vandalismo-en-planteles-educativos-continuan\/","url":"https:\/\/canal7slp.tv\/2022\/robos-y-vandalismo-en-planteles-educativos-continuan\/","name":"Robos y vandalismo en planteles educativos contin\u00faan. - Canal 7 SLP - 2022","isPartOf":{"@id":"https:\/\/canal7slp.tv\/2022\/#website"},"primaryImageOfPage":{"@id":"https:\/\/canal7slp.tv\/2022\/robos-y-vandalismo-en-planteles-educativos-continuan\/#primaryimage"},"image":{"@id":"https:\/\/canal7slp.tv\/2022\/robos-y-vandalismo-en-planteles-educativos-continuan\/#primaryimage"},"thumbnailUrl":"https:\/\/canal7slp.tv\/2022\/wp-content\/uploads\/2022\/05\/Claudio02Robos.jpg","datePublished":"2022-05-10T22:18:20+00:00","breadcrumb":{"@id":"https:\/\/canal7slp.tv\/2022\/robos-y-vandalismo-en-planteles-educativos-continuan\/#breadcrumb"},"inLanguage":"es","potentialAction":[{"@type":"ReadAction","target":["https:\/\/canal7slp.tv\/2022\/robos-y-vandalismo-en-planteles-educativos-continuan\/"]}]},{"@type":"ImageObject","inLanguage":"es","@id":"https:\/\/canal7slp.tv\/2022\/robos-y-vandalismo-en-planteles-educativos-continuan\/#primaryimage","url":"https:\/\/canal7slp.tv\/2022\/wp-content\/uploads\/2022\/05\/Claudio02Robos.jpg","contentUrl":"https:\/\/canal7slp.tv\/2022\/wp-content\/uploads\/2022\/05\/Claudio02Robos.jpg","width":888,"height":500},{"@type":"BreadcrumbList","@id":"https:\/\/canal7slp.tv\/2022\/robos-y-vandalismo-en-planteles-educativos-continuan\/#breadcrumb","itemListElement":[{"@type":"ListItem","position":1,"name":"Portada","item":"https:\/\/canal7slp.tv\/2022\/"},{"@type":"ListItem","position":2,"name":"Robos y vandalismo en planteles educativos contin\u00faan."}]},{"@type":"WebSite","@id":"https:\/\/canal7slp.tv\/2022\/#website","url":"https:\/\/canal7slp.tv\/2022\/","name":"N7 - Noticieros Canal 7","description":"Somos Televisi\u00f3n","publisher":{"@id":"https:\/\/canal7slp.tv\/2022\/#organization"},"potentialAction":[{"@type":"SearchAction","target":{"@type":"EntryPoint","urlTemplate":"https:\/\/canal7slp.tv\/2022\/?s={search_term_string}"},"query-input":{"@type":"PropertyValueSpecification","valueRequired":true,"valueName":"search_term_string"}}],"inLanguage":"es"},{"@type":"Organization","@id":"https:\/\/canal7slp.tv\/2022\/#organization","name":"Noticieros Canal 7","url":"https:\/\/canal7slp.tv\/2022\/","logo":{"@type":"ImageObject","inLanguage":"es","@id":"https:\/\/canal7slp.tv\/2022\/#\/schema\/logo\/image\/","url":"https:\/\/canal7slp.tv\/2022\/wp-content\/uploads\/2021\/01\/logo-noticieros@2x.png","contentUrl":"https:\/\/canal7slp.tv\/2022\/wp-content\/uploads\/2021\/01\/logo-noticieros@2x.png","width":1017,"height":268,"caption":"Noticieros Canal 7"},"image":{"@id":"https:\/\/canal7slp.tv\/2022\/#\/schema\/logo\/image\/"},"sameAs":["https:\/\/www.facebook.com\/noticieroscanalsiete","https:\/\/x.com\/NOTICIEROS7","https:\/\/www.instagram.com\/canal7_slp","https:\/\/www.youtube.com\/channel\/UCliiYs-gP3JfJeqdPrNdd5A"]},{"@type":"Person","@id":"https:\/\/canal7slp.tv\/2022\/#\/schema\/person\/429704152a21f5f856ce29aa69a238da","name":"Edici\u00f3n Web","image":{"@type":"ImageObject","inLanguage":"es","@id":"https:\/\/secure.gravatar.com\/avatar\/eee448fc3f7164808013b816ba91ac7e43bbe82a70bebac296f8bc6f0addaa1a?s=96&d=mm&r=g","url":"https:\/\/secure.gravatar.com\/avatar\/eee448fc3f7164808013b816ba91ac7e43bbe82a70bebac296f8bc6f0addaa1a?s=96&d=mm&r=g","contentUrl":"https:\/\/secure.gravatar.com\/avatar\/eee448fc3f7164808013b816ba91ac7e43bbe82a70bebac296f8bc6f0addaa1a?s=96&d=mm&r=g","caption":"Edici\u00f3n Web"},"url":"https:\/\/canal7slp.tv\/2022\/author\/edicionweb\/"}]}},"amp_enabled":true,"_links":{"self":[{"href":"https:\/\/canal7slp.tv\/2022\/wp-json\/wp\/v2\/posts\/59768","targetHints":{"allow":["GET"]}}],"collection":[{"href":"https:\/\/canal7slp.tv\/2022\/wp-json\/wp\/v2\/posts"}],"about":[{"href":"https:\/\/canal7slp.tv\/2022\/wp-json\/wp\/v2\/types\/post"}],"author":[{"embeddable":true,"href":"https:\/\/canal7slp.tv\/2022\/wp-json\/wp\/v2\/users\/2"}],"replies":[{"embeddable":true,"href":"https:\/\/canal7slp.tv\/2022\/wp-json\/wp\/v2\/comments?post=59768"}],"version-history":[{"count":3,"href":"https:\/\/canal7slp.tv\/2022\/wp-json\/wp\/v2\/posts\/59768\/revisions"}],"predecessor-version":[{"id":59794,"href":"https:\/\/canal7slp.tv\/2022\/wp-json\/wp\/v2\/posts\/59768\/revisions\/59794"}],"wp:featuredmedia":[{"embeddable":true,"href":"https:\/\/canal7slp.tv\/2022\/wp-json\/wp\/v2\/media\/59793"}],"wp:attachment":[{"href":"https:\/\/canal7slp.tv\/2022\/wp-json\/wp\/v2\/media?parent=59768"}],"wp:term":[{"taxonomy":"category","embeddable":true,"href":"https:\/\/canal7slp.tv\/2022\/wp-json\/wp\/v2\/categories?post=59768"},{"taxonomy":"post_tag","embeddable":true,"href":"https:\/\/canal7slp.tv\/2022\/wp-json\/wp\/v2\/tags?post=59768"}],"curies":[{"name":"wp","href":"https:\/\/api.w.org\/{rel}","templated":true}]}}