{"id":59767,"date":"2022-05-10T16:15:17","date_gmt":"2022-05-10T22:15:17","guid":{"rendered":"https:\/\/canal7slp.tv\/2022\/?p=59767"},"modified":"2022-05-10T16:15:17","modified_gmt":"2022-05-10T22:15:17","slug":"considera-diputado-que-alcaldias-deben-sumarse-a-fortalecer-acciones-en-materia-de-seguridad-publica","status":"publish","type":"post","link":"https:\/\/canal7slp.tv\/2022\/considera-diputado-que-alcaldias-deben-sumarse-a-fortalecer-acciones-en-materia-de-seguridad-publica\/","title":{"rendered":"Considera diputado que alcald\u00edas deben sumarse a fortalecer acciones en materia de seguridad p\u00fablica."},"content":{"rendered":"<p style=\"text-align: justify;\">SLP.- Por ser los primeros respondientes ante cualquier eventualidad que vulnere la seguridad de los ciudadanos y porque la Constituci\u00f3n as\u00ed lo indica, los municipios deben sumarse a las tareas en materia de prevenci\u00f3n y de seguridad.<\/p>\n<p style=\"text-align: justify;\">As\u00ed lo afirm\u00f3 el diputado y presidente de la Junta de Coordinaci\u00f3n Pol\u00edtica Jos\u00e9 Luis Fern\u00e1ndez Mart\u00ednez al decir que desde el Poder legislativo, se tiene el compromiso de fortalecer las acciones que se desarrollan en materia de seguridad p\u00fablica, y en apoyo a los 58 municipios del estado.<\/p>\n<p style=\"text-align: justify;\">El presidente de la JUCOPO reconoci\u00f3 que el tema de la seguridad p\u00fablica es el principal reclamo de los potosinos y que por ello, \u201ces importante que todas y todos los alcaldes se sumen a las acciones para que San Luis Potos\u00ed recobre su tranquilidad\u201d<\/p>\n<p style=\"text-align: justify;\">Dijo confiar en que los alcaldes destinen una mayor inversi\u00f3n al fortalecimiento y capacitaci\u00f3n de sus cuerpos polic\u00edacos y que de \u00e9sta manera, se pueda trabajar entre los tres \u00f3rdenes de gobierno para recobrar la seguridad y la tranquilidad de los ciudadanos.<\/p>\n<p>En este sentido, Fern\u00e1ndez Mart\u00ednez lament\u00f3 que algunos presidentes municipales no acudan al llamado del titular del ejecutivo estatal, para integrarse en las mesas de seguridad al reiterar que la autoridad municipal es el primer respondiente en la comisi\u00f3n de algunos delitos.<\/p>\n<p style=\"text-align: justify;\">Finalmente, el diputado presidente de la JUCOPO record\u00f3 que las y los alcaldes tienen la responsabilidad de trabajar de manera coordinada con la Guardia Civil Estatal y la Secretar\u00eda de Seguridad Publica Ciudadana, al decir que estas corporaciones estar\u00e1n operando formalmente a partir del pr\u00f3ximo lunes 16 de Mayo.<\/p>\n<p style=\"text-align: justify;\">Por: Claudio Ibarra<\/p>\n","protected":false},"excerpt":{"rendered":"<p>SLP.- Por ser los primeros respondientes ante cualquier eventualidad que vulnere la seguridad de los ciudadanos y porque la Constituci\u00f3n as\u00ed lo indica, los municipios deben sumarse a las tareas en materia de prevenci\u00f3n y de seguridad. As\u00ed lo afirm\u00f3 el diputado y presidente de la Junta de Coordinaci\u00f3n Pol\u00edtica Jos\u00e9 Luis Fern\u00e1ndez Mart\u00ednez al decir que desde el Poder legislativo, se tiene el compromiso de fortalecer las acciones que se desarrollan en materia de seguridad p\u00fablica, y en apoyo a los 58 municipios del estado. El presidente de la JUCOPO reconoci\u00f3 que el tema de la seguridad p\u00fablica es [&hellip;]<\/p>\n","protected":false},"author":2,"featured_media":59791,"comment_status":"closed","ping_status":"closed","sticky":false,"template":"","format":"video","meta":{"footnotes":""},"categories":[3,5,45],"tags":[],"class_list":["post-59767","post","type-post","status-publish","format-video","has-post-thumbnail","hentry","category-congreso","category-destacadas","category-localesyregionales","post_format-post-format-video","post--single"],"yoast_head":"<!-- This site is optimized with the Yoast SEO plugin v27.4 - https:\/\/yoast.com\/product\/yoast-seo-wordpress\/ -->\n<title>Considera diputado que alcald\u00edas deben sumarse a fortalecer acciones en materia de seguridad p\u00fablica. - Canal 7 SLP - 2022<\/title>\n<meta name=\"robots\" content=\"index, follow, max-snippet:-1, max-image-preview:large, max-video-preview:-1\" \/>\n<link rel=\"canonical\" href=\"https:\/\/canal7slp.tv\/2022\/considera-diputado-que-alcaldias-deben-sumarse-a-fortalecer-acciones-en-materia-de-seguridad-publica\/\" \/>\n<meta property=\"og:locale\" content=\"es_ES\" \/>\n<meta property=\"og:type\" content=\"article\" \/>\n<meta property=\"og:title\" content=\"Considera diputado que alcald\u00edas deben sumarse a fortalecer acciones en materia de seguridad p\u00fablica. - Canal 7 SLP - 2022\" \/>\n<meta property=\"og:description\" content=\"SLP.- Por ser los primeros respondientes ante cualquier eventualidad que vulnere la seguridad de los ciudadanos y porque la Constituci\u00f3n as\u00ed lo indica, los municipios deben sumarse a las tareas en materia de prevenci\u00f3n y de seguridad. As\u00ed lo afirm\u00f3 el diputado y presidente de la Junta de Coordinaci\u00f3n Pol\u00edtica Jos\u00e9 Luis Fern\u00e1ndez Mart\u00ednez al decir que desde el Poder legislativo, se tiene el compromiso de fortalecer las acciones que se desarrollan en materia de seguridad p\u00fablica, y en apoyo a los 58 municipios del estado. El presidente de la JUCOPO reconoci\u00f3 que el tema de la seguridad p\u00fablica es [&hellip;]\" \/>\n<meta property=\"og:url\" content=\"https:\/\/canal7slp.tv\/2022\/considera-diputado-que-alcaldias-deben-sumarse-a-fortalecer-acciones-en-materia-de-seguridad-publica\/\" \/>\n<meta property=\"og:site_name\" content=\"Canal 7 SLP - 2022\" \/>\n<meta property=\"article:publisher\" content=\"https:\/\/www.facebook.com\/noticieroscanalsiete\" \/>\n<meta property=\"article:published_time\" content=\"2022-05-10T22:15:17+00:00\" \/>\n<meta property=\"og:image\" content=\"https:\/\/canal7slp.tv\/2022\/wp-content\/uploads\/2022\/05\/Claudio01Fortalecimiento.jpg\" \/>\n\t<meta property=\"og:image:width\" content=\"888\" \/>\n\t<meta property=\"og:image:height\" content=\"500\" \/>\n\t<meta property=\"og:image:type\" content=\"image\/jpeg\" \/>\n<meta name=\"author\" content=\"Edici\u00f3n Web\" \/>\n<meta name=\"twitter:card\" content=\"summary_large_image\" \/>\n<meta name=\"twitter:creator\" content=\"@NOTICIEROS7\" \/>\n<meta name=\"twitter:site\" content=\"@NOTICIEROS7\" \/>\n<meta name=\"twitter:label1\" content=\"Escrito por\" \/>\n\t<meta name=\"twitter:data1\" content=\"Edici\u00f3n Web\" \/>\n\t<meta name=\"twitter:label2\" content=\"Tiempo de lectura\" \/>\n\t<meta name=\"twitter:data2\" content=\"1 minuto\" \/>\n<script type=\"application\/ld+json\" class=\"yoast-schema-graph\">{\"@context\":\"https:\\\/\\\/schema.org\",\"@graph\":[{\"@type\":\"Article\",\"@id\":\"https:\\\/\\\/canal7slp.tv\\\/2022\\\/considera-diputado-que-alcaldias-deben-sumarse-a-fortalecer-acciones-en-materia-de-seguridad-publica\\\/#article\",\"isPartOf\":{\"@id\":\"https:\\\/\\\/canal7slp.tv\\\/2022\\\/considera-diputado-que-alcaldias-deben-sumarse-a-fortalecer-acciones-en-materia-de-seguridad-publica\\\/\"},\"author\":{\"name\":\"Edici\u00f3n Web\",\"@id\":\"https:\\\/\\\/canal7slp.tv\\\/2022\\\/#\\\/schema\\\/person\\\/429704152a21f5f856ce29aa69a238da\"},\"headline\":\"Considera diputado que alcald\u00edas deben sumarse a fortalecer acciones en materia de seguridad p\u00fablica.\",\"datePublished\":\"2022-05-10T22:15:17+00:00\",\"mainEntityOfPage\":{\"@id\":\"https:\\\/\\\/canal7slp.tv\\\/2022\\\/considera-diputado-que-alcaldias-deben-sumarse-a-fortalecer-acciones-en-materia-de-seguridad-publica\\\/\"},\"wordCount\":299,\"publisher\":{\"@id\":\"https:\\\/\\\/canal7slp.tv\\\/2022\\\/#organization\"},\"image\":{\"@id\":\"https:\\\/\\\/canal7slp.tv\\\/2022\\\/considera-diputado-que-alcaldias-deben-sumarse-a-fortalecer-acciones-en-materia-de-seguridad-publica\\\/#primaryimage\"},\"thumbnailUrl\":\"https:\\\/\\\/canal7slp.tv\\\/2022\\\/wp-content\\\/uploads\\\/2022\\\/05\\\/Claudio01Fortalecimiento.jpg\",\"articleSection\":[\"CONGRESO\",\"DESTACADAS\",\"LOCALES Y REGIONALES\"],\"inLanguage\":\"es\"},{\"@type\":\"WebPage\",\"@id\":\"https:\\\/\\\/canal7slp.tv\\\/2022\\\/considera-diputado-que-alcaldias-deben-sumarse-a-fortalecer-acciones-en-materia-de-seguridad-publica\\\/\",\"url\":\"https:\\\/\\\/canal7slp.tv\\\/2022\\\/considera-diputado-que-alcaldias-deben-sumarse-a-fortalecer-acciones-en-materia-de-seguridad-publica\\\/\",\"name\":\"Considera diputado que alcald\u00edas deben sumarse a fortalecer acciones en materia de seguridad p\u00fablica. - Canal 7 SLP - 2022\",\"isPartOf\":{\"@id\":\"https:\\\/\\\/canal7slp.tv\\\/2022\\\/#website\"},\"primaryImageOfPage\":{\"@id\":\"https:\\\/\\\/canal7slp.tv\\\/2022\\\/considera-diputado-que-alcaldias-deben-sumarse-a-fortalecer-acciones-en-materia-de-seguridad-publica\\\/#primaryimage\"},\"image\":{\"@id\":\"https:\\\/\\\/canal7slp.tv\\\/2022\\\/considera-diputado-que-alcaldias-deben-sumarse-a-fortalecer-acciones-en-materia-de-seguridad-publica\\\/#primaryimage\"},\"thumbnailUrl\":\"https:\\\/\\\/canal7slp.tv\\\/2022\\\/wp-content\\\/uploads\\\/2022\\\/05\\\/Claudio01Fortalecimiento.jpg\",\"datePublished\":\"2022-05-10T22:15:17+00:00\",\"breadcrumb\":{\"@id\":\"https:\\\/\\\/canal7slp.tv\\\/2022\\\/considera-diputado-que-alcaldias-deben-sumarse-a-fortalecer-acciones-en-materia-de-seguridad-publica\\\/#breadcrumb\"},\"inLanguage\":\"es\",\"potentialAction\":[{\"@type\":\"ReadAction\",\"target\":[\"https:\\\/\\\/canal7slp.tv\\\/2022\\\/considera-diputado-que-alcaldias-deben-sumarse-a-fortalecer-acciones-en-materia-de-seguridad-publica\\\/\"]}]},{\"@type\":\"ImageObject\",\"inLanguage\":\"es\",\"@id\":\"https:\\\/\\\/canal7slp.tv\\\/2022\\\/considera-diputado-que-alcaldias-deben-sumarse-a-fortalecer-acciones-en-materia-de-seguridad-publica\\\/#primaryimage\",\"url\":\"https:\\\/\\\/canal7slp.tv\\\/2022\\\/wp-content\\\/uploads\\\/2022\\\/05\\\/Claudio01Fortalecimiento.jpg\",\"contentUrl\":\"https:\\\/\\\/canal7slp.tv\\\/2022\\\/wp-content\\\/uploads\\\/2022\\\/05\\\/Claudio01Fortalecimiento.jpg\",\"width\":888,\"height\":500},{\"@type\":\"BreadcrumbList\",\"@id\":\"https:\\\/\\\/canal7slp.tv\\\/2022\\\/considera-diputado-que-alcaldias-deben-sumarse-a-fortalecer-acciones-en-materia-de-seguridad-publica\\\/#breadcrumb\",\"itemListElement\":[{\"@type\":\"ListItem\",\"position\":1,\"name\":\"Portada\",\"item\":\"https:\\\/\\\/canal7slp.tv\\\/2022\\\/\"},{\"@type\":\"ListItem\",\"position\":2,\"name\":\"Considera diputado que alcald\u00edas deben sumarse a fortalecer acciones en materia de seguridad p\u00fablica.\"}]},{\"@type\":\"WebSite\",\"@id\":\"https:\\\/\\\/canal7slp.tv\\\/2022\\\/#website\",\"url\":\"https:\\\/\\\/canal7slp.tv\\\/2022\\\/\",\"name\":\"N7 - Noticieros Canal 7\",\"description\":\"Somos Televisi\u00f3n\",\"publisher\":{\"@id\":\"https:\\\/\\\/canal7slp.tv\\\/2022\\\/#organization\"},\"potentialAction\":[{\"@type\":\"SearchAction\",\"target\":{\"@type\":\"EntryPoint\",\"urlTemplate\":\"https:\\\/\\\/canal7slp.tv\\\/2022\\\/?s={search_term_string}\"},\"query-input\":{\"@type\":\"PropertyValueSpecification\",\"valueRequired\":true,\"valueName\":\"search_term_string\"}}],\"inLanguage\":\"es\"},{\"@type\":\"Organization\",\"@id\":\"https:\\\/\\\/canal7slp.tv\\\/2022\\\/#organization\",\"name\":\"Noticieros Canal 7\",\"url\":\"https:\\\/\\\/canal7slp.tv\\\/2022\\\/\",\"logo\":{\"@type\":\"ImageObject\",\"inLanguage\":\"es\",\"@id\":\"https:\\\/\\\/canal7slp.tv\\\/2022\\\/#\\\/schema\\\/logo\\\/image\\\/\",\"url\":\"https:\\\/\\\/canal7slp.tv\\\/2022\\\/wp-content\\\/uploads\\\/2021\\\/01\\\/logo-noticieros@2x.png\",\"contentUrl\":\"https:\\\/\\\/canal7slp.tv\\\/2022\\\/wp-content\\\/uploads\\\/2021\\\/01\\\/logo-noticieros@2x.png\",\"width\":1017,\"height\":268,\"caption\":\"Noticieros Canal 7\"},\"image\":{\"@id\":\"https:\\\/\\\/canal7slp.tv\\\/2022\\\/#\\\/schema\\\/logo\\\/image\\\/\"},\"sameAs\":[\"https:\\\/\\\/www.facebook.com\\\/noticieroscanalsiete\",\"https:\\\/\\\/x.com\\\/NOTICIEROS7\",\"https:\\\/\\\/www.instagram.com\\\/canal7_slp\",\"https:\\\/\\\/www.youtube.com\\\/channel\\\/UCliiYs-gP3JfJeqdPrNdd5A\"]},{\"@type\":\"Person\",\"@id\":\"https:\\\/\\\/canal7slp.tv\\\/2022\\\/#\\\/schema\\\/person\\\/429704152a21f5f856ce29aa69a238da\",\"name\":\"Edici\u00f3n Web\",\"image\":{\"@type\":\"ImageObject\",\"inLanguage\":\"es\",\"@id\":\"https:\\\/\\\/secure.gravatar.com\\\/avatar\\\/eee448fc3f7164808013b816ba91ac7e43bbe82a70bebac296f8bc6f0addaa1a?s=96&d=mm&r=g\",\"url\":\"https:\\\/\\\/secure.gravatar.com\\\/avatar\\\/eee448fc3f7164808013b816ba91ac7e43bbe82a70bebac296f8bc6f0addaa1a?s=96&d=mm&r=g\",\"contentUrl\":\"https:\\\/\\\/secure.gravatar.com\\\/avatar\\\/eee448fc3f7164808013b816ba91ac7e43bbe82a70bebac296f8bc6f0addaa1a?s=96&d=mm&r=g\",\"caption\":\"Edici\u00f3n Web\"},\"url\":\"https:\\\/\\\/canal7slp.tv\\\/2022\\\/author\\\/edicionweb\\\/\"}]}<\/script>\n<!-- \/ Yoast SEO plugin. -->","yoast_head_json":{"title":"Considera diputado que alcald\u00edas deben sumarse a fortalecer acciones en materia de seguridad p\u00fablica. - Canal 7 SLP - 2022","robots":{"index":"index","follow":"follow","max-snippet":"max-snippet:-1","max-image-preview":"max-image-preview:large","max-video-preview":"max-video-preview:-1"},"canonical":"https:\/\/canal7slp.tv\/2022\/considera-diputado-que-alcaldias-deben-sumarse-a-fortalecer-acciones-en-materia-de-seguridad-publica\/","og_locale":"es_ES","og_type":"article","og_title":"Considera diputado que alcald\u00edas deben sumarse a fortalecer acciones en materia de seguridad p\u00fablica. - Canal 7 SLP - 2022","og_description":"SLP.- Por ser los primeros respondientes ante cualquier eventualidad que vulnere la seguridad de los ciudadanos y porque la Constituci\u00f3n as\u00ed lo indica, los municipios deben sumarse a las tareas en materia de prevenci\u00f3n y de seguridad. As\u00ed lo afirm\u00f3 el diputado y presidente de la Junta de Coordinaci\u00f3n Pol\u00edtica Jos\u00e9 Luis Fern\u00e1ndez Mart\u00ednez al decir que desde el Poder legislativo, se tiene el compromiso de fortalecer las acciones que se desarrollan en materia de seguridad p\u00fablica, y en apoyo a los 58 municipios del estado. El presidente de la JUCOPO reconoci\u00f3 que el tema de la seguridad p\u00fablica es [&hellip;]","og_url":"https:\/\/canal7slp.tv\/2022\/considera-diputado-que-alcaldias-deben-sumarse-a-fortalecer-acciones-en-materia-de-seguridad-publica\/","og_site_name":"Canal 7 SLP - 2022","article_publisher":"https:\/\/www.facebook.com\/noticieroscanalsiete","article_published_time":"2022-05-10T22:15:17+00:00","og_image":[{"width":888,"height":500,"url":"https:\/\/canal7slp.tv\/2022\/wp-content\/uploads\/2022\/05\/Claudio01Fortalecimiento.jpg","type":"image\/jpeg"}],"author":"Edici\u00f3n Web","twitter_card":"summary_large_image","twitter_creator":"@NOTICIEROS7","twitter_site":"@NOTICIEROS7","twitter_misc":{"Escrito por":"Edici\u00f3n Web","Tiempo de lectura":"1 minuto"},"schema":{"@context":"https:\/\/schema.org","@graph":[{"@type":"Article","@id":"https:\/\/canal7slp.tv\/2022\/considera-diputado-que-alcaldias-deben-sumarse-a-fortalecer-acciones-en-materia-de-seguridad-publica\/#article","isPartOf":{"@id":"https:\/\/canal7slp.tv\/2022\/considera-diputado-que-alcaldias-deben-sumarse-a-fortalecer-acciones-en-materia-de-seguridad-publica\/"},"author":{"name":"Edici\u00f3n Web","@id":"https:\/\/canal7slp.tv\/2022\/#\/schema\/person\/429704152a21f5f856ce29aa69a238da"},"headline":"Considera diputado que alcald\u00edas deben sumarse a fortalecer acciones en materia de seguridad p\u00fablica.","datePublished":"2022-05-10T22:15:17+00:00","mainEntityOfPage":{"@id":"https:\/\/canal7slp.tv\/2022\/considera-diputado-que-alcaldias-deben-sumarse-a-fortalecer-acciones-en-materia-de-seguridad-publica\/"},"wordCount":299,"publisher":{"@id":"https:\/\/canal7slp.tv\/2022\/#organization"},"image":{"@id":"https:\/\/canal7slp.tv\/2022\/considera-diputado-que-alcaldias-deben-sumarse-a-fortalecer-acciones-en-materia-de-seguridad-publica\/#primaryimage"},"thumbnailUrl":"https:\/\/canal7slp.tv\/2022\/wp-content\/uploads\/2022\/05\/Claudio01Fortalecimiento.jpg","articleSection":["CONGRESO","DESTACADAS","LOCALES Y REGIONALES"],"inLanguage":"es"},{"@type":"WebPage","@id":"https:\/\/canal7slp.tv\/2022\/considera-diputado-que-alcaldias-deben-sumarse-a-fortalecer-acciones-en-materia-de-seguridad-publica\/","url":"https:\/\/canal7slp.tv\/2022\/considera-diputado-que-alcaldias-deben-sumarse-a-fortalecer-acciones-en-materia-de-seguridad-publica\/","name":"Considera diputado que alcald\u00edas deben sumarse a fortalecer acciones en materia de seguridad p\u00fablica. - Canal 7 SLP - 2022","isPartOf":{"@id":"https:\/\/canal7slp.tv\/2022\/#website"},"primaryImageOfPage":{"@id":"https:\/\/canal7slp.tv\/2022\/considera-diputado-que-alcaldias-deben-sumarse-a-fortalecer-acciones-en-materia-de-seguridad-publica\/#primaryimage"},"image":{"@id":"https:\/\/canal7slp.tv\/2022\/considera-diputado-que-alcaldias-deben-sumarse-a-fortalecer-acciones-en-materia-de-seguridad-publica\/#primaryimage"},"thumbnailUrl":"https:\/\/canal7slp.tv\/2022\/wp-content\/uploads\/2022\/05\/Claudio01Fortalecimiento.jpg","datePublished":"2022-05-10T22:15:17+00:00","breadcrumb":{"@id":"https:\/\/canal7slp.tv\/2022\/considera-diputado-que-alcaldias-deben-sumarse-a-fortalecer-acciones-en-materia-de-seguridad-publica\/#breadcrumb"},"inLanguage":"es","potentialAction":[{"@type":"ReadAction","target":["https:\/\/canal7slp.tv\/2022\/considera-diputado-que-alcaldias-deben-sumarse-a-fortalecer-acciones-en-materia-de-seguridad-publica\/"]}]},{"@type":"ImageObject","inLanguage":"es","@id":"https:\/\/canal7slp.tv\/2022\/considera-diputado-que-alcaldias-deben-sumarse-a-fortalecer-acciones-en-materia-de-seguridad-publica\/#primaryimage","url":"https:\/\/canal7slp.tv\/2022\/wp-content\/uploads\/2022\/05\/Claudio01Fortalecimiento.jpg","contentUrl":"https:\/\/canal7slp.tv\/2022\/wp-content\/uploads\/2022\/05\/Claudio01Fortalecimiento.jpg","width":888,"height":500},{"@type":"BreadcrumbList","@id":"https:\/\/canal7slp.tv\/2022\/considera-diputado-que-alcaldias-deben-sumarse-a-fortalecer-acciones-en-materia-de-seguridad-publica\/#breadcrumb","itemListElement":[{"@type":"ListItem","position":1,"name":"Portada","item":"https:\/\/canal7slp.tv\/2022\/"},{"@type":"ListItem","position":2,"name":"Considera diputado que alcald\u00edas deben sumarse a fortalecer acciones en materia de seguridad p\u00fablica."}]},{"@type":"WebSite","@id":"https:\/\/canal7slp.tv\/2022\/#website","url":"https:\/\/canal7slp.tv\/2022\/","name":"N7 - Noticieros Canal 7","description":"Somos Televisi\u00f3n","publisher":{"@id":"https:\/\/canal7slp.tv\/2022\/#organization"},"potentialAction":[{"@type":"SearchAction","target":{"@type":"EntryPoint","urlTemplate":"https:\/\/canal7slp.tv\/2022\/?s={search_term_string}"},"query-input":{"@type":"PropertyValueSpecification","valueRequired":true,"valueName":"search_term_string"}}],"inLanguage":"es"},{"@type":"Organization","@id":"https:\/\/canal7slp.tv\/2022\/#organization","name":"Noticieros Canal 7","url":"https:\/\/canal7slp.tv\/2022\/","logo":{"@type":"ImageObject","inLanguage":"es","@id":"https:\/\/canal7slp.tv\/2022\/#\/schema\/logo\/image\/","url":"https:\/\/canal7slp.tv\/2022\/wp-content\/uploads\/2021\/01\/logo-noticieros@2x.png","contentUrl":"https:\/\/canal7slp.tv\/2022\/wp-content\/uploads\/2021\/01\/logo-noticieros@2x.png","width":1017,"height":268,"caption":"Noticieros Canal 7"},"image":{"@id":"https:\/\/canal7slp.tv\/2022\/#\/schema\/logo\/image\/"},"sameAs":["https:\/\/www.facebook.com\/noticieroscanalsiete","https:\/\/x.com\/NOTICIEROS7","https:\/\/www.instagram.com\/canal7_slp","https:\/\/www.youtube.com\/channel\/UCliiYs-gP3JfJeqdPrNdd5A"]},{"@type":"Person","@id":"https:\/\/canal7slp.tv\/2022\/#\/schema\/person\/429704152a21f5f856ce29aa69a238da","name":"Edici\u00f3n Web","image":{"@type":"ImageObject","inLanguage":"es","@id":"https:\/\/secure.gravatar.com\/avatar\/eee448fc3f7164808013b816ba91ac7e43bbe82a70bebac296f8bc6f0addaa1a?s=96&d=mm&r=g","url":"https:\/\/secure.gravatar.com\/avatar\/eee448fc3f7164808013b816ba91ac7e43bbe82a70bebac296f8bc6f0addaa1a?s=96&d=mm&r=g","contentUrl":"https:\/\/secure.gravatar.com\/avatar\/eee448fc3f7164808013b816ba91ac7e43bbe82a70bebac296f8bc6f0addaa1a?s=96&d=mm&r=g","caption":"Edici\u00f3n Web"},"url":"https:\/\/canal7slp.tv\/2022\/author\/edicionweb\/"}]}},"amp_enabled":true,"_links":{"self":[{"href":"https:\/\/canal7slp.tv\/2022\/wp-json\/wp\/v2\/posts\/59767","targetHints":{"allow":["GET"]}}],"collection":[{"href":"https:\/\/canal7slp.tv\/2022\/wp-json\/wp\/v2\/posts"}],"about":[{"href":"https:\/\/canal7slp.tv\/2022\/wp-json\/wp\/v2\/types\/post"}],"author":[{"embeddable":true,"href":"https:\/\/canal7slp.tv\/2022\/wp-json\/wp\/v2\/users\/2"}],"replies":[{"embeddable":true,"href":"https:\/\/canal7slp.tv\/2022\/wp-json\/wp\/v2\/comments?post=59767"}],"version-history":[{"count":2,"href":"https:\/\/canal7slp.tv\/2022\/wp-json\/wp\/v2\/posts\/59767\/revisions"}],"predecessor-version":[{"id":59792,"href":"https:\/\/canal7slp.tv\/2022\/wp-json\/wp\/v2\/posts\/59767\/revisions\/59792"}],"wp:featuredmedia":[{"embeddable":true,"href":"https:\/\/canal7slp.tv\/2022\/wp-json\/wp\/v2\/media\/59791"}],"wp:attachment":[{"href":"https:\/\/canal7slp.tv\/2022\/wp-json\/wp\/v2\/media?parent=59767"}],"wp:term":[{"taxonomy":"category","embeddable":true,"href":"https:\/\/canal7slp.tv\/2022\/wp-json\/wp\/v2\/categories?post=59767"},{"taxonomy":"post_tag","embeddable":true,"href":"https:\/\/canal7slp.tv\/2022\/wp-json\/wp\/v2\/tags?post=59767"}],"curies":[{"name":"wp","href":"https:\/\/api.w.org\/{rel}","templated":true}]}}